{"id":111479,"date":"2024-07-23T01:40:33","date_gmt":"2024-07-23T01:40:33","guid":{"rendered":"https:\/\/quehacerpolitico.mx\/?p=111479"},"modified":"2024-07-23T02:06:09","modified_gmt":"2024-07-23T02:06:09","slug":"es-oficial-javier-aguirre-y-rafa-marquez-son-el-nuevo-tecnico-y-auxiliar-de-la-seleccion-mexicana","status":"publish","type":"post","link":"https:\/\/quehacerpolitico.mx\/?p=111479","title":{"rendered":"Es oficial Javier Aguirre y Rafa M\u00e1rquez son el nuevo t\u00e9cnico y Auxiliar de la selecci\u00f3n Mexicana"},"content":{"rendered":"\n<p>Por Redacci\u00f3n QP<\/p>\n\n\n\n<p>El organismo dio la bienvenida al estratega, quien cumplir\u00e1 su tercer ciclo en el banquillo del tricolor, de cara al Mundial del 2026.<\/p>\n\n\n\n<p>La&nbsp;<strong>Federaci\u00f3n Mexicana de Futbol<\/strong>&nbsp;(FMF) hizo oficial este lunes la&nbsp;<strong>llegada de Javier Aguirre y Rafa M\u00e1rquez<\/strong>&nbsp;como&nbsp;<strong>t\u00e9cnico y auxiliar<\/strong>&nbsp;de la&nbsp;<strong>Selecci\u00f3n Nacional<\/strong>, respectivamente.<\/p>\n\n\n\n<figure class=\"wp-block-embed is-type-rich is-provider-twitter wp-block-embed-twitter\"><div class=\"wp-block-embed__wrapper\">\n<blockquote class=\"twitter-tweet\" data-width=\"550\" data-dnt=\"true\"><p lang=\"es\" dir=\"ltr\">La experiencia de Javier Aguirre, la trayectoria de Rafa M\u00e1rquez y el liderazgo probado a nivel mundial de ambos juntos en la Selecci\u00f3n Nacional de M\u00e9xico con miras al 2026 y en el Proyecto 2030. \u00bfC\u00f3mo no ilusionarnos? <br><br>\u00a1Bienvenidos! \ud83e\udd1d\ud83c\udffb <a href=\"https:\/\/t.co\/A01JDNTgek\">pic.twitter.com\/A01JDNTgek<\/a><\/p>&mdash; Selecci\u00f3n Nacional (@miseleccionmx) <a href=\"https:\/\/twitter.com\/miseleccionmx\/status\/1815509873955950918?ref_src=twsrc%5Etfw\">July 22, 2024<\/a><\/blockquote><script async src=\"https:\/\/platform.twitter.com\/widgets.js\" charset=\"utf-8\"><\/script>\n<\/div><\/figure>\n\n\n\n<p>\u201cJavier Aguirre como Director T\u00e9cnico y Rafael M\u00e1rquez como su Auxiliar se integran al Proyecto 2030 de la Selecci\u00f3n Nacional Mayor. Experiencia y liderazgo para consolidar nuestra mejor versi\u00f3n para el Mundial 2026 y con la mira puesta en el Mundial 2030. \u00a1Bienvenidos!\u201d, public\u00f3 la&nbsp;<strong>FMF<\/strong>&nbsp;en su cuenta de \u2018X\u2019.<\/p>\n\n\n\n<p>\u201c<strong>Hist\u00f3ricos y de gran trayectoria<\/strong>. Confiamos en ustedes, en su gran capacidad y en su arduo trabajo que los llevaron a ser tan exitosos en M\u00e9xico y en el extranjero\u201d, agreg\u00f3 el organismo.<\/p>\n\n\n\n<p>Cabe destacar que el&nbsp;<strong>\u2018Vasco\u2019 Aguirre cumplir\u00e1 su tercera etapa en el banquillo del tricolor<\/strong>, al que dirigi\u00f3 en los Mundiales de Corea-Jap\u00f3n 2002 y Sud\u00e1frica 2010.<\/p>\n\n\n\n<figure class=\"wp-block-embed is-type-video is-provider-youtube wp-block-embed-youtube wp-embed-aspect-16-9 wp-has-aspect-ratio\"><div class=\"wp-block-embed__wrapper\">\n<iframe loading=\"lazy\" title=\"\u00a1OFICIAL! \u00a1Anuncian a Javier Aguirre como t\u00e9cnico de M\u00e9xico y a M\u00e1rquez como su auxiliar! | TUDN\" width=\"640\" height=\"360\" src=\"https:\/\/www.youtube.com\/embed\/itt57uY9eKo?feature=oembed\" frameborder=\"0\" allow=\"accelerometer; autoplay; clipboard-write; encrypted-media; gyroscope; picture-in-picture; web-share\" referrerpolicy=\"strict-origin-when-cross-origin\" allowfullscreen><\/iframe>\n<\/div><\/figure>\n\n\n\n<p>En tanto,&nbsp;<strong>M\u00e1rquez<\/strong>&nbsp;tendr\u00e1 su primera experiencia como&nbsp;<strong>\u2018segundo entrenador\u2019<\/strong>, luego de ser el&nbsp;<strong>estratega del Bar\u00e7a Atl\u00e8tic<\/strong>&nbsp;(filial del FC Barcelona).<\/p>\n\n\n\n<p>La&nbsp;<strong>apuesta<\/strong>&nbsp;de la&nbsp;<strong>FMF<\/strong>&nbsp;es que&nbsp;<strong>Aguirre<\/strong>&nbsp;dirija hasta el&nbsp;&nbsp;<strong>Mundial de 2026<\/strong>, en el que M\u00e9xico ser\u00e1 coanfitri\u00f3n junto a Estados Unidos y Canad\u00e1 para que el&nbsp;<strong>exzaguero<\/strong>&nbsp;se haga cargo como timonel en el siguiente ciclo, de cara a la&nbsp;<strong>Copa del Mundo de 2030<\/strong>.<\/p>\n\n\n\n<figure class=\"wp-block-embed is-type-rich is-provider-twitter wp-block-embed-twitter\"><div class=\"wp-block-embed__wrapper\">\n<blockquote class=\"twitter-tweet\" data-width=\"550\" data-dnt=\"true\"><p lang=\"es\" dir=\"ltr\">Estos son los criterios en los que nos basamos para la elecci\u00f3n del t\u00e9cnico nacional. Javier Aguirre y Rafa M\u00e1rquez son los perfiles para conformar la mejor Selecci\u00f3n en el Mundial 2026 dentro del Proyecto 20230. <a href=\"https:\/\/t.co\/rmqYsLyIj5\">pic.twitter.com\/rmqYsLyIj5<\/a><\/p>&mdash; Selecci\u00f3n Nacional (@miseleccionmx) <a href=\"https:\/\/twitter.com\/miseleccionmx\/status\/1815563472404459538?ref_src=twsrc%5Etfw\">July 23, 2024<\/a><\/blockquote><script async src=\"https:\/\/platform.twitter.com\/widgets.js\" charset=\"utf-8\"><\/script>\n<\/div><\/figure>\n","protected":false},"excerpt":{"rendered":"<p>Por Redacci\u00f3n QP El organismo dio la bienvenida al estratega, quien cumplir\u00e1 su tercer ciclo&#8230;<\/p>\n","protected":false},"author":2,"featured_media":111481,"comment_status":"open","ping_status":"open","sticky":false,"template":"","format":"standard","meta":{"_monsterinsights_skip_tracking":false,"_monsterinsights_sitenote_active":false,"_monsterinsights_sitenote_note":"","_monsterinsights_sitenote_category":0,"footnotes":""},"categories":[54],"tags":[],"class_list":["post-111479","post","type-post","status-publish","format-standard","has-post-thumbnail","hentry","category-deportes"],"yoast_head":"<!-- This site is optimized with the Yoast SEO plugin v27.3 - https:\/\/yoast.com\/product\/yoast-seo-wordpress\/ -->\n<title>Es oficial Javier Aguirre y Rafa M\u00e1rquez son el nuevo t\u00e9cnico y Auxiliar de la selecci\u00f3n Mexicana -<\/title>\n<meta name=\"robots\" content=\"index, follow, max-snippet:-1, max-image-preview:large, max-video-preview:-1\" \/>\n<link rel=\"canonical\" href=\"https:\/\/quehacerpolitico.mx\/?p=111479\" \/>\n<meta property=\"og:locale\" content=\"es_MX\" \/>\n<meta property=\"og:type\" content=\"article\" \/>\n<meta property=\"og:title\" content=\"Es oficial Javier Aguirre y Rafa M\u00e1rquez son el nuevo t\u00e9cnico y Auxiliar de la selecci\u00f3n Mexicana -\" \/>\n<meta property=\"og:description\" content=\"Por Redacci\u00f3n QP El organismo dio la bienvenida al estratega, quien cumplir\u00e1 su tercer ciclo...\" \/>\n<meta property=\"og:url\" content=\"https:\/\/quehacerpolitico.mx\/?p=111479\" \/>\n<meta property=\"article:published_time\" content=\"2024-07-23T01:40:33+00:00\" \/>\n<meta property=\"article:modified_time\" content=\"2024-07-23T02:06:09+00:00\" \/>\n<meta property=\"og:image\" content=\"https:\/\/quehacerpolitico.mx\/wp-content\/uploads\/2024\/07\/IMG_6845.jpeg\" \/>\n\t<meta property=\"og:image:width\" content=\"738\" \/>\n\t<meta property=\"og:image:height\" content=\"415\" \/>\n\t<meta property=\"og:image:type\" content=\"image\/jpeg\" \/>\n<meta name=\"author\" content=\"Redacci\u00f3n QP\" \/>\n<meta name=\"twitter:card\" content=\"summary_large_image\" \/>\n<meta name=\"twitter:label1\" content=\"Escrito por\" \/>\n\t<meta name=\"twitter:data1\" content=\"Redacci\u00f3n QP\" \/>\n\t<meta name=\"twitter:label2\" content=\"Tiempo de lectura\" \/>\n\t<meta name=\"twitter:data2\" content=\"2 minutos\" \/>\n<script type=\"application\/ld+json\" class=\"yoast-schema-graph\">{\"@context\":\"https:\\\/\\\/schema.org\",\"@graph\":[{\"@type\":\"Article\",\"@id\":\"https:\\\/\\\/quehacerpolitico.mx\\\/?p=111479#article\",\"isPartOf\":{\"@id\":\"https:\\\/\\\/quehacerpolitico.mx\\\/?p=111479\"},\"author\":{\"name\":\"Redacci\u00f3n QP\",\"@id\":\"https:\\\/\\\/quehacerpolitico.mx\\\/#\\\/schema\\\/person\\\/496d8ad2d1d3f8036101dca7ee39e585\"},\"headline\":\"Es oficial Javier Aguirre y Rafa M\u00e1rquez son el nuevo t\u00e9cnico y Auxiliar de la selecci\u00f3n Mexicana\",\"datePublished\":\"2024-07-23T01:40:33+00:00\",\"dateModified\":\"2024-07-23T02:06:09+00:00\",\"mainEntityOfPage\":{\"@id\":\"https:\\\/\\\/quehacerpolitico.mx\\\/?p=111479\"},\"wordCount\":323,\"commentCount\":0,\"image\":{\"@id\":\"https:\\\/\\\/quehacerpolitico.mx\\\/?p=111479#primaryimage\"},\"thumbnailUrl\":\"https:\\\/\\\/quehacerpolitico.mx\\\/wp-content\\\/uploads\\\/2024\\\/07\\\/IMG_6845.jpeg\",\"articleSection\":[\"Deportes\"],\"inLanguage\":\"es\",\"potentialAction\":[{\"@type\":\"CommentAction\",\"name\":\"Comment\",\"target\":[\"https:\\\/\\\/quehacerpolitico.mx\\\/?p=111479#respond\"]}]},{\"@type\":\"WebPage\",\"@id\":\"https:\\\/\\\/quehacerpolitico.mx\\\/?p=111479\",\"url\":\"https:\\\/\\\/quehacerpolitico.mx\\\/?p=111479\",\"name\":\"Es oficial Javier Aguirre y Rafa M\u00e1rquez son el nuevo t\u00e9cnico y Auxiliar de la selecci\u00f3n Mexicana -\",\"isPartOf\":{\"@id\":\"https:\\\/\\\/quehacerpolitico.mx\\\/#website\"},\"primaryImageOfPage\":{\"@id\":\"https:\\\/\\\/quehacerpolitico.mx\\\/?p=111479#primaryimage\"},\"image\":{\"@id\":\"https:\\\/\\\/quehacerpolitico.mx\\\/?p=111479#primaryimage\"},\"thumbnailUrl\":\"https:\\\/\\\/quehacerpolitico.mx\\\/wp-content\\\/uploads\\\/2024\\\/07\\\/IMG_6845.jpeg\",\"datePublished\":\"2024-07-23T01:40:33+00:00\",\"dateModified\":\"2024-07-23T02:06:09+00:00\",\"author\":{\"@id\":\"https:\\\/\\\/quehacerpolitico.mx\\\/#\\\/schema\\\/person\\\/496d8ad2d1d3f8036101dca7ee39e585\"},\"breadcrumb\":{\"@id\":\"https:\\\/\\\/quehacerpolitico.mx\\\/?p=111479#breadcrumb\"},\"inLanguage\":\"es\",\"potentialAction\":[{\"@type\":\"ReadAction\",\"target\":[\"https:\\\/\\\/quehacerpolitico.mx\\\/?p=111479\"]}]},{\"@type\":\"ImageObject\",\"inLanguage\":\"es\",\"@id\":\"https:\\\/\\\/quehacerpolitico.mx\\\/?p=111479#primaryimage\",\"url\":\"https:\\\/\\\/quehacerpolitico.mx\\\/wp-content\\\/uploads\\\/2024\\\/07\\\/IMG_6845.jpeg\",\"contentUrl\":\"https:\\\/\\\/quehacerpolitico.mx\\\/wp-content\\\/uploads\\\/2024\\\/07\\\/IMG_6845.jpeg\",\"width\":738,\"height\":415},{\"@type\":\"BreadcrumbList\",\"@id\":\"https:\\\/\\\/quehacerpolitico.mx\\\/?p=111479#breadcrumb\",\"itemListElement\":[{\"@type\":\"ListItem\",\"position\":1,\"name\":\"Inicio\",\"item\":\"https:\\\/\\\/quehacerpolitico.mx\\\/\"},{\"@type\":\"ListItem\",\"position\":2,\"name\":\"Es oficial Javier Aguirre y Rafa M\u00e1rquez son el nuevo t\u00e9cnico y Auxiliar de la selecci\u00f3n Mexicana\"}]},{\"@type\":\"WebSite\",\"@id\":\"https:\\\/\\\/quehacerpolitico.mx\\\/#website\",\"url\":\"https:\\\/\\\/quehacerpolitico.mx\\\/\",\"name\":\"\",\"description\":\"\",\"potentialAction\":[{\"@type\":\"SearchAction\",\"target\":{\"@type\":\"EntryPoint\",\"urlTemplate\":\"https:\\\/\\\/quehacerpolitico.mx\\\/?s={search_term_string}\"},\"query-input\":{\"@type\":\"PropertyValueSpecification\",\"valueRequired\":true,\"valueName\":\"search_term_string\"}}],\"inLanguage\":\"es\"},{\"@type\":\"Person\",\"@id\":\"https:\\\/\\\/quehacerpolitico.mx\\\/#\\\/schema\\\/person\\\/496d8ad2d1d3f8036101dca7ee39e585\",\"name\":\"Redacci\u00f3n QP\",\"image\":{\"@type\":\"ImageObject\",\"inLanguage\":\"es\",\"@id\":\"https:\\\/\\\/secure.gravatar.com\\\/avatar\\\/c7164ed6fdec453195284ad24a5ae5b6e1eed2b848477fa2a4787ba9adf39a41?s=96&d=mm&r=g\",\"url\":\"https:\\\/\\\/secure.gravatar.com\\\/avatar\\\/c7164ed6fdec453195284ad24a5ae5b6e1eed2b848477fa2a4787ba9adf39a41?s=96&d=mm&r=g\",\"contentUrl\":\"https:\\\/\\\/secure.gravatar.com\\\/avatar\\\/c7164ed6fdec453195284ad24a5ae5b6e1eed2b848477fa2a4787ba9adf39a41?s=96&d=mm&r=g\",\"caption\":\"Redacci\u00f3n QP\"},\"url\":\"https:\\\/\\\/quehacerpolitico.mx\\\/?author=2\"}]}<\/script>\n<!-- \/ Yoast SEO plugin. -->","yoast_head_json":{"title":"Es oficial Javier Aguirre y Rafa M\u00e1rquez son el nuevo t\u00e9cnico y Auxiliar de la selecci\u00f3n Mexicana -","robots":{"index":"index","follow":"follow","max-snippet":"max-snippet:-1","max-image-preview":"max-image-preview:large","max-video-preview":"max-video-preview:-1"},"canonical":"https:\/\/quehacerpolitico.mx\/?p=111479","og_locale":"es_MX","og_type":"article","og_title":"Es oficial Javier Aguirre y Rafa M\u00e1rquez son el nuevo t\u00e9cnico y Auxiliar de la selecci\u00f3n Mexicana -","og_description":"Por Redacci\u00f3n QP El organismo dio la bienvenida al estratega, quien cumplir\u00e1 su tercer ciclo...","og_url":"https:\/\/quehacerpolitico.mx\/?p=111479","article_published_time":"2024-07-23T01:40:33+00:00","article_modified_time":"2024-07-23T02:06:09+00:00","og_image":[{"width":738,"height":415,"url":"https:\/\/quehacerpolitico.mx\/wp-content\/uploads\/2024\/07\/IMG_6845.jpeg","type":"image\/jpeg"}],"author":"Redacci\u00f3n QP","twitter_card":"summary_large_image","twitter_misc":{"Escrito por":"Redacci\u00f3n QP","Tiempo de lectura":"2 minutos"},"schema":{"@context":"https:\/\/schema.org","@graph":[{"@type":"Article","@id":"https:\/\/quehacerpolitico.mx\/?p=111479#article","isPartOf":{"@id":"https:\/\/quehacerpolitico.mx\/?p=111479"},"author":{"name":"Redacci\u00f3n QP","@id":"https:\/\/quehacerpolitico.mx\/#\/schema\/person\/496d8ad2d1d3f8036101dca7ee39e585"},"headline":"Es oficial Javier Aguirre y Rafa M\u00e1rquez son el nuevo t\u00e9cnico y Auxiliar de la selecci\u00f3n Mexicana","datePublished":"2024-07-23T01:40:33+00:00","dateModified":"2024-07-23T02:06:09+00:00","mainEntityOfPage":{"@id":"https:\/\/quehacerpolitico.mx\/?p=111479"},"wordCount":323,"commentCount":0,"image":{"@id":"https:\/\/quehacerpolitico.mx\/?p=111479#primaryimage"},"thumbnailUrl":"https:\/\/quehacerpolitico.mx\/wp-content\/uploads\/2024\/07\/IMG_6845.jpeg","articleSection":["Deportes"],"inLanguage":"es","potentialAction":[{"@type":"CommentAction","name":"Comment","target":["https:\/\/quehacerpolitico.mx\/?p=111479#respond"]}]},{"@type":"WebPage","@id":"https:\/\/quehacerpolitico.mx\/?p=111479","url":"https:\/\/quehacerpolitico.mx\/?p=111479","name":"Es oficial Javier Aguirre y Rafa M\u00e1rquez son el nuevo t\u00e9cnico y Auxiliar de la selecci\u00f3n Mexicana -","isPartOf":{"@id":"https:\/\/quehacerpolitico.mx\/#website"},"primaryImageOfPage":{"@id":"https:\/\/quehacerpolitico.mx\/?p=111479#primaryimage"},"image":{"@id":"https:\/\/quehacerpolitico.mx\/?p=111479#primaryimage"},"thumbnailUrl":"https:\/\/quehacerpolitico.mx\/wp-content\/uploads\/2024\/07\/IMG_6845.jpeg","datePublished":"2024-07-23T01:40:33+00:00","dateModified":"2024-07-23T02:06:09+00:00","author":{"@id":"https:\/\/quehacerpolitico.mx\/#\/schema\/person\/496d8ad2d1d3f8036101dca7ee39e585"},"breadcrumb":{"@id":"https:\/\/quehacerpolitico.mx\/?p=111479#breadcrumb"},"inLanguage":"es","potentialAction":[{"@type":"ReadAction","target":["https:\/\/quehacerpolitico.mx\/?p=111479"]}]},{"@type":"ImageObject","inLanguage":"es","@id":"https:\/\/quehacerpolitico.mx\/?p=111479#primaryimage","url":"https:\/\/quehacerpolitico.mx\/wp-content\/uploads\/2024\/07\/IMG_6845.jpeg","contentUrl":"https:\/\/quehacerpolitico.mx\/wp-content\/uploads\/2024\/07\/IMG_6845.jpeg","width":738,"height":415},{"@type":"BreadcrumbList","@id":"https:\/\/quehacerpolitico.mx\/?p=111479#breadcrumb","itemListElement":[{"@type":"ListItem","position":1,"name":"Inicio","item":"https:\/\/quehacerpolitico.mx\/"},{"@type":"ListItem","position":2,"name":"Es oficial Javier Aguirre y Rafa M\u00e1rquez son el nuevo t\u00e9cnico y Auxiliar de la selecci\u00f3n Mexicana"}]},{"@type":"WebSite","@id":"https:\/\/quehacerpolitico.mx\/#website","url":"https:\/\/quehacerpolitico.mx\/","name":"","description":"","potentialAction":[{"@type":"SearchAction","target":{"@type":"EntryPoint","urlTemplate":"https:\/\/quehacerpolitico.mx\/?s={search_term_string}"},"query-input":{"@type":"PropertyValueSpecification","valueRequired":true,"valueName":"search_term_string"}}],"inLanguage":"es"},{"@type":"Person","@id":"https:\/\/quehacerpolitico.mx\/#\/schema\/person\/496d8ad2d1d3f8036101dca7ee39e585","name":"Redacci\u00f3n QP","image":{"@type":"ImageObject","inLanguage":"es","@id":"https:\/\/secure.gravatar.com\/avatar\/c7164ed6fdec453195284ad24a5ae5b6e1eed2b848477fa2a4787ba9adf39a41?s=96&d=mm&r=g","url":"https:\/\/secure.gravatar.com\/avatar\/c7164ed6fdec453195284ad24a5ae5b6e1eed2b848477fa2a4787ba9adf39a41?s=96&d=mm&r=g","contentUrl":"https:\/\/secure.gravatar.com\/avatar\/c7164ed6fdec453195284ad24a5ae5b6e1eed2b848477fa2a4787ba9adf39a41?s=96&d=mm&r=g","caption":"Redacci\u00f3n QP"},"url":"https:\/\/quehacerpolitico.mx\/?author=2"}]}},"featured_image_urls":{"full":["https:\/\/quehacerpolitico.mx\/wp-content\/uploads\/2024\/07\/IMG_6845.jpeg",738,415,false],"thumbnail":["https:\/\/quehacerpolitico.mx\/wp-content\/uploads\/2024\/07\/IMG_6845-150x150.jpeg",150,150,true],"medium":["https:\/\/quehacerpolitico.mx\/wp-content\/uploads\/2024\/07\/IMG_6845-300x169.jpeg",300,169,true],"medium_large":["https:\/\/quehacerpolitico.mx\/wp-content\/uploads\/2024\/07\/IMG_6845.jpeg",640,360,false],"large":["https:\/\/quehacerpolitico.mx\/wp-content\/uploads\/2024\/07\/IMG_6845.jpeg",640,360,false],"1536x1536":["https:\/\/quehacerpolitico.mx\/wp-content\/uploads\/2024\/07\/IMG_6845.jpeg",738,415,false],"2048x2048":["https:\/\/quehacerpolitico.mx\/wp-content\/uploads\/2024\/07\/IMG_6845.jpeg",738,415,false],"covernews-featured":["https:\/\/quehacerpolitico.mx\/wp-content\/uploads\/2024\/07\/IMG_6845.jpeg",738,415,false],"covernews-medium":["https:\/\/quehacerpolitico.mx\/wp-content\/uploads\/2024\/07\/IMG_6845.jpeg",540,304,false]},"author_info":{"display_name":"Redacci\u00f3n QP","author_link":"https:\/\/quehacerpolitico.mx\/?author=2"},"category_info":"<a href=\"https:\/\/quehacerpolitico.mx\/?cat=54\" rel=\"category\">Deportes<\/a>","tag_info":"Deportes","comment_count":"0","_links":{"self":[{"href":"https:\/\/quehacerpolitico.mx\/index.php?rest_route=\/wp\/v2\/posts\/111479","targetHints":{"allow":["GET"]}}],"collection":[{"href":"https:\/\/quehacerpolitico.mx\/index.php?rest_route=\/wp\/v2\/posts"}],"about":[{"href":"https:\/\/quehacerpolitico.mx\/index.php?rest_route=\/wp\/v2\/types\/post"}],"author":[{"embeddable":true,"href":"https:\/\/quehacerpolitico.mx\/index.php?rest_route=\/wp\/v2\/users\/2"}],"replies":[{"embeddable":true,"href":"https:\/\/quehacerpolitico.mx\/index.php?rest_route=%2Fwp%2Fv2%2Fcomments&post=111479"}],"version-history":[{"count":2,"href":"https:\/\/quehacerpolitico.mx\/index.php?rest_route=\/wp\/v2\/posts\/111479\/revisions"}],"predecessor-version":[{"id":111482,"href":"https:\/\/quehacerpolitico.mx\/index.php?rest_route=\/wp\/v2\/posts\/111479\/revisions\/111482"}],"wp:featuredmedia":[{"embeddable":true,"href":"https:\/\/quehacerpolitico.mx\/index.php?rest_route=\/wp\/v2\/media\/111481"}],"wp:attachment":[{"href":"https:\/\/quehacerpolitico.mx\/index.php?rest_route=%2Fwp%2Fv2%2Fmedia&parent=111479"}],"wp:term":[{"taxonomy":"category","embeddable":true,"href":"https:\/\/quehacerpolitico.mx\/index.php?rest_route=%2Fwp%2Fv2%2Fcategories&post=111479"},{"taxonomy":"post_tag","embeddable":true,"href":"https:\/\/quehacerpolitico.mx\/index.php?rest_route=%2Fwp%2Fv2%2Ftags&post=111479"}],"curies":[{"name":"wp","href":"https:\/\/api.w.org\/{rel}","templated":true}]}}