{"id":111473,"date":"2024-07-23T00:59:12","date_gmt":"2024-07-23T00:59:12","guid":{"rendered":"https:\/\/quehacerpolitico.mx\/?p=111473"},"modified":"2024-07-23T00:59:15","modified_gmt":"2024-07-23T00:59:15","slug":"el-quehacer-politico-internacional-carolina-alonso-romei-kamala-harris-toma-fuerza-y-lanza-su-primer-discurso-contra-trump-fui-fiscal-conozco-a-los-tipos-como-el","status":"publish","type":"post","link":"https:\/\/quehacerpolitico.mx\/?p=111473","title":{"rendered":"El Quehacer Pol\u00edtico Internacional\/\/\/Carolina Alonso Romei\/\/\/Kamala Harris toma fuerza y lanza su primer discurso contra Trump: &#8220;Fui fiscal, conozco a los tipos como \u00e9l&#8221;"},"content":{"rendered":"\n<p>Por Carolina Alonso Romei<\/p>\n\n\n\n<p>Internacionalista <\/p>\n\n\n\n<p><strong>Kamala<\/strong>&nbsp;<strong>Harris<\/strong>, vicepresidenta de Estados Unidos, dijo este lunes tras confirmar que buscar\u00e1 la candidatura del Partido Dem\u00f3crata, que est\u00e1 dispuesta a contrastar su carrera pol\u00edtica contra la del candidato republicano,&nbsp;<strong>Donald<\/strong>&nbsp;<strong>Trump<\/strong>.<\/p>\n\n\n\n<p>\u201cPondr\u00e9 mi carrera contra la de \u00e9l; cuando estaba en la Oficina del Fiscal de Distrito de Alameda en California, yo me especializaba en casos de&nbsp;<strong>abuso<\/strong>&nbsp;<strong>sexual<\/strong>; Donald Trump fue encontrado&nbsp;<strong>culpable<\/strong>&nbsp;de cometer abuso sexual\u201d, dijo durante una conferencia en Wilmington, Delaware.<\/p>\n\n\n\n<figure class=\"wp-block-embed is-type-rich is-provider-twitter wp-block-embed-twitter\"><div class=\"wp-block-embed__wrapper\">\n<blockquote class=\"twitter-tweet\" data-width=\"550\" data-dnt=\"true\"><p lang=\"es\" dir=\"ltr\">\u201cConozco a los criminales como Trump\u201d: Kamala Harris arranca precampa\u00f1a a la presidencia de EUA<br><br>La vicepresidenta de Estados Unidos arranc\u00f3 su primer acto de precampa\u00f1a, luego de que Joe Biden se baj\u00f3 de la contienda electoral por la presidencia, en su primer discurso como\u2026 <a href=\"https:\/\/t.co\/v0oK4Fq3uE\">pic.twitter.com\/v0oK4Fq3uE<\/a><\/p>&mdash; Pol\u00edtico MX (@politicomx) <a href=\"https:\/\/twitter.com\/politicomx\/status\/1815540294944706749?ref_src=twsrc%5Etfw\">July 23, 2024<\/a><\/blockquote><script async src=\"https:\/\/platform.twitter.com\/widgets.js\" charset=\"utf-8\"><\/script>\n<\/div><\/figure>\n\n\n\n<p>La vicepresidenta record\u00f3 que el magnate tambi\u00e9n fue declarado culpable de 34 cargos de&nbsp;<strong>fraude<\/strong>&nbsp;en sus primeras declaraciones p\u00fablicas tras levantar la mano para convertirse en candidata presidencial de los dem\u00f3cratas.<\/p>\n\n\n\n<p>Harris recalc\u00f3 que su posible oponente tuvo que compensar a varios universitarios de&nbsp;<strong>Trump<\/strong>&nbsp;<strong>University<\/strong>&nbsp;por haberlos estafado, mientras que ella desmantel\u00f3 a una de las universidades con mayor margen de ganancias econ\u00f3micas.<\/p>\n\n\n\n<p>La funcionaria necesit\u00f3 apenas 24 horas para pr\u00e1cticamente asegurarse la&nbsp;<strong>candidatura<\/strong><strong>dem\u00f3crata<\/strong>&nbsp;a la Casa Blanca tras la renuncia del presidente,&nbsp;<strong>Joe<\/strong>&nbsp;<strong>Biden<\/strong>, a la reelecci\u00f3n.<\/p>\n\n\n\n<p>Harris empez\u00f3 su camino con un r\u00e9cord de&nbsp;<strong>recaudaci\u00f3n<\/strong>&nbsp;de fondos, logrando el apoyo de algunos destacados l\u00edderes del partido y de posibles rivales, as\u00ed como asegur\u00e1ndose la lealtad de centenares de los delegados dem\u00f3cratas que tendr\u00e1n que ratificarla.<\/p>\n\n\n\n<p>La gobernadora de Michigan, Gretchen Whitmer, una de las estrellas emergentes del partido, apoy\u00f3 este lunes por la ma\u00f1ana la\u00a0<strong>candidatura<\/strong>\u00a0de Harris.<\/p>\n\n\n\n<p>Se un\u00eda as\u00ed a los espaldarazos del gobernador de California,&nbsp;<strong>Gavin<\/strong>&nbsp;<strong>Newsom<\/strong>, o del de Pennsylvania,&nbsp;<strong>Josh<\/strong>&nbsp;<strong>Shapiro<\/strong>, otros de los dem\u00f3cratas con alto perfil presidencial.<\/p>\n\n\n\n<p>De hecho, todos los&nbsp;<strong>gobernadores<\/strong>&nbsp;dem\u00f3cratas del pa\u00eds, 23 en total, han apoyado a Harris.<\/p>\n\n\n\n<p>Adem\u00e1s, al menos 221 de los 263 dem\u00f3cratas en el Congreso de Estados Unidos tambi\u00e9n han apoyado la candidatura de Harris, incluida&nbsp;<strong>Nancy<\/strong>&nbsp;<strong>Pelosi<\/strong>, la expresidenta de la C\u00e1mara de Representantes<a href=\"https:\/\/x.com\/KamalaHarris\">.<\/a><\/p>\n\n\n\n<p><em>Con informaci\u00f3n de EFE<\/em>.<\/p>\n","protected":false},"excerpt":{"rendered":"<p>Por Carolina Alonso Romei Internacionalista Kamala&nbsp;Harris, vicepresidenta de Estados Unidos, dijo este lunes tras confirmar&#8230;<\/p>\n","protected":false},"author":2,"featured_media":111474,"comment_status":"open","ping_status":"open","sticky":false,"template":"","format":"standard","meta":{"_monsterinsights_skip_tracking":false,"_monsterinsights_sitenote_active":false,"_monsterinsights_sitenote_note":"","_monsterinsights_sitenote_category":0,"footnotes":""},"categories":[1],"tags":[],"class_list":["post-111473","post","type-post","status-publish","format-standard","has-post-thumbnail","hentry","category-sin-categoria"],"yoast_head":"<!-- This site is optimized with the Yoast SEO plugin v27.3 - https:\/\/yoast.com\/product\/yoast-seo-wordpress\/ -->\n<title>El Quehacer Pol\u00edtico Internacional\/\/\/Carolina Alonso Romei\/\/\/Kamala Harris toma fuerza y lanza su primer discurso contra Trump: &quot;Fui fiscal, conozco a los tipos como \u00e9l&quot; -<\/title>\n<meta name=\"robots\" content=\"index, follow, max-snippet:-1, max-image-preview:large, max-video-preview:-1\" \/>\n<link rel=\"canonical\" href=\"https:\/\/quehacerpolitico.mx\/?p=111473\" \/>\n<meta property=\"og:locale\" content=\"es_MX\" \/>\n<meta property=\"og:type\" content=\"article\" \/>\n<meta property=\"og:title\" content=\"El Quehacer Pol\u00edtico Internacional\/\/\/Carolina Alonso Romei\/\/\/Kamala Harris toma fuerza y lanza su primer discurso contra Trump: &quot;Fui fiscal, conozco a los tipos como \u00e9l&quot; -\" \/>\n<meta property=\"og:description\" content=\"Por Carolina Alonso Romei Internacionalista Kamala&nbsp;Harris, vicepresidenta de Estados Unidos, dijo este lunes tras confirmar...\" \/>\n<meta property=\"og:url\" content=\"https:\/\/quehacerpolitico.mx\/?p=111473\" \/>\n<meta property=\"article:published_time\" content=\"2024-07-23T00:59:12+00:00\" \/>\n<meta property=\"article:modified_time\" content=\"2024-07-23T00:59:15+00:00\" \/>\n<meta property=\"og:image\" content=\"https:\/\/quehacerpolitico.mx\/wp-content\/uploads\/2024\/07\/03fa6135-c3fe-44b7-8e96-c6ca323ffebb-11.jpeg\" \/>\n\t<meta property=\"og:image:width\" content=\"963\" \/>\n\t<meta property=\"og:image:height\" content=\"493\" \/>\n\t<meta property=\"og:image:type\" content=\"image\/jpeg\" \/>\n<meta name=\"author\" content=\"Redacci\u00f3n QP\" \/>\n<meta name=\"twitter:card\" content=\"summary_large_image\" \/>\n<meta name=\"twitter:label1\" content=\"Escrito por\" \/>\n\t<meta name=\"twitter:data1\" content=\"Redacci\u00f3n QP\" \/>\n\t<meta name=\"twitter:label2\" content=\"Tiempo de lectura\" \/>\n\t<meta name=\"twitter:data2\" content=\"2 minutos\" \/>\n<script type=\"application\/ld+json\" class=\"yoast-schema-graph\">{\"@context\":\"https:\\\/\\\/schema.org\",\"@graph\":[{\"@type\":\"Article\",\"@id\":\"https:\\\/\\\/quehacerpolitico.mx\\\/?p=111473#article\",\"isPartOf\":{\"@id\":\"https:\\\/\\\/quehacerpolitico.mx\\\/?p=111473\"},\"author\":{\"name\":\"Redacci\u00f3n QP\",\"@id\":\"https:\\\/\\\/quehacerpolitico.mx\\\/#\\\/schema\\\/person\\\/496d8ad2d1d3f8036101dca7ee39e585\"},\"headline\":\"El Quehacer Pol\u00edtico Internacional\\\/\\\/\\\/Carolina Alonso Romei\\\/\\\/\\\/Kamala Harris toma fuerza y lanza su primer discurso contra Trump: &#8220;Fui fiscal, conozco a los tipos como \u00e9l&#8221;\",\"datePublished\":\"2024-07-23T00:59:12+00:00\",\"dateModified\":\"2024-07-23T00:59:15+00:00\",\"mainEntityOfPage\":{\"@id\":\"https:\\\/\\\/quehacerpolitico.mx\\\/?p=111473\"},\"wordCount\":395,\"commentCount\":0,\"image\":{\"@id\":\"https:\\\/\\\/quehacerpolitico.mx\\\/?p=111473#primaryimage\"},\"thumbnailUrl\":\"https:\\\/\\\/quehacerpolitico.mx\\\/wp-content\\\/uploads\\\/2024\\\/07\\\/03fa6135-c3fe-44b7-8e96-c6ca323ffebb-11.jpeg\",\"articleSection\":[\"Internacionales\"],\"inLanguage\":\"es\",\"potentialAction\":[{\"@type\":\"CommentAction\",\"name\":\"Comment\",\"target\":[\"https:\\\/\\\/quehacerpolitico.mx\\\/?p=111473#respond\"]}]},{\"@type\":\"WebPage\",\"@id\":\"https:\\\/\\\/quehacerpolitico.mx\\\/?p=111473\",\"url\":\"https:\\\/\\\/quehacerpolitico.mx\\\/?p=111473\",\"name\":\"El Quehacer Pol\u00edtico Internacional\\\/\\\/\\\/Carolina Alonso Romei\\\/\\\/\\\/Kamala Harris toma fuerza y lanza su primer discurso contra Trump: \\\"Fui fiscal, conozco a los tipos como \u00e9l\\\" -\",\"isPartOf\":{\"@id\":\"https:\\\/\\\/quehacerpolitico.mx\\\/#website\"},\"primaryImageOfPage\":{\"@id\":\"https:\\\/\\\/quehacerpolitico.mx\\\/?p=111473#primaryimage\"},\"image\":{\"@id\":\"https:\\\/\\\/quehacerpolitico.mx\\\/?p=111473#primaryimage\"},\"thumbnailUrl\":\"https:\\\/\\\/quehacerpolitico.mx\\\/wp-content\\\/uploads\\\/2024\\\/07\\\/03fa6135-c3fe-44b7-8e96-c6ca323ffebb-11.jpeg\",\"datePublished\":\"2024-07-23T00:59:12+00:00\",\"dateModified\":\"2024-07-23T00:59:15+00:00\",\"author\":{\"@id\":\"https:\\\/\\\/quehacerpolitico.mx\\\/#\\\/schema\\\/person\\\/496d8ad2d1d3f8036101dca7ee39e585\"},\"breadcrumb\":{\"@id\":\"https:\\\/\\\/quehacerpolitico.mx\\\/?p=111473#breadcrumb\"},\"inLanguage\":\"es\",\"potentialAction\":[{\"@type\":\"ReadAction\",\"target\":[\"https:\\\/\\\/quehacerpolitico.mx\\\/?p=111473\"]}]},{\"@type\":\"ImageObject\",\"inLanguage\":\"es\",\"@id\":\"https:\\\/\\\/quehacerpolitico.mx\\\/?p=111473#primaryimage\",\"url\":\"https:\\\/\\\/quehacerpolitico.mx\\\/wp-content\\\/uploads\\\/2024\\\/07\\\/03fa6135-c3fe-44b7-8e96-c6ca323ffebb-11.jpeg\",\"contentUrl\":\"https:\\\/\\\/quehacerpolitico.mx\\\/wp-content\\\/uploads\\\/2024\\\/07\\\/03fa6135-c3fe-44b7-8e96-c6ca323ffebb-11.jpeg\",\"width\":963,\"height\":493},{\"@type\":\"BreadcrumbList\",\"@id\":\"https:\\\/\\\/quehacerpolitico.mx\\\/?p=111473#breadcrumb\",\"itemListElement\":[{\"@type\":\"ListItem\",\"position\":1,\"name\":\"Inicio\",\"item\":\"https:\\\/\\\/quehacerpolitico.mx\\\/\"},{\"@type\":\"ListItem\",\"position\":2,\"name\":\"El Quehacer Pol\u00edtico Internacional\\\/\\\/\\\/Carolina Alonso Romei\\\/\\\/\\\/Kamala Harris toma fuerza y lanza su primer discurso contra Trump: &#8220;Fui fiscal, conozco a los tipos como \u00e9l&#8221;\"}]},{\"@type\":\"WebSite\",\"@id\":\"https:\\\/\\\/quehacerpolitico.mx\\\/#website\",\"url\":\"https:\\\/\\\/quehacerpolitico.mx\\\/\",\"name\":\"\",\"description\":\"\",\"potentialAction\":[{\"@type\":\"SearchAction\",\"target\":{\"@type\":\"EntryPoint\",\"urlTemplate\":\"https:\\\/\\\/quehacerpolitico.mx\\\/?s={search_term_string}\"},\"query-input\":{\"@type\":\"PropertyValueSpecification\",\"valueRequired\":true,\"valueName\":\"search_term_string\"}}],\"inLanguage\":\"es\"},{\"@type\":\"Person\",\"@id\":\"https:\\\/\\\/quehacerpolitico.mx\\\/#\\\/schema\\\/person\\\/496d8ad2d1d3f8036101dca7ee39e585\",\"name\":\"Redacci\u00f3n QP\",\"image\":{\"@type\":\"ImageObject\",\"inLanguage\":\"es\",\"@id\":\"https:\\\/\\\/secure.gravatar.com\\\/avatar\\\/c7164ed6fdec453195284ad24a5ae5b6e1eed2b848477fa2a4787ba9adf39a41?s=96&d=mm&r=g\",\"url\":\"https:\\\/\\\/secure.gravatar.com\\\/avatar\\\/c7164ed6fdec453195284ad24a5ae5b6e1eed2b848477fa2a4787ba9adf39a41?s=96&d=mm&r=g\",\"contentUrl\":\"https:\\\/\\\/secure.gravatar.com\\\/avatar\\\/c7164ed6fdec453195284ad24a5ae5b6e1eed2b848477fa2a4787ba9adf39a41?s=96&d=mm&r=g\",\"caption\":\"Redacci\u00f3n QP\"},\"url\":\"https:\\\/\\\/quehacerpolitico.mx\\\/?author=2\"}]}<\/script>\n<!-- \/ Yoast SEO plugin. -->","yoast_head_json":{"title":"El Quehacer Pol\u00edtico Internacional\/\/\/Carolina Alonso Romei\/\/\/Kamala Harris toma fuerza y lanza su primer discurso contra Trump: \"Fui fiscal, conozco a los tipos como \u00e9l\" -","robots":{"index":"index","follow":"follow","max-snippet":"max-snippet:-1","max-image-preview":"max-image-preview:large","max-video-preview":"max-video-preview:-1"},"canonical":"https:\/\/quehacerpolitico.mx\/?p=111473","og_locale":"es_MX","og_type":"article","og_title":"El Quehacer Pol\u00edtico Internacional\/\/\/Carolina Alonso Romei\/\/\/Kamala Harris toma fuerza y lanza su primer discurso contra Trump: \"Fui fiscal, conozco a los tipos como \u00e9l\" -","og_description":"Por Carolina Alonso Romei Internacionalista Kamala&nbsp;Harris, vicepresidenta de Estados Unidos, dijo este lunes tras confirmar...","og_url":"https:\/\/quehacerpolitico.mx\/?p=111473","article_published_time":"2024-07-23T00:59:12+00:00","article_modified_time":"2024-07-23T00:59:15+00:00","og_image":[{"width":963,"height":493,"url":"https:\/\/quehacerpolitico.mx\/wp-content\/uploads\/2024\/07\/03fa6135-c3fe-44b7-8e96-c6ca323ffebb-11.jpeg","type":"image\/jpeg"}],"author":"Redacci\u00f3n QP","twitter_card":"summary_large_image","twitter_misc":{"Escrito por":"Redacci\u00f3n QP","Tiempo de lectura":"2 minutos"},"schema":{"@context":"https:\/\/schema.org","@graph":[{"@type":"Article","@id":"https:\/\/quehacerpolitico.mx\/?p=111473#article","isPartOf":{"@id":"https:\/\/quehacerpolitico.mx\/?p=111473"},"author":{"name":"Redacci\u00f3n QP","@id":"https:\/\/quehacerpolitico.mx\/#\/schema\/person\/496d8ad2d1d3f8036101dca7ee39e585"},"headline":"El Quehacer Pol\u00edtico Internacional\/\/\/Carolina Alonso Romei\/\/\/Kamala Harris toma fuerza y lanza su primer discurso contra Trump: &#8220;Fui fiscal, conozco a los tipos como \u00e9l&#8221;","datePublished":"2024-07-23T00:59:12+00:00","dateModified":"2024-07-23T00:59:15+00:00","mainEntityOfPage":{"@id":"https:\/\/quehacerpolitico.mx\/?p=111473"},"wordCount":395,"commentCount":0,"image":{"@id":"https:\/\/quehacerpolitico.mx\/?p=111473#primaryimage"},"thumbnailUrl":"https:\/\/quehacerpolitico.mx\/wp-content\/uploads\/2024\/07\/03fa6135-c3fe-44b7-8e96-c6ca323ffebb-11.jpeg","articleSection":["Internacionales"],"inLanguage":"es","potentialAction":[{"@type":"CommentAction","name":"Comment","target":["https:\/\/quehacerpolitico.mx\/?p=111473#respond"]}]},{"@type":"WebPage","@id":"https:\/\/quehacerpolitico.mx\/?p=111473","url":"https:\/\/quehacerpolitico.mx\/?p=111473","name":"El Quehacer Pol\u00edtico Internacional\/\/\/Carolina Alonso Romei\/\/\/Kamala Harris toma fuerza y lanza su primer discurso contra Trump: \"Fui fiscal, conozco a los tipos como \u00e9l\" -","isPartOf":{"@id":"https:\/\/quehacerpolitico.mx\/#website"},"primaryImageOfPage":{"@id":"https:\/\/quehacerpolitico.mx\/?p=111473#primaryimage"},"image":{"@id":"https:\/\/quehacerpolitico.mx\/?p=111473#primaryimage"},"thumbnailUrl":"https:\/\/quehacerpolitico.mx\/wp-content\/uploads\/2024\/07\/03fa6135-c3fe-44b7-8e96-c6ca323ffebb-11.jpeg","datePublished":"2024-07-23T00:59:12+00:00","dateModified":"2024-07-23T00:59:15+00:00","author":{"@id":"https:\/\/quehacerpolitico.mx\/#\/schema\/person\/496d8ad2d1d3f8036101dca7ee39e585"},"breadcrumb":{"@id":"https:\/\/quehacerpolitico.mx\/?p=111473#breadcrumb"},"inLanguage":"es","potentialAction":[{"@type":"ReadAction","target":["https:\/\/quehacerpolitico.mx\/?p=111473"]}]},{"@type":"ImageObject","inLanguage":"es","@id":"https:\/\/quehacerpolitico.mx\/?p=111473#primaryimage","url":"https:\/\/quehacerpolitico.mx\/wp-content\/uploads\/2024\/07\/03fa6135-c3fe-44b7-8e96-c6ca323ffebb-11.jpeg","contentUrl":"https:\/\/quehacerpolitico.mx\/wp-content\/uploads\/2024\/07\/03fa6135-c3fe-44b7-8e96-c6ca323ffebb-11.jpeg","width":963,"height":493},{"@type":"BreadcrumbList","@id":"https:\/\/quehacerpolitico.mx\/?p=111473#breadcrumb","itemListElement":[{"@type":"ListItem","position":1,"name":"Inicio","item":"https:\/\/quehacerpolitico.mx\/"},{"@type":"ListItem","position":2,"name":"El Quehacer Pol\u00edtico Internacional\/\/\/Carolina Alonso Romei\/\/\/Kamala Harris toma fuerza y lanza su primer discurso contra Trump: &#8220;Fui fiscal, conozco a los tipos como \u00e9l&#8221;"}]},{"@type":"WebSite","@id":"https:\/\/quehacerpolitico.mx\/#website","url":"https:\/\/quehacerpolitico.mx\/","name":"","description":"","potentialAction":[{"@type":"SearchAction","target":{"@type":"EntryPoint","urlTemplate":"https:\/\/quehacerpolitico.mx\/?s={search_term_string}"},"query-input":{"@type":"PropertyValueSpecification","valueRequired":true,"valueName":"search_term_string"}}],"inLanguage":"es"},{"@type":"Person","@id":"https:\/\/quehacerpolitico.mx\/#\/schema\/person\/496d8ad2d1d3f8036101dca7ee39e585","name":"Redacci\u00f3n QP","image":{"@type":"ImageObject","inLanguage":"es","@id":"https:\/\/secure.gravatar.com\/avatar\/c7164ed6fdec453195284ad24a5ae5b6e1eed2b848477fa2a4787ba9adf39a41?s=96&d=mm&r=g","url":"https:\/\/secure.gravatar.com\/avatar\/c7164ed6fdec453195284ad24a5ae5b6e1eed2b848477fa2a4787ba9adf39a41?s=96&d=mm&r=g","contentUrl":"https:\/\/secure.gravatar.com\/avatar\/c7164ed6fdec453195284ad24a5ae5b6e1eed2b848477fa2a4787ba9adf39a41?s=96&d=mm&r=g","caption":"Redacci\u00f3n QP"},"url":"https:\/\/quehacerpolitico.mx\/?author=2"}]}},"featured_image_urls":{"full":["https:\/\/quehacerpolitico.mx\/wp-content\/uploads\/2024\/07\/03fa6135-c3fe-44b7-8e96-c6ca323ffebb-11.jpeg",963,493,false],"thumbnail":["https:\/\/quehacerpolitico.mx\/wp-content\/uploads\/2024\/07\/03fa6135-c3fe-44b7-8e96-c6ca323ffebb-11-150x150.jpeg",150,150,true],"medium":["https:\/\/quehacerpolitico.mx\/wp-content\/uploads\/2024\/07\/03fa6135-c3fe-44b7-8e96-c6ca323ffebb-11-300x154.jpeg",300,154,true],"medium_large":["https:\/\/quehacerpolitico.mx\/wp-content\/uploads\/2024\/07\/03fa6135-c3fe-44b7-8e96-c6ca323ffebb-11-768x393.jpeg",640,328,true],"large":["https:\/\/quehacerpolitico.mx\/wp-content\/uploads\/2024\/07\/03fa6135-c3fe-44b7-8e96-c6ca323ffebb-11.jpeg",640,328,false],"1536x1536":["https:\/\/quehacerpolitico.mx\/wp-content\/uploads\/2024\/07\/03fa6135-c3fe-44b7-8e96-c6ca323ffebb-11.jpeg",963,493,false],"2048x2048":["https:\/\/quehacerpolitico.mx\/wp-content\/uploads\/2024\/07\/03fa6135-c3fe-44b7-8e96-c6ca323ffebb-11.jpeg",963,493,false],"covernews-featured":["https:\/\/quehacerpolitico.mx\/wp-content\/uploads\/2024\/07\/03fa6135-c3fe-44b7-8e96-c6ca323ffebb-11.jpeg",963,493,false],"covernews-medium":["https:\/\/quehacerpolitico.mx\/wp-content\/uploads\/2024\/07\/03fa6135-c3fe-44b7-8e96-c6ca323ffebb-11.jpeg",540,276,false]},"author_info":{"display_name":"Redacci\u00f3n QP","author_link":"https:\/\/quehacerpolitico.mx\/?author=2"},"category_info":"<a href=\"https:\/\/quehacerpolitico.mx\/?cat=1\" rel=\"category\">Internacionales<\/a>","tag_info":"Internacionales","comment_count":"0","_links":{"self":[{"href":"https:\/\/quehacerpolitico.mx\/index.php?rest_route=\/wp\/v2\/posts\/111473","targetHints":{"allow":["GET"]}}],"collection":[{"href":"https:\/\/quehacerpolitico.mx\/index.php?rest_route=\/wp\/v2\/posts"}],"about":[{"href":"https:\/\/quehacerpolitico.mx\/index.php?rest_route=\/wp\/v2\/types\/post"}],"author":[{"embeddable":true,"href":"https:\/\/quehacerpolitico.mx\/index.php?rest_route=\/wp\/v2\/users\/2"}],"replies":[{"embeddable":true,"href":"https:\/\/quehacerpolitico.mx\/index.php?rest_route=%2Fwp%2Fv2%2Fcomments&post=111473"}],"version-history":[{"count":1,"href":"https:\/\/quehacerpolitico.mx\/index.php?rest_route=\/wp\/v2\/posts\/111473\/revisions"}],"predecessor-version":[{"id":111475,"href":"https:\/\/quehacerpolitico.mx\/index.php?rest_route=\/wp\/v2\/posts\/111473\/revisions\/111475"}],"wp:featuredmedia":[{"embeddable":true,"href":"https:\/\/quehacerpolitico.mx\/index.php?rest_route=\/wp\/v2\/media\/111474"}],"wp:attachment":[{"href":"https:\/\/quehacerpolitico.mx\/index.php?rest_route=%2Fwp%2Fv2%2Fmedia&parent=111473"}],"wp:term":[{"taxonomy":"category","embeddable":true,"href":"https:\/\/quehacerpolitico.mx\/index.php?rest_route=%2Fwp%2Fv2%2Fcategories&post=111473"},{"taxonomy":"post_tag","embeddable":true,"href":"https:\/\/quehacerpolitico.mx\/index.php?rest_route=%2Fwp%2Fv2%2Ftags&post=111473"}],"curies":[{"name":"wp","href":"https:\/\/api.w.org\/{rel}","templated":true}]}}