{"id":111467,"date":"2024-07-22T19:42:46","date_gmt":"2024-07-22T19:42:46","guid":{"rendered":"https:\/\/quehacerpolitico.mx\/?p=111467"},"modified":"2024-07-22T19:42:48","modified_gmt":"2024-07-22T19:42:48","slug":"como-mujeres-nos-da-gusto-que-participen-las-mujeres-en-la-contienda-electoral-de-estados-unidos-opino-claudia-sheinbaum-sobre-la-posibilidad-de-que-kamala-harris-pueda-ser-la-candidata-de","status":"publish","type":"post","link":"https:\/\/quehacerpolitico.mx\/?p=111467","title":{"rendered":"\u201cComo mujeres nos da gusto que participen las mujeres&#8221; en la contienda electoral de Estados Unidos, opin\u00f3 Claudia Sheinbaum sobre la posibilidad de que Kamala Harris pueda ser la candidata del Partido Dem\u00f3crata"},"content":{"rendered":"\n<p>Por Redacci\u00f3n QP<\/p>\n\n\n\n<p><strong>Claudia Sheinbaum<\/strong>, virtual presidenta electa, asegur\u00f3 este lunes que durante su gobierno trabajar\u00e1 con el&nbsp;<strong>presidente estadounidense&nbsp;<\/strong>que elijan sus ciudadanos en las elecciones del 5 noviembre en aquel pa\u00eds, luego que el presidente Andr\u00e9s Manuel L\u00f3pez Obrador la instara a evitar confrontaciones con ese gobierno despu\u00e9s de las confusas declaraciones del candidato republicano&nbsp;<strong>Donald Trump<\/strong>&nbsp;en las que presuntamente habl\u00f3 de M\u00e9xico.&nbsp;<\/p>\n\n\n\n<p>\u201cEn cualquiera de los casos que se vaya a elegir si es el&nbsp;<strong>expresidente Trump<\/strong>&nbsp;del Partido Republicano o la decisi\u00f3n del Partido Dem\u00f3crata, ya la relaci\u00f3n de M\u00e9xico con Estados Unidos en t\u00e9rminos econ\u00f3micos no puede cambiar, hay mucha integraci\u00f3n, cerrar las fronteras tiene costos muy altos en Estados Unidos\u201d, dijo la pr\u00f3xima mandataria durante una conferencia de prensa.<\/p>\n\n\n\n<p>La&nbsp;<strong>morenista<\/strong>&nbsp;expres\u00f3 su empat\u00eda acerca de que el Partido Dem\u00f3crata pueda tener una candidata mujer a la presidencia, para la cual se perfila la vicepresidenta<strong>&nbsp;Kamala Harris<\/strong>, pero&nbsp;<strong>Sheinbaum<\/strong>&nbsp;insisti\u00f3 en que se mantendr\u00e1 una buena relaci\u00f3n entre ambas naciones.<\/p>\n\n\n\n<p>\u201cPor supuesto que como mujeres nos da gusto que participen las mujeres, pero tendr\u00e1 que decidir el pueblo de&nbsp;<strong>Estados Unidos<\/strong>&nbsp;a qui\u00e9n elige como presidente y a nosotros llevarnos bien, y adem\u00e1s el presidente ha tenido una buena relaci\u00f3n con M\u00e9xico y va a ser presidente hasta enero del 2025, entonces nosotros vamos m\u00e1s all\u00e1 de a qui\u00e9n se elija\u201d, reiter\u00f3.<\/p>\n\n\n\n<figure class=\"wp-block-embed is-type-rich is-provider-twitter wp-block-embed-twitter\"><div class=\"wp-block-embed__wrapper\">\n<blockquote class=\"twitter-tweet\" data-width=\"550\" data-dnt=\"true\"><p lang=\"es\" dir=\"ltr\">\ud83d\udd34<a href=\"https:\/\/twitter.com\/hashtag\/EnVivo?src=hash&amp;ref_src=twsrc%5Etfw\">#EnVivo<\/a> <a href=\"https:\/\/twitter.com\/hashtag\/QPMX?src=hash&amp;ref_src=twsrc%5Etfw\">#QPMX<\/a> <a href=\"https:\/\/twitter.com\/hashtag\/QuehacerPolitico?src=hash&amp;ref_src=twsrc%5Etfw\">#QuehacerPolitico<\/a> <a href=\"https:\/\/twitter.com\/hashtag\/InquiriendoLaNoticia?src=hash&amp;ref_src=twsrc%5Etfw\">#InquiriendoLaNoticia<\/a><br>Conferencia de prensa de la presidenta electa de M\u00e9xico Dra <a href=\"https:\/\/twitter.com\/Claudiashein?ref_src=twsrc%5Etfw\">@Claudiashein<\/a> <a href=\"https:\/\/t.co\/SRo5n6r0gT\">https:\/\/t.co\/SRo5n6r0gT<\/a><\/p>&mdash; Quehacer Pol\u00edtico (@QueHacerPolitic) <a href=\"https:\/\/twitter.com\/QueHacerPolitic\/status\/1815433844625166452?ref_src=twsrc%5Etfw\">July 22, 2024<\/a><\/blockquote><script async src=\"https:\/\/platform.twitter.com\/widgets.js\" charset=\"utf-8\"><\/script>\n<\/div><\/figure>\n\n\n\n<p>Durante su conferencia desde Palacio Nacional de esta ma\u00f1ana, el presidente de M\u00e9xico,&nbsp;<strong>Andr\u00e9s Manuel L\u00f3pez Obrador<\/strong>&nbsp;recet\u00f3 a su sucesora,&nbsp;<strong>Claudia Sheinbaum<\/strong>, mantener una \u201cbuena vecindad\u201d con&nbsp;<strong>Estados Unidos<\/strong>, lejos de la \u201cconfrontaci\u00f3n\u201d.<\/p>\n\n\n\n<p>As\u00ed sali\u00f3 al paso el mandatario a la pol\u00e9mica generada por las declaraciones del candidato&nbsp;<strong>republicano<\/strong>&nbsp;a las elecciones estadounidenses,&nbsp;<strong>Donald Trump<\/strong>, quien cont\u00f3 c\u00f3mo amenaz\u00f3 con imponer&nbsp;<strong>aranceles<\/strong>&nbsp;a M\u00e9xico en 2019, y la reacci\u00f3n de la presidenta electa.<\/p>\n\n\n\n<p>\u201cLos mexicanos, con Sheinbaum, vamos a&nbsp;<strong>insistir<\/strong>en que se mantenga una pol\u00edtica de&nbsp;<strong>buena vecindad<\/strong>&nbsp;con Estados Unidos porque nos&nbsp;<strong>conviene<\/strong>&nbsp;no s\u00f3lo a los gobiernos, sino fundamentalmente a nuestros&nbsp;<strong>pueblos<\/strong>\u201d, sostuvo L\u00f3pez Obrador.<\/p>\n\n\n\n<p>As\u00ed, abog\u00f3 por la&nbsp;<strong>\u201cno confrontaci\u00f3n\u201d<\/strong>&nbsp;y por que \u201csi hubo una&nbsp;<strong>confusi\u00f3n<\/strong>\u201d por las palabras de Trump, que \u201cse&nbsp;<strong>aclare<\/strong>\u201d.<\/p>\n\n\n\n<p>En un&nbsp;<strong>mitin<\/strong>&nbsp;en Grand Rapids, Michigan,&nbsp;<strong>Trump<\/strong>record\u00f3 cuando&nbsp;<strong>amenaz\u00f3<\/strong>&nbsp;al gobierno mexicano, hace cinco a\u00f1os, con imponer&nbsp;<strong>aranceles<\/strong>&nbsp;a las mercanc\u00edas de importaci\u00f3n hasta que se resolviera el problema de la&nbsp;<strong>migraci\u00f3n<\/strong>&nbsp;y, seg\u00fan \u00e9l, en aquel momento obtuvo \u201ctodo de M\u00e9xico\u201d, entre ello que cuidara la&nbsp;<strong>frontera<\/strong>&nbsp;de la llegada de migrantes.<\/p>\n\n\n\n<p>\u201cHicimos algo muy&nbsp;<strong>duro<\/strong>&nbsp;a M\u00e9xico cuando est\u00e1bamos&nbsp;<strong>construyendo<\/strong>&nbsp;el muro (\u2026) Les dijimos \u2018nos tienen que dar 28 mil soldados para&nbsp;<strong>protegernos<\/strong>&nbsp;mientras hacemos el muro\u2019\u201d, cont\u00f3 Trump.<\/p>\n\n\n\n<p>Relat\u00f3 que \u201cel&nbsp;<strong>caballero<\/strong>&nbsp;que representa al presidente\u201d, en aquel momento, el entonces canciller mexicano y futuro titular de la Secretar\u00eda de&nbsp;<strong>Econom\u00eda<\/strong>,&nbsp;<strong>Marcelo Ebrard<\/strong>, dijo: \u201c\u2018Me gustar\u00eda discutir esto con el&nbsp;<strong>Presidente<\/strong>\u2019\u201d.<\/p>\n\n\n\n<p>Algo a lo que Trump le respondi\u00f3: \u201cTiene&nbsp;<strong>cinco minutos<\/strong>&nbsp;porque tengo que irme, tengo algo mucho m\u00e1s&nbsp;<strong>importante<\/strong>&nbsp;que hacer\u201d.<\/p>\n\n\n\n<p>Trump hablaba de la&nbsp;<strong>negociaci\u00f3n<\/strong>&nbsp;que tuvo con&nbsp;<strong>Ebrard<\/strong>&nbsp;sobre el&nbsp;<strong>muro<\/strong>&nbsp;fronterizo sin mencionarlo y dijo que el&nbsp;<strong>excanciller<\/strong>&nbsp;regres\u00f3 con la respuesta: \u201cSe\u00f1or presidente, nos encantar\u00eda darle&nbsp;<strong>soldados<\/strong>&nbsp;para proteger su muro,&nbsp;<strong>gratis<\/strong>, por supuesto\u201d.<\/p>\n\n\n\n<p>\u201cLamento el&nbsp;<strong>lenguaje soez<\/strong>&nbsp;del expresidente Trump y desde luego&nbsp;<strong>discrepo<\/strong>&nbsp;de su opini\u00f3n sobre Marcelo Ebrard. Para m\u00ed es uno de los mejores&nbsp;<strong>servidores p\u00fablicos<\/strong>&nbsp;de M\u00e9xico y ser\u00e1 un&nbsp;<strong>gran secretario<\/strong>&nbsp;de Econom\u00eda de nuestro pa\u00eds, que nadie debe olvidar, es&nbsp;<strong>libre<\/strong>&nbsp;y soberano\u201d, apunt\u00f3&nbsp;<strong>Sheinbaum<\/strong>&nbsp;en un mensaje en redes sociales.<\/p>\n\n\n\n<p>Este s\u00e1bado,&nbsp;<strong>Ebrard<\/strong>, quien formar\u00e1 parte del gobierno de Sheinbaum (2024-2030), que arranca el 1 de octubre,&nbsp;<strong>expres\u00f3<\/strong>&nbsp;en un acto en San Luis Potos\u00ed, centro del pa\u00eds, que M\u00e9xico&nbsp;<strong>negociar\u00e1<\/strong>&nbsp;\u201clo que haya que negociar y promover\u201d y lo har\u00e1 \u201cdesde una posici\u00f3n de&nbsp;<strong>fuerza<\/strong>, de fortaleza, no de debilidad, M\u00e9xico va a traer&nbsp;<strong>inversiones<\/strong>&nbsp;con un gobierno s\u00f3lido\u201d.<\/p>\n\n\n\n<p>\u201cCuando te insultan en campa\u00f1a, como acaba de hacerlo el&nbsp;<strong>expresidente<\/strong>&nbsp;Trump, siempre hay un&nbsp;<strong>prop\u00f3sito<\/strong>&nbsp;electoral: ganar adeptos.&nbsp;<strong>Nunca<\/strong>aceptar\u00e9 calificaci\u00f3n de un candidato en el exterior. No me intimida.&nbsp;<strong>Defender\u00e9<\/strong>&nbsp;los intereses de M\u00e9xico con toda dignidad y firmeza\u201d, indic\u00f3 Ebrard en sus redes.<\/p>\n\n\n\n<p>As\u00ed, L\u00f3pez Obrador&nbsp;<strong>cerr\u00f3 filas<\/strong>&nbsp;con la presidenta electa, a quien le reconoci\u00f3 \u201c<strong>autoridad<\/strong>&nbsp;moral y pol\u00edtica\u201d y una \u201cfuerza\u201d fruto de sus hist\u00f3ricos resultados en las elecciones del pasado 2 de junio (35.9 millones de votos, 59.76% del total).<\/p>\n\n\n\n<p>\u201cPor esto, estoy de acuerdo con lo que&nbsp;<strong>extern\u00f3<\/strong>&nbsp;y, desde luego, le tengo mucha&nbsp;<strong>admiraci\u00f3n<\/strong>&nbsp;como servidor p\u00fablico a&nbsp;<strong>Ebrard<\/strong>\u201d, asegur\u00f3.<\/p>\n\n\n\n<p>A pocos meses de su retiro,&nbsp;<strong>zanj\u00f3<\/strong>&nbsp;su discurso con un apoyo a las&nbsp;<strong>buenas relaciones<\/strong>&nbsp;entre Estados Unidos y M\u00e9xico.<\/p>\n\n\n\n<p>\u201cS\u00ed,\u00a0<strong>di\u00e1logo<\/strong>, s\u00ed cooperaci\u00f3n, s\u00ed acuerdo, s\u00ed\u00a0<strong>respeto<\/strong>\u00a0a nuestras soberan\u00edas\u201d, se\u00f1al\u00f3 L\u00f3pez Obrador.<\/p>\n\n\n\n<p><em>Con informaci\u00f3n de EFE<\/em><\/p>\n","protected":false},"excerpt":{"rendered":"<p>Por Redacci\u00f3n QP Claudia Sheinbaum, virtual presidenta electa, asegur\u00f3 este lunes que durante su gobierno&#8230;<\/p>\n","protected":false},"author":2,"featured_media":111468,"comment_status":"open","ping_status":"open","sticky":false,"template":"","format":"standard","meta":{"_monsterinsights_skip_tracking":false,"_monsterinsights_sitenote_active":false,"_monsterinsights_sitenote_note":"","_monsterinsights_sitenote_category":0,"footnotes":""},"categories":[2],"tags":[],"class_list":["post-111467","post","type-post","status-publish","format-standard","has-post-thumbnail","hentry","category-noticias"],"yoast_head":"<!-- This site is optimized with the Yoast SEO plugin v27.3 - https:\/\/yoast.com\/product\/yoast-seo-wordpress\/ -->\n<title>\u201cComo mujeres nos da gusto que participen las mujeres&quot; en la contienda electoral de Estados Unidos, opin\u00f3 Claudia Sheinbaum sobre la posibilidad de que Kamala Harris pueda ser la candidata del Partido Dem\u00f3crata -<\/title>\n<meta name=\"robots\" content=\"index, follow, max-snippet:-1, max-image-preview:large, max-video-preview:-1\" \/>\n<link rel=\"canonical\" href=\"https:\/\/quehacerpolitico.mx\/?p=111467\" \/>\n<meta property=\"og:locale\" content=\"es_MX\" \/>\n<meta property=\"og:type\" content=\"article\" \/>\n<meta property=\"og:title\" content=\"\u201cComo mujeres nos da gusto que participen las mujeres&quot; en la contienda electoral de Estados Unidos, opin\u00f3 Claudia Sheinbaum sobre la posibilidad de que Kamala Harris pueda ser la candidata del Partido Dem\u00f3crata -\" \/>\n<meta property=\"og:description\" content=\"Por Redacci\u00f3n QP Claudia Sheinbaum, virtual presidenta electa, asegur\u00f3 este lunes que durante su gobierno...\" \/>\n<meta property=\"og:url\" content=\"https:\/\/quehacerpolitico.mx\/?p=111467\" \/>\n<meta property=\"article:published_time\" content=\"2024-07-22T19:42:46+00:00\" \/>\n<meta property=\"article:modified_time\" content=\"2024-07-22T19:42:48+00:00\" \/>\n<meta property=\"og:image\" content=\"https:\/\/quehacerpolitico.mx\/wp-content\/uploads\/2024\/07\/IMG_6836.jpeg\" \/>\n\t<meta property=\"og:image:width\" content=\"1284\" \/>\n\t<meta property=\"og:image:height\" content=\"711\" \/>\n\t<meta property=\"og:image:type\" content=\"image\/jpeg\" \/>\n<meta name=\"author\" content=\"Redacci\u00f3n QP\" \/>\n<meta name=\"twitter:card\" content=\"summary_large_image\" \/>\n<meta name=\"twitter:label1\" content=\"Escrito por\" \/>\n\t<meta name=\"twitter:data1\" content=\"Redacci\u00f3n QP\" \/>\n\t<meta name=\"twitter:label2\" content=\"Tiempo de lectura\" \/>\n\t<meta name=\"twitter:data2\" content=\"5 minutos\" \/>\n<script type=\"application\/ld+json\" class=\"yoast-schema-graph\">{\"@context\":\"https:\\\/\\\/schema.org\",\"@graph\":[{\"@type\":\"Article\",\"@id\":\"https:\\\/\\\/quehacerpolitico.mx\\\/?p=111467#article\",\"isPartOf\":{\"@id\":\"https:\\\/\\\/quehacerpolitico.mx\\\/?p=111467\"},\"author\":{\"name\":\"Redacci\u00f3n QP\",\"@id\":\"https:\\\/\\\/quehacerpolitico.mx\\\/#\\\/schema\\\/person\\\/496d8ad2d1d3f8036101dca7ee39e585\"},\"headline\":\"\u201cComo mujeres nos da gusto que participen las mujeres&#8221; en la contienda electoral de Estados Unidos, opin\u00f3 Claudia Sheinbaum sobre la posibilidad de que Kamala Harris pueda ser la candidata del Partido Dem\u00f3crata\",\"datePublished\":\"2024-07-22T19:42:46+00:00\",\"dateModified\":\"2024-07-22T19:42:48+00:00\",\"mainEntityOfPage\":{\"@id\":\"https:\\\/\\\/quehacerpolitico.mx\\\/?p=111467\"},\"wordCount\":1016,\"commentCount\":0,\"image\":{\"@id\":\"https:\\\/\\\/quehacerpolitico.mx\\\/?p=111467#primaryimage\"},\"thumbnailUrl\":\"https:\\\/\\\/quehacerpolitico.mx\\\/wp-content\\\/uploads\\\/2024\\\/07\\\/IMG_6836.jpeg\",\"articleSection\":[\"Noticias\"],\"inLanguage\":\"es\",\"potentialAction\":[{\"@type\":\"CommentAction\",\"name\":\"Comment\",\"target\":[\"https:\\\/\\\/quehacerpolitico.mx\\\/?p=111467#respond\"]}]},{\"@type\":\"WebPage\",\"@id\":\"https:\\\/\\\/quehacerpolitico.mx\\\/?p=111467\",\"url\":\"https:\\\/\\\/quehacerpolitico.mx\\\/?p=111467\",\"name\":\"\u201cComo mujeres nos da gusto que participen las mujeres\\\" en la contienda electoral de Estados Unidos, opin\u00f3 Claudia Sheinbaum sobre la posibilidad de que Kamala Harris pueda ser la candidata del Partido Dem\u00f3crata -\",\"isPartOf\":{\"@id\":\"https:\\\/\\\/quehacerpolitico.mx\\\/#website\"},\"primaryImageOfPage\":{\"@id\":\"https:\\\/\\\/quehacerpolitico.mx\\\/?p=111467#primaryimage\"},\"image\":{\"@id\":\"https:\\\/\\\/quehacerpolitico.mx\\\/?p=111467#primaryimage\"},\"thumbnailUrl\":\"https:\\\/\\\/quehacerpolitico.mx\\\/wp-content\\\/uploads\\\/2024\\\/07\\\/IMG_6836.jpeg\",\"datePublished\":\"2024-07-22T19:42:46+00:00\",\"dateModified\":\"2024-07-22T19:42:48+00:00\",\"author\":{\"@id\":\"https:\\\/\\\/quehacerpolitico.mx\\\/#\\\/schema\\\/person\\\/496d8ad2d1d3f8036101dca7ee39e585\"},\"breadcrumb\":{\"@id\":\"https:\\\/\\\/quehacerpolitico.mx\\\/?p=111467#breadcrumb\"},\"inLanguage\":\"es\",\"potentialAction\":[{\"@type\":\"ReadAction\",\"target\":[\"https:\\\/\\\/quehacerpolitico.mx\\\/?p=111467\"]}]},{\"@type\":\"ImageObject\",\"inLanguage\":\"es\",\"@id\":\"https:\\\/\\\/quehacerpolitico.mx\\\/?p=111467#primaryimage\",\"url\":\"https:\\\/\\\/quehacerpolitico.mx\\\/wp-content\\\/uploads\\\/2024\\\/07\\\/IMG_6836.jpeg\",\"contentUrl\":\"https:\\\/\\\/quehacerpolitico.mx\\\/wp-content\\\/uploads\\\/2024\\\/07\\\/IMG_6836.jpeg\",\"width\":1284,\"height\":711,\"caption\":\"Screenshot\"},{\"@type\":\"BreadcrumbList\",\"@id\":\"https:\\\/\\\/quehacerpolitico.mx\\\/?p=111467#breadcrumb\",\"itemListElement\":[{\"@type\":\"ListItem\",\"position\":1,\"name\":\"Inicio\",\"item\":\"https:\\\/\\\/quehacerpolitico.mx\\\/\"},{\"@type\":\"ListItem\",\"position\":2,\"name\":\"\u201cComo mujeres nos da gusto que participen las mujeres&#8221; en la contienda electoral de Estados Unidos, opin\u00f3 Claudia Sheinbaum sobre la posibilidad de que Kamala Harris pueda ser la candidata del Partido Dem\u00f3crata\"}]},{\"@type\":\"WebSite\",\"@id\":\"https:\\\/\\\/quehacerpolitico.mx\\\/#website\",\"url\":\"https:\\\/\\\/quehacerpolitico.mx\\\/\",\"name\":\"\",\"description\":\"\",\"potentialAction\":[{\"@type\":\"SearchAction\",\"target\":{\"@type\":\"EntryPoint\",\"urlTemplate\":\"https:\\\/\\\/quehacerpolitico.mx\\\/?s={search_term_string}\"},\"query-input\":{\"@type\":\"PropertyValueSpecification\",\"valueRequired\":true,\"valueName\":\"search_term_string\"}}],\"inLanguage\":\"es\"},{\"@type\":\"Person\",\"@id\":\"https:\\\/\\\/quehacerpolitico.mx\\\/#\\\/schema\\\/person\\\/496d8ad2d1d3f8036101dca7ee39e585\",\"name\":\"Redacci\u00f3n QP\",\"image\":{\"@type\":\"ImageObject\",\"inLanguage\":\"es\",\"@id\":\"https:\\\/\\\/secure.gravatar.com\\\/avatar\\\/c7164ed6fdec453195284ad24a5ae5b6e1eed2b848477fa2a4787ba9adf39a41?s=96&d=mm&r=g\",\"url\":\"https:\\\/\\\/secure.gravatar.com\\\/avatar\\\/c7164ed6fdec453195284ad24a5ae5b6e1eed2b848477fa2a4787ba9adf39a41?s=96&d=mm&r=g\",\"contentUrl\":\"https:\\\/\\\/secure.gravatar.com\\\/avatar\\\/c7164ed6fdec453195284ad24a5ae5b6e1eed2b848477fa2a4787ba9adf39a41?s=96&d=mm&r=g\",\"caption\":\"Redacci\u00f3n QP\"},\"url\":\"https:\\\/\\\/quehacerpolitico.mx\\\/?author=2\"}]}<\/script>\n<!-- \/ Yoast SEO plugin. -->","yoast_head_json":{"title":"\u201cComo mujeres nos da gusto que participen las mujeres\" en la contienda electoral de Estados Unidos, opin\u00f3 Claudia Sheinbaum sobre la posibilidad de que Kamala Harris pueda ser la candidata del Partido Dem\u00f3crata -","robots":{"index":"index","follow":"follow","max-snippet":"max-snippet:-1","max-image-preview":"max-image-preview:large","max-video-preview":"max-video-preview:-1"},"canonical":"https:\/\/quehacerpolitico.mx\/?p=111467","og_locale":"es_MX","og_type":"article","og_title":"\u201cComo mujeres nos da gusto que participen las mujeres\" en la contienda electoral de Estados Unidos, opin\u00f3 Claudia Sheinbaum sobre la posibilidad de que Kamala Harris pueda ser la candidata del Partido Dem\u00f3crata -","og_description":"Por Redacci\u00f3n QP Claudia Sheinbaum, virtual presidenta electa, asegur\u00f3 este lunes que durante su gobierno...","og_url":"https:\/\/quehacerpolitico.mx\/?p=111467","article_published_time":"2024-07-22T19:42:46+00:00","article_modified_time":"2024-07-22T19:42:48+00:00","og_image":[{"width":1284,"height":711,"url":"https:\/\/quehacerpolitico.mx\/wp-content\/uploads\/2024\/07\/IMG_6836.jpeg","type":"image\/jpeg"}],"author":"Redacci\u00f3n QP","twitter_card":"summary_large_image","twitter_misc":{"Escrito por":"Redacci\u00f3n QP","Tiempo de lectura":"5 minutos"},"schema":{"@context":"https:\/\/schema.org","@graph":[{"@type":"Article","@id":"https:\/\/quehacerpolitico.mx\/?p=111467#article","isPartOf":{"@id":"https:\/\/quehacerpolitico.mx\/?p=111467"},"author":{"name":"Redacci\u00f3n QP","@id":"https:\/\/quehacerpolitico.mx\/#\/schema\/person\/496d8ad2d1d3f8036101dca7ee39e585"},"headline":"\u201cComo mujeres nos da gusto que participen las mujeres&#8221; en la contienda electoral de Estados Unidos, opin\u00f3 Claudia Sheinbaum sobre la posibilidad de que Kamala Harris pueda ser la candidata del Partido Dem\u00f3crata","datePublished":"2024-07-22T19:42:46+00:00","dateModified":"2024-07-22T19:42:48+00:00","mainEntityOfPage":{"@id":"https:\/\/quehacerpolitico.mx\/?p=111467"},"wordCount":1016,"commentCount":0,"image":{"@id":"https:\/\/quehacerpolitico.mx\/?p=111467#primaryimage"},"thumbnailUrl":"https:\/\/quehacerpolitico.mx\/wp-content\/uploads\/2024\/07\/IMG_6836.jpeg","articleSection":["Noticias"],"inLanguage":"es","potentialAction":[{"@type":"CommentAction","name":"Comment","target":["https:\/\/quehacerpolitico.mx\/?p=111467#respond"]}]},{"@type":"WebPage","@id":"https:\/\/quehacerpolitico.mx\/?p=111467","url":"https:\/\/quehacerpolitico.mx\/?p=111467","name":"\u201cComo mujeres nos da gusto que participen las mujeres\" en la contienda electoral de Estados Unidos, opin\u00f3 Claudia Sheinbaum sobre la posibilidad de que Kamala Harris pueda ser la candidata del Partido Dem\u00f3crata -","isPartOf":{"@id":"https:\/\/quehacerpolitico.mx\/#website"},"primaryImageOfPage":{"@id":"https:\/\/quehacerpolitico.mx\/?p=111467#primaryimage"},"image":{"@id":"https:\/\/quehacerpolitico.mx\/?p=111467#primaryimage"},"thumbnailUrl":"https:\/\/quehacerpolitico.mx\/wp-content\/uploads\/2024\/07\/IMG_6836.jpeg","datePublished":"2024-07-22T19:42:46+00:00","dateModified":"2024-07-22T19:42:48+00:00","author":{"@id":"https:\/\/quehacerpolitico.mx\/#\/schema\/person\/496d8ad2d1d3f8036101dca7ee39e585"},"breadcrumb":{"@id":"https:\/\/quehacerpolitico.mx\/?p=111467#breadcrumb"},"inLanguage":"es","potentialAction":[{"@type":"ReadAction","target":["https:\/\/quehacerpolitico.mx\/?p=111467"]}]},{"@type":"ImageObject","inLanguage":"es","@id":"https:\/\/quehacerpolitico.mx\/?p=111467#primaryimage","url":"https:\/\/quehacerpolitico.mx\/wp-content\/uploads\/2024\/07\/IMG_6836.jpeg","contentUrl":"https:\/\/quehacerpolitico.mx\/wp-content\/uploads\/2024\/07\/IMG_6836.jpeg","width":1284,"height":711,"caption":"Screenshot"},{"@type":"BreadcrumbList","@id":"https:\/\/quehacerpolitico.mx\/?p=111467#breadcrumb","itemListElement":[{"@type":"ListItem","position":1,"name":"Inicio","item":"https:\/\/quehacerpolitico.mx\/"},{"@type":"ListItem","position":2,"name":"\u201cComo mujeres nos da gusto que participen las mujeres&#8221; en la contienda electoral de Estados Unidos, opin\u00f3 Claudia Sheinbaum sobre la posibilidad de que Kamala Harris pueda ser la candidata del Partido Dem\u00f3crata"}]},{"@type":"WebSite","@id":"https:\/\/quehacerpolitico.mx\/#website","url":"https:\/\/quehacerpolitico.mx\/","name":"","description":"","potentialAction":[{"@type":"SearchAction","target":{"@type":"EntryPoint","urlTemplate":"https:\/\/quehacerpolitico.mx\/?s={search_term_string}"},"query-input":{"@type":"PropertyValueSpecification","valueRequired":true,"valueName":"search_term_string"}}],"inLanguage":"es"},{"@type":"Person","@id":"https:\/\/quehacerpolitico.mx\/#\/schema\/person\/496d8ad2d1d3f8036101dca7ee39e585","name":"Redacci\u00f3n QP","image":{"@type":"ImageObject","inLanguage":"es","@id":"https:\/\/secure.gravatar.com\/avatar\/c7164ed6fdec453195284ad24a5ae5b6e1eed2b848477fa2a4787ba9adf39a41?s=96&d=mm&r=g","url":"https:\/\/secure.gravatar.com\/avatar\/c7164ed6fdec453195284ad24a5ae5b6e1eed2b848477fa2a4787ba9adf39a41?s=96&d=mm&r=g","contentUrl":"https:\/\/secure.gravatar.com\/avatar\/c7164ed6fdec453195284ad24a5ae5b6e1eed2b848477fa2a4787ba9adf39a41?s=96&d=mm&r=g","caption":"Redacci\u00f3n QP"},"url":"https:\/\/quehacerpolitico.mx\/?author=2"}]}},"featured_image_urls":{"full":["https:\/\/quehacerpolitico.mx\/wp-content\/uploads\/2024\/07\/IMG_6836.jpeg",1284,711,false],"thumbnail":["https:\/\/quehacerpolitico.mx\/wp-content\/uploads\/2024\/07\/IMG_6836-150x150.jpeg",150,150,true],"medium":["https:\/\/quehacerpolitico.mx\/wp-content\/uploads\/2024\/07\/IMG_6836-300x166.jpeg",300,166,true],"medium_large":["https:\/\/quehacerpolitico.mx\/wp-content\/uploads\/2024\/07\/IMG_6836-768x425.jpeg",640,354,true],"large":["https:\/\/quehacerpolitico.mx\/wp-content\/uploads\/2024\/07\/IMG_6836-1024x567.jpeg",640,354,true],"1536x1536":["https:\/\/quehacerpolitico.mx\/wp-content\/uploads\/2024\/07\/IMG_6836.jpeg",1284,711,false],"2048x2048":["https:\/\/quehacerpolitico.mx\/wp-content\/uploads\/2024\/07\/IMG_6836.jpeg",1284,711,false],"covernews-featured":["https:\/\/quehacerpolitico.mx\/wp-content\/uploads\/2024\/07\/IMG_6836.jpeg",1024,567,false],"covernews-medium":["https:\/\/quehacerpolitico.mx\/wp-content\/uploads\/2024\/07\/IMG_6836.jpeg",540,299,false]},"author_info":{"display_name":"Redacci\u00f3n QP","author_link":"https:\/\/quehacerpolitico.mx\/?author=2"},"category_info":"<a href=\"https:\/\/quehacerpolitico.mx\/?cat=2\" rel=\"category\">Noticias<\/a>","tag_info":"Noticias","comment_count":"0","_links":{"self":[{"href":"https:\/\/quehacerpolitico.mx\/index.php?rest_route=\/wp\/v2\/posts\/111467","targetHints":{"allow":["GET"]}}],"collection":[{"href":"https:\/\/quehacerpolitico.mx\/index.php?rest_route=\/wp\/v2\/posts"}],"about":[{"href":"https:\/\/quehacerpolitico.mx\/index.php?rest_route=\/wp\/v2\/types\/post"}],"author":[{"embeddable":true,"href":"https:\/\/quehacerpolitico.mx\/index.php?rest_route=\/wp\/v2\/users\/2"}],"replies":[{"embeddable":true,"href":"https:\/\/quehacerpolitico.mx\/index.php?rest_route=%2Fwp%2Fv2%2Fcomments&post=111467"}],"version-history":[{"count":1,"href":"https:\/\/quehacerpolitico.mx\/index.php?rest_route=\/wp\/v2\/posts\/111467\/revisions"}],"predecessor-version":[{"id":111469,"href":"https:\/\/quehacerpolitico.mx\/index.php?rest_route=\/wp\/v2\/posts\/111467\/revisions\/111469"}],"wp:featuredmedia":[{"embeddable":true,"href":"https:\/\/quehacerpolitico.mx\/index.php?rest_route=\/wp\/v2\/media\/111468"}],"wp:attachment":[{"href":"https:\/\/quehacerpolitico.mx\/index.php?rest_route=%2Fwp%2Fv2%2Fmedia&parent=111467"}],"wp:term":[{"taxonomy":"category","embeddable":true,"href":"https:\/\/quehacerpolitico.mx\/index.php?rest_route=%2Fwp%2Fv2%2Fcategories&post=111467"},{"taxonomy":"post_tag","embeddable":true,"href":"https:\/\/quehacerpolitico.mx\/index.php?rest_route=%2Fwp%2Fv2%2Ftags&post=111467"}],"curies":[{"name":"wp","href":"https:\/\/api.w.org\/{rel}","templated":true}]}}