{"id":11146,"date":"2018-12-07T04:03:16","date_gmt":"2018-12-07T04:03:16","guid":{"rendered":"http:\/\/quehacerpolitico.mx\/la-familia-que-visito-los-pinos-el-dia-1-narra-de-lujo-grande-y-nosotros-aqui-revolcados\/"},"modified":"2018-12-07T04:03:16","modified_gmt":"2018-12-07T04:03:16","slug":"la-familia-que-visito-los-pinos-el-dia-1-narra-de-lujo-grande-y-nosotros-aqui-revolcados","status":"publish","type":"post","link":"https:\/\/quehacerpolitico.mx\/?p=11146","title":{"rendered":"La familia que visit\u00f3 Los Pinos el d\u00eda 1 narra: \u201cDe lujo, grande. Y nosotros aqu\u00ed, revolcados\u201d"},"content":{"rendered":"<h1>La familia que visit\u00f3 Los Pinos el d\u00eda 1 narra: \u201cDe lujo, grande. Y nosotros aqu\u00ed, revolcados\u201d<\/h1>\n<p>Por Redacci\u00f3n QP<\/p>\n<p>De la colonia M\u00e1rtires de Cuilapa, la primera <strong>familia acapulque\u00f1a<\/strong>que visit\u00f3 <strong>Los Pinos.\u00a0<\/strong>Con 11 integrantes, los Reyes Camacho se dijeron sorprendidos con lo enorme del inmueble.\u00a0<strong>\u201cNosotros a luchas andamos aqu\u00ed todos revolcados\u201d<\/strong>, se\u00f1alaron desde su modesta vivienda en el puerto de Guerrero.<\/p>\n<p>Una casa de concreto, pero sin puertas ni ventanas, donde el ingreso viene del trabajo de uno o dos d\u00edas en la construcci\u00f3n, es como vive la <strong>familia Reyes Camacho<\/strong>, una de las primeras que visit\u00f3 la ex residencia oficial de Los Pinos.<\/p>\n<blockquote>\n<p>\u201cTen\u00eda buen dinerito y nosotros a luchas andamos aqu\u00ed todos revolcados\u201d, fue la impresi\u00f3n de do\u00f1a Florentina Camacho despu\u00e9s de la visita a Los Pinos, antes de ir al Z\u00f3calo para ser testigo de la ceremonia de entrega de bast\u00f3n de mando y el discurso del presidente de la Rep\u00fablica, <strong>Andr\u00e9s Manuel L\u00f3pez Obrador<\/strong>.<\/p>\n<\/blockquote>\n<div id=\"attachment_3507336\" class=\"wp-caption alignnone\"><img loading=\"lazy\" decoding=\"async\" class=\"size-full wp-image-3507336\" src=\"https:\/\/www.sinembargo.mx\/wp-content\/uploads\/2018\/12\/familiaguerrero-2.jpg\" sizes=\"auto, (max-width: 700px) 100vw, 700px\" srcset=\"https:\/\/www.sinembargo.mx\/wp-content\/uploads\/2018\/12\/familiaguerrero-2.jpg 700w, https:\/\/www.sinembargo.mx\/wp-content\/uploads\/2018\/12\/familiaguerrero-2-300x158.jpg 300w\" alt=\"\" width=\"700\" height=\"369\" \/><\/p>\n<p class=\"wp-caption-text\">La fotograf\u00eda que le tomaron a la familia Reyes Camacho que le dio la vuelta al pa\u00eds. Foto: Jos\u00e9 Ignacio De Alba, @ignaciodealba, de Pie de P\u00e1gina<\/p>\n<\/div>\n<p>Tanto los j\u00f3venes como los adultos mayores esperan que con la llegada del nuevo gobierno federal haya trabajo y apoyo para que puedan vivir mejor y, como lo han escuchado, se acabe la corrupci\u00f3n.<\/p>\n<blockquote>\n<p>La visita de los Reyes Camacho fue tendencia en las redes sociales y llam\u00f3 la atenci\u00f3n asimismo de medios nacionales. \u00c1ngel, de 11 a\u00f1os, el nieto mayor de los tres que viajaron con Florentina, aparece en las im\u00e1genes difundidas sin zapatos porque se le rompieron; \u201cse los sacamos y tiramos al tambo de la basura\u201d, explic\u00f3 Florentina un poco apenada por lo sucedido.<\/p>\n<\/blockquote>\n<p>La casa es de tres niveles, un espacio que han ido haciendo \u201cpedacito a pedacito\u201d.<\/p>\n<p>Don Eulogio Reyes, quien es alba\u00f1il, ense\u00f1\u00f3 el oficio a sus hijos. \u00c9l comenz\u00f3 a construir la casa desde los 20 a\u00f1os, pensando en que cada uno de sus ocho hijos tuviera un espacio y ahora s\u00f3lo vive uno de ellos, los dem\u00e1s se han casado y mudado.<\/p>\n<div id=\"attachment_3507338\" class=\"wp-caption alignnone\"><img loading=\"lazy\" decoding=\"async\" class=\"size-full wp-image-3507338\" src=\"https:\/\/www.sinembargo.mx\/wp-content\/uploads\/2018\/12\/familiaguerrero-3.jpg\" sizes=\"auto, (max-width: 700px) 100vw, 700px\" srcset=\"https:\/\/www.sinembargo.mx\/wp-content\/uploads\/2018\/12\/familiaguerrero-3.jpg 700w, https:\/\/www.sinembargo.mx\/wp-content\/uploads\/2018\/12\/familiaguerrero-3-300x225.jpg 300w\" alt=\"\" width=\"700\" height=\"525\" \/><\/p>\n<p class=\"wp-caption-text\">\u00c1ngel, de 11 a\u00f1os, caminaba por Los Pinos sin zapatos porque los que llevaba se le hab\u00edan roto. Foto: Daniela Barrag\u00e1n, SinEmbargo<\/p>\n<\/div>\n<p>Encontramos a Florentina lavando el piso de cemento del primer nivel de la vivienda, en un intento de borrar las manchas de pintura fresca que su hijo Alejandro dej\u00f3 caer mientras pintaba las paredes de las habitaciones, en un espacio que est\u00e1n preparando para rezarle a la virgen de Guadalupe, el pr\u00f3ximo 12 de diciembre.<\/p>\n<p>A la familia Reyes Camacho le lleg\u00f3 la invitaci\u00f3n del Diputado local de Morena, Marco Antonio Cabada para ir a la toma de protesta del Presidente de la Rep\u00fablica, Andr\u00e9s Manuel L\u00f3pez Obrador, y no lo dudaron. Se anotaron 11 de ellos para ir a la Ciudad de M\u00e9xico: ocho adultos y tres ni\u00f1os.<\/p>\n<p>En otras ocasiones han ido tambi\u00e9n a m\u00edtines al Z\u00f3calo, y s\u00f3lo uno de los 11 a peregrinaciones.<\/p>\n<p>El autob\u00fas en el que se trasladaron los esper\u00f3 en la terminal de Las Cruces. Ellos salieron de su casa, en la calle Benito Ju\u00e1rez de la colonia M\u00e1rtires de Cuilapa, ubicada cerca de La Sabana, a las 11 de la noche. Llegaron directamente a formarse para entrar a la ex residencia oficial de Los Pinos a las 6 de la ma\u00f1ana. Iban ocho adultos y tres ni\u00f1os, nietos de Florentina, quien para que no tuvieran fr\u00edo, porque les dijeron que estaba nevando, llev\u00f3 colchas y cobertores.<\/p>\n<blockquote>\n<p>La familia fue de las primeras en entrar a la residencia que era utilizada como casa de los presidentes; \u201cestaba de lujo, grande, no tiene nada, unos muebles y unas sillas\u201d, extern\u00f3 Florentina.<\/p>\n<p>\u201cNo vimos nada, yo creo que se lo llevaron, yo creo\u201d, coment\u00f3 Mireya Marqu\u00e9s Narciso, de 30 a\u00f1os, esposa de Alejandro.<\/p>\n<\/blockquote>\n<p>Se r\u00eden los cuatro integrantes de la familia Reyes Camacho que conocieron Los Pinos al recordar que los llevaron caminando de habitaci\u00f3n en habitaci\u00f3n, y los polic\u00edas les dec\u00edan que no tocaran nada.<\/p>\n<div id=\"attachment_3507341\" class=\"wp-caption alignnone\"><img loading=\"lazy\" decoding=\"async\" class=\"size-full wp-image-3507341\" src=\"https:\/\/www.sinembargo.mx\/wp-content\/uploads\/2018\/12\/familiaguerrero2.jpg\" sizes=\"auto, (max-width: 700px) 100vw, 700px\" srcset=\"https:\/\/www.sinembargo.mx\/wp-content\/uploads\/2018\/12\/familiaguerrero2.jpg 700w, https:\/\/www.sinembargo.mx\/wp-content\/uploads\/2018\/12\/familiaguerrero2-300x200.jpg 300w\" alt=\"\" width=\"700\" height=\"466\" \/><\/p>\n<p class=\"wp-caption-text\">La familia ha comenzado a hacer reparaciones en su hogar para recibir a la virgen el 12 de diciembre. Foto: Jes\u00fas Trigo, El Sur<\/p>\n<\/div>\n<p>Quedaron impresionados con el tama\u00f1o de la vivienda porque es \u201cgrand\u00edsima, con muchos lujos\u201d, pero tambi\u00e9n de que casi no tiene muebles, que son pocas las cosas que tienen en su interior.<\/p>\n<blockquote>\n<p>Aunque si les hubieran regalado algo de lo que vieron, Mireya dijo que escoger\u00eda la sala. Florentina dice que no se hubiera tra\u00eddo nada.<\/p>\n<p>Para Florentina la sorpresa es la diferencia de c\u00f3mo viv\u00edan los presidentes a comparaci\u00f3n de c\u00f3mo viven ella y su familia, entrelaza las manos y sonr\u00ede: \u201cten\u00eda buen dinerito y nosotros a luchas andamos aqu\u00ed todos revolcados\u201d.<\/p>\n<\/blockquote>\n<p>Como su esposo e hijos son alba\u00f1iles hicieron reparaciones a la casa, as\u00ed que todav\u00eda hay escombro de una pared que tiraron para abrir una puerta. En otro cuarto, que es donde deber\u00eda de estar el ba\u00f1o, hay arena y material de construcci\u00f3n.<\/p>\n<p>Todos los adultos de la familia Reyes Camacho votaron por Andr\u00e9s Manuel L\u00f3pez Obrador para Presidente de la Rep\u00fablica, y esperan que con el nuevo Gobierno federal haya apoyo, un cambio y trabajo.<\/p>\n<blockquote>\n<p>\u201cQue haya trabajo, que vaya muy bien, que no haya corrupci\u00f3n y s\u00ed mucho trabajo\u201d, extern\u00f3 Alejandro Reyes, quien tuvo su \u00faltimo trabajo formal hace un a\u00f1o, en el \u00e1rea de limpieza del Hospital General que estaba en la avenida Ruiz Cortines.<\/p>\n<p>Su esposa Mireya tambi\u00e9n espera que haya trabajo. Ella estuvo tambi\u00e9n en limpieza y actualmente viven de lo que Alejandro gana cuando se va de alba\u00f1il, oficio que le ense\u00f1\u00f3 su padre Eulogio Reyes Flores, de 70 a\u00f1os.<\/p>\n<p>Florentina record\u00f3 que sus vecinos se burlaron de ellos porque al regresar comenzaron las mejoras de la casa, por lo que les dijeron que seguramente les dieron dinero por ir a la toma de protesta de L\u00f3pez Obrador, \u201cpero no fue as\u00ed\u201d.<\/p>\n<p>Ellos fueron, indic\u00f3, aunque no les dieron nada, porque conf\u00edan en que si alg\u00fan d\u00eda necesitan va a estar quien los invit\u00f3 y a quienes han apoyado para ayudarlos.<\/p>\n<p>La familia regres\u00f3 de la Ciudad de M\u00e9xico a las 3:00 de la madrugada del domingo y el taxi que los llev\u00f3 de Las Cruces a La Sabana les cobr\u00f3 100 pesos. Tuvieron que caminar de la carretera a su casa debido a que el taxista les dijo que no pod\u00eda subir por miedo a que lo asaltaran.<\/p>\n<\/blockquote>\n","protected":false},"excerpt":{"rendered":"<p>La familia que visit\u00f3 Los Pinos el d\u00eda 1 narra: \u201cDe lujo, grande. Y nosotros aqu\u00ed, revolcados\u201d<br \/>\nPor Redacci\u00f3n QP<\/p>\n","protected":false},"author":2,"featured_media":11145,"comment_status":"open","ping_status":"open","sticky":false,"template":"","format":"standard","meta":{"_monsterinsights_skip_tracking":false,"_monsterinsights_sitenote_active":false,"_monsterinsights_sitenote_note":"","_monsterinsights_sitenote_category":0,"footnotes":""},"categories":[2],"tags":[],"class_list":["post-11146","post","type-post","status-publish","format-standard","has-post-thumbnail","hentry","category-noticias"],"yoast_head":"<!-- This site is optimized with the Yoast SEO plugin v27.3 - https:\/\/yoast.com\/product\/yoast-seo-wordpress\/ -->\n<title>La familia que visit\u00f3 Los Pinos el d\u00eda 1 narra: \u201cDe lujo, grande. Y nosotros aqu\u00ed, revolcados\u201d -<\/title>\n<meta name=\"robots\" content=\"index, follow, max-snippet:-1, max-image-preview:large, max-video-preview:-1\" \/>\n<link rel=\"canonical\" href=\"https:\/\/quehacerpolitico.mx\/?p=11146\" \/>\n<meta property=\"og:locale\" content=\"es_MX\" \/>\n<meta property=\"og:type\" content=\"article\" \/>\n<meta property=\"og:title\" content=\"La familia que visit\u00f3 Los Pinos el d\u00eda 1 narra: \u201cDe lujo, grande. Y nosotros aqu\u00ed, revolcados\u201d -\" \/>\n<meta property=\"og:description\" content=\"La familia que visit\u00f3 Los Pinos el d\u00eda 1 narra: \u201cDe lujo, grande. Y nosotros aqu\u00ed, revolcados\u201d Por Redacci\u00f3n QP\" \/>\n<meta property=\"og:url\" content=\"https:\/\/quehacerpolitico.mx\/?p=11146\" \/>\n<meta property=\"article:published_time\" content=\"2018-12-07T04:03:16+00:00\" \/>\n<meta name=\"author\" content=\"Redacci\u00f3n QP\" \/>\n<meta name=\"twitter:card\" content=\"summary_large_image\" \/>\n<meta name=\"twitter:label1\" content=\"Escrito por\" \/>\n\t<meta name=\"twitter:data1\" content=\"Redacci\u00f3n QP\" \/>\n\t<meta name=\"twitter:label2\" content=\"Tiempo de lectura\" \/>\n\t<meta name=\"twitter:data2\" content=\"6 minutos\" \/>\n<script type=\"application\/ld+json\" class=\"yoast-schema-graph\">{\"@context\":\"https:\\\/\\\/schema.org\",\"@graph\":[{\"@type\":\"Article\",\"@id\":\"https:\\\/\\\/quehacerpolitico.mx\\\/?p=11146#article\",\"isPartOf\":{\"@id\":\"https:\\\/\\\/quehacerpolitico.mx\\\/?p=11146\"},\"author\":{\"name\":\"Redacci\u00f3n QP\",\"@id\":\"https:\\\/\\\/quehacerpolitico.mx\\\/#\\\/schema\\\/person\\\/496d8ad2d1d3f8036101dca7ee39e585\"},\"headline\":\"La familia que visit\u00f3 Los Pinos el d\u00eda 1 narra: \u201cDe lujo, grande. Y nosotros aqu\u00ed, revolcados\u201d\",\"datePublished\":\"2018-12-07T04:03:16+00:00\",\"mainEntityOfPage\":{\"@id\":\"https:\\\/\\\/quehacerpolitico.mx\\\/?p=11146\"},\"wordCount\":1163,\"commentCount\":0,\"image\":{\"@id\":\"https:\\\/\\\/quehacerpolitico.mx\\\/?p=11146#primaryimage\"},\"thumbnailUrl\":\"\",\"articleSection\":[\"Noticias\"],\"inLanguage\":\"es\",\"potentialAction\":[{\"@type\":\"CommentAction\",\"name\":\"Comment\",\"target\":[\"https:\\\/\\\/quehacerpolitico.mx\\\/?p=11146#respond\"]}]},{\"@type\":\"WebPage\",\"@id\":\"https:\\\/\\\/quehacerpolitico.mx\\\/?p=11146\",\"url\":\"https:\\\/\\\/quehacerpolitico.mx\\\/?p=11146\",\"name\":\"La familia que visit\u00f3 Los Pinos el d\u00eda 1 narra: \u201cDe lujo, grande. Y nosotros aqu\u00ed, revolcados\u201d -\",\"isPartOf\":{\"@id\":\"https:\\\/\\\/quehacerpolitico.mx\\\/#website\"},\"primaryImageOfPage\":{\"@id\":\"https:\\\/\\\/quehacerpolitico.mx\\\/?p=11146#primaryimage\"},\"image\":{\"@id\":\"https:\\\/\\\/quehacerpolitico.mx\\\/?p=11146#primaryimage\"},\"thumbnailUrl\":\"\",\"datePublished\":\"2018-12-07T04:03:16+00:00\",\"author\":{\"@id\":\"https:\\\/\\\/quehacerpolitico.mx\\\/#\\\/schema\\\/person\\\/496d8ad2d1d3f8036101dca7ee39e585\"},\"breadcrumb\":{\"@id\":\"https:\\\/\\\/quehacerpolitico.mx\\\/?p=11146#breadcrumb\"},\"inLanguage\":\"es\",\"potentialAction\":[{\"@type\":\"ReadAction\",\"target\":[\"https:\\\/\\\/quehacerpolitico.mx\\\/?p=11146\"]}]},{\"@type\":\"ImageObject\",\"inLanguage\":\"es\",\"@id\":\"https:\\\/\\\/quehacerpolitico.mx\\\/?p=11146#primaryimage\",\"url\":\"\",\"contentUrl\":\"\"},{\"@type\":\"BreadcrumbList\",\"@id\":\"https:\\\/\\\/quehacerpolitico.mx\\\/?p=11146#breadcrumb\",\"itemListElement\":[{\"@type\":\"ListItem\",\"position\":1,\"name\":\"Inicio\",\"item\":\"https:\\\/\\\/quehacerpolitico.mx\\\/\"},{\"@type\":\"ListItem\",\"position\":2,\"name\":\"La familia que visit\u00f3 Los Pinos el d\u00eda 1 narra: \u201cDe lujo, grande. Y nosotros aqu\u00ed, revolcados\u201d\"}]},{\"@type\":\"WebSite\",\"@id\":\"https:\\\/\\\/quehacerpolitico.mx\\\/#website\",\"url\":\"https:\\\/\\\/quehacerpolitico.mx\\\/\",\"name\":\"\",\"description\":\"\",\"potentialAction\":[{\"@type\":\"SearchAction\",\"target\":{\"@type\":\"EntryPoint\",\"urlTemplate\":\"https:\\\/\\\/quehacerpolitico.mx\\\/?s={search_term_string}\"},\"query-input\":{\"@type\":\"PropertyValueSpecification\",\"valueRequired\":true,\"valueName\":\"search_term_string\"}}],\"inLanguage\":\"es\"},{\"@type\":\"Person\",\"@id\":\"https:\\\/\\\/quehacerpolitico.mx\\\/#\\\/schema\\\/person\\\/496d8ad2d1d3f8036101dca7ee39e585\",\"name\":\"Redacci\u00f3n QP\",\"image\":{\"@type\":\"ImageObject\",\"inLanguage\":\"es\",\"@id\":\"https:\\\/\\\/secure.gravatar.com\\\/avatar\\\/c7164ed6fdec453195284ad24a5ae5b6e1eed2b848477fa2a4787ba9adf39a41?s=96&d=mm&r=g\",\"url\":\"https:\\\/\\\/secure.gravatar.com\\\/avatar\\\/c7164ed6fdec453195284ad24a5ae5b6e1eed2b848477fa2a4787ba9adf39a41?s=96&d=mm&r=g\",\"contentUrl\":\"https:\\\/\\\/secure.gravatar.com\\\/avatar\\\/c7164ed6fdec453195284ad24a5ae5b6e1eed2b848477fa2a4787ba9adf39a41?s=96&d=mm&r=g\",\"caption\":\"Redacci\u00f3n QP\"},\"url\":\"https:\\\/\\\/quehacerpolitico.mx\\\/?author=2\"}]}<\/script>\n<!-- \/ Yoast SEO plugin. -->","yoast_head_json":{"title":"La familia que visit\u00f3 Los Pinos el d\u00eda 1 narra: \u201cDe lujo, grande. Y nosotros aqu\u00ed, revolcados\u201d -","robots":{"index":"index","follow":"follow","max-snippet":"max-snippet:-1","max-image-preview":"max-image-preview:large","max-video-preview":"max-video-preview:-1"},"canonical":"https:\/\/quehacerpolitico.mx\/?p=11146","og_locale":"es_MX","og_type":"article","og_title":"La familia que visit\u00f3 Los Pinos el d\u00eda 1 narra: \u201cDe lujo, grande. Y nosotros aqu\u00ed, revolcados\u201d -","og_description":"La familia que visit\u00f3 Los Pinos el d\u00eda 1 narra: \u201cDe lujo, grande. Y nosotros aqu\u00ed, revolcados\u201d Por Redacci\u00f3n QP","og_url":"https:\/\/quehacerpolitico.mx\/?p=11146","article_published_time":"2018-12-07T04:03:16+00:00","author":"Redacci\u00f3n QP","twitter_card":"summary_large_image","twitter_misc":{"Escrito por":"Redacci\u00f3n QP","Tiempo de lectura":"6 minutos"},"schema":{"@context":"https:\/\/schema.org","@graph":[{"@type":"Article","@id":"https:\/\/quehacerpolitico.mx\/?p=11146#article","isPartOf":{"@id":"https:\/\/quehacerpolitico.mx\/?p=11146"},"author":{"name":"Redacci\u00f3n QP","@id":"https:\/\/quehacerpolitico.mx\/#\/schema\/person\/496d8ad2d1d3f8036101dca7ee39e585"},"headline":"La familia que visit\u00f3 Los Pinos el d\u00eda 1 narra: \u201cDe lujo, grande. Y nosotros aqu\u00ed, revolcados\u201d","datePublished":"2018-12-07T04:03:16+00:00","mainEntityOfPage":{"@id":"https:\/\/quehacerpolitico.mx\/?p=11146"},"wordCount":1163,"commentCount":0,"image":{"@id":"https:\/\/quehacerpolitico.mx\/?p=11146#primaryimage"},"thumbnailUrl":"","articleSection":["Noticias"],"inLanguage":"es","potentialAction":[{"@type":"CommentAction","name":"Comment","target":["https:\/\/quehacerpolitico.mx\/?p=11146#respond"]}]},{"@type":"WebPage","@id":"https:\/\/quehacerpolitico.mx\/?p=11146","url":"https:\/\/quehacerpolitico.mx\/?p=11146","name":"La familia que visit\u00f3 Los Pinos el d\u00eda 1 narra: \u201cDe lujo, grande. Y nosotros aqu\u00ed, revolcados\u201d -","isPartOf":{"@id":"https:\/\/quehacerpolitico.mx\/#website"},"primaryImageOfPage":{"@id":"https:\/\/quehacerpolitico.mx\/?p=11146#primaryimage"},"image":{"@id":"https:\/\/quehacerpolitico.mx\/?p=11146#primaryimage"},"thumbnailUrl":"","datePublished":"2018-12-07T04:03:16+00:00","author":{"@id":"https:\/\/quehacerpolitico.mx\/#\/schema\/person\/496d8ad2d1d3f8036101dca7ee39e585"},"breadcrumb":{"@id":"https:\/\/quehacerpolitico.mx\/?p=11146#breadcrumb"},"inLanguage":"es","potentialAction":[{"@type":"ReadAction","target":["https:\/\/quehacerpolitico.mx\/?p=11146"]}]},{"@type":"ImageObject","inLanguage":"es","@id":"https:\/\/quehacerpolitico.mx\/?p=11146#primaryimage","url":"","contentUrl":""},{"@type":"BreadcrumbList","@id":"https:\/\/quehacerpolitico.mx\/?p=11146#breadcrumb","itemListElement":[{"@type":"ListItem","position":1,"name":"Inicio","item":"https:\/\/quehacerpolitico.mx\/"},{"@type":"ListItem","position":2,"name":"La familia que visit\u00f3 Los Pinos el d\u00eda 1 narra: \u201cDe lujo, grande. Y nosotros aqu\u00ed, revolcados\u201d"}]},{"@type":"WebSite","@id":"https:\/\/quehacerpolitico.mx\/#website","url":"https:\/\/quehacerpolitico.mx\/","name":"","description":"","potentialAction":[{"@type":"SearchAction","target":{"@type":"EntryPoint","urlTemplate":"https:\/\/quehacerpolitico.mx\/?s={search_term_string}"},"query-input":{"@type":"PropertyValueSpecification","valueRequired":true,"valueName":"search_term_string"}}],"inLanguage":"es"},{"@type":"Person","@id":"https:\/\/quehacerpolitico.mx\/#\/schema\/person\/496d8ad2d1d3f8036101dca7ee39e585","name":"Redacci\u00f3n QP","image":{"@type":"ImageObject","inLanguage":"es","@id":"https:\/\/secure.gravatar.com\/avatar\/c7164ed6fdec453195284ad24a5ae5b6e1eed2b848477fa2a4787ba9adf39a41?s=96&d=mm&r=g","url":"https:\/\/secure.gravatar.com\/avatar\/c7164ed6fdec453195284ad24a5ae5b6e1eed2b848477fa2a4787ba9adf39a41?s=96&d=mm&r=g","contentUrl":"https:\/\/secure.gravatar.com\/avatar\/c7164ed6fdec453195284ad24a5ae5b6e1eed2b848477fa2a4787ba9adf39a41?s=96&d=mm&r=g","caption":"Redacci\u00f3n QP"},"url":"https:\/\/quehacerpolitico.mx\/?author=2"}]}},"featured_image_urls":{"full":"","thumbnail":"","medium":"","medium_large":"","large":"","1536x1536":"","2048x2048":"","covernews-featured":"","covernews-medium":""},"author_info":{"display_name":"Redacci\u00f3n QP","author_link":"https:\/\/quehacerpolitico.mx\/?author=2"},"category_info":"<a href=\"https:\/\/quehacerpolitico.mx\/?cat=2\" rel=\"category\">Noticias<\/a>","tag_info":"Noticias","comment_count":"0","_links":{"self":[{"href":"https:\/\/quehacerpolitico.mx\/index.php?rest_route=\/wp\/v2\/posts\/11146","targetHints":{"allow":["GET"]}}],"collection":[{"href":"https:\/\/quehacerpolitico.mx\/index.php?rest_route=\/wp\/v2\/posts"}],"about":[{"href":"https:\/\/quehacerpolitico.mx\/index.php?rest_route=\/wp\/v2\/types\/post"}],"author":[{"embeddable":true,"href":"https:\/\/quehacerpolitico.mx\/index.php?rest_route=\/wp\/v2\/users\/2"}],"replies":[{"embeddable":true,"href":"https:\/\/quehacerpolitico.mx\/index.php?rest_route=%2Fwp%2Fv2%2Fcomments&post=11146"}],"version-history":[{"count":0,"href":"https:\/\/quehacerpolitico.mx\/index.php?rest_route=\/wp\/v2\/posts\/11146\/revisions"}],"wp:featuredmedia":[{"embeddable":true,"href":"https:\/\/quehacerpolitico.mx\/index.php?rest_route=\/"}],"wp:attachment":[{"href":"https:\/\/quehacerpolitico.mx\/index.php?rest_route=%2Fwp%2Fv2%2Fmedia&parent=11146"}],"wp:term":[{"taxonomy":"category","embeddable":true,"href":"https:\/\/quehacerpolitico.mx\/index.php?rest_route=%2Fwp%2Fv2%2Fcategories&post=11146"},{"taxonomy":"post_tag","embeddable":true,"href":"https:\/\/quehacerpolitico.mx\/index.php?rest_route=%2Fwp%2Fv2%2Ftags&post=11146"}],"curies":[{"name":"wp","href":"https:\/\/api.w.org\/{rel}","templated":true}]}}