{"id":111405,"date":"2024-07-17T21:36:05","date_gmt":"2024-07-17T21:36:05","guid":{"rendered":"https:\/\/quehacerpolitico.mx\/?p=111405"},"modified":"2024-07-17T21:36:08","modified_gmt":"2024-07-17T21:36:08","slug":"el-quehacer-politico-en-la-cultura-a-traves-del-enfoque-litza-deniss-duran-espinosa-inicia-tengo-un-sueno-aguascalientes-y-zacatecas-2024","status":"publish","type":"post","link":"https:\/\/quehacerpolitico.mx\/?p=111405","title":{"rendered":"El Quehacer Pol\u00edtico en la Cultura a trav\u00e9s del Enfoque\/\/\/Litza Deniss Dur\u00e1n Espinosa\/\/\/Inicia Tengo un sue\u00f1o Aguascalientes y Zacatecas 2024"},"content":{"rendered":"\n<p>Por Litza Deniss Dur\u00e1n Espinosa<\/p>\n\n\n\n<p>Analista y Directora de Enlaces<\/p>\n\n\n\n<ul class=\"wp-block-list\">\n<li><strong>Participar\u00e1n ni\u00f1as, ni\u00f1os y j\u00f3venes de Semilleros Creativos en el estado<\/strong><\/li>\n<\/ul>\n\n\n\n<p>Este 21 de julio, dar\u00e1 inicio Tengo un sue\u00f1o Aguascalientes y Zacatecas 2024 \u201cSemillas de cantera y plata\u201d, uno de los 27 eventos estatales y biestatales en el pa\u00eds que forman parte del Festival Tengo un sue\u00f1o 2024.<\/p>\n\n\n\n<p>Este evento es organizado por la Secretar\u00eda de Cultura del Gobierno de M\u00e9xico, a trav\u00e9s del programa Cultura Comunitaria, en colaboraci\u00f3n con los gobiernos de Aguascalientes y Zacatecas y sus municipios. En \u00e9l se compartir\u00e1n los alcances y la capacidad creativa de ni\u00f1as, ni\u00f1os y j\u00f3venes de los Semilleros Creativos de estas entidades, para mostrar su contexto y la diversidad de expresiones y manifestaciones culturales y art\u00edsticas de sus estados.<\/p>\n\n\n\n<figure class=\"wp-block-image size-large\"><img loading=\"lazy\" decoding=\"async\" width=\"1024\" height=\"1024\" src=\"https:\/\/quehacerpolitico.mx\/wp-content\/uploads\/2024\/07\/image-21-1024x1024.jpeg\" alt=\"\" class=\"wp-image-111406\" srcset=\"https:\/\/quehacerpolitico.mx\/wp-content\/uploads\/2024\/07\/image-21-1024x1024.jpeg 1024w, https:\/\/quehacerpolitico.mx\/wp-content\/uploads\/2024\/07\/image-21-300x300.jpeg 300w, https:\/\/quehacerpolitico.mx\/wp-content\/uploads\/2024\/07\/image-21-150x150.jpeg 150w, https:\/\/quehacerpolitico.mx\/wp-content\/uploads\/2024\/07\/image-21-768x768.jpeg 768w, https:\/\/quehacerpolitico.mx\/wp-content\/uploads\/2024\/07\/image-21-146x146.jpeg 146w, https:\/\/quehacerpolitico.mx\/wp-content\/uploads\/2024\/07\/image-21-50x50.jpeg 50w, https:\/\/quehacerpolitico.mx\/wp-content\/uploads\/2024\/07\/image-21-75x75.jpeg 75w, https:\/\/quehacerpolitico.mx\/wp-content\/uploads\/2024\/07\/image-21-85x85.jpeg 85w, https:\/\/quehacerpolitico.mx\/wp-content\/uploads\/2024\/07\/image-21-80x80.jpeg 80w, https:\/\/quehacerpolitico.mx\/wp-content\/uploads\/2024\/07\/image-21.jpeg 1200w\" sizes=\"auto, (max-width: 1024px) 100vw, 1024px\" \/><\/figure>\n\n\n\n<p>Los Semilleros Creativos son grupos de formaci\u00f3n art\u00edstica gratuita para la ni\u00f1ez y las juventudes del pa\u00eds, donde se promueve su participaci\u00f3n en la vida art\u00edstica, el pensamiento cr\u00edtico y su posicionamiento como agentes culturales.<\/p>\n\n\n\n<p>Como parte de las actividades, se llevar\u00e1 a cabo, a partir de las 12:00 h, la exposici\u00f3n \u201cSemillas de identidad: patrimonio cultural y natural de nuestras comunidades\u201d, compuesta por 150 obras realizadas por participantes de Semilleros Creativos en las disciplinas de dibujo, pintura, modelado y fotograf\u00eda, provenientes de los municipios de Aguascalientes, Cos\u00edo y el El Llano en Aguascalientes, as\u00ed como Guadalupe en Zacatecas. La cita es en la entrada de la Benem\u00e9rita Escuela Normal \u201cManuel \u00c1vila Camacho\u201d, ubicada en&nbsp;<a href=\"https:\/\/www.google.com\/maps\/search\/El%C3%ADas+Amador+302,+Sierra+de+%C3%81lica,+Zacatecas?entry=gmail&amp;source=g\">El\u00edas Amador 302, Sierra de \u00c1lica, Zacatecas<\/a>.<\/p>\n\n\n\n<p>De igual forma, en este mismo recinto, se realizar\u00e1 la puesta en escena&nbsp;<em>Kand\u00e9r y Um&#8217;\u00e1 \u00edru<\/em>. La historia del conejo de piel dorada, a cargo de los Semilleros Creativos de Teatro en Jerez y Vetagrande, as\u00ed como de Pintura, Teatro y Danza en Guadalupe, Zacatecas.<\/p>\n\n\n\n<p>El espect\u00e1culo se complementar\u00e1 con danzas tradicionales y m\u00fasica de la regi\u00f3n interpretadas por integrantes del Semillero Creativo de Danza Folkl\u00f3rica en Pinos, Zacatecas, as\u00ed como por el Ensamble de la Banda del estado. El acto concluir\u00e1 con la pieza de rap escrita por ni\u00f1as, ni\u00f1os y j\u00f3venes del Semillero Creativo de Radio en Guadalupe, Zacatecas, melod\u00eda con la que infancias y juventudes de estos grupos colaboradores reconocen su poder transformador como agentes culturales.<\/p>\n\n\n\n<p>Tengo un sue\u00f1o Aguascalientes y Zacatecas 2024 permitir\u00e1 generar conexiones e intercambios creativos entre los distintos Semilleros ubicados en una misma zona geogr\u00e1fica, adem\u00e1s de invitar al p\u00fablico a conocer estos grupos como una alternativa viable y accesible para la convivencia arm\u00f3nica, a partir de pol\u00edticas culturales de base comunitaria.<\/p>\n\n\n\n<p>La programaci\u00f3n es gratuita y abierta al p\u00fablico; se puede consultar en la p\u00e1gina de Cultura Comunitaria:&nbsp;<a href=\"http:\/\/culturacomunitaria.gob.mx\/\" target=\"_blank\" rel=\"noreferrer noopener\">culturacomunitaria.gob.mx<\/a>, y mediante las redes sociales de la Direcci\u00f3n General de Vinculaci\u00f3n Cultural (Facebook y X@VinculaCultura).<\/p>\n\n\n\n<p>Con estas acciones, la Secretar\u00eda de Cultura apoya estrategias que contribuyen al ejercicio efectivo de los derechos culturales de ni\u00f1as, ni\u00f1os y j\u00f3venes en las 32 entidades federativas del pa\u00eds y con ello fomenta una cultura de paz.<\/p>\n\n\n\n<p>As\u00ed el Quehacer Pol\u00edtico Desde 1980, en la cultura a trav\u00e9s del enfoque de Litza Deniss Dur\u00e1n Espinosa, inquiriendo en la pol\u00edtica de M\u00e9xico, cuestionando, exponiendo, revelando y razonando.Es cuanto.<\/p>\n","protected":false},"excerpt":{"rendered":"<p>Por Litza Deniss Dur\u00e1n Espinosa Analista y Directora de Enlaces Este 21 de julio, dar\u00e1&#8230;<\/p>\n","protected":false},"author":2,"featured_media":111407,"comment_status":"open","ping_status":"open","sticky":false,"template":"","format":"standard","meta":{"_monsterinsights_skip_tracking":false,"_monsterinsights_sitenote_active":false,"_monsterinsights_sitenote_note":"","_monsterinsights_sitenote_category":0,"footnotes":""},"categories":[58],"tags":[],"class_list":["post-111405","post","type-post","status-publish","format-standard","has-post-thumbnail","hentry","category-cultura"],"yoast_head":"<!-- This site is optimized with the Yoast SEO plugin v27.3 - https:\/\/yoast.com\/product\/yoast-seo-wordpress\/ -->\n<title>El Quehacer Pol\u00edtico en la Cultura a trav\u00e9s del Enfoque\/\/\/Litza Deniss Dur\u00e1n Espinosa\/\/\/Inicia Tengo un sue\u00f1o Aguascalientes y Zacatecas 2024 -<\/title>\n<meta name=\"robots\" content=\"index, follow, max-snippet:-1, max-image-preview:large, max-video-preview:-1\" \/>\n<link rel=\"canonical\" href=\"https:\/\/quehacerpolitico.mx\/?p=111405\" \/>\n<meta property=\"og:locale\" content=\"es_MX\" \/>\n<meta property=\"og:type\" content=\"article\" \/>\n<meta property=\"og:title\" content=\"El Quehacer Pol\u00edtico en la Cultura a trav\u00e9s del Enfoque\/\/\/Litza Deniss Dur\u00e1n Espinosa\/\/\/Inicia Tengo un sue\u00f1o Aguascalientes y Zacatecas 2024 -\" \/>\n<meta property=\"og:description\" content=\"Por Litza Deniss Dur\u00e1n Espinosa Analista y Directora de Enlaces Este 21 de julio, dar\u00e1...\" \/>\n<meta property=\"og:url\" content=\"https:\/\/quehacerpolitico.mx\/?p=111405\" \/>\n<meta property=\"article:published_time\" content=\"2024-07-17T21:36:05+00:00\" \/>\n<meta property=\"article:modified_time\" content=\"2024-07-17T21:36:08+00:00\" \/>\n<meta property=\"og:image\" content=\"https:\/\/quehacerpolitico.mx\/wp-content\/uploads\/2024\/07\/f97f131b-617d-4d33-b7a7-a2e9689dd2f7-9.jpeg\" \/>\n\t<meta property=\"og:image:width\" content=\"963\" \/>\n\t<meta property=\"og:image:height\" content=\"493\" \/>\n\t<meta property=\"og:image:type\" content=\"image\/jpeg\" \/>\n<meta name=\"author\" content=\"Redacci\u00f3n QP\" \/>\n<meta name=\"twitter:card\" content=\"summary_large_image\" \/>\n<meta name=\"twitter:label1\" content=\"Escrito por\" \/>\n\t<meta name=\"twitter:data1\" content=\"Redacci\u00f3n QP\" \/>\n\t<meta name=\"twitter:label2\" content=\"Tiempo de lectura\" \/>\n\t<meta name=\"twitter:data2\" content=\"3 minutos\" \/>\n<script type=\"application\/ld+json\" class=\"yoast-schema-graph\">{\"@context\":\"https:\\\/\\\/schema.org\",\"@graph\":[{\"@type\":\"Article\",\"@id\":\"https:\\\/\\\/quehacerpolitico.mx\\\/?p=111405#article\",\"isPartOf\":{\"@id\":\"https:\\\/\\\/quehacerpolitico.mx\\\/?p=111405\"},\"author\":{\"name\":\"Redacci\u00f3n QP\",\"@id\":\"https:\\\/\\\/quehacerpolitico.mx\\\/#\\\/schema\\\/person\\\/496d8ad2d1d3f8036101dca7ee39e585\"},\"headline\":\"El Quehacer Pol\u00edtico en la Cultura a trav\u00e9s del Enfoque\\\/\\\/\\\/Litza Deniss Dur\u00e1n Espinosa\\\/\\\/\\\/Inicia Tengo un sue\u00f1o Aguascalientes y Zacatecas 2024\",\"datePublished\":\"2024-07-17T21:36:05+00:00\",\"dateModified\":\"2024-07-17T21:36:08+00:00\",\"mainEntityOfPage\":{\"@id\":\"https:\\\/\\\/quehacerpolitico.mx\\\/?p=111405\"},\"wordCount\":603,\"commentCount\":0,\"image\":{\"@id\":\"https:\\\/\\\/quehacerpolitico.mx\\\/?p=111405#primaryimage\"},\"thumbnailUrl\":\"https:\\\/\\\/quehacerpolitico.mx\\\/wp-content\\\/uploads\\\/2024\\\/07\\\/f97f131b-617d-4d33-b7a7-a2e9689dd2f7-9.jpeg\",\"articleSection\":[\"Cultura y Entretenimiento\"],\"inLanguage\":\"es\",\"potentialAction\":[{\"@type\":\"CommentAction\",\"name\":\"Comment\",\"target\":[\"https:\\\/\\\/quehacerpolitico.mx\\\/?p=111405#respond\"]}]},{\"@type\":\"WebPage\",\"@id\":\"https:\\\/\\\/quehacerpolitico.mx\\\/?p=111405\",\"url\":\"https:\\\/\\\/quehacerpolitico.mx\\\/?p=111405\",\"name\":\"El Quehacer Pol\u00edtico en la Cultura a trav\u00e9s del Enfoque\\\/\\\/\\\/Litza Deniss Dur\u00e1n Espinosa\\\/\\\/\\\/Inicia Tengo un sue\u00f1o Aguascalientes y Zacatecas 2024 -\",\"isPartOf\":{\"@id\":\"https:\\\/\\\/quehacerpolitico.mx\\\/#website\"},\"primaryImageOfPage\":{\"@id\":\"https:\\\/\\\/quehacerpolitico.mx\\\/?p=111405#primaryimage\"},\"image\":{\"@id\":\"https:\\\/\\\/quehacerpolitico.mx\\\/?p=111405#primaryimage\"},\"thumbnailUrl\":\"https:\\\/\\\/quehacerpolitico.mx\\\/wp-content\\\/uploads\\\/2024\\\/07\\\/f97f131b-617d-4d33-b7a7-a2e9689dd2f7-9.jpeg\",\"datePublished\":\"2024-07-17T21:36:05+00:00\",\"dateModified\":\"2024-07-17T21:36:08+00:00\",\"author\":{\"@id\":\"https:\\\/\\\/quehacerpolitico.mx\\\/#\\\/schema\\\/person\\\/496d8ad2d1d3f8036101dca7ee39e585\"},\"breadcrumb\":{\"@id\":\"https:\\\/\\\/quehacerpolitico.mx\\\/?p=111405#breadcrumb\"},\"inLanguage\":\"es\",\"potentialAction\":[{\"@type\":\"ReadAction\",\"target\":[\"https:\\\/\\\/quehacerpolitico.mx\\\/?p=111405\"]}]},{\"@type\":\"ImageObject\",\"inLanguage\":\"es\",\"@id\":\"https:\\\/\\\/quehacerpolitico.mx\\\/?p=111405#primaryimage\",\"url\":\"https:\\\/\\\/quehacerpolitico.mx\\\/wp-content\\\/uploads\\\/2024\\\/07\\\/f97f131b-617d-4d33-b7a7-a2e9689dd2f7-9.jpeg\",\"contentUrl\":\"https:\\\/\\\/quehacerpolitico.mx\\\/wp-content\\\/uploads\\\/2024\\\/07\\\/f97f131b-617d-4d33-b7a7-a2e9689dd2f7-9.jpeg\",\"width\":963,\"height\":493},{\"@type\":\"BreadcrumbList\",\"@id\":\"https:\\\/\\\/quehacerpolitico.mx\\\/?p=111405#breadcrumb\",\"itemListElement\":[{\"@type\":\"ListItem\",\"position\":1,\"name\":\"Inicio\",\"item\":\"https:\\\/\\\/quehacerpolitico.mx\\\/\"},{\"@type\":\"ListItem\",\"position\":2,\"name\":\"El Quehacer Pol\u00edtico en la Cultura a trav\u00e9s del Enfoque\\\/\\\/\\\/Litza Deniss Dur\u00e1n Espinosa\\\/\\\/\\\/Inicia Tengo un sue\u00f1o Aguascalientes y Zacatecas 2024\"}]},{\"@type\":\"WebSite\",\"@id\":\"https:\\\/\\\/quehacerpolitico.mx\\\/#website\",\"url\":\"https:\\\/\\\/quehacerpolitico.mx\\\/\",\"name\":\"\",\"description\":\"\",\"potentialAction\":[{\"@type\":\"SearchAction\",\"target\":{\"@type\":\"EntryPoint\",\"urlTemplate\":\"https:\\\/\\\/quehacerpolitico.mx\\\/?s={search_term_string}\"},\"query-input\":{\"@type\":\"PropertyValueSpecification\",\"valueRequired\":true,\"valueName\":\"search_term_string\"}}],\"inLanguage\":\"es\"},{\"@type\":\"Person\",\"@id\":\"https:\\\/\\\/quehacerpolitico.mx\\\/#\\\/schema\\\/person\\\/496d8ad2d1d3f8036101dca7ee39e585\",\"name\":\"Redacci\u00f3n QP\",\"image\":{\"@type\":\"ImageObject\",\"inLanguage\":\"es\",\"@id\":\"https:\\\/\\\/secure.gravatar.com\\\/avatar\\\/c7164ed6fdec453195284ad24a5ae5b6e1eed2b848477fa2a4787ba9adf39a41?s=96&d=mm&r=g\",\"url\":\"https:\\\/\\\/secure.gravatar.com\\\/avatar\\\/c7164ed6fdec453195284ad24a5ae5b6e1eed2b848477fa2a4787ba9adf39a41?s=96&d=mm&r=g\",\"contentUrl\":\"https:\\\/\\\/secure.gravatar.com\\\/avatar\\\/c7164ed6fdec453195284ad24a5ae5b6e1eed2b848477fa2a4787ba9adf39a41?s=96&d=mm&r=g\",\"caption\":\"Redacci\u00f3n QP\"},\"url\":\"https:\\\/\\\/quehacerpolitico.mx\\\/?author=2\"}]}<\/script>\n<!-- \/ Yoast SEO plugin. -->","yoast_head_json":{"title":"El Quehacer Pol\u00edtico en la Cultura a trav\u00e9s del Enfoque\/\/\/Litza Deniss Dur\u00e1n Espinosa\/\/\/Inicia Tengo un sue\u00f1o Aguascalientes y Zacatecas 2024 -","robots":{"index":"index","follow":"follow","max-snippet":"max-snippet:-1","max-image-preview":"max-image-preview:large","max-video-preview":"max-video-preview:-1"},"canonical":"https:\/\/quehacerpolitico.mx\/?p=111405","og_locale":"es_MX","og_type":"article","og_title":"El Quehacer Pol\u00edtico en la Cultura a trav\u00e9s del Enfoque\/\/\/Litza Deniss Dur\u00e1n Espinosa\/\/\/Inicia Tengo un sue\u00f1o Aguascalientes y Zacatecas 2024 -","og_description":"Por Litza Deniss Dur\u00e1n Espinosa Analista y Directora de Enlaces Este 21 de julio, dar\u00e1...","og_url":"https:\/\/quehacerpolitico.mx\/?p=111405","article_published_time":"2024-07-17T21:36:05+00:00","article_modified_time":"2024-07-17T21:36:08+00:00","og_image":[{"width":963,"height":493,"url":"https:\/\/quehacerpolitico.mx\/wp-content\/uploads\/2024\/07\/f97f131b-617d-4d33-b7a7-a2e9689dd2f7-9.jpeg","type":"image\/jpeg"}],"author":"Redacci\u00f3n QP","twitter_card":"summary_large_image","twitter_misc":{"Escrito por":"Redacci\u00f3n QP","Tiempo de lectura":"3 minutos"},"schema":{"@context":"https:\/\/schema.org","@graph":[{"@type":"Article","@id":"https:\/\/quehacerpolitico.mx\/?p=111405#article","isPartOf":{"@id":"https:\/\/quehacerpolitico.mx\/?p=111405"},"author":{"name":"Redacci\u00f3n QP","@id":"https:\/\/quehacerpolitico.mx\/#\/schema\/person\/496d8ad2d1d3f8036101dca7ee39e585"},"headline":"El Quehacer Pol\u00edtico en la Cultura a trav\u00e9s del Enfoque\/\/\/Litza Deniss Dur\u00e1n Espinosa\/\/\/Inicia Tengo un sue\u00f1o Aguascalientes y Zacatecas 2024","datePublished":"2024-07-17T21:36:05+00:00","dateModified":"2024-07-17T21:36:08+00:00","mainEntityOfPage":{"@id":"https:\/\/quehacerpolitico.mx\/?p=111405"},"wordCount":603,"commentCount":0,"image":{"@id":"https:\/\/quehacerpolitico.mx\/?p=111405#primaryimage"},"thumbnailUrl":"https:\/\/quehacerpolitico.mx\/wp-content\/uploads\/2024\/07\/f97f131b-617d-4d33-b7a7-a2e9689dd2f7-9.jpeg","articleSection":["Cultura y Entretenimiento"],"inLanguage":"es","potentialAction":[{"@type":"CommentAction","name":"Comment","target":["https:\/\/quehacerpolitico.mx\/?p=111405#respond"]}]},{"@type":"WebPage","@id":"https:\/\/quehacerpolitico.mx\/?p=111405","url":"https:\/\/quehacerpolitico.mx\/?p=111405","name":"El Quehacer Pol\u00edtico en la Cultura a trav\u00e9s del Enfoque\/\/\/Litza Deniss Dur\u00e1n Espinosa\/\/\/Inicia Tengo un sue\u00f1o Aguascalientes y Zacatecas 2024 -","isPartOf":{"@id":"https:\/\/quehacerpolitico.mx\/#website"},"primaryImageOfPage":{"@id":"https:\/\/quehacerpolitico.mx\/?p=111405#primaryimage"},"image":{"@id":"https:\/\/quehacerpolitico.mx\/?p=111405#primaryimage"},"thumbnailUrl":"https:\/\/quehacerpolitico.mx\/wp-content\/uploads\/2024\/07\/f97f131b-617d-4d33-b7a7-a2e9689dd2f7-9.jpeg","datePublished":"2024-07-17T21:36:05+00:00","dateModified":"2024-07-17T21:36:08+00:00","author":{"@id":"https:\/\/quehacerpolitico.mx\/#\/schema\/person\/496d8ad2d1d3f8036101dca7ee39e585"},"breadcrumb":{"@id":"https:\/\/quehacerpolitico.mx\/?p=111405#breadcrumb"},"inLanguage":"es","potentialAction":[{"@type":"ReadAction","target":["https:\/\/quehacerpolitico.mx\/?p=111405"]}]},{"@type":"ImageObject","inLanguage":"es","@id":"https:\/\/quehacerpolitico.mx\/?p=111405#primaryimage","url":"https:\/\/quehacerpolitico.mx\/wp-content\/uploads\/2024\/07\/f97f131b-617d-4d33-b7a7-a2e9689dd2f7-9.jpeg","contentUrl":"https:\/\/quehacerpolitico.mx\/wp-content\/uploads\/2024\/07\/f97f131b-617d-4d33-b7a7-a2e9689dd2f7-9.jpeg","width":963,"height":493},{"@type":"BreadcrumbList","@id":"https:\/\/quehacerpolitico.mx\/?p=111405#breadcrumb","itemListElement":[{"@type":"ListItem","position":1,"name":"Inicio","item":"https:\/\/quehacerpolitico.mx\/"},{"@type":"ListItem","position":2,"name":"El Quehacer Pol\u00edtico en la Cultura a trav\u00e9s del Enfoque\/\/\/Litza Deniss Dur\u00e1n Espinosa\/\/\/Inicia Tengo un sue\u00f1o Aguascalientes y Zacatecas 2024"}]},{"@type":"WebSite","@id":"https:\/\/quehacerpolitico.mx\/#website","url":"https:\/\/quehacerpolitico.mx\/","name":"","description":"","potentialAction":[{"@type":"SearchAction","target":{"@type":"EntryPoint","urlTemplate":"https:\/\/quehacerpolitico.mx\/?s={search_term_string}"},"query-input":{"@type":"PropertyValueSpecification","valueRequired":true,"valueName":"search_term_string"}}],"inLanguage":"es"},{"@type":"Person","@id":"https:\/\/quehacerpolitico.mx\/#\/schema\/person\/496d8ad2d1d3f8036101dca7ee39e585","name":"Redacci\u00f3n QP","image":{"@type":"ImageObject","inLanguage":"es","@id":"https:\/\/secure.gravatar.com\/avatar\/c7164ed6fdec453195284ad24a5ae5b6e1eed2b848477fa2a4787ba9adf39a41?s=96&d=mm&r=g","url":"https:\/\/secure.gravatar.com\/avatar\/c7164ed6fdec453195284ad24a5ae5b6e1eed2b848477fa2a4787ba9adf39a41?s=96&d=mm&r=g","contentUrl":"https:\/\/secure.gravatar.com\/avatar\/c7164ed6fdec453195284ad24a5ae5b6e1eed2b848477fa2a4787ba9adf39a41?s=96&d=mm&r=g","caption":"Redacci\u00f3n QP"},"url":"https:\/\/quehacerpolitico.mx\/?author=2"}]}},"featured_image_urls":{"full":["https:\/\/quehacerpolitico.mx\/wp-content\/uploads\/2024\/07\/f97f131b-617d-4d33-b7a7-a2e9689dd2f7-9.jpeg",963,493,false],"thumbnail":["https:\/\/quehacerpolitico.mx\/wp-content\/uploads\/2024\/07\/f97f131b-617d-4d33-b7a7-a2e9689dd2f7-9-150x150.jpeg",150,150,true],"medium":["https:\/\/quehacerpolitico.mx\/wp-content\/uploads\/2024\/07\/f97f131b-617d-4d33-b7a7-a2e9689dd2f7-9-300x154.jpeg",300,154,true],"medium_large":["https:\/\/quehacerpolitico.mx\/wp-content\/uploads\/2024\/07\/f97f131b-617d-4d33-b7a7-a2e9689dd2f7-9-768x393.jpeg",640,328,true],"large":["https:\/\/quehacerpolitico.mx\/wp-content\/uploads\/2024\/07\/f97f131b-617d-4d33-b7a7-a2e9689dd2f7-9.jpeg",640,328,false],"1536x1536":["https:\/\/quehacerpolitico.mx\/wp-content\/uploads\/2024\/07\/f97f131b-617d-4d33-b7a7-a2e9689dd2f7-9.jpeg",963,493,false],"2048x2048":["https:\/\/quehacerpolitico.mx\/wp-content\/uploads\/2024\/07\/f97f131b-617d-4d33-b7a7-a2e9689dd2f7-9.jpeg",963,493,false],"covernews-featured":["https:\/\/quehacerpolitico.mx\/wp-content\/uploads\/2024\/07\/f97f131b-617d-4d33-b7a7-a2e9689dd2f7-9.jpeg",963,493,false],"covernews-medium":["https:\/\/quehacerpolitico.mx\/wp-content\/uploads\/2024\/07\/f97f131b-617d-4d33-b7a7-a2e9689dd2f7-9.jpeg",540,276,false]},"author_info":{"display_name":"Redacci\u00f3n QP","author_link":"https:\/\/quehacerpolitico.mx\/?author=2"},"category_info":"<a href=\"https:\/\/quehacerpolitico.mx\/?cat=58\" rel=\"category\">Cultura y Entretenimiento<\/a>","tag_info":"Cultura y Entretenimiento","comment_count":"0","_links":{"self":[{"href":"https:\/\/quehacerpolitico.mx\/index.php?rest_route=\/wp\/v2\/posts\/111405","targetHints":{"allow":["GET"]}}],"collection":[{"href":"https:\/\/quehacerpolitico.mx\/index.php?rest_route=\/wp\/v2\/posts"}],"about":[{"href":"https:\/\/quehacerpolitico.mx\/index.php?rest_route=\/wp\/v2\/types\/post"}],"author":[{"embeddable":true,"href":"https:\/\/quehacerpolitico.mx\/index.php?rest_route=\/wp\/v2\/users\/2"}],"replies":[{"embeddable":true,"href":"https:\/\/quehacerpolitico.mx\/index.php?rest_route=%2Fwp%2Fv2%2Fcomments&post=111405"}],"version-history":[{"count":1,"href":"https:\/\/quehacerpolitico.mx\/index.php?rest_route=\/wp\/v2\/posts\/111405\/revisions"}],"predecessor-version":[{"id":111408,"href":"https:\/\/quehacerpolitico.mx\/index.php?rest_route=\/wp\/v2\/posts\/111405\/revisions\/111408"}],"wp:featuredmedia":[{"embeddable":true,"href":"https:\/\/quehacerpolitico.mx\/index.php?rest_route=\/wp\/v2\/media\/111407"}],"wp:attachment":[{"href":"https:\/\/quehacerpolitico.mx\/index.php?rest_route=%2Fwp%2Fv2%2Fmedia&parent=111405"}],"wp:term":[{"taxonomy":"category","embeddable":true,"href":"https:\/\/quehacerpolitico.mx\/index.php?rest_route=%2Fwp%2Fv2%2Fcategories&post=111405"},{"taxonomy":"post_tag","embeddable":true,"href":"https:\/\/quehacerpolitico.mx\/index.php?rest_route=%2Fwp%2Fv2%2Ftags&post=111405"}],"curies":[{"name":"wp","href":"https:\/\/api.w.org\/{rel}","templated":true}]}}