{"id":111400,"date":"2024-07-17T21:22:06","date_gmt":"2024-07-17T21:22:06","guid":{"rendered":"https:\/\/quehacerpolitico.mx\/?p=111400"},"modified":"2024-07-17T21:22:10","modified_gmt":"2024-07-17T21:22:10","slug":"el-quehacer-politico-internacional-a-traves-de-la-opinion-carolina-alonso-romei-dos-tercios-de-los-democratas-opinan-que-biden-debe-abandonar-la-campana-revela-encuesta","status":"publish","type":"post","link":"https:\/\/quehacerpolitico.mx\/?p=111400","title":{"rendered":"El Quehacer Pol\u00edtico Internacional a trav\u00e9s de la opini\u00f3n\/\/\/Carolina Alonso Romei\/\/\/Dos tercios de los dem\u00f3cratas opinan que Biden debe abandonar la campa\u00f1a, revela encuesta"},"content":{"rendered":"\n<p>Por Carolina Alonso Romei<\/p>\n\n\n\n<p>Internacionalista <\/p>\n\n\n\n<p>Casi dos terceras partes de los dem\u00f3cratas opinan que el presidente&nbsp;<strong>Joe Biden<\/strong>&nbsp;debe abandonar la campa\u00f1a electoral y dejar que su partido nomine a&nbsp;<strong>otro<\/strong>&nbsp;<strong>candidato<\/strong>, seg\u00fan una encuesta que contradice su aseveraci\u00f3n de que \u201clos dem\u00f3cratas comunes\u201d lo apoyan aun cuando los \u201cnombres famosos\u201d le piden hacerse a un lado.<\/p>\n\n\n\n<p>La encuesta realizada por\u00a0<em>AP<\/em>\u00a0y el\u00a0<strong>Centro<\/strong><strong>NORC<\/strong>\u00a0para la Investigaci\u00f3n de Asuntos P\u00fablicos, que fue llevada a cabo en momentos en que Biden trata de salvar su candidatura tras su pobre desempe\u00f1o en el\u00a0<strong>debate<\/strong> presidencial del mes pasado, encontr\u00f3 tambi\u00e9n que s\u00f3lo unos 3 de cada 10 dem\u00f3cratas est\u00e1n muy o extremadamente confiados en que \u00e9l tiene la capacidad mental para desempe\u00f1arse en el cargo\u00a0<strong>eficazmente<\/strong>, un leve descenso con respecto al 40% registrado en una encuesta realizada en febrero.<\/p>\n\n\n\n<figure class=\"wp-block-image size-full\"><img loading=\"lazy\" decoding=\"async\" width=\"739\" height=\"415\" src=\"https:\/\/quehacerpolitico.mx\/wp-content\/uploads\/2024\/07\/image-20.jpeg\" alt=\"\" class=\"wp-image-111403\" srcset=\"https:\/\/quehacerpolitico.mx\/wp-content\/uploads\/2024\/07\/image-20.jpeg 739w, https:\/\/quehacerpolitico.mx\/wp-content\/uploads\/2024\/07\/image-20-300x168.jpeg 300w, https:\/\/quehacerpolitico.mx\/wp-content\/uploads\/2024\/07\/image-20-260x146.jpeg 260w, https:\/\/quehacerpolitico.mx\/wp-content\/uploads\/2024\/07\/image-20-50x28.jpeg 50w, https:\/\/quehacerpolitico.mx\/wp-content\/uploads\/2024\/07\/image-20-134x75.jpeg 134w\" sizes=\"auto, (max-width: 739px) 100vw, 739px\" \/><\/figure>\n\n\n\n<p>Los resultados resaltan los desaf\u00edos que enfrenta el mandatario de 81 a\u00f1os para convencer a los miembros de su propio partido de que es el mejor candidato para&nbsp;<strong>derrotar<\/strong>&nbsp;a&nbsp;<strong>Donald<\/strong>&nbsp;<strong>Trump<\/strong>. La mayor parte de la encuesta se realiz\u00f3 antes del intento de asesinato contra Trump el s\u00e1bado. No queda claro si el atentado influy\u00f3 en los puntos de vista sobre Biden, pero las pocas entrevistas hechas despu\u00e9s del tiroteo no dieron indicios de que las opiniones sobre \u00e9l hayan mejorado.<\/p>\n\n\n\n<p>En tanto, mientras aumenta el escrutinio sobre la vicepresidenta&nbsp;<strong>Kamala<\/strong>&nbsp;<strong>Harris<\/strong>&nbsp;en medio del debate sobre la candidatura de Biden, la encuesta hall\u00f3 que su tasa de aprobaci\u00f3n es similar a la de \u00e9l, pero que la proporci\u00f3n de estadounidenses que tienen una opini\u00f3n desfavorable de ella es&nbsp;<strong>levemente<\/strong>&nbsp;<strong>menor<\/strong>.<\/p>\n\n\n\n<figure class=\"wp-block-image size-full\"><img loading=\"lazy\" decoding=\"async\" width=\"695\" height=\"441\" src=\"https:\/\/quehacerpolitico.mx\/wp-content\/uploads\/2024\/07\/image-19.jpeg\" alt=\"\" class=\"wp-image-111402\" srcset=\"https:\/\/quehacerpolitico.mx\/wp-content\/uploads\/2024\/07\/image-19.jpeg 695w, https:\/\/quehacerpolitico.mx\/wp-content\/uploads\/2024\/07\/image-19-300x190.jpeg 300w, https:\/\/quehacerpolitico.mx\/wp-content\/uploads\/2024\/07\/image-19-230x146.jpeg 230w, https:\/\/quehacerpolitico.mx\/wp-content\/uploads\/2024\/07\/image-19-50x32.jpeg 50w, https:\/\/quehacerpolitico.mx\/wp-content\/uploads\/2024\/07\/image-19-118x75.jpeg 118w\" sizes=\"auto, (max-width: 695px) 100vw, 695px\" \/><\/figure>\n\n\n\n<p>La encuesta ofrece pruebas de que los dem\u00f3cratas de&nbsp;<strong>raza<\/strong>&nbsp;<strong>negra<\/strong>&nbsp;est\u00e1n entre los m\u00e1s fuertes&nbsp;<strong>partidarios<\/strong>&nbsp;de Biden, y alrededor de la mitad de ellos ha dicho que debe seguir siendo el candidato, comparado con aproximadamente 3 de cada 10 para dem\u00f3cratas blancos y dem\u00f3cratas hispanos.<\/p>\n\n\n\n<p>En cuanto a la poblaci\u00f3n general estadounidense, 7 de cada 10 personas opinan que Biden debe&nbsp;<strong>abandonar<\/strong>&nbsp;la campa\u00f1a, con los dem\u00f3cratas levemente menos que los republicanos y los independientes.<\/p>\n\n\n\n<p>En cuanto a Trump, alrededor de 6 de cada 10 estadounidenses creen que \u00e9l debe abandonar la contienda, aunque hay relativamente\u00a0<strong>pocos<\/strong> republicanos que opinan eso.<\/p>\n\n\n\n<p>Para Biden, los&nbsp;<strong>dem\u00f3cratas<\/strong>&nbsp;<strong>j\u00f3venes<\/strong>&nbsp;son particularmente propensos a opinar que \u00e9l debe hacerse a un lado y que est\u00e1n insatisfechos con su trabajo. Tres cuartas partes de los dem\u00f3cratas menores de 45 a\u00f1os quieren que Biden se retire, comparado con alrededor de 6 de cada 10 entre los mayores de esa edad.<\/p>\n\n\n\n<p>A pesar de la ret\u00f3rica optimista de la campa\u00f1a de Biden previo al debate presidencial, el evento s\u00f3lo dej\u00f3 al presidente en una desventaja a\u00fan mayor. Los dem\u00f3cratas hoy en d\u00eda son levemente m\u00e1s propensos a decir que est\u00e1n&nbsp;<strong>insatisfechos<\/strong>&nbsp;con Biden como candidato comparado con antes del debate. Alrededor de la mitad est\u00e1n insatisfechos, un leve aumento con respecto al 40% que dijo eso en una encuesta de AP-NORC en junio.<\/p>\n\n\n\n<p>En contraste, alrededor de 6 de cada 10 republicanos salieron del debate algo&nbsp;<strong>satisfechos<\/strong>&nbsp;o&nbsp;<strong>muy<\/strong>&nbsp;<strong>satisfechos<\/strong>&nbsp;con Trump como su candidato. Se realizaron muy pocas entrevistas despu\u00e9s del atentado como para dilucidar si desde entonces ha apoyado el respaldo a Trump entre los republicanos o los estadounidenses en general<a href=\"https:\/\/x.com\/latinus_us?ref_src=twsrc%5Egoogle%7Ctwcamp%5Eserp%7Ctwgr%5Eauthor\" target=\"_blank\" rel=\"noreferrer noopener\">.<\/a><\/p>\n\n\n\n<p>Con todas las convulsiones de esta campa\u00f1a electoral, los estadounidenses son mucho m\u00e1s propensos a pensar que Trump est\u00e1 mejor capacitado que Biden para ganar las elecciones: 42% contra 18%. Alrededor de una cuarta parte de los encuestados dijeron que los dos hombres est\u00e1n igualmente capacitados para ganar.<\/p>\n\n\n\n<p>Con informaci\u00f3n de AP<\/p>\n","protected":false},"excerpt":{"rendered":"<p>Por Carolina Alonso Romei Internacionalista Casi dos terceras partes de los dem\u00f3cratas opinan que el&#8230;<\/p>\n","protected":false},"author":2,"featured_media":111401,"comment_status":"open","ping_status":"open","sticky":false,"template":"","format":"standard","meta":{"_monsterinsights_skip_tracking":false,"_monsterinsights_sitenote_active":false,"_monsterinsights_sitenote_note":"","_monsterinsights_sitenote_category":0,"footnotes":""},"categories":[1],"tags":[],"class_list":["post-111400","post","type-post","status-publish","format-standard","has-post-thumbnail","hentry","category-sin-categoria"],"yoast_head":"<!-- This site is optimized with the Yoast SEO plugin v27.3 - https:\/\/yoast.com\/product\/yoast-seo-wordpress\/ -->\n<title>El Quehacer Pol\u00edtico Internacional a trav\u00e9s de la opini\u00f3n\/\/\/Carolina Alonso Romei\/\/\/Dos tercios de los dem\u00f3cratas opinan que Biden debe abandonar la campa\u00f1a, revela encuesta -<\/title>\n<meta name=\"robots\" content=\"index, follow, max-snippet:-1, max-image-preview:large, max-video-preview:-1\" \/>\n<link rel=\"canonical\" href=\"https:\/\/quehacerpolitico.mx\/?p=111400\" \/>\n<meta property=\"og:locale\" content=\"es_MX\" \/>\n<meta property=\"og:type\" content=\"article\" \/>\n<meta property=\"og:title\" content=\"El Quehacer Pol\u00edtico Internacional a trav\u00e9s de la opini\u00f3n\/\/\/Carolina Alonso Romei\/\/\/Dos tercios de los dem\u00f3cratas opinan que Biden debe abandonar la campa\u00f1a, revela encuesta -\" \/>\n<meta property=\"og:description\" content=\"Por Carolina Alonso Romei Internacionalista Casi dos terceras partes de los dem\u00f3cratas opinan que el...\" \/>\n<meta property=\"og:url\" content=\"https:\/\/quehacerpolitico.mx\/?p=111400\" \/>\n<meta property=\"article:published_time\" content=\"2024-07-17T21:22:06+00:00\" \/>\n<meta property=\"article:modified_time\" content=\"2024-07-17T21:22:10+00:00\" \/>\n<meta property=\"og:image\" content=\"https:\/\/quehacerpolitico.mx\/wp-content\/uploads\/2024\/07\/03fa6135-c3fe-44b7-8e96-c6ca323ffebb-7.jpeg\" \/>\n\t<meta property=\"og:image:width\" content=\"963\" \/>\n\t<meta property=\"og:image:height\" content=\"493\" \/>\n\t<meta property=\"og:image:type\" content=\"image\/jpeg\" \/>\n<meta name=\"author\" content=\"Redacci\u00f3n QP\" \/>\n<meta name=\"twitter:card\" content=\"summary_large_image\" \/>\n<meta name=\"twitter:label1\" content=\"Escrito por\" \/>\n\t<meta name=\"twitter:data1\" content=\"Redacci\u00f3n QP\" \/>\n\t<meta name=\"twitter:label2\" content=\"Tiempo de lectura\" \/>\n\t<meta name=\"twitter:data2\" content=\"3 minutos\" \/>\n<script type=\"application\/ld+json\" class=\"yoast-schema-graph\">{\"@context\":\"https:\\\/\\\/schema.org\",\"@graph\":[{\"@type\":\"Article\",\"@id\":\"https:\\\/\\\/quehacerpolitico.mx\\\/?p=111400#article\",\"isPartOf\":{\"@id\":\"https:\\\/\\\/quehacerpolitico.mx\\\/?p=111400\"},\"author\":{\"name\":\"Redacci\u00f3n QP\",\"@id\":\"https:\\\/\\\/quehacerpolitico.mx\\\/#\\\/schema\\\/person\\\/496d8ad2d1d3f8036101dca7ee39e585\"},\"headline\":\"El Quehacer Pol\u00edtico Internacional a trav\u00e9s de la opini\u00f3n\\\/\\\/\\\/Carolina Alonso Romei\\\/\\\/\\\/Dos tercios de los dem\u00f3cratas opinan que Biden debe abandonar la campa\u00f1a, revela encuesta\",\"datePublished\":\"2024-07-17T21:22:06+00:00\",\"dateModified\":\"2024-07-17T21:22:10+00:00\",\"mainEntityOfPage\":{\"@id\":\"https:\\\/\\\/quehacerpolitico.mx\\\/?p=111400\"},\"wordCount\":692,\"commentCount\":0,\"image\":{\"@id\":\"https:\\\/\\\/quehacerpolitico.mx\\\/?p=111400#primaryimage\"},\"thumbnailUrl\":\"https:\\\/\\\/quehacerpolitico.mx\\\/wp-content\\\/uploads\\\/2024\\\/07\\\/03fa6135-c3fe-44b7-8e96-c6ca323ffebb-7.jpeg\",\"articleSection\":[\"Internacionales\"],\"inLanguage\":\"es\",\"potentialAction\":[{\"@type\":\"CommentAction\",\"name\":\"Comment\",\"target\":[\"https:\\\/\\\/quehacerpolitico.mx\\\/?p=111400#respond\"]}]},{\"@type\":\"WebPage\",\"@id\":\"https:\\\/\\\/quehacerpolitico.mx\\\/?p=111400\",\"url\":\"https:\\\/\\\/quehacerpolitico.mx\\\/?p=111400\",\"name\":\"El Quehacer Pol\u00edtico Internacional a trav\u00e9s de la opini\u00f3n\\\/\\\/\\\/Carolina Alonso Romei\\\/\\\/\\\/Dos tercios de los dem\u00f3cratas opinan que Biden debe abandonar la campa\u00f1a, revela encuesta -\",\"isPartOf\":{\"@id\":\"https:\\\/\\\/quehacerpolitico.mx\\\/#website\"},\"primaryImageOfPage\":{\"@id\":\"https:\\\/\\\/quehacerpolitico.mx\\\/?p=111400#primaryimage\"},\"image\":{\"@id\":\"https:\\\/\\\/quehacerpolitico.mx\\\/?p=111400#primaryimage\"},\"thumbnailUrl\":\"https:\\\/\\\/quehacerpolitico.mx\\\/wp-content\\\/uploads\\\/2024\\\/07\\\/03fa6135-c3fe-44b7-8e96-c6ca323ffebb-7.jpeg\",\"datePublished\":\"2024-07-17T21:22:06+00:00\",\"dateModified\":\"2024-07-17T21:22:10+00:00\",\"author\":{\"@id\":\"https:\\\/\\\/quehacerpolitico.mx\\\/#\\\/schema\\\/person\\\/496d8ad2d1d3f8036101dca7ee39e585\"},\"breadcrumb\":{\"@id\":\"https:\\\/\\\/quehacerpolitico.mx\\\/?p=111400#breadcrumb\"},\"inLanguage\":\"es\",\"potentialAction\":[{\"@type\":\"ReadAction\",\"target\":[\"https:\\\/\\\/quehacerpolitico.mx\\\/?p=111400\"]}]},{\"@type\":\"ImageObject\",\"inLanguage\":\"es\",\"@id\":\"https:\\\/\\\/quehacerpolitico.mx\\\/?p=111400#primaryimage\",\"url\":\"https:\\\/\\\/quehacerpolitico.mx\\\/wp-content\\\/uploads\\\/2024\\\/07\\\/03fa6135-c3fe-44b7-8e96-c6ca323ffebb-7.jpeg\",\"contentUrl\":\"https:\\\/\\\/quehacerpolitico.mx\\\/wp-content\\\/uploads\\\/2024\\\/07\\\/03fa6135-c3fe-44b7-8e96-c6ca323ffebb-7.jpeg\",\"width\":963,\"height\":493},{\"@type\":\"BreadcrumbList\",\"@id\":\"https:\\\/\\\/quehacerpolitico.mx\\\/?p=111400#breadcrumb\",\"itemListElement\":[{\"@type\":\"ListItem\",\"position\":1,\"name\":\"Inicio\",\"item\":\"https:\\\/\\\/quehacerpolitico.mx\\\/\"},{\"@type\":\"ListItem\",\"position\":2,\"name\":\"El Quehacer Pol\u00edtico Internacional a trav\u00e9s de la opini\u00f3n\\\/\\\/\\\/Carolina Alonso Romei\\\/\\\/\\\/Dos tercios de los dem\u00f3cratas opinan que Biden debe abandonar la campa\u00f1a, revela encuesta\"}]},{\"@type\":\"WebSite\",\"@id\":\"https:\\\/\\\/quehacerpolitico.mx\\\/#website\",\"url\":\"https:\\\/\\\/quehacerpolitico.mx\\\/\",\"name\":\"\",\"description\":\"\",\"potentialAction\":[{\"@type\":\"SearchAction\",\"target\":{\"@type\":\"EntryPoint\",\"urlTemplate\":\"https:\\\/\\\/quehacerpolitico.mx\\\/?s={search_term_string}\"},\"query-input\":{\"@type\":\"PropertyValueSpecification\",\"valueRequired\":true,\"valueName\":\"search_term_string\"}}],\"inLanguage\":\"es\"},{\"@type\":\"Person\",\"@id\":\"https:\\\/\\\/quehacerpolitico.mx\\\/#\\\/schema\\\/person\\\/496d8ad2d1d3f8036101dca7ee39e585\",\"name\":\"Redacci\u00f3n QP\",\"image\":{\"@type\":\"ImageObject\",\"inLanguage\":\"es\",\"@id\":\"https:\\\/\\\/secure.gravatar.com\\\/avatar\\\/c7164ed6fdec453195284ad24a5ae5b6e1eed2b848477fa2a4787ba9adf39a41?s=96&d=mm&r=g\",\"url\":\"https:\\\/\\\/secure.gravatar.com\\\/avatar\\\/c7164ed6fdec453195284ad24a5ae5b6e1eed2b848477fa2a4787ba9adf39a41?s=96&d=mm&r=g\",\"contentUrl\":\"https:\\\/\\\/secure.gravatar.com\\\/avatar\\\/c7164ed6fdec453195284ad24a5ae5b6e1eed2b848477fa2a4787ba9adf39a41?s=96&d=mm&r=g\",\"caption\":\"Redacci\u00f3n QP\"},\"url\":\"https:\\\/\\\/quehacerpolitico.mx\\\/?author=2\"}]}<\/script>\n<!-- \/ Yoast SEO plugin. -->","yoast_head_json":{"title":"El Quehacer Pol\u00edtico Internacional a trav\u00e9s de la opini\u00f3n\/\/\/Carolina Alonso Romei\/\/\/Dos tercios de los dem\u00f3cratas opinan que Biden debe abandonar la campa\u00f1a, revela encuesta -","robots":{"index":"index","follow":"follow","max-snippet":"max-snippet:-1","max-image-preview":"max-image-preview:large","max-video-preview":"max-video-preview:-1"},"canonical":"https:\/\/quehacerpolitico.mx\/?p=111400","og_locale":"es_MX","og_type":"article","og_title":"El Quehacer Pol\u00edtico Internacional a trav\u00e9s de la opini\u00f3n\/\/\/Carolina Alonso Romei\/\/\/Dos tercios de los dem\u00f3cratas opinan que Biden debe abandonar la campa\u00f1a, revela encuesta -","og_description":"Por Carolina Alonso Romei Internacionalista Casi dos terceras partes de los dem\u00f3cratas opinan que el...","og_url":"https:\/\/quehacerpolitico.mx\/?p=111400","article_published_time":"2024-07-17T21:22:06+00:00","article_modified_time":"2024-07-17T21:22:10+00:00","og_image":[{"width":963,"height":493,"url":"https:\/\/quehacerpolitico.mx\/wp-content\/uploads\/2024\/07\/03fa6135-c3fe-44b7-8e96-c6ca323ffebb-7.jpeg","type":"image\/jpeg"}],"author":"Redacci\u00f3n QP","twitter_card":"summary_large_image","twitter_misc":{"Escrito por":"Redacci\u00f3n QP","Tiempo de lectura":"3 minutos"},"schema":{"@context":"https:\/\/schema.org","@graph":[{"@type":"Article","@id":"https:\/\/quehacerpolitico.mx\/?p=111400#article","isPartOf":{"@id":"https:\/\/quehacerpolitico.mx\/?p=111400"},"author":{"name":"Redacci\u00f3n QP","@id":"https:\/\/quehacerpolitico.mx\/#\/schema\/person\/496d8ad2d1d3f8036101dca7ee39e585"},"headline":"El Quehacer Pol\u00edtico Internacional a trav\u00e9s de la opini\u00f3n\/\/\/Carolina Alonso Romei\/\/\/Dos tercios de los dem\u00f3cratas opinan que Biden debe abandonar la campa\u00f1a, revela encuesta","datePublished":"2024-07-17T21:22:06+00:00","dateModified":"2024-07-17T21:22:10+00:00","mainEntityOfPage":{"@id":"https:\/\/quehacerpolitico.mx\/?p=111400"},"wordCount":692,"commentCount":0,"image":{"@id":"https:\/\/quehacerpolitico.mx\/?p=111400#primaryimage"},"thumbnailUrl":"https:\/\/quehacerpolitico.mx\/wp-content\/uploads\/2024\/07\/03fa6135-c3fe-44b7-8e96-c6ca323ffebb-7.jpeg","articleSection":["Internacionales"],"inLanguage":"es","potentialAction":[{"@type":"CommentAction","name":"Comment","target":["https:\/\/quehacerpolitico.mx\/?p=111400#respond"]}]},{"@type":"WebPage","@id":"https:\/\/quehacerpolitico.mx\/?p=111400","url":"https:\/\/quehacerpolitico.mx\/?p=111400","name":"El Quehacer Pol\u00edtico Internacional a trav\u00e9s de la opini\u00f3n\/\/\/Carolina Alonso Romei\/\/\/Dos tercios de los dem\u00f3cratas opinan que Biden debe abandonar la campa\u00f1a, revela encuesta -","isPartOf":{"@id":"https:\/\/quehacerpolitico.mx\/#website"},"primaryImageOfPage":{"@id":"https:\/\/quehacerpolitico.mx\/?p=111400#primaryimage"},"image":{"@id":"https:\/\/quehacerpolitico.mx\/?p=111400#primaryimage"},"thumbnailUrl":"https:\/\/quehacerpolitico.mx\/wp-content\/uploads\/2024\/07\/03fa6135-c3fe-44b7-8e96-c6ca323ffebb-7.jpeg","datePublished":"2024-07-17T21:22:06+00:00","dateModified":"2024-07-17T21:22:10+00:00","author":{"@id":"https:\/\/quehacerpolitico.mx\/#\/schema\/person\/496d8ad2d1d3f8036101dca7ee39e585"},"breadcrumb":{"@id":"https:\/\/quehacerpolitico.mx\/?p=111400#breadcrumb"},"inLanguage":"es","potentialAction":[{"@type":"ReadAction","target":["https:\/\/quehacerpolitico.mx\/?p=111400"]}]},{"@type":"ImageObject","inLanguage":"es","@id":"https:\/\/quehacerpolitico.mx\/?p=111400#primaryimage","url":"https:\/\/quehacerpolitico.mx\/wp-content\/uploads\/2024\/07\/03fa6135-c3fe-44b7-8e96-c6ca323ffebb-7.jpeg","contentUrl":"https:\/\/quehacerpolitico.mx\/wp-content\/uploads\/2024\/07\/03fa6135-c3fe-44b7-8e96-c6ca323ffebb-7.jpeg","width":963,"height":493},{"@type":"BreadcrumbList","@id":"https:\/\/quehacerpolitico.mx\/?p=111400#breadcrumb","itemListElement":[{"@type":"ListItem","position":1,"name":"Inicio","item":"https:\/\/quehacerpolitico.mx\/"},{"@type":"ListItem","position":2,"name":"El Quehacer Pol\u00edtico Internacional a trav\u00e9s de la opini\u00f3n\/\/\/Carolina Alonso Romei\/\/\/Dos tercios de los dem\u00f3cratas opinan que Biden debe abandonar la campa\u00f1a, revela encuesta"}]},{"@type":"WebSite","@id":"https:\/\/quehacerpolitico.mx\/#website","url":"https:\/\/quehacerpolitico.mx\/","name":"","description":"","potentialAction":[{"@type":"SearchAction","target":{"@type":"EntryPoint","urlTemplate":"https:\/\/quehacerpolitico.mx\/?s={search_term_string}"},"query-input":{"@type":"PropertyValueSpecification","valueRequired":true,"valueName":"search_term_string"}}],"inLanguage":"es"},{"@type":"Person","@id":"https:\/\/quehacerpolitico.mx\/#\/schema\/person\/496d8ad2d1d3f8036101dca7ee39e585","name":"Redacci\u00f3n QP","image":{"@type":"ImageObject","inLanguage":"es","@id":"https:\/\/secure.gravatar.com\/avatar\/c7164ed6fdec453195284ad24a5ae5b6e1eed2b848477fa2a4787ba9adf39a41?s=96&d=mm&r=g","url":"https:\/\/secure.gravatar.com\/avatar\/c7164ed6fdec453195284ad24a5ae5b6e1eed2b848477fa2a4787ba9adf39a41?s=96&d=mm&r=g","contentUrl":"https:\/\/secure.gravatar.com\/avatar\/c7164ed6fdec453195284ad24a5ae5b6e1eed2b848477fa2a4787ba9adf39a41?s=96&d=mm&r=g","caption":"Redacci\u00f3n QP"},"url":"https:\/\/quehacerpolitico.mx\/?author=2"}]}},"featured_image_urls":{"full":["https:\/\/quehacerpolitico.mx\/wp-content\/uploads\/2024\/07\/03fa6135-c3fe-44b7-8e96-c6ca323ffebb-7.jpeg",963,493,false],"thumbnail":["https:\/\/quehacerpolitico.mx\/wp-content\/uploads\/2024\/07\/03fa6135-c3fe-44b7-8e96-c6ca323ffebb-7-150x150.jpeg",150,150,true],"medium":["https:\/\/quehacerpolitico.mx\/wp-content\/uploads\/2024\/07\/03fa6135-c3fe-44b7-8e96-c6ca323ffebb-7-300x154.jpeg",300,154,true],"medium_large":["https:\/\/quehacerpolitico.mx\/wp-content\/uploads\/2024\/07\/03fa6135-c3fe-44b7-8e96-c6ca323ffebb-7-768x393.jpeg",640,328,true],"large":["https:\/\/quehacerpolitico.mx\/wp-content\/uploads\/2024\/07\/03fa6135-c3fe-44b7-8e96-c6ca323ffebb-7.jpeg",640,328,false],"1536x1536":["https:\/\/quehacerpolitico.mx\/wp-content\/uploads\/2024\/07\/03fa6135-c3fe-44b7-8e96-c6ca323ffebb-7.jpeg",963,493,false],"2048x2048":["https:\/\/quehacerpolitico.mx\/wp-content\/uploads\/2024\/07\/03fa6135-c3fe-44b7-8e96-c6ca323ffebb-7.jpeg",963,493,false],"covernews-featured":["https:\/\/quehacerpolitico.mx\/wp-content\/uploads\/2024\/07\/03fa6135-c3fe-44b7-8e96-c6ca323ffebb-7.jpeg",963,493,false],"covernews-medium":["https:\/\/quehacerpolitico.mx\/wp-content\/uploads\/2024\/07\/03fa6135-c3fe-44b7-8e96-c6ca323ffebb-7.jpeg",540,276,false]},"author_info":{"display_name":"Redacci\u00f3n QP","author_link":"https:\/\/quehacerpolitico.mx\/?author=2"},"category_info":"<a href=\"https:\/\/quehacerpolitico.mx\/?cat=1\" rel=\"category\">Internacionales<\/a>","tag_info":"Internacionales","comment_count":"0","_links":{"self":[{"href":"https:\/\/quehacerpolitico.mx\/index.php?rest_route=\/wp\/v2\/posts\/111400","targetHints":{"allow":["GET"]}}],"collection":[{"href":"https:\/\/quehacerpolitico.mx\/index.php?rest_route=\/wp\/v2\/posts"}],"about":[{"href":"https:\/\/quehacerpolitico.mx\/index.php?rest_route=\/wp\/v2\/types\/post"}],"author":[{"embeddable":true,"href":"https:\/\/quehacerpolitico.mx\/index.php?rest_route=\/wp\/v2\/users\/2"}],"replies":[{"embeddable":true,"href":"https:\/\/quehacerpolitico.mx\/index.php?rest_route=%2Fwp%2Fv2%2Fcomments&post=111400"}],"version-history":[{"count":1,"href":"https:\/\/quehacerpolitico.mx\/index.php?rest_route=\/wp\/v2\/posts\/111400\/revisions"}],"predecessor-version":[{"id":111404,"href":"https:\/\/quehacerpolitico.mx\/index.php?rest_route=\/wp\/v2\/posts\/111400\/revisions\/111404"}],"wp:featuredmedia":[{"embeddable":true,"href":"https:\/\/quehacerpolitico.mx\/index.php?rest_route=\/wp\/v2\/media\/111401"}],"wp:attachment":[{"href":"https:\/\/quehacerpolitico.mx\/index.php?rest_route=%2Fwp%2Fv2%2Fmedia&parent=111400"}],"wp:term":[{"taxonomy":"category","embeddable":true,"href":"https:\/\/quehacerpolitico.mx\/index.php?rest_route=%2Fwp%2Fv2%2Fcategories&post=111400"},{"taxonomy":"post_tag","embeddable":true,"href":"https:\/\/quehacerpolitico.mx\/index.php?rest_route=%2Fwp%2Fv2%2Ftags&post=111400"}],"curies":[{"name":"wp","href":"https:\/\/api.w.org\/{rel}","templated":true}]}}