{"id":111397,"date":"2024-07-17T20:49:12","date_gmt":"2024-07-17T20:49:12","guid":{"rendered":"https:\/\/quehacerpolitico.mx\/?p=111397"},"modified":"2024-07-17T20:49:14","modified_gmt":"2024-07-17T20:49:14","slug":"el-quehacer-politico-internacional-a-traves-de-la-opinion-carolina-alonso-romei-continua-la-persecucion-politica-en-venezuela-detienen-al-jefe-de-seguridad-de-la-lider-opositora-corina-machado","status":"publish","type":"post","link":"https:\/\/quehacerpolitico.mx\/?p=111397","title":{"rendered":"El Quehacer Pol\u00edtico Internacional a trav\u00e9s de la opini\u00f3n\/\/\/Carolina Alonso Romei\/\/\/Contin\u00faa la persecuci\u00f3n pol\u00edtica en Venezuela: detienen al jefe de seguridad de la l\u00edder opositora Corina Machado"},"content":{"rendered":"\n<p>Por Carolina Alonso Romei<\/p>\n\n\n\n<p>Internacionalista <\/p>\n\n\n\n<p>El jefe de seguridad de la l\u00edder opositora,&nbsp;<strong>Mar\u00eda Corina Machado<\/strong>, fue detenido en la madrugada del mi\u00e9rcoles, dijo el movimiento&nbsp;<strong>Vente<\/strong>&nbsp;<strong>Venezuela<\/strong>&nbsp;en su cuenta en&nbsp;X.<\/p>\n\n\n\n<p>La organizaci\u00f3n pol\u00edtica de Machado agreg\u00f3 que funcionarios de seguridad se llevaron a&nbsp;<strong>Milciades<\/strong>&nbsp;<strong>\u00c1vila<\/strong>&nbsp;de la residencia donde se encontraba.<\/p>\n\n\n\n<figure class=\"wp-block-embed is-type-rich is-provider-twitter wp-block-embed-twitter\"><div class=\"wp-block-embed__wrapper\">\n<blockquote class=\"twitter-tweet\" data-width=\"550\" data-dnt=\"true\"><p lang=\"es\" dir=\"ltr\"><a href=\"https:\/\/twitter.com\/hashtag\/URGENTE?src=hash&amp;ref_src=twsrc%5Etfw\">#URGENTE<\/a> Secuestrado jefe de protecci\u00f3n de Mar\u00eda Corina Machado (<a href=\"https:\/\/twitter.com\/MariaCorinaYA?ref_src=twsrc%5Etfw\">@MariaCorinaYA<\/a>), Milciades \u00c1vila. <br><br>Hoy en la madrugada, funcionarios del r\u00e9gimen ingresaron a la fuerza a la vivienda donde se encontraba, violando todo procedimiento legal. <br><br>\u00a1Exigimos su liberaci\u00f3n inmediata! <a href=\"https:\/\/t.co\/oQ0ugEOJO7\">pic.twitter.com\/oQ0ugEOJO7<\/a><\/p>&mdash; Vente Venezuela (@VenteVenezuela) <a href=\"https:\/\/twitter.com\/VenteVenezuela\/status\/1813512568440504622?ref_src=twsrc%5Etfw\">July 17, 2024<\/a><\/blockquote><script async src=\"https:\/\/platform.twitter.com\/widgets.js\" charset=\"utf-8\"><\/script>\n<\/div><\/figure>\n\n\n\n<p>Machado dijo en su cuenta de X que \u00c1vila fue \u201cacusado de violencia de g\u00e9nero\u201d contra un grupo de mujeres que \u201cintentaron agredirnos a Edmundo y a m\u00ed\u201d el s\u00e1bado pasado en un local de comida en la carretera desde&nbsp;<strong>Valencia<\/strong>&nbsp;a&nbsp;<strong>Caracas<\/strong>.<\/p>\n\n\n\n<figure class=\"wp-block-embed is-type-rich is-provider-twitter wp-block-embed-twitter\"><div class=\"wp-block-embed__wrapper\">\n<blockquote class=\"twitter-tweet\" data-width=\"550\" data-dnt=\"true\"><p lang=\"es\" dir=\"ltr\">Milciades \u00c1vila es parte de nuestro equipo desde hace 10 a\u00f1os, y hoy es el jefe de nuestra unidad de protecci\u00f3n. Previamente tuvo una destacada trayectoria en la polic\u00eda.<br>\u00c1vila me ha acompa\u00f1ado alrededor de todo el pa\u00eds y ha arriesgado su vida para defenderme.<br><br>Esta madrugada fue\u2026 <a href=\"https:\/\/t.co\/hhkWJAGX2M\">pic.twitter.com\/hhkWJAGX2M<\/a><\/p>&mdash; Mar\u00eda Corina Machado (@MariaCorinaYA) <a href=\"https:\/\/twitter.com\/MariaCorinaYA\/status\/1813550584227578025?ref_src=twsrc%5Etfw\">July 17, 2024<\/a><\/blockquote><script async src=\"https:\/\/platform.twitter.com\/widgets.js\" charset=\"utf-8\"><\/script>\n<\/div><\/figure>\n\n\n\n<p>Al menos media decena de mujeres simpatizantes del oficialismo, algunas de ellas funcionarias de una gobernaci\u00f3n regional, ingresaron al local increpando a Machado y Gonz\u00e1lez, que rodearon a los dirigentes opositores sin que hubiera mayores&nbsp;<strong>forcejeos<\/strong>, seg\u00fan im\u00e1genes divulgadas en los medios locales.<\/p>\n\n\n\n<p>\u00c1vila, que tiene 10 a\u00f1os trabajando con Machado, \u201cme ha acompa\u00f1ado alrededor de todo el pa\u00eds y ha arriesgado su vida para defenderme\u201d, agreg\u00f3 la dirigente.<\/p>\n\n\n\n<figure class=\"wp-block-embed is-type-video is-provider-youtube wp-block-embed-youtube wp-embed-aspect-16-9 wp-has-aspect-ratio\"><div class=\"wp-block-embed__wrapper\">\n<iframe loading=\"lazy\" title=\"El r\u00e9gimen secuestr\u00f3 al jefe de custodia de Mar\u00eda Corina Machado - DNews\" width=\"640\" height=\"360\" src=\"https:\/\/www.youtube.com\/embed\/WlYA8gbF0VI?feature=oembed\" frameborder=\"0\" allow=\"accelerometer; autoplay; clipboard-write; encrypted-media; gyroscope; picture-in-picture; web-share\" referrerpolicy=\"strict-origin-when-cross-origin\" allowfullscreen><\/iframe>\n<\/div><\/figure>\n\n\n\n<p>\u201cMaduro ha hecho de la violencia y la represi\u00f3n, su campa\u00f1a\u201d, dijo.<\/p>\n\n\n\n<p>El arresto ocurre\u00a0a pocos d\u00edas de las\u00a0<strong>elecciones<\/strong>\u00a0<strong>presidenciales<\/strong>\u00a0del 28 de julio, en las que el candidato de la oposici\u00f3n, el exdiplom\u00e1tico\u00a0<strong>Edmundo<\/strong>\u00a0<strong>Gonz\u00e1lez<\/strong>, aventaja\u00a0por unos 20 puntos,\u00a0seg\u00fan las encuestas, al presidente\u00a0<strong>Nicol\u00e1s<\/strong>\u00a0<strong>Maduro<\/strong>, que busca un\u00a0tercer mandato.<\/p>\n\n\n\n<p>Desde el inicio de la campa\u00f1a electoral, el 4 de julio, han sido&nbsp;<strong>detenidas<\/strong>, al menos, un centenar de personas, dijo la&nbsp;organizaci\u00f3n no gubernamental&nbsp;<strong>Foro<\/strong>&nbsp;<strong>Penal<\/strong>.<\/p>\n\n\n\n<p>El Ministerio de Comunicaci\u00f3n y la Fiscal\u00eda General de Venezuela no respondieron de inmediato a solicitudes de comentarios<a href=\"https:\/\/x.com\/latinus_us\" target=\"_blank\" rel=\"noreferrer noopener\">.<\/a><\/p>\n\n\n\n<p>Unos seis colaboradores de Machado se encuentran&nbsp;desde marzo&nbsp;en la embajada de&nbsp;<strong>Argentina<\/strong>&nbsp;en Caracas, luego de haber pedido&nbsp;<strong>asilo<\/strong>&nbsp;debido a \u00f3rdenes de captura de la fiscal\u00eda en su contra por conspiraci\u00f3n.<\/p>\n\n\n\n<p>Con informaci\u00f3n de Reuters<\/p>\n","protected":false},"excerpt":{"rendered":"<p>Por Carolina Alonso Romei Internacionalista El jefe de seguridad de la l\u00edder opositora,&nbsp;Mar\u00eda Corina Machado,&#8230;<\/p>\n","protected":false},"author":2,"featured_media":111398,"comment_status":"open","ping_status":"open","sticky":false,"template":"","format":"standard","meta":{"_monsterinsights_skip_tracking":false,"_monsterinsights_sitenote_active":false,"_monsterinsights_sitenote_note":"","_monsterinsights_sitenote_category":0,"footnotes":""},"categories":[1],"tags":[],"class_list":["post-111397","post","type-post","status-publish","format-standard","has-post-thumbnail","hentry","category-sin-categoria"],"yoast_head":"<!-- This site is optimized with the Yoast SEO plugin v27.3 - https:\/\/yoast.com\/product\/yoast-seo-wordpress\/ -->\n<title>El Quehacer Pol\u00edtico Internacional a trav\u00e9s de la opini\u00f3n\/\/\/Carolina Alonso Romei\/\/\/Contin\u00faa la persecuci\u00f3n pol\u00edtica en Venezuela: detienen al jefe de seguridad de la l\u00edder opositora Corina Machado -<\/title>\n<meta name=\"robots\" content=\"index, follow, max-snippet:-1, max-image-preview:large, max-video-preview:-1\" \/>\n<link rel=\"canonical\" href=\"https:\/\/quehacerpolitico.mx\/?p=111397\" \/>\n<meta property=\"og:locale\" content=\"es_MX\" \/>\n<meta property=\"og:type\" content=\"article\" \/>\n<meta property=\"og:title\" content=\"El Quehacer Pol\u00edtico Internacional a trav\u00e9s de la opini\u00f3n\/\/\/Carolina Alonso Romei\/\/\/Contin\u00faa la persecuci\u00f3n pol\u00edtica en Venezuela: detienen al jefe de seguridad de la l\u00edder opositora Corina Machado -\" \/>\n<meta property=\"og:description\" content=\"Por Carolina Alonso Romei Internacionalista El jefe de seguridad de la l\u00edder opositora,&nbsp;Mar\u00eda Corina Machado,...\" \/>\n<meta property=\"og:url\" content=\"https:\/\/quehacerpolitico.mx\/?p=111397\" \/>\n<meta property=\"article:published_time\" content=\"2024-07-17T20:49:12+00:00\" \/>\n<meta property=\"article:modified_time\" content=\"2024-07-17T20:49:14+00:00\" \/>\n<meta property=\"og:image\" content=\"https:\/\/quehacerpolitico.mx\/wp-content\/uploads\/2024\/07\/03fa6135-c3fe-44b7-8e96-c6ca323ffebb-6.jpeg\" \/>\n\t<meta property=\"og:image:width\" content=\"963\" \/>\n\t<meta property=\"og:image:height\" content=\"493\" \/>\n\t<meta property=\"og:image:type\" content=\"image\/jpeg\" \/>\n<meta name=\"author\" content=\"Redacci\u00f3n QP\" \/>\n<meta name=\"twitter:card\" content=\"summary_large_image\" \/>\n<meta name=\"twitter:label1\" content=\"Escrito por\" \/>\n\t<meta name=\"twitter:data1\" content=\"Redacci\u00f3n QP\" \/>\n\t<meta name=\"twitter:label2\" content=\"Tiempo de lectura\" \/>\n\t<meta name=\"twitter:data2\" content=\"2 minutos\" \/>\n<script type=\"application\/ld+json\" class=\"yoast-schema-graph\">{\"@context\":\"https:\\\/\\\/schema.org\",\"@graph\":[{\"@type\":\"Article\",\"@id\":\"https:\\\/\\\/quehacerpolitico.mx\\\/?p=111397#article\",\"isPartOf\":{\"@id\":\"https:\\\/\\\/quehacerpolitico.mx\\\/?p=111397\"},\"author\":{\"name\":\"Redacci\u00f3n QP\",\"@id\":\"https:\\\/\\\/quehacerpolitico.mx\\\/#\\\/schema\\\/person\\\/496d8ad2d1d3f8036101dca7ee39e585\"},\"headline\":\"El Quehacer Pol\u00edtico Internacional a trav\u00e9s de la opini\u00f3n\\\/\\\/\\\/Carolina Alonso Romei\\\/\\\/\\\/Contin\u00faa la persecuci\u00f3n pol\u00edtica en Venezuela: detienen al jefe de seguridad de la l\u00edder opositora Corina Machado\",\"datePublished\":\"2024-07-17T20:49:12+00:00\",\"dateModified\":\"2024-07-17T20:49:14+00:00\",\"mainEntityOfPage\":{\"@id\":\"https:\\\/\\\/quehacerpolitico.mx\\\/?p=111397\"},\"wordCount\":418,\"commentCount\":0,\"image\":{\"@id\":\"https:\\\/\\\/quehacerpolitico.mx\\\/?p=111397#primaryimage\"},\"thumbnailUrl\":\"https:\\\/\\\/quehacerpolitico.mx\\\/wp-content\\\/uploads\\\/2024\\\/07\\\/03fa6135-c3fe-44b7-8e96-c6ca323ffebb-6.jpeg\",\"articleSection\":[\"Internacionales\"],\"inLanguage\":\"es\",\"potentialAction\":[{\"@type\":\"CommentAction\",\"name\":\"Comment\",\"target\":[\"https:\\\/\\\/quehacerpolitico.mx\\\/?p=111397#respond\"]}]},{\"@type\":\"WebPage\",\"@id\":\"https:\\\/\\\/quehacerpolitico.mx\\\/?p=111397\",\"url\":\"https:\\\/\\\/quehacerpolitico.mx\\\/?p=111397\",\"name\":\"El Quehacer Pol\u00edtico Internacional a trav\u00e9s de la opini\u00f3n\\\/\\\/\\\/Carolina Alonso Romei\\\/\\\/\\\/Contin\u00faa la persecuci\u00f3n pol\u00edtica en Venezuela: detienen al jefe de seguridad de la l\u00edder opositora Corina Machado -\",\"isPartOf\":{\"@id\":\"https:\\\/\\\/quehacerpolitico.mx\\\/#website\"},\"primaryImageOfPage\":{\"@id\":\"https:\\\/\\\/quehacerpolitico.mx\\\/?p=111397#primaryimage\"},\"image\":{\"@id\":\"https:\\\/\\\/quehacerpolitico.mx\\\/?p=111397#primaryimage\"},\"thumbnailUrl\":\"https:\\\/\\\/quehacerpolitico.mx\\\/wp-content\\\/uploads\\\/2024\\\/07\\\/03fa6135-c3fe-44b7-8e96-c6ca323ffebb-6.jpeg\",\"datePublished\":\"2024-07-17T20:49:12+00:00\",\"dateModified\":\"2024-07-17T20:49:14+00:00\",\"author\":{\"@id\":\"https:\\\/\\\/quehacerpolitico.mx\\\/#\\\/schema\\\/person\\\/496d8ad2d1d3f8036101dca7ee39e585\"},\"breadcrumb\":{\"@id\":\"https:\\\/\\\/quehacerpolitico.mx\\\/?p=111397#breadcrumb\"},\"inLanguage\":\"es\",\"potentialAction\":[{\"@type\":\"ReadAction\",\"target\":[\"https:\\\/\\\/quehacerpolitico.mx\\\/?p=111397\"]}]},{\"@type\":\"ImageObject\",\"inLanguage\":\"es\",\"@id\":\"https:\\\/\\\/quehacerpolitico.mx\\\/?p=111397#primaryimage\",\"url\":\"https:\\\/\\\/quehacerpolitico.mx\\\/wp-content\\\/uploads\\\/2024\\\/07\\\/03fa6135-c3fe-44b7-8e96-c6ca323ffebb-6.jpeg\",\"contentUrl\":\"https:\\\/\\\/quehacerpolitico.mx\\\/wp-content\\\/uploads\\\/2024\\\/07\\\/03fa6135-c3fe-44b7-8e96-c6ca323ffebb-6.jpeg\",\"width\":963,\"height\":493},{\"@type\":\"BreadcrumbList\",\"@id\":\"https:\\\/\\\/quehacerpolitico.mx\\\/?p=111397#breadcrumb\",\"itemListElement\":[{\"@type\":\"ListItem\",\"position\":1,\"name\":\"Inicio\",\"item\":\"https:\\\/\\\/quehacerpolitico.mx\\\/\"},{\"@type\":\"ListItem\",\"position\":2,\"name\":\"El Quehacer Pol\u00edtico Internacional a trav\u00e9s de la opini\u00f3n\\\/\\\/\\\/Carolina Alonso Romei\\\/\\\/\\\/Contin\u00faa la persecuci\u00f3n pol\u00edtica en Venezuela: detienen al jefe de seguridad de la l\u00edder opositora Corina Machado\"}]},{\"@type\":\"WebSite\",\"@id\":\"https:\\\/\\\/quehacerpolitico.mx\\\/#website\",\"url\":\"https:\\\/\\\/quehacerpolitico.mx\\\/\",\"name\":\"\",\"description\":\"\",\"potentialAction\":[{\"@type\":\"SearchAction\",\"target\":{\"@type\":\"EntryPoint\",\"urlTemplate\":\"https:\\\/\\\/quehacerpolitico.mx\\\/?s={search_term_string}\"},\"query-input\":{\"@type\":\"PropertyValueSpecification\",\"valueRequired\":true,\"valueName\":\"search_term_string\"}}],\"inLanguage\":\"es\"},{\"@type\":\"Person\",\"@id\":\"https:\\\/\\\/quehacerpolitico.mx\\\/#\\\/schema\\\/person\\\/496d8ad2d1d3f8036101dca7ee39e585\",\"name\":\"Redacci\u00f3n QP\",\"image\":{\"@type\":\"ImageObject\",\"inLanguage\":\"es\",\"@id\":\"https:\\\/\\\/secure.gravatar.com\\\/avatar\\\/c7164ed6fdec453195284ad24a5ae5b6e1eed2b848477fa2a4787ba9adf39a41?s=96&d=mm&r=g\",\"url\":\"https:\\\/\\\/secure.gravatar.com\\\/avatar\\\/c7164ed6fdec453195284ad24a5ae5b6e1eed2b848477fa2a4787ba9adf39a41?s=96&d=mm&r=g\",\"contentUrl\":\"https:\\\/\\\/secure.gravatar.com\\\/avatar\\\/c7164ed6fdec453195284ad24a5ae5b6e1eed2b848477fa2a4787ba9adf39a41?s=96&d=mm&r=g\",\"caption\":\"Redacci\u00f3n QP\"},\"url\":\"https:\\\/\\\/quehacerpolitico.mx\\\/?author=2\"}]}<\/script>\n<!-- \/ Yoast SEO plugin. -->","yoast_head_json":{"title":"El Quehacer Pol\u00edtico Internacional a trav\u00e9s de la opini\u00f3n\/\/\/Carolina Alonso Romei\/\/\/Contin\u00faa la persecuci\u00f3n pol\u00edtica en Venezuela: detienen al jefe de seguridad de la l\u00edder opositora Corina Machado -","robots":{"index":"index","follow":"follow","max-snippet":"max-snippet:-1","max-image-preview":"max-image-preview:large","max-video-preview":"max-video-preview:-1"},"canonical":"https:\/\/quehacerpolitico.mx\/?p=111397","og_locale":"es_MX","og_type":"article","og_title":"El Quehacer Pol\u00edtico Internacional a trav\u00e9s de la opini\u00f3n\/\/\/Carolina Alonso Romei\/\/\/Contin\u00faa la persecuci\u00f3n pol\u00edtica en Venezuela: detienen al jefe de seguridad de la l\u00edder opositora Corina Machado -","og_description":"Por Carolina Alonso Romei Internacionalista El jefe de seguridad de la l\u00edder opositora,&nbsp;Mar\u00eda Corina Machado,...","og_url":"https:\/\/quehacerpolitico.mx\/?p=111397","article_published_time":"2024-07-17T20:49:12+00:00","article_modified_time":"2024-07-17T20:49:14+00:00","og_image":[{"width":963,"height":493,"url":"https:\/\/quehacerpolitico.mx\/wp-content\/uploads\/2024\/07\/03fa6135-c3fe-44b7-8e96-c6ca323ffebb-6.jpeg","type":"image\/jpeg"}],"author":"Redacci\u00f3n QP","twitter_card":"summary_large_image","twitter_misc":{"Escrito por":"Redacci\u00f3n QP","Tiempo de lectura":"2 minutos"},"schema":{"@context":"https:\/\/schema.org","@graph":[{"@type":"Article","@id":"https:\/\/quehacerpolitico.mx\/?p=111397#article","isPartOf":{"@id":"https:\/\/quehacerpolitico.mx\/?p=111397"},"author":{"name":"Redacci\u00f3n QP","@id":"https:\/\/quehacerpolitico.mx\/#\/schema\/person\/496d8ad2d1d3f8036101dca7ee39e585"},"headline":"El Quehacer Pol\u00edtico Internacional a trav\u00e9s de la opini\u00f3n\/\/\/Carolina Alonso Romei\/\/\/Contin\u00faa la persecuci\u00f3n pol\u00edtica en Venezuela: detienen al jefe de seguridad de la l\u00edder opositora Corina Machado","datePublished":"2024-07-17T20:49:12+00:00","dateModified":"2024-07-17T20:49:14+00:00","mainEntityOfPage":{"@id":"https:\/\/quehacerpolitico.mx\/?p=111397"},"wordCount":418,"commentCount":0,"image":{"@id":"https:\/\/quehacerpolitico.mx\/?p=111397#primaryimage"},"thumbnailUrl":"https:\/\/quehacerpolitico.mx\/wp-content\/uploads\/2024\/07\/03fa6135-c3fe-44b7-8e96-c6ca323ffebb-6.jpeg","articleSection":["Internacionales"],"inLanguage":"es","potentialAction":[{"@type":"CommentAction","name":"Comment","target":["https:\/\/quehacerpolitico.mx\/?p=111397#respond"]}]},{"@type":"WebPage","@id":"https:\/\/quehacerpolitico.mx\/?p=111397","url":"https:\/\/quehacerpolitico.mx\/?p=111397","name":"El Quehacer Pol\u00edtico Internacional a trav\u00e9s de la opini\u00f3n\/\/\/Carolina Alonso Romei\/\/\/Contin\u00faa la persecuci\u00f3n pol\u00edtica en Venezuela: detienen al jefe de seguridad de la l\u00edder opositora Corina Machado -","isPartOf":{"@id":"https:\/\/quehacerpolitico.mx\/#website"},"primaryImageOfPage":{"@id":"https:\/\/quehacerpolitico.mx\/?p=111397#primaryimage"},"image":{"@id":"https:\/\/quehacerpolitico.mx\/?p=111397#primaryimage"},"thumbnailUrl":"https:\/\/quehacerpolitico.mx\/wp-content\/uploads\/2024\/07\/03fa6135-c3fe-44b7-8e96-c6ca323ffebb-6.jpeg","datePublished":"2024-07-17T20:49:12+00:00","dateModified":"2024-07-17T20:49:14+00:00","author":{"@id":"https:\/\/quehacerpolitico.mx\/#\/schema\/person\/496d8ad2d1d3f8036101dca7ee39e585"},"breadcrumb":{"@id":"https:\/\/quehacerpolitico.mx\/?p=111397#breadcrumb"},"inLanguage":"es","potentialAction":[{"@type":"ReadAction","target":["https:\/\/quehacerpolitico.mx\/?p=111397"]}]},{"@type":"ImageObject","inLanguage":"es","@id":"https:\/\/quehacerpolitico.mx\/?p=111397#primaryimage","url":"https:\/\/quehacerpolitico.mx\/wp-content\/uploads\/2024\/07\/03fa6135-c3fe-44b7-8e96-c6ca323ffebb-6.jpeg","contentUrl":"https:\/\/quehacerpolitico.mx\/wp-content\/uploads\/2024\/07\/03fa6135-c3fe-44b7-8e96-c6ca323ffebb-6.jpeg","width":963,"height":493},{"@type":"BreadcrumbList","@id":"https:\/\/quehacerpolitico.mx\/?p=111397#breadcrumb","itemListElement":[{"@type":"ListItem","position":1,"name":"Inicio","item":"https:\/\/quehacerpolitico.mx\/"},{"@type":"ListItem","position":2,"name":"El Quehacer Pol\u00edtico Internacional a trav\u00e9s de la opini\u00f3n\/\/\/Carolina Alonso Romei\/\/\/Contin\u00faa la persecuci\u00f3n pol\u00edtica en Venezuela: detienen al jefe de seguridad de la l\u00edder opositora Corina Machado"}]},{"@type":"WebSite","@id":"https:\/\/quehacerpolitico.mx\/#website","url":"https:\/\/quehacerpolitico.mx\/","name":"","description":"","potentialAction":[{"@type":"SearchAction","target":{"@type":"EntryPoint","urlTemplate":"https:\/\/quehacerpolitico.mx\/?s={search_term_string}"},"query-input":{"@type":"PropertyValueSpecification","valueRequired":true,"valueName":"search_term_string"}}],"inLanguage":"es"},{"@type":"Person","@id":"https:\/\/quehacerpolitico.mx\/#\/schema\/person\/496d8ad2d1d3f8036101dca7ee39e585","name":"Redacci\u00f3n QP","image":{"@type":"ImageObject","inLanguage":"es","@id":"https:\/\/secure.gravatar.com\/avatar\/c7164ed6fdec453195284ad24a5ae5b6e1eed2b848477fa2a4787ba9adf39a41?s=96&d=mm&r=g","url":"https:\/\/secure.gravatar.com\/avatar\/c7164ed6fdec453195284ad24a5ae5b6e1eed2b848477fa2a4787ba9adf39a41?s=96&d=mm&r=g","contentUrl":"https:\/\/secure.gravatar.com\/avatar\/c7164ed6fdec453195284ad24a5ae5b6e1eed2b848477fa2a4787ba9adf39a41?s=96&d=mm&r=g","caption":"Redacci\u00f3n QP"},"url":"https:\/\/quehacerpolitico.mx\/?author=2"}]}},"featured_image_urls":{"full":["https:\/\/quehacerpolitico.mx\/wp-content\/uploads\/2024\/07\/03fa6135-c3fe-44b7-8e96-c6ca323ffebb-6.jpeg",963,493,false],"thumbnail":["https:\/\/quehacerpolitico.mx\/wp-content\/uploads\/2024\/07\/03fa6135-c3fe-44b7-8e96-c6ca323ffebb-6-150x150.jpeg",150,150,true],"medium":["https:\/\/quehacerpolitico.mx\/wp-content\/uploads\/2024\/07\/03fa6135-c3fe-44b7-8e96-c6ca323ffebb-6-300x154.jpeg",300,154,true],"medium_large":["https:\/\/quehacerpolitico.mx\/wp-content\/uploads\/2024\/07\/03fa6135-c3fe-44b7-8e96-c6ca323ffebb-6-768x393.jpeg",640,328,true],"large":["https:\/\/quehacerpolitico.mx\/wp-content\/uploads\/2024\/07\/03fa6135-c3fe-44b7-8e96-c6ca323ffebb-6.jpeg",640,328,false],"1536x1536":["https:\/\/quehacerpolitico.mx\/wp-content\/uploads\/2024\/07\/03fa6135-c3fe-44b7-8e96-c6ca323ffebb-6.jpeg",963,493,false],"2048x2048":["https:\/\/quehacerpolitico.mx\/wp-content\/uploads\/2024\/07\/03fa6135-c3fe-44b7-8e96-c6ca323ffebb-6.jpeg",963,493,false],"covernews-featured":["https:\/\/quehacerpolitico.mx\/wp-content\/uploads\/2024\/07\/03fa6135-c3fe-44b7-8e96-c6ca323ffebb-6.jpeg",963,493,false],"covernews-medium":["https:\/\/quehacerpolitico.mx\/wp-content\/uploads\/2024\/07\/03fa6135-c3fe-44b7-8e96-c6ca323ffebb-6.jpeg",540,276,false]},"author_info":{"display_name":"Redacci\u00f3n QP","author_link":"https:\/\/quehacerpolitico.mx\/?author=2"},"category_info":"<a href=\"https:\/\/quehacerpolitico.mx\/?cat=1\" rel=\"category\">Internacionales<\/a>","tag_info":"Internacionales","comment_count":"0","_links":{"self":[{"href":"https:\/\/quehacerpolitico.mx\/index.php?rest_route=\/wp\/v2\/posts\/111397","targetHints":{"allow":["GET"]}}],"collection":[{"href":"https:\/\/quehacerpolitico.mx\/index.php?rest_route=\/wp\/v2\/posts"}],"about":[{"href":"https:\/\/quehacerpolitico.mx\/index.php?rest_route=\/wp\/v2\/types\/post"}],"author":[{"embeddable":true,"href":"https:\/\/quehacerpolitico.mx\/index.php?rest_route=\/wp\/v2\/users\/2"}],"replies":[{"embeddable":true,"href":"https:\/\/quehacerpolitico.mx\/index.php?rest_route=%2Fwp%2Fv2%2Fcomments&post=111397"}],"version-history":[{"count":1,"href":"https:\/\/quehacerpolitico.mx\/index.php?rest_route=\/wp\/v2\/posts\/111397\/revisions"}],"predecessor-version":[{"id":111399,"href":"https:\/\/quehacerpolitico.mx\/index.php?rest_route=\/wp\/v2\/posts\/111397\/revisions\/111399"}],"wp:featuredmedia":[{"embeddable":true,"href":"https:\/\/quehacerpolitico.mx\/index.php?rest_route=\/wp\/v2\/media\/111398"}],"wp:attachment":[{"href":"https:\/\/quehacerpolitico.mx\/index.php?rest_route=%2Fwp%2Fv2%2Fmedia&parent=111397"}],"wp:term":[{"taxonomy":"category","embeddable":true,"href":"https:\/\/quehacerpolitico.mx\/index.php?rest_route=%2Fwp%2Fv2%2Fcategories&post=111397"},{"taxonomy":"post_tag","embeddable":true,"href":"https:\/\/quehacerpolitico.mx\/index.php?rest_route=%2Fwp%2Fv2%2Ftags&post=111397"}],"curies":[{"name":"wp","href":"https:\/\/api.w.org\/{rel}","templated":true}]}}