{"id":111381,"date":"2024-07-16T21:07:15","date_gmt":"2024-07-16T21:07:15","guid":{"rendered":"https:\/\/quehacerpolitico.mx\/?p=111381"},"modified":"2024-07-16T21:07:17","modified_gmt":"2024-07-16T21:07:17","slug":"mama-se-fue-a-la-luna-busca-sanar-la-ausencia","status":"publish","type":"post","link":"https:\/\/quehacerpolitico.mx\/?p=111381","title":{"rendered":"\u201cMam\u00e1 se fue a la Luna\u201d busca sanar la ausencia"},"content":{"rendered":"\n<p>Por Redacci\u00f3n QP<\/p>\n\n\n\n<p>En esta\u00a0puesta en escena \u201cCatalina\u201d queda al cuidado de sus hermanos y buscar\u00e1 no manchar la imagen de su madre tras su abandono<\/p>\n\n\n\n<p>La puesta en escena \u201cMam\u00e1 se fue a la Luna\u201d est\u00e1 en su tercera temporada, y para su autor y director Clemente Vega, cada funci\u00f3n que han dado ha sido como un paso a la sanaci\u00f3n y al perd\u00f3n, no s\u00f3lo para \u00e9l, tambi\u00e9n para el p\u00fablico.<\/p>\n\n\n\n<p>\u201cLo que m\u00e1s me emociona es cuando la gente se acerca y nos dice: \u2018me vi, vi a mi t\u00edo, me sent\u00ed otra vez en mi casa\u2019. Es muy bello saber que nuestras historias siempre conectan sin importar de d\u00f3nde vengamos, hay algo del dolor y el amor que nos hacen sentir del mismo lugar\u201d.<\/p>\n\n\n\n<p><strong>Vega explic\u00f3 que se trata de una obra muy personal, porque en ella plasm\u00f3 lo que se vivi\u00f3 dentro de su familia cuando tuvo que experimentar la ausencia de su madre.<\/strong><\/p>\n\n\n\n<p>\u201cPara m\u00ed era muy importante contar c\u00f3mo mis seres queridos y yo superamos esta dificultad gracias al apoyo de muchas personas alrededor. Esto para m\u00ed fue sanador y confrontativo, porque yo no hab\u00eda perdonado hasta que hice esta obra, pero es hermoso ver que no soy el \u00fanico que ha pasado por algo as\u00ed\u201d.<\/p>\n\n\n\n<p>Vega, quien presenta esta obra todos los jueves en el Foro Lucerna a las 20:00 horas&nbsp;-ubicado en calle Lucerna 64, Ju\u00e1rez, Cuauht\u00e9moc, Ciudad de M\u00e9xico-,<strong>&nbsp;cuenta la historia ambientada en 1985 de \u201cCatalina\u201d, quien sufre el abandono de su mam\u00e1, qued\u00e1ndose ella a cargo de sus dos hermanos peque\u00f1os. Para mantener sus corazones intactos, les dice que su madre se fue a la luna, un enga\u00f1o que conforme pasa el tiempo le es cada vez m\u00e1s dif\u00edcil sostener, hasta que termina por ser descubierta.<\/strong><\/p>\n\n\n\n<p>Para Clemente, era importante que un tema tan doloroso como el abandono no fuera llevado a escena de una manera tan cruda, por eso apel\u00f3 a la inocencia y al amor que \u201cCatalina\u201d, su protagonista, siente por sus hermanos, para crear una mentira que los ayude a salir adelante.<\/p>\n\n\n\n<p>\u201cUna de las cosas m\u00e1s dif\u00edciles de sobrellevar en un abandono, ya sea de mam\u00e1 o pap\u00e1, es mantener la inocencia de los ni\u00f1os. En nuestra historia familiar no hubo algo como lo que hizo \u2018Catalina\u2019, pero s\u00ed otras que utilizamos para proteger a los miembros m\u00e1s peque\u00f1os\u201d.<\/p>\n\n\n\n<p>A pesar de que la obra va dirigida a adolescentes y adultos, Vega detalla que cuando han llegado algunos peque\u00f1os a las funciones igualmente se la pasan muy bien, gracias a que el humor es muy mexicano y f\u00e1cil de comprender para todos.<\/p>\n\n\n\n<p>Si bien el montaje habla del abandono, el amor fraternal y la desilusi\u00f3n, entre otros temas, tambi\u00e9n se aborda la diversidad de las familias, una realidad cada vez m\u00e1s palpable en la actualidad.<\/p>\n\n\n\n<p>\u201cLa historia muestra que siempre han existido diferentes tipos de familias, aunque no se mencionen las homoparentales, pero ha habido hogares donde la abuelita le hace de mam\u00e1, o el t\u00edo de pap\u00e1\u201d.<\/p>\n\n\n\n<p><strong>El director lament\u00f3 el hecho de que haya ni\u00f1os que se tengan que hacer cargo de sus hermanos m\u00e1s peque\u00f1os, pues, considera, eso termina con sus infancias.<\/strong><\/p>\n\n\n\n<p>Si estas vacaciones decides viajar a la Ciudad de M\u00e9xico, poner en tu itinerario esta puesta en escena es una gran opci\u00f3n.<\/p>\n\n\n\n<p>Con informaci\u00f3n de El Universal<\/p>\n","protected":false},"excerpt":{"rendered":"<p>Por Redacci\u00f3n QP En esta\u00a0puesta en escena \u201cCatalina\u201d queda al cuidado de sus hermanos y&#8230;<\/p>\n","protected":false},"author":2,"featured_media":111382,"comment_status":"open","ping_status":"open","sticky":false,"template":"","format":"standard","meta":{"_monsterinsights_skip_tracking":false,"_monsterinsights_sitenote_active":false,"_monsterinsights_sitenote_note":"","_monsterinsights_sitenote_category":0,"footnotes":""},"categories":[58],"tags":[],"class_list":["post-111381","post","type-post","status-publish","format-standard","has-post-thumbnail","hentry","category-cultura"],"yoast_head":"<!-- This site is optimized with the Yoast SEO plugin v27.3 - https:\/\/yoast.com\/product\/yoast-seo-wordpress\/ -->\n<title>\u201cMam\u00e1 se fue a la Luna\u201d busca sanar la ausencia -<\/title>\n<meta name=\"robots\" content=\"index, follow, max-snippet:-1, max-image-preview:large, max-video-preview:-1\" \/>\n<link rel=\"canonical\" href=\"https:\/\/quehacerpolitico.mx\/?p=111381\" \/>\n<meta property=\"og:locale\" content=\"es_MX\" \/>\n<meta property=\"og:type\" content=\"article\" \/>\n<meta property=\"og:title\" content=\"\u201cMam\u00e1 se fue a la Luna\u201d busca sanar la ausencia -\" \/>\n<meta property=\"og:description\" content=\"Por Redacci\u00f3n QP En esta\u00a0puesta en escena \u201cCatalina\u201d queda al cuidado de sus hermanos y...\" \/>\n<meta property=\"og:url\" content=\"https:\/\/quehacerpolitico.mx\/?p=111381\" \/>\n<meta property=\"article:published_time\" content=\"2024-07-16T21:07:15+00:00\" \/>\n<meta property=\"article:modified_time\" content=\"2024-07-16T21:07:17+00:00\" \/>\n<meta property=\"og:image\" content=\"https:\/\/quehacerpolitico.mx\/wp-content\/uploads\/2024\/07\/IMG_6737.jpeg\" \/>\n\t<meta property=\"og:image:width\" content=\"1284\" \/>\n\t<meta property=\"og:image:height\" content=\"820\" \/>\n\t<meta property=\"og:image:type\" content=\"image\/jpeg\" \/>\n<meta name=\"author\" content=\"Redacci\u00f3n QP\" \/>\n<meta name=\"twitter:card\" content=\"summary_large_image\" \/>\n<meta name=\"twitter:label1\" content=\"Escrito por\" \/>\n\t<meta name=\"twitter:data1\" content=\"Redacci\u00f3n QP\" \/>\n\t<meta name=\"twitter:label2\" content=\"Tiempo de lectura\" \/>\n\t<meta name=\"twitter:data2\" content=\"3 minutos\" \/>\n<script type=\"application\/ld+json\" class=\"yoast-schema-graph\">{\"@context\":\"https:\\\/\\\/schema.org\",\"@graph\":[{\"@type\":\"Article\",\"@id\":\"https:\\\/\\\/quehacerpolitico.mx\\\/?p=111381#article\",\"isPartOf\":{\"@id\":\"https:\\\/\\\/quehacerpolitico.mx\\\/?p=111381\"},\"author\":{\"name\":\"Redacci\u00f3n QP\",\"@id\":\"https:\\\/\\\/quehacerpolitico.mx\\\/#\\\/schema\\\/person\\\/496d8ad2d1d3f8036101dca7ee39e585\"},\"headline\":\"\u201cMam\u00e1 se fue a la Luna\u201d busca sanar la ausencia\",\"datePublished\":\"2024-07-16T21:07:15+00:00\",\"dateModified\":\"2024-07-16T21:07:17+00:00\",\"mainEntityOfPage\":{\"@id\":\"https:\\\/\\\/quehacerpolitico.mx\\\/?p=111381\"},\"wordCount\":605,\"commentCount\":0,\"image\":{\"@id\":\"https:\\\/\\\/quehacerpolitico.mx\\\/?p=111381#primaryimage\"},\"thumbnailUrl\":\"https:\\\/\\\/quehacerpolitico.mx\\\/wp-content\\\/uploads\\\/2024\\\/07\\\/IMG_6737.jpeg\",\"articleSection\":[\"Cultura y Entretenimiento\"],\"inLanguage\":\"es\",\"potentialAction\":[{\"@type\":\"CommentAction\",\"name\":\"Comment\",\"target\":[\"https:\\\/\\\/quehacerpolitico.mx\\\/?p=111381#respond\"]}]},{\"@type\":\"WebPage\",\"@id\":\"https:\\\/\\\/quehacerpolitico.mx\\\/?p=111381\",\"url\":\"https:\\\/\\\/quehacerpolitico.mx\\\/?p=111381\",\"name\":\"\u201cMam\u00e1 se fue a la Luna\u201d busca sanar la ausencia -\",\"isPartOf\":{\"@id\":\"https:\\\/\\\/quehacerpolitico.mx\\\/#website\"},\"primaryImageOfPage\":{\"@id\":\"https:\\\/\\\/quehacerpolitico.mx\\\/?p=111381#primaryimage\"},\"image\":{\"@id\":\"https:\\\/\\\/quehacerpolitico.mx\\\/?p=111381#primaryimage\"},\"thumbnailUrl\":\"https:\\\/\\\/quehacerpolitico.mx\\\/wp-content\\\/uploads\\\/2024\\\/07\\\/IMG_6737.jpeg\",\"datePublished\":\"2024-07-16T21:07:15+00:00\",\"dateModified\":\"2024-07-16T21:07:17+00:00\",\"author\":{\"@id\":\"https:\\\/\\\/quehacerpolitico.mx\\\/#\\\/schema\\\/person\\\/496d8ad2d1d3f8036101dca7ee39e585\"},\"breadcrumb\":{\"@id\":\"https:\\\/\\\/quehacerpolitico.mx\\\/?p=111381#breadcrumb\"},\"inLanguage\":\"es\",\"potentialAction\":[{\"@type\":\"ReadAction\",\"target\":[\"https:\\\/\\\/quehacerpolitico.mx\\\/?p=111381\"]}]},{\"@type\":\"ImageObject\",\"inLanguage\":\"es\",\"@id\":\"https:\\\/\\\/quehacerpolitico.mx\\\/?p=111381#primaryimage\",\"url\":\"https:\\\/\\\/quehacerpolitico.mx\\\/wp-content\\\/uploads\\\/2024\\\/07\\\/IMG_6737.jpeg\",\"contentUrl\":\"https:\\\/\\\/quehacerpolitico.mx\\\/wp-content\\\/uploads\\\/2024\\\/07\\\/IMG_6737.jpeg\",\"width\":1284,\"height\":820,\"caption\":\"Screenshot\"},{\"@type\":\"BreadcrumbList\",\"@id\":\"https:\\\/\\\/quehacerpolitico.mx\\\/?p=111381#breadcrumb\",\"itemListElement\":[{\"@type\":\"ListItem\",\"position\":1,\"name\":\"Inicio\",\"item\":\"https:\\\/\\\/quehacerpolitico.mx\\\/\"},{\"@type\":\"ListItem\",\"position\":2,\"name\":\"\u201cMam\u00e1 se fue a la Luna\u201d busca sanar la ausencia\"}]},{\"@type\":\"WebSite\",\"@id\":\"https:\\\/\\\/quehacerpolitico.mx\\\/#website\",\"url\":\"https:\\\/\\\/quehacerpolitico.mx\\\/\",\"name\":\"\",\"description\":\"\",\"potentialAction\":[{\"@type\":\"SearchAction\",\"target\":{\"@type\":\"EntryPoint\",\"urlTemplate\":\"https:\\\/\\\/quehacerpolitico.mx\\\/?s={search_term_string}\"},\"query-input\":{\"@type\":\"PropertyValueSpecification\",\"valueRequired\":true,\"valueName\":\"search_term_string\"}}],\"inLanguage\":\"es\"},{\"@type\":\"Person\",\"@id\":\"https:\\\/\\\/quehacerpolitico.mx\\\/#\\\/schema\\\/person\\\/496d8ad2d1d3f8036101dca7ee39e585\",\"name\":\"Redacci\u00f3n QP\",\"image\":{\"@type\":\"ImageObject\",\"inLanguage\":\"es\",\"@id\":\"https:\\\/\\\/secure.gravatar.com\\\/avatar\\\/c7164ed6fdec453195284ad24a5ae5b6e1eed2b848477fa2a4787ba9adf39a41?s=96&d=mm&r=g\",\"url\":\"https:\\\/\\\/secure.gravatar.com\\\/avatar\\\/c7164ed6fdec453195284ad24a5ae5b6e1eed2b848477fa2a4787ba9adf39a41?s=96&d=mm&r=g\",\"contentUrl\":\"https:\\\/\\\/secure.gravatar.com\\\/avatar\\\/c7164ed6fdec453195284ad24a5ae5b6e1eed2b848477fa2a4787ba9adf39a41?s=96&d=mm&r=g\",\"caption\":\"Redacci\u00f3n QP\"},\"url\":\"https:\\\/\\\/quehacerpolitico.mx\\\/?author=2\"}]}<\/script>\n<!-- \/ Yoast SEO plugin. -->","yoast_head_json":{"title":"\u201cMam\u00e1 se fue a la Luna\u201d busca sanar la ausencia -","robots":{"index":"index","follow":"follow","max-snippet":"max-snippet:-1","max-image-preview":"max-image-preview:large","max-video-preview":"max-video-preview:-1"},"canonical":"https:\/\/quehacerpolitico.mx\/?p=111381","og_locale":"es_MX","og_type":"article","og_title":"\u201cMam\u00e1 se fue a la Luna\u201d busca sanar la ausencia -","og_description":"Por Redacci\u00f3n QP En esta\u00a0puesta en escena \u201cCatalina\u201d queda al cuidado de sus hermanos y...","og_url":"https:\/\/quehacerpolitico.mx\/?p=111381","article_published_time":"2024-07-16T21:07:15+00:00","article_modified_time":"2024-07-16T21:07:17+00:00","og_image":[{"width":1284,"height":820,"url":"https:\/\/quehacerpolitico.mx\/wp-content\/uploads\/2024\/07\/IMG_6737.jpeg","type":"image\/jpeg"}],"author":"Redacci\u00f3n QP","twitter_card":"summary_large_image","twitter_misc":{"Escrito por":"Redacci\u00f3n QP","Tiempo de lectura":"3 minutos"},"schema":{"@context":"https:\/\/schema.org","@graph":[{"@type":"Article","@id":"https:\/\/quehacerpolitico.mx\/?p=111381#article","isPartOf":{"@id":"https:\/\/quehacerpolitico.mx\/?p=111381"},"author":{"name":"Redacci\u00f3n QP","@id":"https:\/\/quehacerpolitico.mx\/#\/schema\/person\/496d8ad2d1d3f8036101dca7ee39e585"},"headline":"\u201cMam\u00e1 se fue a la Luna\u201d busca sanar la ausencia","datePublished":"2024-07-16T21:07:15+00:00","dateModified":"2024-07-16T21:07:17+00:00","mainEntityOfPage":{"@id":"https:\/\/quehacerpolitico.mx\/?p=111381"},"wordCount":605,"commentCount":0,"image":{"@id":"https:\/\/quehacerpolitico.mx\/?p=111381#primaryimage"},"thumbnailUrl":"https:\/\/quehacerpolitico.mx\/wp-content\/uploads\/2024\/07\/IMG_6737.jpeg","articleSection":["Cultura y Entretenimiento"],"inLanguage":"es","potentialAction":[{"@type":"CommentAction","name":"Comment","target":["https:\/\/quehacerpolitico.mx\/?p=111381#respond"]}]},{"@type":"WebPage","@id":"https:\/\/quehacerpolitico.mx\/?p=111381","url":"https:\/\/quehacerpolitico.mx\/?p=111381","name":"\u201cMam\u00e1 se fue a la Luna\u201d busca sanar la ausencia -","isPartOf":{"@id":"https:\/\/quehacerpolitico.mx\/#website"},"primaryImageOfPage":{"@id":"https:\/\/quehacerpolitico.mx\/?p=111381#primaryimage"},"image":{"@id":"https:\/\/quehacerpolitico.mx\/?p=111381#primaryimage"},"thumbnailUrl":"https:\/\/quehacerpolitico.mx\/wp-content\/uploads\/2024\/07\/IMG_6737.jpeg","datePublished":"2024-07-16T21:07:15+00:00","dateModified":"2024-07-16T21:07:17+00:00","author":{"@id":"https:\/\/quehacerpolitico.mx\/#\/schema\/person\/496d8ad2d1d3f8036101dca7ee39e585"},"breadcrumb":{"@id":"https:\/\/quehacerpolitico.mx\/?p=111381#breadcrumb"},"inLanguage":"es","potentialAction":[{"@type":"ReadAction","target":["https:\/\/quehacerpolitico.mx\/?p=111381"]}]},{"@type":"ImageObject","inLanguage":"es","@id":"https:\/\/quehacerpolitico.mx\/?p=111381#primaryimage","url":"https:\/\/quehacerpolitico.mx\/wp-content\/uploads\/2024\/07\/IMG_6737.jpeg","contentUrl":"https:\/\/quehacerpolitico.mx\/wp-content\/uploads\/2024\/07\/IMG_6737.jpeg","width":1284,"height":820,"caption":"Screenshot"},{"@type":"BreadcrumbList","@id":"https:\/\/quehacerpolitico.mx\/?p=111381#breadcrumb","itemListElement":[{"@type":"ListItem","position":1,"name":"Inicio","item":"https:\/\/quehacerpolitico.mx\/"},{"@type":"ListItem","position":2,"name":"\u201cMam\u00e1 se fue a la Luna\u201d busca sanar la ausencia"}]},{"@type":"WebSite","@id":"https:\/\/quehacerpolitico.mx\/#website","url":"https:\/\/quehacerpolitico.mx\/","name":"","description":"","potentialAction":[{"@type":"SearchAction","target":{"@type":"EntryPoint","urlTemplate":"https:\/\/quehacerpolitico.mx\/?s={search_term_string}"},"query-input":{"@type":"PropertyValueSpecification","valueRequired":true,"valueName":"search_term_string"}}],"inLanguage":"es"},{"@type":"Person","@id":"https:\/\/quehacerpolitico.mx\/#\/schema\/person\/496d8ad2d1d3f8036101dca7ee39e585","name":"Redacci\u00f3n QP","image":{"@type":"ImageObject","inLanguage":"es","@id":"https:\/\/secure.gravatar.com\/avatar\/c7164ed6fdec453195284ad24a5ae5b6e1eed2b848477fa2a4787ba9adf39a41?s=96&d=mm&r=g","url":"https:\/\/secure.gravatar.com\/avatar\/c7164ed6fdec453195284ad24a5ae5b6e1eed2b848477fa2a4787ba9adf39a41?s=96&d=mm&r=g","contentUrl":"https:\/\/secure.gravatar.com\/avatar\/c7164ed6fdec453195284ad24a5ae5b6e1eed2b848477fa2a4787ba9adf39a41?s=96&d=mm&r=g","caption":"Redacci\u00f3n QP"},"url":"https:\/\/quehacerpolitico.mx\/?author=2"}]}},"featured_image_urls":{"full":["https:\/\/quehacerpolitico.mx\/wp-content\/uploads\/2024\/07\/IMG_6737.jpeg",1284,820,false],"thumbnail":["https:\/\/quehacerpolitico.mx\/wp-content\/uploads\/2024\/07\/IMG_6737-150x150.jpeg",150,150,true],"medium":["https:\/\/quehacerpolitico.mx\/wp-content\/uploads\/2024\/07\/IMG_6737-300x192.jpeg",300,192,true],"medium_large":["https:\/\/quehacerpolitico.mx\/wp-content\/uploads\/2024\/07\/IMG_6737-768x490.jpeg",640,408,true],"large":["https:\/\/quehacerpolitico.mx\/wp-content\/uploads\/2024\/07\/IMG_6737-1024x654.jpeg",640,409,true],"1536x1536":["https:\/\/quehacerpolitico.mx\/wp-content\/uploads\/2024\/07\/IMG_6737.jpeg",1284,820,false],"2048x2048":["https:\/\/quehacerpolitico.mx\/wp-content\/uploads\/2024\/07\/IMG_6737.jpeg",1284,820,false],"covernews-featured":["https:\/\/quehacerpolitico.mx\/wp-content\/uploads\/2024\/07\/IMG_6737.jpeg",1024,654,false],"covernews-medium":["https:\/\/quehacerpolitico.mx\/wp-content\/uploads\/2024\/07\/IMG_6737.jpeg",532,340,false]},"author_info":{"display_name":"Redacci\u00f3n QP","author_link":"https:\/\/quehacerpolitico.mx\/?author=2"},"category_info":"<a href=\"https:\/\/quehacerpolitico.mx\/?cat=58\" rel=\"category\">Cultura y Entretenimiento<\/a>","tag_info":"Cultura y Entretenimiento","comment_count":"0","_links":{"self":[{"href":"https:\/\/quehacerpolitico.mx\/index.php?rest_route=\/wp\/v2\/posts\/111381","targetHints":{"allow":["GET"]}}],"collection":[{"href":"https:\/\/quehacerpolitico.mx\/index.php?rest_route=\/wp\/v2\/posts"}],"about":[{"href":"https:\/\/quehacerpolitico.mx\/index.php?rest_route=\/wp\/v2\/types\/post"}],"author":[{"embeddable":true,"href":"https:\/\/quehacerpolitico.mx\/index.php?rest_route=\/wp\/v2\/users\/2"}],"replies":[{"embeddable":true,"href":"https:\/\/quehacerpolitico.mx\/index.php?rest_route=%2Fwp%2Fv2%2Fcomments&post=111381"}],"version-history":[{"count":1,"href":"https:\/\/quehacerpolitico.mx\/index.php?rest_route=\/wp\/v2\/posts\/111381\/revisions"}],"predecessor-version":[{"id":111383,"href":"https:\/\/quehacerpolitico.mx\/index.php?rest_route=\/wp\/v2\/posts\/111381\/revisions\/111383"}],"wp:featuredmedia":[{"embeddable":true,"href":"https:\/\/quehacerpolitico.mx\/index.php?rest_route=\/wp\/v2\/media\/111382"}],"wp:attachment":[{"href":"https:\/\/quehacerpolitico.mx\/index.php?rest_route=%2Fwp%2Fv2%2Fmedia&parent=111381"}],"wp:term":[{"taxonomy":"category","embeddable":true,"href":"https:\/\/quehacerpolitico.mx\/index.php?rest_route=%2Fwp%2Fv2%2Fcategories&post=111381"},{"taxonomy":"post_tag","embeddable":true,"href":"https:\/\/quehacerpolitico.mx\/index.php?rest_route=%2Fwp%2Fv2%2Ftags&post=111381"}],"curies":[{"name":"wp","href":"https:\/\/api.w.org\/{rel}","templated":true}]}}