{"id":111375,"date":"2024-07-16T20:35:13","date_gmt":"2024-07-16T20:35:13","guid":{"rendered":"https:\/\/quehacerpolitico.mx\/?p=111375"},"modified":"2024-07-16T20:35:16","modified_gmt":"2024-07-16T20:35:16","slug":"duenos-de-bares-gay-en-el-centro-historico-de-la-cdmx-denuncian-que-las-disputas-entre-grupos-criminales-amenazan-la-vida-nocturna-en-la-zona","status":"publish","type":"post","link":"https:\/\/quehacerpolitico.mx\/?p=111375","title":{"rendered":"Due\u00f1os de bares gay en el\u00a0Centro Hist\u00f3rico\u00a0de la CDMX denuncian que las disputas entre grupos criminales amenazan la vida nocturna en la zona"},"content":{"rendered":"\n<p>Por Redacci\u00f3n QP<\/p>\n\n\n\n<p>Due\u00f1os de bares gay denuncian que las disputas entre grupos criminales amenazan la vida nocturna en el Centro Hist\u00f3rico<\/p>\n\n\n\n<p>Antros y&nbsp;<strong>bares<\/strong>&nbsp;en el&nbsp;<strong>Centro Hist\u00f3rico<\/strong>&nbsp;de la Ciudad de M\u00e9xico que dan cabida a la comunidad&nbsp;<strong>LGBTTTIQ+<\/strong>&nbsp;se reconocen en&nbsp;<strong>peligro<\/strong>&nbsp;por el&nbsp;<strong>crimen organizado<\/strong>.<\/p>\n\n\n\n<p>Due\u00f1os de los negocios denuncian que las disputas entre grupos criminales amenazan la vida nocturna en la zona, al reportarse diversos incidentes en las \u00faltimas semanas.<\/p>\n\n\n\n<p>El 29 de junio, previo a la celebraci\u00f3n del Pride, una&nbsp;<strong>joven<\/strong>&nbsp;fue&nbsp;<strong>v\u00edctima<\/strong>&nbsp;<strong>colateral<\/strong>&nbsp;de un&nbsp;<strong>enfrentamiento<\/strong>&nbsp;entre&nbsp;<strong>narcomenudistas<\/strong>.<\/p>\n\n\n\n<p>La joven sal\u00eda del&nbsp;<strong>bar Soberbia<\/strong>&nbsp;cuando recibi\u00f3 un&nbsp;<strong>disparo<\/strong>&nbsp;en el&nbsp;<strong>cuello<\/strong>, lo que a su vez gener\u00f3 p\u00e1nico en el inmueble.<\/p>\n\n\n\n<p>Se supo que eran unas personas desde Belisario Dom\u00ednguez que en una motoneta fueron los que detonaron los balazos, pero en el mismo momento huyeron\u201d, relat\u00f3 una persona de seguridad de los bares de Rep\u00fablica de Cuba.<\/p>\n\n\n\n<p>De acuerdo con empresarios de bares, en la zona se\u00a0<strong>pelean<\/strong> miembros de\u00a0<strong>grupos criminales<\/strong>, que generalmente se mueven en motocicletas.<\/p>\n\n\n\n<p>Se re\u00fanen unas personas que no sabemos a qu\u00e9 se dedican pero andan en moto; est\u00e1n ah\u00ed en la madrugada, miran feo a la gente. La mancha del crimen organizado ha crecido y est\u00e1 casi en nuestras puertas\u201d, exponen.<\/p>\n\n\n\n<p>La violencia ha llegado incluso al interior de los bares. Ejemplo de ello fue cuando el 5 de julio se registr\u00f3 una\u00a0<strong>agresi\u00f3n<\/strong>\u00a0contra un cliente del\u00a0<strong>Bar Baby<\/strong>.<\/p>\n\n\n\n<p>El dealer se levant\u00f3 del banco donde estaba sentado y dijo algo como: \u2018Este lugar no es para ligar, pinches pu\u2026\u2019 y pues me empez\u00f3 a golpear en la cara\u201d, relat\u00f3 la v\u00edctima.<\/p>\n\n\n\n<p>Ante los incidentes, el propietario del&nbsp;<strong>bar La Pur\u00edsima<\/strong>&nbsp;sugiere la creaci\u00f3n de una&nbsp;<strong>polic\u00eda especializada<\/strong>&nbsp;en la&nbsp;<strong>poblaci\u00f3n LGBTTTIQ+<\/strong>, o bien, mayor seguridad en la zona.<\/p>\n\n\n\n<p>Con informaci\u00f3n de N+<\/p>\n","protected":false},"excerpt":{"rendered":"<p>Por Redacci\u00f3n QP Due\u00f1os de bares gay denuncian que las disputas entre grupos criminales amenazan&#8230;<\/p>\n","protected":false},"author":2,"featured_media":111376,"comment_status":"open","ping_status":"open","sticky":false,"template":"","format":"standard","meta":{"_monsterinsights_skip_tracking":false,"_monsterinsights_sitenote_active":false,"_monsterinsights_sitenote_note":"","_monsterinsights_sitenote_category":0,"footnotes":""},"categories":[55],"tags":[],"class_list":["post-111375","post","type-post","status-publish","format-standard","has-post-thumbnail","hentry","category-cdmx"],"yoast_head":"<!-- This site is optimized with the Yoast SEO plugin v27.3 - https:\/\/yoast.com\/product\/yoast-seo-wordpress\/ -->\n<title>Due\u00f1os de bares gay en el\u00a0Centro Hist\u00f3rico\u00a0de la CDMX denuncian que las disputas entre grupos criminales amenazan la vida nocturna en la zona -<\/title>\n<meta name=\"robots\" content=\"index, follow, max-snippet:-1, max-image-preview:large, max-video-preview:-1\" \/>\n<link rel=\"canonical\" href=\"https:\/\/quehacerpolitico.mx\/?p=111375\" \/>\n<meta property=\"og:locale\" content=\"es_MX\" \/>\n<meta property=\"og:type\" content=\"article\" \/>\n<meta property=\"og:title\" content=\"Due\u00f1os de bares gay en el\u00a0Centro Hist\u00f3rico\u00a0de la CDMX denuncian que las disputas entre grupos criminales amenazan la vida nocturna en la zona -\" \/>\n<meta property=\"og:description\" content=\"Por Redacci\u00f3n QP Due\u00f1os de bares gay denuncian que las disputas entre grupos criminales amenazan...\" \/>\n<meta property=\"og:url\" content=\"https:\/\/quehacerpolitico.mx\/?p=111375\" \/>\n<meta property=\"article:published_time\" content=\"2024-07-16T20:35:13+00:00\" \/>\n<meta property=\"article:modified_time\" content=\"2024-07-16T20:35:16+00:00\" \/>\n<meta property=\"og:image\" content=\"https:\/\/quehacerpolitico.mx\/wp-content\/uploads\/2024\/07\/IMG_6735.jpeg\" \/>\n\t<meta property=\"og:image:width\" content=\"786\" \/>\n\t<meta property=\"og:image:height\" content=\"390\" \/>\n\t<meta property=\"og:image:type\" content=\"image\/jpeg\" \/>\n<meta name=\"author\" content=\"Redacci\u00f3n QP\" \/>\n<meta name=\"twitter:card\" content=\"summary_large_image\" \/>\n<meta name=\"twitter:label1\" content=\"Escrito por\" \/>\n\t<meta name=\"twitter:data1\" content=\"Redacci\u00f3n QP\" \/>\n\t<meta name=\"twitter:label2\" content=\"Tiempo de lectura\" \/>\n\t<meta name=\"twitter:data2\" content=\"2 minutos\" \/>\n<script type=\"application\/ld+json\" class=\"yoast-schema-graph\">{\"@context\":\"https:\\\/\\\/schema.org\",\"@graph\":[{\"@type\":\"Article\",\"@id\":\"https:\\\/\\\/quehacerpolitico.mx\\\/?p=111375#article\",\"isPartOf\":{\"@id\":\"https:\\\/\\\/quehacerpolitico.mx\\\/?p=111375\"},\"author\":{\"name\":\"Redacci\u00f3n QP\",\"@id\":\"https:\\\/\\\/quehacerpolitico.mx\\\/#\\\/schema\\\/person\\\/496d8ad2d1d3f8036101dca7ee39e585\"},\"headline\":\"Due\u00f1os de bares gay en el\u00a0Centro Hist\u00f3rico\u00a0de la CDMX denuncian que las disputas entre grupos criminales amenazan la vida nocturna en la zona\",\"datePublished\":\"2024-07-16T20:35:13+00:00\",\"dateModified\":\"2024-07-16T20:35:16+00:00\",\"mainEntityOfPage\":{\"@id\":\"https:\\\/\\\/quehacerpolitico.mx\\\/?p=111375\"},\"wordCount\":381,\"commentCount\":0,\"image\":{\"@id\":\"https:\\\/\\\/quehacerpolitico.mx\\\/?p=111375#primaryimage\"},\"thumbnailUrl\":\"https:\\\/\\\/quehacerpolitico.mx\\\/wp-content\\\/uploads\\\/2024\\\/07\\\/IMG_6735.jpeg\",\"articleSection\":[\"CDMX\"],\"inLanguage\":\"es\",\"potentialAction\":[{\"@type\":\"CommentAction\",\"name\":\"Comment\",\"target\":[\"https:\\\/\\\/quehacerpolitico.mx\\\/?p=111375#respond\"]}]},{\"@type\":\"WebPage\",\"@id\":\"https:\\\/\\\/quehacerpolitico.mx\\\/?p=111375\",\"url\":\"https:\\\/\\\/quehacerpolitico.mx\\\/?p=111375\",\"name\":\"Due\u00f1os de bares gay en el\u00a0Centro Hist\u00f3rico\u00a0de la CDMX denuncian que las disputas entre grupos criminales amenazan la vida nocturna en la zona -\",\"isPartOf\":{\"@id\":\"https:\\\/\\\/quehacerpolitico.mx\\\/#website\"},\"primaryImageOfPage\":{\"@id\":\"https:\\\/\\\/quehacerpolitico.mx\\\/?p=111375#primaryimage\"},\"image\":{\"@id\":\"https:\\\/\\\/quehacerpolitico.mx\\\/?p=111375#primaryimage\"},\"thumbnailUrl\":\"https:\\\/\\\/quehacerpolitico.mx\\\/wp-content\\\/uploads\\\/2024\\\/07\\\/IMG_6735.jpeg\",\"datePublished\":\"2024-07-16T20:35:13+00:00\",\"dateModified\":\"2024-07-16T20:35:16+00:00\",\"author\":{\"@id\":\"https:\\\/\\\/quehacerpolitico.mx\\\/#\\\/schema\\\/person\\\/496d8ad2d1d3f8036101dca7ee39e585\"},\"breadcrumb\":{\"@id\":\"https:\\\/\\\/quehacerpolitico.mx\\\/?p=111375#breadcrumb\"},\"inLanguage\":\"es\",\"potentialAction\":[{\"@type\":\"ReadAction\",\"target\":[\"https:\\\/\\\/quehacerpolitico.mx\\\/?p=111375\"]}]},{\"@type\":\"ImageObject\",\"inLanguage\":\"es\",\"@id\":\"https:\\\/\\\/quehacerpolitico.mx\\\/?p=111375#primaryimage\",\"url\":\"https:\\\/\\\/quehacerpolitico.mx\\\/wp-content\\\/uploads\\\/2024\\\/07\\\/IMG_6735.jpeg\",\"contentUrl\":\"https:\\\/\\\/quehacerpolitico.mx\\\/wp-content\\\/uploads\\\/2024\\\/07\\\/IMG_6735.jpeg\",\"width\":786,\"height\":390},{\"@type\":\"BreadcrumbList\",\"@id\":\"https:\\\/\\\/quehacerpolitico.mx\\\/?p=111375#breadcrumb\",\"itemListElement\":[{\"@type\":\"ListItem\",\"position\":1,\"name\":\"Inicio\",\"item\":\"https:\\\/\\\/quehacerpolitico.mx\\\/\"},{\"@type\":\"ListItem\",\"position\":2,\"name\":\"Due\u00f1os de bares gay en el\u00a0Centro Hist\u00f3rico\u00a0de la CDMX denuncian que las disputas entre grupos criminales amenazan la vida nocturna en la zona\"}]},{\"@type\":\"WebSite\",\"@id\":\"https:\\\/\\\/quehacerpolitico.mx\\\/#website\",\"url\":\"https:\\\/\\\/quehacerpolitico.mx\\\/\",\"name\":\"\",\"description\":\"\",\"potentialAction\":[{\"@type\":\"SearchAction\",\"target\":{\"@type\":\"EntryPoint\",\"urlTemplate\":\"https:\\\/\\\/quehacerpolitico.mx\\\/?s={search_term_string}\"},\"query-input\":{\"@type\":\"PropertyValueSpecification\",\"valueRequired\":true,\"valueName\":\"search_term_string\"}}],\"inLanguage\":\"es\"},{\"@type\":\"Person\",\"@id\":\"https:\\\/\\\/quehacerpolitico.mx\\\/#\\\/schema\\\/person\\\/496d8ad2d1d3f8036101dca7ee39e585\",\"name\":\"Redacci\u00f3n QP\",\"image\":{\"@type\":\"ImageObject\",\"inLanguage\":\"es\",\"@id\":\"https:\\\/\\\/secure.gravatar.com\\\/avatar\\\/c7164ed6fdec453195284ad24a5ae5b6e1eed2b848477fa2a4787ba9adf39a41?s=96&d=mm&r=g\",\"url\":\"https:\\\/\\\/secure.gravatar.com\\\/avatar\\\/c7164ed6fdec453195284ad24a5ae5b6e1eed2b848477fa2a4787ba9adf39a41?s=96&d=mm&r=g\",\"contentUrl\":\"https:\\\/\\\/secure.gravatar.com\\\/avatar\\\/c7164ed6fdec453195284ad24a5ae5b6e1eed2b848477fa2a4787ba9adf39a41?s=96&d=mm&r=g\",\"caption\":\"Redacci\u00f3n QP\"},\"url\":\"https:\\\/\\\/quehacerpolitico.mx\\\/?author=2\"}]}<\/script>\n<!-- \/ Yoast SEO plugin. -->","yoast_head_json":{"title":"Due\u00f1os de bares gay en el\u00a0Centro Hist\u00f3rico\u00a0de la CDMX denuncian que las disputas entre grupos criminales amenazan la vida nocturna en la zona -","robots":{"index":"index","follow":"follow","max-snippet":"max-snippet:-1","max-image-preview":"max-image-preview:large","max-video-preview":"max-video-preview:-1"},"canonical":"https:\/\/quehacerpolitico.mx\/?p=111375","og_locale":"es_MX","og_type":"article","og_title":"Due\u00f1os de bares gay en el\u00a0Centro Hist\u00f3rico\u00a0de la CDMX denuncian que las disputas entre grupos criminales amenazan la vida nocturna en la zona -","og_description":"Por Redacci\u00f3n QP Due\u00f1os de bares gay denuncian que las disputas entre grupos criminales amenazan...","og_url":"https:\/\/quehacerpolitico.mx\/?p=111375","article_published_time":"2024-07-16T20:35:13+00:00","article_modified_time":"2024-07-16T20:35:16+00:00","og_image":[{"width":786,"height":390,"url":"https:\/\/quehacerpolitico.mx\/wp-content\/uploads\/2024\/07\/IMG_6735.jpeg","type":"image\/jpeg"}],"author":"Redacci\u00f3n QP","twitter_card":"summary_large_image","twitter_misc":{"Escrito por":"Redacci\u00f3n QP","Tiempo de lectura":"2 minutos"},"schema":{"@context":"https:\/\/schema.org","@graph":[{"@type":"Article","@id":"https:\/\/quehacerpolitico.mx\/?p=111375#article","isPartOf":{"@id":"https:\/\/quehacerpolitico.mx\/?p=111375"},"author":{"name":"Redacci\u00f3n QP","@id":"https:\/\/quehacerpolitico.mx\/#\/schema\/person\/496d8ad2d1d3f8036101dca7ee39e585"},"headline":"Due\u00f1os de bares gay en el\u00a0Centro Hist\u00f3rico\u00a0de la CDMX denuncian que las disputas entre grupos criminales amenazan la vida nocturna en la zona","datePublished":"2024-07-16T20:35:13+00:00","dateModified":"2024-07-16T20:35:16+00:00","mainEntityOfPage":{"@id":"https:\/\/quehacerpolitico.mx\/?p=111375"},"wordCount":381,"commentCount":0,"image":{"@id":"https:\/\/quehacerpolitico.mx\/?p=111375#primaryimage"},"thumbnailUrl":"https:\/\/quehacerpolitico.mx\/wp-content\/uploads\/2024\/07\/IMG_6735.jpeg","articleSection":["CDMX"],"inLanguage":"es","potentialAction":[{"@type":"CommentAction","name":"Comment","target":["https:\/\/quehacerpolitico.mx\/?p=111375#respond"]}]},{"@type":"WebPage","@id":"https:\/\/quehacerpolitico.mx\/?p=111375","url":"https:\/\/quehacerpolitico.mx\/?p=111375","name":"Due\u00f1os de bares gay en el\u00a0Centro Hist\u00f3rico\u00a0de la CDMX denuncian que las disputas entre grupos criminales amenazan la vida nocturna en la zona -","isPartOf":{"@id":"https:\/\/quehacerpolitico.mx\/#website"},"primaryImageOfPage":{"@id":"https:\/\/quehacerpolitico.mx\/?p=111375#primaryimage"},"image":{"@id":"https:\/\/quehacerpolitico.mx\/?p=111375#primaryimage"},"thumbnailUrl":"https:\/\/quehacerpolitico.mx\/wp-content\/uploads\/2024\/07\/IMG_6735.jpeg","datePublished":"2024-07-16T20:35:13+00:00","dateModified":"2024-07-16T20:35:16+00:00","author":{"@id":"https:\/\/quehacerpolitico.mx\/#\/schema\/person\/496d8ad2d1d3f8036101dca7ee39e585"},"breadcrumb":{"@id":"https:\/\/quehacerpolitico.mx\/?p=111375#breadcrumb"},"inLanguage":"es","potentialAction":[{"@type":"ReadAction","target":["https:\/\/quehacerpolitico.mx\/?p=111375"]}]},{"@type":"ImageObject","inLanguage":"es","@id":"https:\/\/quehacerpolitico.mx\/?p=111375#primaryimage","url":"https:\/\/quehacerpolitico.mx\/wp-content\/uploads\/2024\/07\/IMG_6735.jpeg","contentUrl":"https:\/\/quehacerpolitico.mx\/wp-content\/uploads\/2024\/07\/IMG_6735.jpeg","width":786,"height":390},{"@type":"BreadcrumbList","@id":"https:\/\/quehacerpolitico.mx\/?p=111375#breadcrumb","itemListElement":[{"@type":"ListItem","position":1,"name":"Inicio","item":"https:\/\/quehacerpolitico.mx\/"},{"@type":"ListItem","position":2,"name":"Due\u00f1os de bares gay en el\u00a0Centro Hist\u00f3rico\u00a0de la CDMX denuncian que las disputas entre grupos criminales amenazan la vida nocturna en la zona"}]},{"@type":"WebSite","@id":"https:\/\/quehacerpolitico.mx\/#website","url":"https:\/\/quehacerpolitico.mx\/","name":"","description":"","potentialAction":[{"@type":"SearchAction","target":{"@type":"EntryPoint","urlTemplate":"https:\/\/quehacerpolitico.mx\/?s={search_term_string}"},"query-input":{"@type":"PropertyValueSpecification","valueRequired":true,"valueName":"search_term_string"}}],"inLanguage":"es"},{"@type":"Person","@id":"https:\/\/quehacerpolitico.mx\/#\/schema\/person\/496d8ad2d1d3f8036101dca7ee39e585","name":"Redacci\u00f3n QP","image":{"@type":"ImageObject","inLanguage":"es","@id":"https:\/\/secure.gravatar.com\/avatar\/c7164ed6fdec453195284ad24a5ae5b6e1eed2b848477fa2a4787ba9adf39a41?s=96&d=mm&r=g","url":"https:\/\/secure.gravatar.com\/avatar\/c7164ed6fdec453195284ad24a5ae5b6e1eed2b848477fa2a4787ba9adf39a41?s=96&d=mm&r=g","contentUrl":"https:\/\/secure.gravatar.com\/avatar\/c7164ed6fdec453195284ad24a5ae5b6e1eed2b848477fa2a4787ba9adf39a41?s=96&d=mm&r=g","caption":"Redacci\u00f3n QP"},"url":"https:\/\/quehacerpolitico.mx\/?author=2"}]}},"featured_image_urls":{"full":["https:\/\/quehacerpolitico.mx\/wp-content\/uploads\/2024\/07\/IMG_6735.jpeg",786,390,false],"thumbnail":["https:\/\/quehacerpolitico.mx\/wp-content\/uploads\/2024\/07\/IMG_6735-150x150.jpeg",150,150,true],"medium":["https:\/\/quehacerpolitico.mx\/wp-content\/uploads\/2024\/07\/IMG_6735-300x149.jpeg",300,149,true],"medium_large":["https:\/\/quehacerpolitico.mx\/wp-content\/uploads\/2024\/07\/IMG_6735-768x381.jpeg",640,318,true],"large":["https:\/\/quehacerpolitico.mx\/wp-content\/uploads\/2024\/07\/IMG_6735.jpeg",640,318,false],"1536x1536":["https:\/\/quehacerpolitico.mx\/wp-content\/uploads\/2024\/07\/IMG_6735.jpeg",786,390,false],"2048x2048":["https:\/\/quehacerpolitico.mx\/wp-content\/uploads\/2024\/07\/IMG_6735.jpeg",786,390,false],"covernews-featured":["https:\/\/quehacerpolitico.mx\/wp-content\/uploads\/2024\/07\/IMG_6735.jpeg",786,390,false],"covernews-medium":["https:\/\/quehacerpolitico.mx\/wp-content\/uploads\/2024\/07\/IMG_6735.jpeg",540,268,false]},"author_info":{"display_name":"Redacci\u00f3n QP","author_link":"https:\/\/quehacerpolitico.mx\/?author=2"},"category_info":"<a href=\"https:\/\/quehacerpolitico.mx\/?cat=55\" rel=\"category\">CDMX<\/a>","tag_info":"CDMX","comment_count":"0","_links":{"self":[{"href":"https:\/\/quehacerpolitico.mx\/index.php?rest_route=\/wp\/v2\/posts\/111375","targetHints":{"allow":["GET"]}}],"collection":[{"href":"https:\/\/quehacerpolitico.mx\/index.php?rest_route=\/wp\/v2\/posts"}],"about":[{"href":"https:\/\/quehacerpolitico.mx\/index.php?rest_route=\/wp\/v2\/types\/post"}],"author":[{"embeddable":true,"href":"https:\/\/quehacerpolitico.mx\/index.php?rest_route=\/wp\/v2\/users\/2"}],"replies":[{"embeddable":true,"href":"https:\/\/quehacerpolitico.mx\/index.php?rest_route=%2Fwp%2Fv2%2Fcomments&post=111375"}],"version-history":[{"count":1,"href":"https:\/\/quehacerpolitico.mx\/index.php?rest_route=\/wp\/v2\/posts\/111375\/revisions"}],"predecessor-version":[{"id":111377,"href":"https:\/\/quehacerpolitico.mx\/index.php?rest_route=\/wp\/v2\/posts\/111375\/revisions\/111377"}],"wp:featuredmedia":[{"embeddable":true,"href":"https:\/\/quehacerpolitico.mx\/index.php?rest_route=\/wp\/v2\/media\/111376"}],"wp:attachment":[{"href":"https:\/\/quehacerpolitico.mx\/index.php?rest_route=%2Fwp%2Fv2%2Fmedia&parent=111375"}],"wp:term":[{"taxonomy":"category","embeddable":true,"href":"https:\/\/quehacerpolitico.mx\/index.php?rest_route=%2Fwp%2Fv2%2Fcategories&post=111375"},{"taxonomy":"post_tag","embeddable":true,"href":"https:\/\/quehacerpolitico.mx\/index.php?rest_route=%2Fwp%2Fv2%2Ftags&post=111375"}],"curies":[{"name":"wp","href":"https:\/\/api.w.org\/{rel}","templated":true}]}}