{"id":111356,"date":"2024-07-16T17:32:28","date_gmt":"2024-07-16T17:32:28","guid":{"rendered":"https:\/\/quehacerpolitico.mx\/?p=111356"},"modified":"2024-07-16T17:34:00","modified_gmt":"2024-07-16T17:34:00","slug":"mbappe-es-presentado-como-nuevo-jugador-del-real-madrid-en-el-bernabeu","status":"publish","type":"post","link":"https:\/\/quehacerpolitico.mx\/?p=111356","title":{"rendered":"Mbappe es presentado como nuevo jugador del Real Madrid en el Bernab\u00e9u"},"content":{"rendered":"\n<p>Por Redacci\u00f3n QP<\/p>\n\n\n\n<p>El atacante franc\u00e9s Kylian Mbapp\u00e9 fue presentado este martes en el Estadio Santiago Bernab\u00e9u como nuevo jugador del Real Madrid<\/p>\n\n\n\n<p>El franc\u00e9s\u00a0<strong>Kylian Mbapp\u00e9<\/strong>\u00a0desat\u00f3 la\u00a0<strong>locura<\/strong>\u00a0este martes en su acto de\u00a0<strong>presentaci\u00f3n<\/strong>\u00a0con el\u00a0Real Madrid en un\u00a0<strong>Estadio Santiago Bernab\u00e9u<\/strong>\u00a0que se llen\u00f3 para ver a su estrella gala, que bes\u00f3 su nuevo escudo en repetidas ocasiones, comparti\u00f3 un \u201c\u00a1Hala Madrid!\u201d y tuvo palabras de cari\u00f1o para la que es su nueva afici\u00f3n.<\/p>\n\n\n\n<figure class=\"wp-block-embed is-type-rich is-provider-twitter wp-block-embed-twitter\"><div class=\"wp-block-embed__wrapper\">\n<blockquote class=\"twitter-tweet\" data-width=\"550\" data-dnt=\"true\"><p lang=\"es\" dir=\"ltr\">\ud83c\udfe0 \u00a1Bienvenido a tu nueva casa, <a href=\"https:\/\/twitter.com\/KMbappe?ref_src=twsrc%5Etfw\">@KMbappe<\/a>! \ud83e\udd29<a href=\"https:\/\/twitter.com\/hashtag\/WelcomeMbapp%C3%A9?src=hash&amp;ref_src=twsrc%5Etfw\">#WelcomeMbapp\u00e9<\/a> <a href=\"https:\/\/t.co\/rFtyvX4qdo\">pic.twitter.com\/rFtyvX4qdo<\/a><\/p>&mdash; Real Madrid C.F. (@realmadrid) <a href=\"https:\/\/twitter.com\/realmadrid\/status\/1813188944701407580?ref_src=twsrc%5Etfw\">July 16, 2024<\/a><\/blockquote><script async src=\"https:\/\/platform.twitter.com\/widgets.js\" charset=\"utf-8\"><\/script>\n<\/div><\/figure>\n\n\n\n<p>Uno de los d\u00edas m\u00e1s esperados en los \u00faltimos a\u00f1os para el Real Madrid se hizo realidad este martes. Siete a\u00f1os despu\u00e9s del primer acercamiento para hacerse con sus servicios y tras cinco intentos, Mbapp\u00e9 ya es \u2018Real\u2019.<\/p>\n\n\n\n<p>Una presentaci\u00f3n gal\u00e1ctica para la que el Real Madrid exhibi\u00f3 los avances del nuevo Santiago Bernab\u00e9u. Videomarcador 360\u00ba a pleno funcionamiento con im\u00e1genes de Mbapp\u00e9, pasarela y escenario principal junto a una pantalla gigante y las 15 Ligas de Campeones del conjunto blanco.<\/p>\n\n\n\n<p>El evento comenz\u00f3, tras la salida al campo del presidente del Real Madrid<strong>&nbsp;Florentino P\u00e9rez<\/strong>, el presidente de honor&nbsp;<strong>Jos\u00e9 Mart\u00ednez Pirri<\/strong>&nbsp;y el exjugador y exentrenador merengue&nbsp;<strong>Zinedine Zidane<\/strong>, con un v\u00eddeo de las 15 Champions League del Real Madrid.<\/p>\n\n\n\n<figure class=\"wp-block-embed is-type-rich is-provider-twitter wp-block-embed-twitter\"><div class=\"wp-block-embed__wrapper\">\n<blockquote class=\"twitter-tweet\" data-width=\"550\" data-dnt=\"true\"><p lang=\"qme\" dir=\"ltr\">\ud83e\udd1d <a href=\"https:\/\/twitter.com\/KMbappe?ref_src=twsrc%5Etfw\">@KMbappe<\/a> \ud83e\udd1d<a href=\"https:\/\/twitter.com\/hashtag\/WelcomeMbapp%C3%A9?src=hash&amp;ref_src=twsrc%5Etfw\">#WelcomeMbapp\u00e9<\/a> <a href=\"https:\/\/t.co\/n3Y1lBNwzg\">pic.twitter.com\/n3Y1lBNwzg<\/a><\/p>&mdash; Real Madrid C.F. (@realmadrid) <a href=\"https:\/\/twitter.com\/realmadrid\/status\/1813168939947483516?ref_src=twsrc%5Etfw\">July 16, 2024<\/a><\/blockquote><script async src=\"https:\/\/platform.twitter.com\/widgets.js\" charset=\"utf-8\"><\/script>\n<\/div><\/figure>\n\n\n\n<p>A continuaci\u00f3n, im\u00e1genes nunca antes vistas de la visita de Mbapp\u00e9 a la Ciudad Deportiva Real Madrid en 2012 en las que se vio a Zidane ejerciendo de su entrenador, ya que fue la persona que le invit\u00f3, junto a los mejores goles y actuaciones del galo.<\/p>\n\n\n\n<p>Un Mbapp\u00e9 que estuvo acompa\u00f1ado por un su familia, gente cercana y los ni\u00f1os de su fundaci\u00f3n \u2018Inspired by KM\u2019.<\/p>\n\n\n\n<p>El primero en tomar la palabra fue Florentino P\u00e9rez, quien hizo hincapi\u00e9 en que Mbapp\u00e9 puede \u201ccumplir su sue\u00f1o\u201d de vestir de blanco por haber sido \u201ccapaz de superar las adversidades\u201d que tuvo en su camino.<\/p>\n\n\n\n<figure class=\"wp-block-embed is-type-rich is-provider-twitter wp-block-embed-twitter\"><div class=\"wp-block-embed__wrapper\">\n<blockquote class=\"twitter-tweet\" data-width=\"550\" data-dnt=\"true\"><p lang=\"qme\" dir=\"ltr\">\ud83d\ude18\ud83d\udee1\ufe0f<a href=\"https:\/\/twitter.com\/hashtag\/WelcomeMbapp%C3%A9?src=hash&amp;ref_src=twsrc%5Etfw\">#WelcomeMbapp\u00e9<\/a> <a href=\"https:\/\/t.co\/ljb7m7x1bK\">pic.twitter.com\/ljb7m7x1bK<\/a><\/p>&mdash; Real Madrid C.F. (@realmadrid) <a href=\"https:\/\/twitter.com\/realmadrid\/status\/1813242192103723424?ref_src=twsrc%5Etfw\">July 16, 2024<\/a><\/blockquote><script async src=\"https:\/\/platform.twitter.com\/widgets.js\" charset=\"utf-8\"><\/script>\n<\/div><\/figure>\n\n\n\n<p>\u201cHa llegado el momento de dar la bienvenida a un jugador excepcional que viene para ayudarnos a seguir ganando. Un jugador que cumple el sue\u00f1o de su vida. Damos la bienvenida a Kylian Mbapp\u00e9\u201d, dijo Florentino.<\/p>\n\n\n\n<p>\u201cQuiero que sepas que ese amor tuyo hacia el Real Madrid te ha dado la fuerza necesaria para romper todas las barreras y los obst\u00e1culos en el camino que te conduc\u00eda hasta este estadio. Desde ni\u00f1o has visto que este club tiene algo diferencial, en este estadio ocurren cosas que son dif\u00edciles, pero los madridistas sabemos por qu\u00e9 ocurren las noches m\u00e1gicas, y es porque esta camiseta no se rinde nunca y esta afici\u00f3n estar\u00e1 siempre contigo hasta el final\u201d, asegur\u00f3.<\/p>\n\n\n\n<p>\u201cHas conseguido tu sue\u00f1o porque no te has rendido nunca. Est\u00e1s aqu\u00ed porque t\u00fa has querido, solo tu fuerza de voluntad ha sido capaz de superar las adversidades. Gracias por hacer un esfuerzo que muchos ni se imaginan para poder vestir hoy esta camiseta blanca, la de las 15 Copas de Europa\u201d, continu\u00f3.<\/p>\n\n\n\n<p>Tras Florentino P\u00e9rez, lleg\u00f3 el turno de un Kylian Mbapp\u00e9 que desde el primer momento fue vitoreado por la que es su nueva afici\u00f3n y para la que dedic\u00f3 su discurso con el objetivo de ganarse a\u00fan m\u00e1s su cari\u00f1o despu\u00e9s de los veranos precedentes en los que estuvo cerca de recalar en el Real Madrid, pero se qued\u00f3 en el Par\u00eds Saint-Germain.<\/p>\n\n\n\n<p>Buenos d\u00edas a todos. Voy a intentar hablar en espa\u00f1ol. Guau, es incre\u00edble estar aqu\u00ed. He dormido muchos a\u00f1os con el sue\u00f1o de jugar con el Real Madrid, hoy se realiza mi sue\u00f1o y soy un chico muy feliz hoy. Muy feliz\u201d, comenz\u00f3 su discurso.<\/p>\n\n\n\n<p>\u201cGracias al presidente, Florentino P\u00e9rez, que ha confiado en m\u00ed desde el primer d\u00eda. Han pasado muchas cosas. Y a todas las personas que han trabajado para llegar aqu\u00ed. S\u00e9 que ha sido dif\u00edcil, pero estoy aqu\u00ed, soy un jugador del Real Madrid y toda mi familia est\u00e1 feliz, con mi mam\u00e1 llorando\u2026\u201d, continu\u00f3.<\/p>\n\n\n\n<p>A continuaci\u00f3n, Mbapp\u00e9 cumpli\u00f3 con la petici\u00f3n de la afici\u00f3n y se bes\u00f3 el escudo, un gesto que repiti\u00f3 en numerosas ocasiones antes de abandonar el terreno de juego.<\/p>\n\n\n\n<p>El jugador galo cerr\u00f3 su primer discurso como madridista con un \u201cun, dos, tres, \u00a1Hala Madrid!\u201d, coreado por la afici\u00f3n que llen\u00f3 el Santiago Bernab\u00e9u para recibirle.<\/p>\n\n\n\n<figure class=\"wp-block-embed is-type-rich is-provider-twitter wp-block-embed-twitter\"><div class=\"wp-block-embed__wrapper\">\n<blockquote class=\"twitter-tweet\" data-width=\"550\" data-dnt=\"true\"><p lang=\"tl\" dir=\"ltr\">\ud83e\udd0d 1, 2, 3\u2026 \u00a1HALA MADRID! \ud83e\udd0d<br>\ud83d\udde3\ufe0f <a href=\"https:\/\/twitter.com\/KMbappe?ref_src=twsrc%5Etfw\">@KMbappe<\/a> <a href=\"https:\/\/twitter.com\/hashtag\/WelcomeMbapp%C3%A9?src=hash&amp;ref_src=twsrc%5Etfw\">#WelcomeMbapp\u00e9<\/a> <a href=\"https:\/\/t.co\/cEOhEF6K4E\">pic.twitter.com\/cEOhEF6K4E<\/a><\/p>&mdash; Real Madrid C.F. (@realmadrid) <a href=\"https:\/\/twitter.com\/realmadrid\/status\/1813198549808513223?ref_src=twsrc%5Etfw\">July 16, 2024<\/a><\/blockquote><script async src=\"https:\/\/platform.twitter.com\/widgets.js\" charset=\"utf-8\"><\/script>\n<\/div><\/figure>\n\n\n\n<p>Cumplidos con los discursos, centrados en los esfuerzos de Mbapp\u00e9 para jugar en el Real Madrid y los mensajes de cari\u00f1o de este, el franc\u00e9s realiz\u00f3 una vuelta al campo tirando balones a la grada y bes\u00e1ndose el escudo.<\/p>\n\n\n\n<p>Con informaci\u00f3n de EFE<\/p>\n","protected":false},"excerpt":{"rendered":"<p>Por Redacci\u00f3n QP El atacante franc\u00e9s Kylian Mbapp\u00e9 fue presentado este martes en el Estadio&#8230;<\/p>\n","protected":false},"author":2,"featured_media":111357,"comment_status":"open","ping_status":"open","sticky":false,"template":"","format":"standard","meta":{"_monsterinsights_skip_tracking":false,"_monsterinsights_sitenote_active":false,"_monsterinsights_sitenote_note":"","_monsterinsights_sitenote_category":0,"footnotes":""},"categories":[54],"tags":[],"class_list":["post-111356","post","type-post","status-publish","format-standard","has-post-thumbnail","hentry","category-deportes"],"yoast_head":"<!-- This site is optimized with the Yoast SEO plugin v27.3 - https:\/\/yoast.com\/product\/yoast-seo-wordpress\/ -->\n<title>Mbappe es presentado como nuevo jugador del Real Madrid en el Bernab\u00e9u -<\/title>\n<meta name=\"robots\" content=\"index, follow, max-snippet:-1, max-image-preview:large, max-video-preview:-1\" \/>\n<link rel=\"canonical\" href=\"https:\/\/quehacerpolitico.mx\/?p=111356\" \/>\n<meta property=\"og:locale\" content=\"es_MX\" \/>\n<meta property=\"og:type\" content=\"article\" \/>\n<meta property=\"og:title\" content=\"Mbappe es presentado como nuevo jugador del Real Madrid en el Bernab\u00e9u -\" \/>\n<meta property=\"og:description\" content=\"Por Redacci\u00f3n QP El atacante franc\u00e9s Kylian Mbapp\u00e9 fue presentado este martes en el Estadio...\" \/>\n<meta property=\"og:url\" content=\"https:\/\/quehacerpolitico.mx\/?p=111356\" \/>\n<meta property=\"article:published_time\" content=\"2024-07-16T17:32:28+00:00\" \/>\n<meta property=\"article:modified_time\" content=\"2024-07-16T17:34:00+00:00\" \/>\n<meta property=\"og:image\" content=\"https:\/\/quehacerpolitico.mx\/wp-content\/uploads\/2024\/07\/IMG_6729.jpeg\" \/>\n\t<meta property=\"og:image:width\" content=\"1079\" \/>\n\t<meta property=\"og:image:height\" content=\"756\" \/>\n\t<meta property=\"og:image:type\" content=\"image\/jpeg\" \/>\n<meta name=\"author\" content=\"Redacci\u00f3n QP\" \/>\n<meta name=\"twitter:card\" content=\"summary_large_image\" \/>\n<meta name=\"twitter:label1\" content=\"Escrito por\" \/>\n\t<meta name=\"twitter:data1\" content=\"Redacci\u00f3n QP\" \/>\n\t<meta name=\"twitter:label2\" content=\"Tiempo de lectura\" \/>\n\t<meta name=\"twitter:data2\" content=\"4 minutos\" \/>\n<script type=\"application\/ld+json\" class=\"yoast-schema-graph\">{\"@context\":\"https:\\\/\\\/schema.org\",\"@graph\":[{\"@type\":\"Article\",\"@id\":\"https:\\\/\\\/quehacerpolitico.mx\\\/?p=111356#article\",\"isPartOf\":{\"@id\":\"https:\\\/\\\/quehacerpolitico.mx\\\/?p=111356\"},\"author\":{\"name\":\"Redacci\u00f3n QP\",\"@id\":\"https:\\\/\\\/quehacerpolitico.mx\\\/#\\\/schema\\\/person\\\/496d8ad2d1d3f8036101dca7ee39e585\"},\"headline\":\"Mbappe es presentado como nuevo jugador del Real Madrid en el Bernab\u00e9u\",\"datePublished\":\"2024-07-16T17:32:28+00:00\",\"dateModified\":\"2024-07-16T17:34:00+00:00\",\"mainEntityOfPage\":{\"@id\":\"https:\\\/\\\/quehacerpolitico.mx\\\/?p=111356\"},\"wordCount\":852,\"commentCount\":0,\"image\":{\"@id\":\"https:\\\/\\\/quehacerpolitico.mx\\\/?p=111356#primaryimage\"},\"thumbnailUrl\":\"https:\\\/\\\/quehacerpolitico.mx\\\/wp-content\\\/uploads\\\/2024\\\/07\\\/IMG_6729.jpeg\",\"articleSection\":[\"Deportes\"],\"inLanguage\":\"es\",\"potentialAction\":[{\"@type\":\"CommentAction\",\"name\":\"Comment\",\"target\":[\"https:\\\/\\\/quehacerpolitico.mx\\\/?p=111356#respond\"]}]},{\"@type\":\"WebPage\",\"@id\":\"https:\\\/\\\/quehacerpolitico.mx\\\/?p=111356\",\"url\":\"https:\\\/\\\/quehacerpolitico.mx\\\/?p=111356\",\"name\":\"Mbappe es presentado como nuevo jugador del Real Madrid en el Bernab\u00e9u -\",\"isPartOf\":{\"@id\":\"https:\\\/\\\/quehacerpolitico.mx\\\/#website\"},\"primaryImageOfPage\":{\"@id\":\"https:\\\/\\\/quehacerpolitico.mx\\\/?p=111356#primaryimage\"},\"image\":{\"@id\":\"https:\\\/\\\/quehacerpolitico.mx\\\/?p=111356#primaryimage\"},\"thumbnailUrl\":\"https:\\\/\\\/quehacerpolitico.mx\\\/wp-content\\\/uploads\\\/2024\\\/07\\\/IMG_6729.jpeg\",\"datePublished\":\"2024-07-16T17:32:28+00:00\",\"dateModified\":\"2024-07-16T17:34:00+00:00\",\"author\":{\"@id\":\"https:\\\/\\\/quehacerpolitico.mx\\\/#\\\/schema\\\/person\\\/496d8ad2d1d3f8036101dca7ee39e585\"},\"breadcrumb\":{\"@id\":\"https:\\\/\\\/quehacerpolitico.mx\\\/?p=111356#breadcrumb\"},\"inLanguage\":\"es\",\"potentialAction\":[{\"@type\":\"ReadAction\",\"target\":[\"https:\\\/\\\/quehacerpolitico.mx\\\/?p=111356\"]}]},{\"@type\":\"ImageObject\",\"inLanguage\":\"es\",\"@id\":\"https:\\\/\\\/quehacerpolitico.mx\\\/?p=111356#primaryimage\",\"url\":\"https:\\\/\\\/quehacerpolitico.mx\\\/wp-content\\\/uploads\\\/2024\\\/07\\\/IMG_6729.jpeg\",\"contentUrl\":\"https:\\\/\\\/quehacerpolitico.mx\\\/wp-content\\\/uploads\\\/2024\\\/07\\\/IMG_6729.jpeg\",\"width\":1079,\"height\":756},{\"@type\":\"BreadcrumbList\",\"@id\":\"https:\\\/\\\/quehacerpolitico.mx\\\/?p=111356#breadcrumb\",\"itemListElement\":[{\"@type\":\"ListItem\",\"position\":1,\"name\":\"Inicio\",\"item\":\"https:\\\/\\\/quehacerpolitico.mx\\\/\"},{\"@type\":\"ListItem\",\"position\":2,\"name\":\"Mbappe es presentado como nuevo jugador del Real Madrid en el Bernab\u00e9u\"}]},{\"@type\":\"WebSite\",\"@id\":\"https:\\\/\\\/quehacerpolitico.mx\\\/#website\",\"url\":\"https:\\\/\\\/quehacerpolitico.mx\\\/\",\"name\":\"\",\"description\":\"\",\"potentialAction\":[{\"@type\":\"SearchAction\",\"target\":{\"@type\":\"EntryPoint\",\"urlTemplate\":\"https:\\\/\\\/quehacerpolitico.mx\\\/?s={search_term_string}\"},\"query-input\":{\"@type\":\"PropertyValueSpecification\",\"valueRequired\":true,\"valueName\":\"search_term_string\"}}],\"inLanguage\":\"es\"},{\"@type\":\"Person\",\"@id\":\"https:\\\/\\\/quehacerpolitico.mx\\\/#\\\/schema\\\/person\\\/496d8ad2d1d3f8036101dca7ee39e585\",\"name\":\"Redacci\u00f3n QP\",\"image\":{\"@type\":\"ImageObject\",\"inLanguage\":\"es\",\"@id\":\"https:\\\/\\\/secure.gravatar.com\\\/avatar\\\/c7164ed6fdec453195284ad24a5ae5b6e1eed2b848477fa2a4787ba9adf39a41?s=96&d=mm&r=g\",\"url\":\"https:\\\/\\\/secure.gravatar.com\\\/avatar\\\/c7164ed6fdec453195284ad24a5ae5b6e1eed2b848477fa2a4787ba9adf39a41?s=96&d=mm&r=g\",\"contentUrl\":\"https:\\\/\\\/secure.gravatar.com\\\/avatar\\\/c7164ed6fdec453195284ad24a5ae5b6e1eed2b848477fa2a4787ba9adf39a41?s=96&d=mm&r=g\",\"caption\":\"Redacci\u00f3n QP\"},\"url\":\"https:\\\/\\\/quehacerpolitico.mx\\\/?author=2\"}]}<\/script>\n<!-- \/ Yoast SEO plugin. -->","yoast_head_json":{"title":"Mbappe es presentado como nuevo jugador del Real Madrid en el Bernab\u00e9u -","robots":{"index":"index","follow":"follow","max-snippet":"max-snippet:-1","max-image-preview":"max-image-preview:large","max-video-preview":"max-video-preview:-1"},"canonical":"https:\/\/quehacerpolitico.mx\/?p=111356","og_locale":"es_MX","og_type":"article","og_title":"Mbappe es presentado como nuevo jugador del Real Madrid en el Bernab\u00e9u -","og_description":"Por Redacci\u00f3n QP El atacante franc\u00e9s Kylian Mbapp\u00e9 fue presentado este martes en el Estadio...","og_url":"https:\/\/quehacerpolitico.mx\/?p=111356","article_published_time":"2024-07-16T17:32:28+00:00","article_modified_time":"2024-07-16T17:34:00+00:00","og_image":[{"width":1079,"height":756,"url":"https:\/\/quehacerpolitico.mx\/wp-content\/uploads\/2024\/07\/IMG_6729.jpeg","type":"image\/jpeg"}],"author":"Redacci\u00f3n QP","twitter_card":"summary_large_image","twitter_misc":{"Escrito por":"Redacci\u00f3n QP","Tiempo de lectura":"4 minutos"},"schema":{"@context":"https:\/\/schema.org","@graph":[{"@type":"Article","@id":"https:\/\/quehacerpolitico.mx\/?p=111356#article","isPartOf":{"@id":"https:\/\/quehacerpolitico.mx\/?p=111356"},"author":{"name":"Redacci\u00f3n QP","@id":"https:\/\/quehacerpolitico.mx\/#\/schema\/person\/496d8ad2d1d3f8036101dca7ee39e585"},"headline":"Mbappe es presentado como nuevo jugador del Real Madrid en el Bernab\u00e9u","datePublished":"2024-07-16T17:32:28+00:00","dateModified":"2024-07-16T17:34:00+00:00","mainEntityOfPage":{"@id":"https:\/\/quehacerpolitico.mx\/?p=111356"},"wordCount":852,"commentCount":0,"image":{"@id":"https:\/\/quehacerpolitico.mx\/?p=111356#primaryimage"},"thumbnailUrl":"https:\/\/quehacerpolitico.mx\/wp-content\/uploads\/2024\/07\/IMG_6729.jpeg","articleSection":["Deportes"],"inLanguage":"es","potentialAction":[{"@type":"CommentAction","name":"Comment","target":["https:\/\/quehacerpolitico.mx\/?p=111356#respond"]}]},{"@type":"WebPage","@id":"https:\/\/quehacerpolitico.mx\/?p=111356","url":"https:\/\/quehacerpolitico.mx\/?p=111356","name":"Mbappe es presentado como nuevo jugador del Real Madrid en el Bernab\u00e9u -","isPartOf":{"@id":"https:\/\/quehacerpolitico.mx\/#website"},"primaryImageOfPage":{"@id":"https:\/\/quehacerpolitico.mx\/?p=111356#primaryimage"},"image":{"@id":"https:\/\/quehacerpolitico.mx\/?p=111356#primaryimage"},"thumbnailUrl":"https:\/\/quehacerpolitico.mx\/wp-content\/uploads\/2024\/07\/IMG_6729.jpeg","datePublished":"2024-07-16T17:32:28+00:00","dateModified":"2024-07-16T17:34:00+00:00","author":{"@id":"https:\/\/quehacerpolitico.mx\/#\/schema\/person\/496d8ad2d1d3f8036101dca7ee39e585"},"breadcrumb":{"@id":"https:\/\/quehacerpolitico.mx\/?p=111356#breadcrumb"},"inLanguage":"es","potentialAction":[{"@type":"ReadAction","target":["https:\/\/quehacerpolitico.mx\/?p=111356"]}]},{"@type":"ImageObject","inLanguage":"es","@id":"https:\/\/quehacerpolitico.mx\/?p=111356#primaryimage","url":"https:\/\/quehacerpolitico.mx\/wp-content\/uploads\/2024\/07\/IMG_6729.jpeg","contentUrl":"https:\/\/quehacerpolitico.mx\/wp-content\/uploads\/2024\/07\/IMG_6729.jpeg","width":1079,"height":756},{"@type":"BreadcrumbList","@id":"https:\/\/quehacerpolitico.mx\/?p=111356#breadcrumb","itemListElement":[{"@type":"ListItem","position":1,"name":"Inicio","item":"https:\/\/quehacerpolitico.mx\/"},{"@type":"ListItem","position":2,"name":"Mbappe es presentado como nuevo jugador del Real Madrid en el Bernab\u00e9u"}]},{"@type":"WebSite","@id":"https:\/\/quehacerpolitico.mx\/#website","url":"https:\/\/quehacerpolitico.mx\/","name":"","description":"","potentialAction":[{"@type":"SearchAction","target":{"@type":"EntryPoint","urlTemplate":"https:\/\/quehacerpolitico.mx\/?s={search_term_string}"},"query-input":{"@type":"PropertyValueSpecification","valueRequired":true,"valueName":"search_term_string"}}],"inLanguage":"es"},{"@type":"Person","@id":"https:\/\/quehacerpolitico.mx\/#\/schema\/person\/496d8ad2d1d3f8036101dca7ee39e585","name":"Redacci\u00f3n QP","image":{"@type":"ImageObject","inLanguage":"es","@id":"https:\/\/secure.gravatar.com\/avatar\/c7164ed6fdec453195284ad24a5ae5b6e1eed2b848477fa2a4787ba9adf39a41?s=96&d=mm&r=g","url":"https:\/\/secure.gravatar.com\/avatar\/c7164ed6fdec453195284ad24a5ae5b6e1eed2b848477fa2a4787ba9adf39a41?s=96&d=mm&r=g","contentUrl":"https:\/\/secure.gravatar.com\/avatar\/c7164ed6fdec453195284ad24a5ae5b6e1eed2b848477fa2a4787ba9adf39a41?s=96&d=mm&r=g","caption":"Redacci\u00f3n QP"},"url":"https:\/\/quehacerpolitico.mx\/?author=2"}]}},"featured_image_urls":{"full":["https:\/\/quehacerpolitico.mx\/wp-content\/uploads\/2024\/07\/IMG_6729.jpeg",1079,756,false],"thumbnail":["https:\/\/quehacerpolitico.mx\/wp-content\/uploads\/2024\/07\/IMG_6729-150x150.jpeg",150,150,true],"medium":["https:\/\/quehacerpolitico.mx\/wp-content\/uploads\/2024\/07\/IMG_6729-300x210.jpeg",300,210,true],"medium_large":["https:\/\/quehacerpolitico.mx\/wp-content\/uploads\/2024\/07\/IMG_6729-768x538.jpeg",640,448,true],"large":["https:\/\/quehacerpolitico.mx\/wp-content\/uploads\/2024\/07\/IMG_6729-1024x717.jpeg",640,448,true],"1536x1536":["https:\/\/quehacerpolitico.mx\/wp-content\/uploads\/2024\/07\/IMG_6729.jpeg",1079,756,false],"2048x2048":["https:\/\/quehacerpolitico.mx\/wp-content\/uploads\/2024\/07\/IMG_6729.jpeg",1079,756,false],"covernews-featured":["https:\/\/quehacerpolitico.mx\/wp-content\/uploads\/2024\/07\/IMG_6729.jpeg",1024,717,false],"covernews-medium":["https:\/\/quehacerpolitico.mx\/wp-content\/uploads\/2024\/07\/IMG_6729.jpeg",485,340,false]},"author_info":{"display_name":"Redacci\u00f3n QP","author_link":"https:\/\/quehacerpolitico.mx\/?author=2"},"category_info":"<a href=\"https:\/\/quehacerpolitico.mx\/?cat=54\" rel=\"category\">Deportes<\/a>","tag_info":"Deportes","comment_count":"0","_links":{"self":[{"href":"https:\/\/quehacerpolitico.mx\/index.php?rest_route=\/wp\/v2\/posts\/111356","targetHints":{"allow":["GET"]}}],"collection":[{"href":"https:\/\/quehacerpolitico.mx\/index.php?rest_route=\/wp\/v2\/posts"}],"about":[{"href":"https:\/\/quehacerpolitico.mx\/index.php?rest_route=\/wp\/v2\/types\/post"}],"author":[{"embeddable":true,"href":"https:\/\/quehacerpolitico.mx\/index.php?rest_route=\/wp\/v2\/users\/2"}],"replies":[{"embeddable":true,"href":"https:\/\/quehacerpolitico.mx\/index.php?rest_route=%2Fwp%2Fv2%2Fcomments&post=111356"}],"version-history":[{"count":2,"href":"https:\/\/quehacerpolitico.mx\/index.php?rest_route=\/wp\/v2\/posts\/111356\/revisions"}],"predecessor-version":[{"id":111359,"href":"https:\/\/quehacerpolitico.mx\/index.php?rest_route=\/wp\/v2\/posts\/111356\/revisions\/111359"}],"wp:featuredmedia":[{"embeddable":true,"href":"https:\/\/quehacerpolitico.mx\/index.php?rest_route=\/wp\/v2\/media\/111357"}],"wp:attachment":[{"href":"https:\/\/quehacerpolitico.mx\/index.php?rest_route=%2Fwp%2Fv2%2Fmedia&parent=111356"}],"wp:term":[{"taxonomy":"category","embeddable":true,"href":"https:\/\/quehacerpolitico.mx\/index.php?rest_route=%2Fwp%2Fv2%2Fcategories&post=111356"},{"taxonomy":"post_tag","embeddable":true,"href":"https:\/\/quehacerpolitico.mx\/index.php?rest_route=%2Fwp%2Fv2%2Ftags&post=111356"}],"curies":[{"name":"wp","href":"https:\/\/api.w.org\/{rel}","templated":true}]}}