{"id":111353,"date":"2024-07-16T16:52:42","date_gmt":"2024-07-16T16:52:42","guid":{"rendered":"https:\/\/quehacerpolitico.mx\/?p=111353"},"modified":"2024-07-16T16:52:44","modified_gmt":"2024-07-16T16:52:44","slug":"fmi-redujo-dos-decimas-su-prevision-de-crecimiento-economico-de-mexico-de-este-2024-hasta-el-2-2","status":"publish","type":"post","link":"https:\/\/quehacerpolitico.mx\/?p=111353","title":{"rendered":"FMI redujo dos d\u00e9cimas su previsi\u00f3n de\u00a0crecimiento econ\u00f3mico\u00a0de\u00a0M\u00e9xico\u00a0de este 2024, hasta el 2.2%"},"content":{"rendered":"\n<p>Por Redacci\u00f3n QP<\/p>\n\n\n\n<p>En un nuevo informe, el Fondo Monetario Internacional (FMI) detall\u00f3 que el crecimiento econ\u00f3mico de M\u00e9xico en el 2024 ser\u00e1 de 2.2 %<\/p>\n\n\n\n<p>El\u00a0Fondo Monetario Internacional (<strong>FMI<\/strong>) redujo dos d\u00e9cimas su previsi\u00f3n de\u00a0<strong>crecimiento econ\u00f3mico<\/strong>\u00a0de\u00a0<strong>M\u00e9xico<\/strong>\u00a0de este 2024, hasta el 2.2 por ciento, mientras que elev\u00f3 las del 2025 hasta el 1.6%, dos d\u00e9cimas m\u00e1s que lo anticipado en abril.<\/p>\n\n\n\n<p>Las previsiones del FMI son menos optimistas que las del Gobierno mexicano.<\/p>\n\n\n\n<p>En marzo, la\u00a0<strong>Secretar\u00eda de Hacienda y Cr\u00e9dito P\u00fablico<\/strong>\u00a0(<strong>SHCP<\/strong>) anticip\u00f3 que la econom\u00eda de M\u00e9xico crecer\u00e1 en rangos de 2.5 por ciento a 3,5 % en 2024 y de 2 por ciento a 3 % en 2025, en l\u00ednea con las estimaciones presentadas en el Paquete Econ\u00f3mico 2024.<\/p>\n\n\n\n<p>La desaceleraci\u00f3n mexicana responder\u00e1 a una disminuci\u00f3n del ahorro acumulado de los hogares, as\u00ed como a la previsi\u00f3n de un menor crecimiento de Estados Unidos con impacto en las exportaciones, el turismo y la entrada de remesas, de acuerdo a Hacienda.<\/p>\n\n\n\n<p>El pr\u00f3ximo 1 de octubre,&nbsp;<strong>Claudia Sheinbaum<\/strong>, assumir\u00e1 el pr\u00f3ximo 1 de octubre la Presidencia de la Rep\u00fablica, y adem\u00e1s ya confirm\u00f3 que mantendr\u00e1 como titular de Hacienda a&nbsp;<strong>Rogelio Mart\u00ednez de la O<\/strong>, quien desempe\u00f1a el cargo desde 2021.<\/p>\n\n\n\n<p>Seg\u00fan su \u00faltimo informe de perspectivas de crecimiento (<strong>WEO<\/strong>, por sus siglas en ingl\u00e9s), que actualiza las cifras publicadas de hace tres meses, la econom\u00eda mexicana continuar\u00e1 con su ralentizaci\u00f3n tras haber registrado un crecimiento del 3.7 por ciento en 2022 y del 3.2% en 2023.<\/p>\n\n\n\n<p>Con informaci\u00f3n de EFE<\/p>\n","protected":false},"excerpt":{"rendered":"<p>Por Redacci\u00f3n QP En un nuevo informe, el Fondo Monetario Internacional (FMI) detall\u00f3 que el&#8230;<\/p>\n","protected":false},"author":2,"featured_media":111354,"comment_status":"open","ping_status":"open","sticky":false,"template":"","format":"standard","meta":{"_monsterinsights_skip_tracking":false,"_monsterinsights_sitenote_active":false,"_monsterinsights_sitenote_note":"","_monsterinsights_sitenote_category":0,"footnotes":""},"categories":[56],"tags":[],"class_list":["post-111353","post","type-post","status-publish","format-standard","has-post-thumbnail","hentry","category-economia"],"yoast_head":"<!-- This site is optimized with the Yoast SEO plugin v27.3 - https:\/\/yoast.com\/product\/yoast-seo-wordpress\/ -->\n<title>FMI redujo dos d\u00e9cimas su previsi\u00f3n de\u00a0crecimiento econ\u00f3mico\u00a0de\u00a0M\u00e9xico\u00a0de este 2024, hasta el 2.2% -<\/title>\n<meta name=\"robots\" content=\"index, follow, max-snippet:-1, max-image-preview:large, max-video-preview:-1\" \/>\n<link rel=\"canonical\" href=\"https:\/\/quehacerpolitico.mx\/?p=111353\" \/>\n<meta property=\"og:locale\" content=\"es_MX\" \/>\n<meta property=\"og:type\" content=\"article\" \/>\n<meta property=\"og:title\" content=\"FMI redujo dos d\u00e9cimas su previsi\u00f3n de\u00a0crecimiento econ\u00f3mico\u00a0de\u00a0M\u00e9xico\u00a0de este 2024, hasta el 2.2% -\" \/>\n<meta property=\"og:description\" content=\"Por Redacci\u00f3n QP En un nuevo informe, el Fondo Monetario Internacional (FMI) detall\u00f3 que el...\" \/>\n<meta property=\"og:url\" content=\"https:\/\/quehacerpolitico.mx\/?p=111353\" \/>\n<meta property=\"article:published_time\" content=\"2024-07-16T16:52:42+00:00\" \/>\n<meta property=\"article:modified_time\" content=\"2024-07-16T16:52:44+00:00\" \/>\n<meta property=\"og:image\" content=\"https:\/\/quehacerpolitico.mx\/wp-content\/uploads\/2024\/07\/IMG_6728.jpeg\" \/>\n\t<meta property=\"og:image:width\" content=\"780\" \/>\n\t<meta property=\"og:image:height\" content=\"384\" \/>\n\t<meta property=\"og:image:type\" content=\"image\/jpeg\" \/>\n<meta name=\"author\" content=\"Redacci\u00f3n QP\" \/>\n<meta name=\"twitter:card\" content=\"summary_large_image\" \/>\n<meta name=\"twitter:label1\" content=\"Escrito por\" \/>\n\t<meta name=\"twitter:data1\" content=\"Redacci\u00f3n QP\" \/>\n\t<meta name=\"twitter:label2\" content=\"Tiempo de lectura\" \/>\n\t<meta name=\"twitter:data2\" content=\"1 minuto\" \/>\n<script type=\"application\/ld+json\" class=\"yoast-schema-graph\">{\"@context\":\"https:\\\/\\\/schema.org\",\"@graph\":[{\"@type\":\"Article\",\"@id\":\"https:\\\/\\\/quehacerpolitico.mx\\\/?p=111353#article\",\"isPartOf\":{\"@id\":\"https:\\\/\\\/quehacerpolitico.mx\\\/?p=111353\"},\"author\":{\"name\":\"Redacci\u00f3n QP\",\"@id\":\"https:\\\/\\\/quehacerpolitico.mx\\\/#\\\/schema\\\/person\\\/496d8ad2d1d3f8036101dca7ee39e585\"},\"headline\":\"FMI redujo dos d\u00e9cimas su previsi\u00f3n de\u00a0crecimiento econ\u00f3mico\u00a0de\u00a0M\u00e9xico\u00a0de este 2024, hasta el 2.2%\",\"datePublished\":\"2024-07-16T16:52:42+00:00\",\"dateModified\":\"2024-07-16T16:52:44+00:00\",\"mainEntityOfPage\":{\"@id\":\"https:\\\/\\\/quehacerpolitico.mx\\\/?p=111353\"},\"wordCount\":286,\"commentCount\":0,\"image\":{\"@id\":\"https:\\\/\\\/quehacerpolitico.mx\\\/?p=111353#primaryimage\"},\"thumbnailUrl\":\"https:\\\/\\\/quehacerpolitico.mx\\\/wp-content\\\/uploads\\\/2024\\\/07\\\/IMG_6728.jpeg\",\"articleSection\":[\"Econom\u00eda\"],\"inLanguage\":\"es\",\"potentialAction\":[{\"@type\":\"CommentAction\",\"name\":\"Comment\",\"target\":[\"https:\\\/\\\/quehacerpolitico.mx\\\/?p=111353#respond\"]}]},{\"@type\":\"WebPage\",\"@id\":\"https:\\\/\\\/quehacerpolitico.mx\\\/?p=111353\",\"url\":\"https:\\\/\\\/quehacerpolitico.mx\\\/?p=111353\",\"name\":\"FMI redujo dos d\u00e9cimas su previsi\u00f3n de\u00a0crecimiento econ\u00f3mico\u00a0de\u00a0M\u00e9xico\u00a0de este 2024, hasta el 2.2% -\",\"isPartOf\":{\"@id\":\"https:\\\/\\\/quehacerpolitico.mx\\\/#website\"},\"primaryImageOfPage\":{\"@id\":\"https:\\\/\\\/quehacerpolitico.mx\\\/?p=111353#primaryimage\"},\"image\":{\"@id\":\"https:\\\/\\\/quehacerpolitico.mx\\\/?p=111353#primaryimage\"},\"thumbnailUrl\":\"https:\\\/\\\/quehacerpolitico.mx\\\/wp-content\\\/uploads\\\/2024\\\/07\\\/IMG_6728.jpeg\",\"datePublished\":\"2024-07-16T16:52:42+00:00\",\"dateModified\":\"2024-07-16T16:52:44+00:00\",\"author\":{\"@id\":\"https:\\\/\\\/quehacerpolitico.mx\\\/#\\\/schema\\\/person\\\/496d8ad2d1d3f8036101dca7ee39e585\"},\"breadcrumb\":{\"@id\":\"https:\\\/\\\/quehacerpolitico.mx\\\/?p=111353#breadcrumb\"},\"inLanguage\":\"es\",\"potentialAction\":[{\"@type\":\"ReadAction\",\"target\":[\"https:\\\/\\\/quehacerpolitico.mx\\\/?p=111353\"]}]},{\"@type\":\"ImageObject\",\"inLanguage\":\"es\",\"@id\":\"https:\\\/\\\/quehacerpolitico.mx\\\/?p=111353#primaryimage\",\"url\":\"https:\\\/\\\/quehacerpolitico.mx\\\/wp-content\\\/uploads\\\/2024\\\/07\\\/IMG_6728.jpeg\",\"contentUrl\":\"https:\\\/\\\/quehacerpolitico.mx\\\/wp-content\\\/uploads\\\/2024\\\/07\\\/IMG_6728.jpeg\",\"width\":780,\"height\":384},{\"@type\":\"BreadcrumbList\",\"@id\":\"https:\\\/\\\/quehacerpolitico.mx\\\/?p=111353#breadcrumb\",\"itemListElement\":[{\"@type\":\"ListItem\",\"position\":1,\"name\":\"Inicio\",\"item\":\"https:\\\/\\\/quehacerpolitico.mx\\\/\"},{\"@type\":\"ListItem\",\"position\":2,\"name\":\"FMI redujo dos d\u00e9cimas su previsi\u00f3n de\u00a0crecimiento econ\u00f3mico\u00a0de\u00a0M\u00e9xico\u00a0de este 2024, hasta el 2.2%\"}]},{\"@type\":\"WebSite\",\"@id\":\"https:\\\/\\\/quehacerpolitico.mx\\\/#website\",\"url\":\"https:\\\/\\\/quehacerpolitico.mx\\\/\",\"name\":\"\",\"description\":\"\",\"potentialAction\":[{\"@type\":\"SearchAction\",\"target\":{\"@type\":\"EntryPoint\",\"urlTemplate\":\"https:\\\/\\\/quehacerpolitico.mx\\\/?s={search_term_string}\"},\"query-input\":{\"@type\":\"PropertyValueSpecification\",\"valueRequired\":true,\"valueName\":\"search_term_string\"}}],\"inLanguage\":\"es\"},{\"@type\":\"Person\",\"@id\":\"https:\\\/\\\/quehacerpolitico.mx\\\/#\\\/schema\\\/person\\\/496d8ad2d1d3f8036101dca7ee39e585\",\"name\":\"Redacci\u00f3n QP\",\"image\":{\"@type\":\"ImageObject\",\"inLanguage\":\"es\",\"@id\":\"https:\\\/\\\/secure.gravatar.com\\\/avatar\\\/c7164ed6fdec453195284ad24a5ae5b6e1eed2b848477fa2a4787ba9adf39a41?s=96&d=mm&r=g\",\"url\":\"https:\\\/\\\/secure.gravatar.com\\\/avatar\\\/c7164ed6fdec453195284ad24a5ae5b6e1eed2b848477fa2a4787ba9adf39a41?s=96&d=mm&r=g\",\"contentUrl\":\"https:\\\/\\\/secure.gravatar.com\\\/avatar\\\/c7164ed6fdec453195284ad24a5ae5b6e1eed2b848477fa2a4787ba9adf39a41?s=96&d=mm&r=g\",\"caption\":\"Redacci\u00f3n QP\"},\"url\":\"https:\\\/\\\/quehacerpolitico.mx\\\/?author=2\"}]}<\/script>\n<!-- \/ Yoast SEO plugin. -->","yoast_head_json":{"title":"FMI redujo dos d\u00e9cimas su previsi\u00f3n de\u00a0crecimiento econ\u00f3mico\u00a0de\u00a0M\u00e9xico\u00a0de este 2024, hasta el 2.2% -","robots":{"index":"index","follow":"follow","max-snippet":"max-snippet:-1","max-image-preview":"max-image-preview:large","max-video-preview":"max-video-preview:-1"},"canonical":"https:\/\/quehacerpolitico.mx\/?p=111353","og_locale":"es_MX","og_type":"article","og_title":"FMI redujo dos d\u00e9cimas su previsi\u00f3n de\u00a0crecimiento econ\u00f3mico\u00a0de\u00a0M\u00e9xico\u00a0de este 2024, hasta el 2.2% -","og_description":"Por Redacci\u00f3n QP En un nuevo informe, el Fondo Monetario Internacional (FMI) detall\u00f3 que el...","og_url":"https:\/\/quehacerpolitico.mx\/?p=111353","article_published_time":"2024-07-16T16:52:42+00:00","article_modified_time":"2024-07-16T16:52:44+00:00","og_image":[{"width":780,"height":384,"url":"https:\/\/quehacerpolitico.mx\/wp-content\/uploads\/2024\/07\/IMG_6728.jpeg","type":"image\/jpeg"}],"author":"Redacci\u00f3n QP","twitter_card":"summary_large_image","twitter_misc":{"Escrito por":"Redacci\u00f3n QP","Tiempo de lectura":"1 minuto"},"schema":{"@context":"https:\/\/schema.org","@graph":[{"@type":"Article","@id":"https:\/\/quehacerpolitico.mx\/?p=111353#article","isPartOf":{"@id":"https:\/\/quehacerpolitico.mx\/?p=111353"},"author":{"name":"Redacci\u00f3n QP","@id":"https:\/\/quehacerpolitico.mx\/#\/schema\/person\/496d8ad2d1d3f8036101dca7ee39e585"},"headline":"FMI redujo dos d\u00e9cimas su previsi\u00f3n de\u00a0crecimiento econ\u00f3mico\u00a0de\u00a0M\u00e9xico\u00a0de este 2024, hasta el 2.2%","datePublished":"2024-07-16T16:52:42+00:00","dateModified":"2024-07-16T16:52:44+00:00","mainEntityOfPage":{"@id":"https:\/\/quehacerpolitico.mx\/?p=111353"},"wordCount":286,"commentCount":0,"image":{"@id":"https:\/\/quehacerpolitico.mx\/?p=111353#primaryimage"},"thumbnailUrl":"https:\/\/quehacerpolitico.mx\/wp-content\/uploads\/2024\/07\/IMG_6728.jpeg","articleSection":["Econom\u00eda"],"inLanguage":"es","potentialAction":[{"@type":"CommentAction","name":"Comment","target":["https:\/\/quehacerpolitico.mx\/?p=111353#respond"]}]},{"@type":"WebPage","@id":"https:\/\/quehacerpolitico.mx\/?p=111353","url":"https:\/\/quehacerpolitico.mx\/?p=111353","name":"FMI redujo dos d\u00e9cimas su previsi\u00f3n de\u00a0crecimiento econ\u00f3mico\u00a0de\u00a0M\u00e9xico\u00a0de este 2024, hasta el 2.2% -","isPartOf":{"@id":"https:\/\/quehacerpolitico.mx\/#website"},"primaryImageOfPage":{"@id":"https:\/\/quehacerpolitico.mx\/?p=111353#primaryimage"},"image":{"@id":"https:\/\/quehacerpolitico.mx\/?p=111353#primaryimage"},"thumbnailUrl":"https:\/\/quehacerpolitico.mx\/wp-content\/uploads\/2024\/07\/IMG_6728.jpeg","datePublished":"2024-07-16T16:52:42+00:00","dateModified":"2024-07-16T16:52:44+00:00","author":{"@id":"https:\/\/quehacerpolitico.mx\/#\/schema\/person\/496d8ad2d1d3f8036101dca7ee39e585"},"breadcrumb":{"@id":"https:\/\/quehacerpolitico.mx\/?p=111353#breadcrumb"},"inLanguage":"es","potentialAction":[{"@type":"ReadAction","target":["https:\/\/quehacerpolitico.mx\/?p=111353"]}]},{"@type":"ImageObject","inLanguage":"es","@id":"https:\/\/quehacerpolitico.mx\/?p=111353#primaryimage","url":"https:\/\/quehacerpolitico.mx\/wp-content\/uploads\/2024\/07\/IMG_6728.jpeg","contentUrl":"https:\/\/quehacerpolitico.mx\/wp-content\/uploads\/2024\/07\/IMG_6728.jpeg","width":780,"height":384},{"@type":"BreadcrumbList","@id":"https:\/\/quehacerpolitico.mx\/?p=111353#breadcrumb","itemListElement":[{"@type":"ListItem","position":1,"name":"Inicio","item":"https:\/\/quehacerpolitico.mx\/"},{"@type":"ListItem","position":2,"name":"FMI redujo dos d\u00e9cimas su previsi\u00f3n de\u00a0crecimiento econ\u00f3mico\u00a0de\u00a0M\u00e9xico\u00a0de este 2024, hasta el 2.2%"}]},{"@type":"WebSite","@id":"https:\/\/quehacerpolitico.mx\/#website","url":"https:\/\/quehacerpolitico.mx\/","name":"","description":"","potentialAction":[{"@type":"SearchAction","target":{"@type":"EntryPoint","urlTemplate":"https:\/\/quehacerpolitico.mx\/?s={search_term_string}"},"query-input":{"@type":"PropertyValueSpecification","valueRequired":true,"valueName":"search_term_string"}}],"inLanguage":"es"},{"@type":"Person","@id":"https:\/\/quehacerpolitico.mx\/#\/schema\/person\/496d8ad2d1d3f8036101dca7ee39e585","name":"Redacci\u00f3n QP","image":{"@type":"ImageObject","inLanguage":"es","@id":"https:\/\/secure.gravatar.com\/avatar\/c7164ed6fdec453195284ad24a5ae5b6e1eed2b848477fa2a4787ba9adf39a41?s=96&d=mm&r=g","url":"https:\/\/secure.gravatar.com\/avatar\/c7164ed6fdec453195284ad24a5ae5b6e1eed2b848477fa2a4787ba9adf39a41?s=96&d=mm&r=g","contentUrl":"https:\/\/secure.gravatar.com\/avatar\/c7164ed6fdec453195284ad24a5ae5b6e1eed2b848477fa2a4787ba9adf39a41?s=96&d=mm&r=g","caption":"Redacci\u00f3n QP"},"url":"https:\/\/quehacerpolitico.mx\/?author=2"}]}},"featured_image_urls":{"full":["https:\/\/quehacerpolitico.mx\/wp-content\/uploads\/2024\/07\/IMG_6728.jpeg",780,384,false],"thumbnail":["https:\/\/quehacerpolitico.mx\/wp-content\/uploads\/2024\/07\/IMG_6728-150x150.jpeg",150,150,true],"medium":["https:\/\/quehacerpolitico.mx\/wp-content\/uploads\/2024\/07\/IMG_6728-300x148.jpeg",300,148,true],"medium_large":["https:\/\/quehacerpolitico.mx\/wp-content\/uploads\/2024\/07\/IMG_6728-768x378.jpeg",640,315,true],"large":["https:\/\/quehacerpolitico.mx\/wp-content\/uploads\/2024\/07\/IMG_6728.jpeg",640,315,false],"1536x1536":["https:\/\/quehacerpolitico.mx\/wp-content\/uploads\/2024\/07\/IMG_6728.jpeg",780,384,false],"2048x2048":["https:\/\/quehacerpolitico.mx\/wp-content\/uploads\/2024\/07\/IMG_6728.jpeg",780,384,false],"covernews-featured":["https:\/\/quehacerpolitico.mx\/wp-content\/uploads\/2024\/07\/IMG_6728.jpeg",780,384,false],"covernews-medium":["https:\/\/quehacerpolitico.mx\/wp-content\/uploads\/2024\/07\/IMG_6728.jpeg",540,266,false]},"author_info":{"display_name":"Redacci\u00f3n QP","author_link":"https:\/\/quehacerpolitico.mx\/?author=2"},"category_info":"<a href=\"https:\/\/quehacerpolitico.mx\/?cat=56\" rel=\"category\">Econom\u00eda<\/a>","tag_info":"Econom\u00eda","comment_count":"0","_links":{"self":[{"href":"https:\/\/quehacerpolitico.mx\/index.php?rest_route=\/wp\/v2\/posts\/111353","targetHints":{"allow":["GET"]}}],"collection":[{"href":"https:\/\/quehacerpolitico.mx\/index.php?rest_route=\/wp\/v2\/posts"}],"about":[{"href":"https:\/\/quehacerpolitico.mx\/index.php?rest_route=\/wp\/v2\/types\/post"}],"author":[{"embeddable":true,"href":"https:\/\/quehacerpolitico.mx\/index.php?rest_route=\/wp\/v2\/users\/2"}],"replies":[{"embeddable":true,"href":"https:\/\/quehacerpolitico.mx\/index.php?rest_route=%2Fwp%2Fv2%2Fcomments&post=111353"}],"version-history":[{"count":1,"href":"https:\/\/quehacerpolitico.mx\/index.php?rest_route=\/wp\/v2\/posts\/111353\/revisions"}],"predecessor-version":[{"id":111355,"href":"https:\/\/quehacerpolitico.mx\/index.php?rest_route=\/wp\/v2\/posts\/111353\/revisions\/111355"}],"wp:featuredmedia":[{"embeddable":true,"href":"https:\/\/quehacerpolitico.mx\/index.php?rest_route=\/wp\/v2\/media\/111354"}],"wp:attachment":[{"href":"https:\/\/quehacerpolitico.mx\/index.php?rest_route=%2Fwp%2Fv2%2Fmedia&parent=111353"}],"wp:term":[{"taxonomy":"category","embeddable":true,"href":"https:\/\/quehacerpolitico.mx\/index.php?rest_route=%2Fwp%2Fv2%2Fcategories&post=111353"},{"taxonomy":"post_tag","embeddable":true,"href":"https:\/\/quehacerpolitico.mx\/index.php?rest_route=%2Fwp%2Fv2%2Ftags&post=111353"}],"curies":[{"name":"wp","href":"https:\/\/api.w.org\/{rel}","templated":true}]}}