{"id":111341,"date":"2024-07-15T20:50:41","date_gmt":"2024-07-15T20:50:41","guid":{"rendered":"https:\/\/quehacerpolitico.mx\/?p=111341"},"modified":"2024-07-15T20:50:44","modified_gmt":"2024-07-15T20:50:44","slug":"el-quehacer-politico-internacional-carolina-alonso-romei-trump-elige-a-su-candidato-a-vicepresidente","status":"publish","type":"post","link":"https:\/\/quehacerpolitico.mx\/?p=111341","title":{"rendered":"El Quehacer Pol\u00edtico Internacional\/\/\/Carolina Alonso Romei\/\/\/Trump elige a su candidato a vicepresidente"},"content":{"rendered":"\n<p>Por Carolina Alonso Romei<\/p>\n\n\n\n<p>Internacionalista <\/p>\n\n\n\n<p>El expresidente de EU afirm\u00f3 que despu\u00e9s de &#8220;una larga deliberaci\u00f3n y reflexi\u00f3n, ha decidido que se trata de &#8220;la persona m\u00e1s adecuada para asumir el cargo&#8221;<\/p>\n\n\n\n<p>El expresidente de\u00a0Estados Unidos, Donald Trump (2017-2021) eligi\u00f3 este lunes \u00a015 de julio como su candidato a vicepresidente al senador de Ohio,\u00a0<strong>J.D. Vance, un joven de 39 a\u00f1os que adem\u00e1s de pol\u00edtico tambi\u00e9n es empresario y escritor.<\/strong><\/p>\n\n\n\n<figure class=\"wp-block-image size-full\"><img loading=\"lazy\" decoding=\"async\" width=\"288\" height=\"360\" src=\"https:\/\/quehacerpolitico.mx\/wp-content\/uploads\/2024\/07\/image.png\" alt=\"\" class=\"wp-image-111343\" srcset=\"https:\/\/quehacerpolitico.mx\/wp-content\/uploads\/2024\/07\/image.png 288w, https:\/\/quehacerpolitico.mx\/wp-content\/uploads\/2024\/07\/image-240x300.png 240w, https:\/\/quehacerpolitico.mx\/wp-content\/uploads\/2024\/07\/image-117x146.png 117w, https:\/\/quehacerpolitico.mx\/wp-content\/uploads\/2024\/07\/image-40x50.png 40w, https:\/\/quehacerpolitico.mx\/wp-content\/uploads\/2024\/07\/image-60x75.png 60w\" sizes=\"auto, (max-width: 288px) 100vw, 288px\" \/><\/figure>\n\n\n\n<p>Tras varias semanas de inc\u00f3gnita, Trump anunci\u00f3 a su elegido en la red Truth Social durante la primera jornada de la\u00a0<strong>Convenci\u00f3n Republicana<\/strong>, que comenz\u00f3 este lunes en Milwaukee, en el estado clave de Wisconsin, donde tambi\u00e9n\u00a0<strong>se formaliza hoy la candidatura del exmandatario a la Casa Blanca.<\/strong><\/p>\n\n\n\n<figure class=\"wp-block-image size-large\"><img loading=\"lazy\" decoding=\"async\" width=\"1024\" height=\"952\" src=\"https:\/\/quehacerpolitico.mx\/wp-content\/uploads\/2024\/07\/image-17-1024x952.jpeg\" alt=\"\" class=\"wp-image-111342\" srcset=\"https:\/\/quehacerpolitico.mx\/wp-content\/uploads\/2024\/07\/image-17-1024x952.jpeg 1024w, https:\/\/quehacerpolitico.mx\/wp-content\/uploads\/2024\/07\/image-17-300x279.jpeg 300w, https:\/\/quehacerpolitico.mx\/wp-content\/uploads\/2024\/07\/image-17-768x714.jpeg 768w, https:\/\/quehacerpolitico.mx\/wp-content\/uploads\/2024\/07\/image-17-157x146.jpeg 157w, https:\/\/quehacerpolitico.mx\/wp-content\/uploads\/2024\/07\/image-17-50x46.jpeg 50w, https:\/\/quehacerpolitico.mx\/wp-content\/uploads\/2024\/07\/image-17-81x75.jpeg 81w, https:\/\/quehacerpolitico.mx\/wp-content\/uploads\/2024\/07\/image-17.jpeg 1284w\" sizes=\"auto, (max-width: 1024px) 100vw, 1024px\" \/><figcaption class=\"wp-element-caption\">Screenshot<\/figcaption><\/figure>\n\n\n\n<p>El exmandatario republicano afirm\u00f3 que despu\u00e9s de &#8220;una larga deliberaci\u00f3n y reflexi\u00f3n, y considerando los tremendos talentos de muchos otros&#8221;, ha decidido que Vance es &#8220;la persona m\u00e1s adecuada para asumir el cargo&#8221;.<\/p>\n\n\n\n<h2 class=\"wp-block-heading\">\u00bfQui\u00e9n es J. D. Vance, candidato a vicepresidente de Estados Unidos?<\/h2>\n\n\n\n<p>Durante la campa\u00f1a, afirm\u00f3, se centrar\u00e1 fuertemente en las personas por las que luch\u00f3 tan brillantemente, los trabajadores y agricultores estadounidenses en Pensilvania, Michigan, Wisconsin, Ohio, Minnesota y mucho m\u00e1s all\u00e1&#8221;.<\/p>\n\n\n\n<p>Como vicepresidente, a\u00f1adi\u00f3, &#8220;continuar\u00e1 luchando&#8221; por la Constituci\u00f3n, apoyar\u00e1 a las tropas y\u00a0<strong>har\u00e1 todo lo que pueda para ayudarle a &#8220;hacer grande a Estados Unidos otra vez&#8221;.<\/strong><\/p>\n\n\n\n<p>Trump record\u00f3 en Truth Social que Vance sirvi\u00f3 en la Infanter\u00eda de Marina, se gradu\u00f3 de la Universidad Estatal de Ohio en dos a\u00f1os, Summa Cum Laude, y tambi\u00e9n en la Facultad de Derecho de Yale, donde fue editor de The Yale Law Journal y presidente de la Asociaci\u00f3n de Veteranos de Derecho de Yale.<\/p>\n\n\n\n<figure class=\"wp-block-image size-full\"><img loading=\"lazy\" decoding=\"async\" width=\"719\" height=\"510\" src=\"https:\/\/quehacerpolitico.mx\/wp-content\/uploads\/2024\/07\/image-18.jpeg\" alt=\"\" class=\"wp-image-111344\" srcset=\"https:\/\/quehacerpolitico.mx\/wp-content\/uploads\/2024\/07\/image-18.jpeg 719w, https:\/\/quehacerpolitico.mx\/wp-content\/uploads\/2024\/07\/image-18-300x213.jpeg 300w, https:\/\/quehacerpolitico.mx\/wp-content\/uploads\/2024\/07\/image-18-206x146.jpeg 206w, https:\/\/quehacerpolitico.mx\/wp-content\/uploads\/2024\/07\/image-18-50x35.jpeg 50w, https:\/\/quehacerpolitico.mx\/wp-content\/uploads\/2024\/07\/image-18-106x75.jpeg 106w\" sizes=\"auto, (max-width: 719px) 100vw, 719px\" \/><\/figure>\n\n\n\n<p>El libro de J.D.<strong>&nbsp;&#8220;Hillbilly Elegy&#8221;<\/strong>&nbsp;&#8220;se convirti\u00f3 en un gran \u00e9xito de ventas&#8221; y en una pel\u00edcula, afirm\u00f3 el expresidente, quien a\u00f1adi\u00f3 que&nbsp;<strong>&#8220;ha tenido una carrera empresarial muy exitosa en tecnolog\u00eda y finanzas&#8221;.<\/strong><\/p>\n\n\n\n<p>Su nombre figuraba como favorito de una lista en la que tambi\u00e9n estaban el senador de Florida, Marco Rubio, el de Carolina del Sur, Tim Scott, el gobernador de Dakota del Norte, Doug Burgum, y el de Virginia, Glenn Youngkin.<\/p>\n\n\n\n<p>En las \u00faltimas horas, hab\u00edan empezado a nombrarse incluso la exembajadora de Estados Unidos ante la ONU y exgobernadora de Carolina del Sur, Nikki Haley, la \u00faltima en tirar la toalla en el proceso de primarias frente a Trump, e incluso Robert F. Kennedy Jr., aspirante independiente a la presidencia.<\/p>\n\n\n\n<p>Este mismo lunes se filtr\u00f3 que tanto Rubio como Burgum hab\u00edan sido notificados de que no iban a ser los elegidos, provocando as\u00ed que el foco estuviera sobre Vance, cuyo anuncio fue recibido entre aplausos en la convenci\u00f3n en cuanto se hizo p\u00fablico.<\/p>\n\n\n\n<p>Con informaci\u00f3n de EFE<\/p>\n","protected":false},"excerpt":{"rendered":"<p>Por Carolina Alonso Romei Internacionalista El expresidente de EU afirm\u00f3 que despu\u00e9s de &#8220;una larga&#8230;<\/p>\n","protected":false},"author":2,"featured_media":111345,"comment_status":"open","ping_status":"open","sticky":false,"template":"","format":"standard","meta":{"_monsterinsights_skip_tracking":false,"_monsterinsights_sitenote_active":false,"_monsterinsights_sitenote_note":"","_monsterinsights_sitenote_category":0,"footnotes":""},"categories":[1],"tags":[],"class_list":["post-111341","post","type-post","status-publish","format-standard","has-post-thumbnail","hentry","category-sin-categoria"],"yoast_head":"<!-- This site is optimized with the Yoast SEO plugin v27.3 - https:\/\/yoast.com\/product\/yoast-seo-wordpress\/ -->\n<title>El Quehacer Pol\u00edtico Internacional\/\/\/Carolina Alonso Romei\/\/\/Trump elige a su candidato a vicepresidente -<\/title>\n<meta name=\"robots\" content=\"index, follow, max-snippet:-1, max-image-preview:large, max-video-preview:-1\" \/>\n<link rel=\"canonical\" href=\"https:\/\/quehacerpolitico.mx\/?p=111341\" \/>\n<meta property=\"og:locale\" content=\"es_MX\" \/>\n<meta property=\"og:type\" content=\"article\" \/>\n<meta property=\"og:title\" content=\"El Quehacer Pol\u00edtico Internacional\/\/\/Carolina Alonso Romei\/\/\/Trump elige a su candidato a vicepresidente -\" \/>\n<meta property=\"og:description\" content=\"Por Carolina Alonso Romei Internacionalista El expresidente de EU afirm\u00f3 que despu\u00e9s de &#8220;una larga...\" \/>\n<meta property=\"og:url\" content=\"https:\/\/quehacerpolitico.mx\/?p=111341\" \/>\n<meta property=\"article:published_time\" content=\"2024-07-15T20:50:41+00:00\" \/>\n<meta property=\"article:modified_time\" content=\"2024-07-15T20:50:44+00:00\" \/>\n<meta property=\"og:image\" content=\"https:\/\/quehacerpolitico.mx\/wp-content\/uploads\/2024\/07\/03fa6135-c3fe-44b7-8e96-c6ca323ffebb-5.jpeg\" \/>\n\t<meta property=\"og:image:width\" content=\"963\" \/>\n\t<meta property=\"og:image:height\" content=\"493\" \/>\n\t<meta property=\"og:image:type\" content=\"image\/jpeg\" \/>\n<meta name=\"author\" content=\"Redacci\u00f3n QP\" \/>\n<meta name=\"twitter:card\" content=\"summary_large_image\" \/>\n<meta name=\"twitter:label1\" content=\"Escrito por\" \/>\n\t<meta name=\"twitter:data1\" content=\"Redacci\u00f3n QP\" \/>\n\t<meta name=\"twitter:label2\" content=\"Tiempo de lectura\" \/>\n\t<meta name=\"twitter:data2\" content=\"2 minutos\" \/>\n<script type=\"application\/ld+json\" class=\"yoast-schema-graph\">{\"@context\":\"https:\\\/\\\/schema.org\",\"@graph\":[{\"@type\":\"Article\",\"@id\":\"https:\\\/\\\/quehacerpolitico.mx\\\/?p=111341#article\",\"isPartOf\":{\"@id\":\"https:\\\/\\\/quehacerpolitico.mx\\\/?p=111341\"},\"author\":{\"name\":\"Redacci\u00f3n QP\",\"@id\":\"https:\\\/\\\/quehacerpolitico.mx\\\/#\\\/schema\\\/person\\\/496d8ad2d1d3f8036101dca7ee39e585\"},\"headline\":\"El Quehacer Pol\u00edtico Internacional\\\/\\\/\\\/Carolina Alonso Romei\\\/\\\/\\\/Trump elige a su candidato a vicepresidente\",\"datePublished\":\"2024-07-15T20:50:41+00:00\",\"dateModified\":\"2024-07-15T20:50:44+00:00\",\"mainEntityOfPage\":{\"@id\":\"https:\\\/\\\/quehacerpolitico.mx\\\/?p=111341\"},\"wordCount\":501,\"commentCount\":0,\"image\":{\"@id\":\"https:\\\/\\\/quehacerpolitico.mx\\\/?p=111341#primaryimage\"},\"thumbnailUrl\":\"https:\\\/\\\/quehacerpolitico.mx\\\/wp-content\\\/uploads\\\/2024\\\/07\\\/03fa6135-c3fe-44b7-8e96-c6ca323ffebb-5.jpeg\",\"articleSection\":[\"Internacionales\"],\"inLanguage\":\"es\",\"potentialAction\":[{\"@type\":\"CommentAction\",\"name\":\"Comment\",\"target\":[\"https:\\\/\\\/quehacerpolitico.mx\\\/?p=111341#respond\"]}]},{\"@type\":\"WebPage\",\"@id\":\"https:\\\/\\\/quehacerpolitico.mx\\\/?p=111341\",\"url\":\"https:\\\/\\\/quehacerpolitico.mx\\\/?p=111341\",\"name\":\"El Quehacer Pol\u00edtico Internacional\\\/\\\/\\\/Carolina Alonso Romei\\\/\\\/\\\/Trump elige a su candidato a vicepresidente -\",\"isPartOf\":{\"@id\":\"https:\\\/\\\/quehacerpolitico.mx\\\/#website\"},\"primaryImageOfPage\":{\"@id\":\"https:\\\/\\\/quehacerpolitico.mx\\\/?p=111341#primaryimage\"},\"image\":{\"@id\":\"https:\\\/\\\/quehacerpolitico.mx\\\/?p=111341#primaryimage\"},\"thumbnailUrl\":\"https:\\\/\\\/quehacerpolitico.mx\\\/wp-content\\\/uploads\\\/2024\\\/07\\\/03fa6135-c3fe-44b7-8e96-c6ca323ffebb-5.jpeg\",\"datePublished\":\"2024-07-15T20:50:41+00:00\",\"dateModified\":\"2024-07-15T20:50:44+00:00\",\"author\":{\"@id\":\"https:\\\/\\\/quehacerpolitico.mx\\\/#\\\/schema\\\/person\\\/496d8ad2d1d3f8036101dca7ee39e585\"},\"breadcrumb\":{\"@id\":\"https:\\\/\\\/quehacerpolitico.mx\\\/?p=111341#breadcrumb\"},\"inLanguage\":\"es\",\"potentialAction\":[{\"@type\":\"ReadAction\",\"target\":[\"https:\\\/\\\/quehacerpolitico.mx\\\/?p=111341\"]}]},{\"@type\":\"ImageObject\",\"inLanguage\":\"es\",\"@id\":\"https:\\\/\\\/quehacerpolitico.mx\\\/?p=111341#primaryimage\",\"url\":\"https:\\\/\\\/quehacerpolitico.mx\\\/wp-content\\\/uploads\\\/2024\\\/07\\\/03fa6135-c3fe-44b7-8e96-c6ca323ffebb-5.jpeg\",\"contentUrl\":\"https:\\\/\\\/quehacerpolitico.mx\\\/wp-content\\\/uploads\\\/2024\\\/07\\\/03fa6135-c3fe-44b7-8e96-c6ca323ffebb-5.jpeg\",\"width\":963,\"height\":493},{\"@type\":\"BreadcrumbList\",\"@id\":\"https:\\\/\\\/quehacerpolitico.mx\\\/?p=111341#breadcrumb\",\"itemListElement\":[{\"@type\":\"ListItem\",\"position\":1,\"name\":\"Inicio\",\"item\":\"https:\\\/\\\/quehacerpolitico.mx\\\/\"},{\"@type\":\"ListItem\",\"position\":2,\"name\":\"El Quehacer Pol\u00edtico Internacional\\\/\\\/\\\/Carolina Alonso Romei\\\/\\\/\\\/Trump elige a su candidato a vicepresidente\"}]},{\"@type\":\"WebSite\",\"@id\":\"https:\\\/\\\/quehacerpolitico.mx\\\/#website\",\"url\":\"https:\\\/\\\/quehacerpolitico.mx\\\/\",\"name\":\"\",\"description\":\"\",\"potentialAction\":[{\"@type\":\"SearchAction\",\"target\":{\"@type\":\"EntryPoint\",\"urlTemplate\":\"https:\\\/\\\/quehacerpolitico.mx\\\/?s={search_term_string}\"},\"query-input\":{\"@type\":\"PropertyValueSpecification\",\"valueRequired\":true,\"valueName\":\"search_term_string\"}}],\"inLanguage\":\"es\"},{\"@type\":\"Person\",\"@id\":\"https:\\\/\\\/quehacerpolitico.mx\\\/#\\\/schema\\\/person\\\/496d8ad2d1d3f8036101dca7ee39e585\",\"name\":\"Redacci\u00f3n QP\",\"image\":{\"@type\":\"ImageObject\",\"inLanguage\":\"es\",\"@id\":\"https:\\\/\\\/secure.gravatar.com\\\/avatar\\\/c7164ed6fdec453195284ad24a5ae5b6e1eed2b848477fa2a4787ba9adf39a41?s=96&d=mm&r=g\",\"url\":\"https:\\\/\\\/secure.gravatar.com\\\/avatar\\\/c7164ed6fdec453195284ad24a5ae5b6e1eed2b848477fa2a4787ba9adf39a41?s=96&d=mm&r=g\",\"contentUrl\":\"https:\\\/\\\/secure.gravatar.com\\\/avatar\\\/c7164ed6fdec453195284ad24a5ae5b6e1eed2b848477fa2a4787ba9adf39a41?s=96&d=mm&r=g\",\"caption\":\"Redacci\u00f3n QP\"},\"url\":\"https:\\\/\\\/quehacerpolitico.mx\\\/?author=2\"}]}<\/script>\n<!-- \/ Yoast SEO plugin. -->","yoast_head_json":{"title":"El Quehacer Pol\u00edtico Internacional\/\/\/Carolina Alonso Romei\/\/\/Trump elige a su candidato a vicepresidente -","robots":{"index":"index","follow":"follow","max-snippet":"max-snippet:-1","max-image-preview":"max-image-preview:large","max-video-preview":"max-video-preview:-1"},"canonical":"https:\/\/quehacerpolitico.mx\/?p=111341","og_locale":"es_MX","og_type":"article","og_title":"El Quehacer Pol\u00edtico Internacional\/\/\/Carolina Alonso Romei\/\/\/Trump elige a su candidato a vicepresidente -","og_description":"Por Carolina Alonso Romei Internacionalista El expresidente de EU afirm\u00f3 que despu\u00e9s de &#8220;una larga...","og_url":"https:\/\/quehacerpolitico.mx\/?p=111341","article_published_time":"2024-07-15T20:50:41+00:00","article_modified_time":"2024-07-15T20:50:44+00:00","og_image":[{"width":963,"height":493,"url":"https:\/\/quehacerpolitico.mx\/wp-content\/uploads\/2024\/07\/03fa6135-c3fe-44b7-8e96-c6ca323ffebb-5.jpeg","type":"image\/jpeg"}],"author":"Redacci\u00f3n QP","twitter_card":"summary_large_image","twitter_misc":{"Escrito por":"Redacci\u00f3n QP","Tiempo de lectura":"2 minutos"},"schema":{"@context":"https:\/\/schema.org","@graph":[{"@type":"Article","@id":"https:\/\/quehacerpolitico.mx\/?p=111341#article","isPartOf":{"@id":"https:\/\/quehacerpolitico.mx\/?p=111341"},"author":{"name":"Redacci\u00f3n QP","@id":"https:\/\/quehacerpolitico.mx\/#\/schema\/person\/496d8ad2d1d3f8036101dca7ee39e585"},"headline":"El Quehacer Pol\u00edtico Internacional\/\/\/Carolina Alonso Romei\/\/\/Trump elige a su candidato a vicepresidente","datePublished":"2024-07-15T20:50:41+00:00","dateModified":"2024-07-15T20:50:44+00:00","mainEntityOfPage":{"@id":"https:\/\/quehacerpolitico.mx\/?p=111341"},"wordCount":501,"commentCount":0,"image":{"@id":"https:\/\/quehacerpolitico.mx\/?p=111341#primaryimage"},"thumbnailUrl":"https:\/\/quehacerpolitico.mx\/wp-content\/uploads\/2024\/07\/03fa6135-c3fe-44b7-8e96-c6ca323ffebb-5.jpeg","articleSection":["Internacionales"],"inLanguage":"es","potentialAction":[{"@type":"CommentAction","name":"Comment","target":["https:\/\/quehacerpolitico.mx\/?p=111341#respond"]}]},{"@type":"WebPage","@id":"https:\/\/quehacerpolitico.mx\/?p=111341","url":"https:\/\/quehacerpolitico.mx\/?p=111341","name":"El Quehacer Pol\u00edtico Internacional\/\/\/Carolina Alonso Romei\/\/\/Trump elige a su candidato a vicepresidente -","isPartOf":{"@id":"https:\/\/quehacerpolitico.mx\/#website"},"primaryImageOfPage":{"@id":"https:\/\/quehacerpolitico.mx\/?p=111341#primaryimage"},"image":{"@id":"https:\/\/quehacerpolitico.mx\/?p=111341#primaryimage"},"thumbnailUrl":"https:\/\/quehacerpolitico.mx\/wp-content\/uploads\/2024\/07\/03fa6135-c3fe-44b7-8e96-c6ca323ffebb-5.jpeg","datePublished":"2024-07-15T20:50:41+00:00","dateModified":"2024-07-15T20:50:44+00:00","author":{"@id":"https:\/\/quehacerpolitico.mx\/#\/schema\/person\/496d8ad2d1d3f8036101dca7ee39e585"},"breadcrumb":{"@id":"https:\/\/quehacerpolitico.mx\/?p=111341#breadcrumb"},"inLanguage":"es","potentialAction":[{"@type":"ReadAction","target":["https:\/\/quehacerpolitico.mx\/?p=111341"]}]},{"@type":"ImageObject","inLanguage":"es","@id":"https:\/\/quehacerpolitico.mx\/?p=111341#primaryimage","url":"https:\/\/quehacerpolitico.mx\/wp-content\/uploads\/2024\/07\/03fa6135-c3fe-44b7-8e96-c6ca323ffebb-5.jpeg","contentUrl":"https:\/\/quehacerpolitico.mx\/wp-content\/uploads\/2024\/07\/03fa6135-c3fe-44b7-8e96-c6ca323ffebb-5.jpeg","width":963,"height":493},{"@type":"BreadcrumbList","@id":"https:\/\/quehacerpolitico.mx\/?p=111341#breadcrumb","itemListElement":[{"@type":"ListItem","position":1,"name":"Inicio","item":"https:\/\/quehacerpolitico.mx\/"},{"@type":"ListItem","position":2,"name":"El Quehacer Pol\u00edtico Internacional\/\/\/Carolina Alonso Romei\/\/\/Trump elige a su candidato a vicepresidente"}]},{"@type":"WebSite","@id":"https:\/\/quehacerpolitico.mx\/#website","url":"https:\/\/quehacerpolitico.mx\/","name":"","description":"","potentialAction":[{"@type":"SearchAction","target":{"@type":"EntryPoint","urlTemplate":"https:\/\/quehacerpolitico.mx\/?s={search_term_string}"},"query-input":{"@type":"PropertyValueSpecification","valueRequired":true,"valueName":"search_term_string"}}],"inLanguage":"es"},{"@type":"Person","@id":"https:\/\/quehacerpolitico.mx\/#\/schema\/person\/496d8ad2d1d3f8036101dca7ee39e585","name":"Redacci\u00f3n QP","image":{"@type":"ImageObject","inLanguage":"es","@id":"https:\/\/secure.gravatar.com\/avatar\/c7164ed6fdec453195284ad24a5ae5b6e1eed2b848477fa2a4787ba9adf39a41?s=96&d=mm&r=g","url":"https:\/\/secure.gravatar.com\/avatar\/c7164ed6fdec453195284ad24a5ae5b6e1eed2b848477fa2a4787ba9adf39a41?s=96&d=mm&r=g","contentUrl":"https:\/\/secure.gravatar.com\/avatar\/c7164ed6fdec453195284ad24a5ae5b6e1eed2b848477fa2a4787ba9adf39a41?s=96&d=mm&r=g","caption":"Redacci\u00f3n QP"},"url":"https:\/\/quehacerpolitico.mx\/?author=2"}]}},"featured_image_urls":{"full":["https:\/\/quehacerpolitico.mx\/wp-content\/uploads\/2024\/07\/03fa6135-c3fe-44b7-8e96-c6ca323ffebb-5.jpeg",963,493,false],"thumbnail":["https:\/\/quehacerpolitico.mx\/wp-content\/uploads\/2024\/07\/03fa6135-c3fe-44b7-8e96-c6ca323ffebb-5-150x150.jpeg",150,150,true],"medium":["https:\/\/quehacerpolitico.mx\/wp-content\/uploads\/2024\/07\/03fa6135-c3fe-44b7-8e96-c6ca323ffebb-5-300x154.jpeg",300,154,true],"medium_large":["https:\/\/quehacerpolitico.mx\/wp-content\/uploads\/2024\/07\/03fa6135-c3fe-44b7-8e96-c6ca323ffebb-5-768x393.jpeg",640,328,true],"large":["https:\/\/quehacerpolitico.mx\/wp-content\/uploads\/2024\/07\/03fa6135-c3fe-44b7-8e96-c6ca323ffebb-5.jpeg",640,328,false],"1536x1536":["https:\/\/quehacerpolitico.mx\/wp-content\/uploads\/2024\/07\/03fa6135-c3fe-44b7-8e96-c6ca323ffebb-5.jpeg",963,493,false],"2048x2048":["https:\/\/quehacerpolitico.mx\/wp-content\/uploads\/2024\/07\/03fa6135-c3fe-44b7-8e96-c6ca323ffebb-5.jpeg",963,493,false],"covernews-featured":["https:\/\/quehacerpolitico.mx\/wp-content\/uploads\/2024\/07\/03fa6135-c3fe-44b7-8e96-c6ca323ffebb-5.jpeg",963,493,false],"covernews-medium":["https:\/\/quehacerpolitico.mx\/wp-content\/uploads\/2024\/07\/03fa6135-c3fe-44b7-8e96-c6ca323ffebb-5.jpeg",540,276,false]},"author_info":{"display_name":"Redacci\u00f3n QP","author_link":"https:\/\/quehacerpolitico.mx\/?author=2"},"category_info":"<a href=\"https:\/\/quehacerpolitico.mx\/?cat=1\" rel=\"category\">Internacionales<\/a>","tag_info":"Internacionales","comment_count":"0","_links":{"self":[{"href":"https:\/\/quehacerpolitico.mx\/index.php?rest_route=\/wp\/v2\/posts\/111341","targetHints":{"allow":["GET"]}}],"collection":[{"href":"https:\/\/quehacerpolitico.mx\/index.php?rest_route=\/wp\/v2\/posts"}],"about":[{"href":"https:\/\/quehacerpolitico.mx\/index.php?rest_route=\/wp\/v2\/types\/post"}],"author":[{"embeddable":true,"href":"https:\/\/quehacerpolitico.mx\/index.php?rest_route=\/wp\/v2\/users\/2"}],"replies":[{"embeddable":true,"href":"https:\/\/quehacerpolitico.mx\/index.php?rest_route=%2Fwp%2Fv2%2Fcomments&post=111341"}],"version-history":[{"count":1,"href":"https:\/\/quehacerpolitico.mx\/index.php?rest_route=\/wp\/v2\/posts\/111341\/revisions"}],"predecessor-version":[{"id":111346,"href":"https:\/\/quehacerpolitico.mx\/index.php?rest_route=\/wp\/v2\/posts\/111341\/revisions\/111346"}],"wp:featuredmedia":[{"embeddable":true,"href":"https:\/\/quehacerpolitico.mx\/index.php?rest_route=\/wp\/v2\/media\/111345"}],"wp:attachment":[{"href":"https:\/\/quehacerpolitico.mx\/index.php?rest_route=%2Fwp%2Fv2%2Fmedia&parent=111341"}],"wp:term":[{"taxonomy":"category","embeddable":true,"href":"https:\/\/quehacerpolitico.mx\/index.php?rest_route=%2Fwp%2Fv2%2Fcategories&post=111341"},{"taxonomy":"post_tag","embeddable":true,"href":"https:\/\/quehacerpolitico.mx\/index.php?rest_route=%2Fwp%2Fv2%2Ftags&post=111341"}],"curies":[{"name":"wp","href":"https:\/\/api.w.org\/{rel}","templated":true}]}}