{"id":111329,"date":"2024-07-15T19:17:12","date_gmt":"2024-07-15T19:17:12","guid":{"rendered":"https:\/\/quehacerpolitico.mx\/?p=111329"},"modified":"2024-07-15T19:17:15","modified_gmt":"2024-07-15T19:17:15","slug":"thomas-muller-anuncia-su-retiro-de-la-seleccion-de-alemania-hemos-celebrado-juntos-y-a-veces-tambien-llorado-juntos","status":"publish","type":"post","link":"https:\/\/quehacerpolitico.mx\/?p=111329","title":{"rendered":"Thomas M\u00fcller anuncia su retiro de la selecci\u00f3n de Alemania: \u201cHemos celebrado juntos y a veces tambi\u00e9n llorado juntos\u201d"},"content":{"rendered":"\n<p>Por Redacci\u00f3n QP<\/p>\n\n\n\n<p>Luego de 14 a\u00f1os en los que disput\u00f3 131 encuentros con la \u2018Mannschaft\u2019, M\u00fcller da un paso al costado para ser un aficionado m\u00e1s.<\/p>\n\n\n\n<p>Luego de&nbsp;<strong>131 partidos internacionales y 14 a\u00f1os en la selecci\u00f3n alemana<\/strong>,&nbsp;<strong>Thomas M\u00fcller<\/strong>&nbsp;oficializ\u00f3 este lunes su adi\u00f3s al combinado germano, con el que ha disputado&nbsp;<strong>cuatro Mundiales y cuatro Eurocopas.<\/strong><\/p>\n\n\n\n<p>\u201c<strong>Despu\u00e9s de 131 partidos internacionales y 45 goles digo adi\u00f3s al \u00e1guila federal<\/strong>\u201d de la bandera tricolor alemana, dijo M\u00fcller en un emotivo video colgado en su p\u00e1gina web oficial.<\/p>\n\n\n\n<p>Su \u00faltimo partido con la \u2018Mannschaft\u2019 lo disput\u00f3<strong>en la Eurocopa contra Espa\u00f1a<\/strong>&nbsp;en casa.<\/p>\n\n\n\n<p>M\u00fcller, que\u00a0<strong>gan\u00f3 con Alemania el Mundial de 2014<\/strong>, agradeci\u00f3 a los aficionados sus muestras de cari\u00f1o, y asegur\u00f3 que siempre le \u201c<strong>ha llenado de orgullo<\/strong>\u201d defender la camiseta de su pa\u00eds a nivel internacional.<\/p>\n\n\n\n<p>\u201c<strong>Hemos celebrado juntos y a veces tambi\u00e9n llorado juntos<\/strong>. Quisiera decir las gracias a todos los aficionados y miembros de la selecci\u00f3n. Gracias por vuestro apoyo a lo largo de los a\u00f1os\u201d, afirm\u00f3.<\/p>\n\n\n\n<p>Por \u00faltimo recomend\u00f3 aprovechar el \u201c<strong>entusiasmo y la alegr\u00eda de la Eurocopa de este a\u00f1o y apoyar al equipo en el camino hacia el Mundial de 2026<\/strong>\u201d.<\/p>\n\n\n\n<p>\u201cYo har\u00e9 tambi\u00e9n, ahora como aficionado en las gradas y ya no como jugador en el c\u00e9sped\u201d, recalc\u00f3 el delantero del Bayern Munich.<\/p>\n\n\n\n<p>M\u00fcller, que a\u00fan tiene un a\u00f1o de contrato con el Bayern, deja la selecci\u00f3n como el tercer jugador con m\u00e1s partidos en la historia de la \u2018Nationalelf\u2019 y el sexto m\u00e1ximo goleador.<\/p>\n\n\n\n<p>El jugador germano debut\u00f3 con la selecci\u00f3n alemana en marzo de 2010, en un amistoso contra Argentina, y en sus catorce a\u00f1os de carrera internacional ha disputado cuatro Mundiales y cuatro Eurocopas.<\/p>\n\n\n\n<figure class=\"wp-block-embed is-type-rich is-provider-twitter wp-block-embed-twitter\"><div class=\"wp-block-embed__wrapper\">\n<blockquote class=\"twitter-tweet\" data-width=\"550\" data-dnt=\"true\"><p lang=\"en\" dir=\"ltr\">Time to say goodbye. <br>Servus \ud83d\udda4\u2764\ufe0f\ud83d\udc9b<br>\u27a1\ufe0f<a href=\"https:\/\/t.co\/bBHJLd5U9f\">https:\/\/t.co\/bBHJLd5U9f<\/a><a href=\"https:\/\/twitter.com\/hashtag\/ServusDFBteam?src=hash&amp;ref_src=twsrc%5Etfw\">#ServusDFBteam<\/a> <a href=\"https:\/\/twitter.com\/hashtag\/esmuellert?src=hash&amp;ref_src=twsrc%5Etfw\">#esmuellert<\/a> <a href=\"https:\/\/twitter.com\/hashtag\/dfbteam?src=hash&amp;ref_src=twsrc%5Etfw\">#dfbteam<\/a> <a href=\"https:\/\/twitter.com\/hashtag\/Euro2024?src=hash&amp;ref_src=twsrc%5Etfw\">#Euro2024<\/a> <a href=\"https:\/\/twitter.com\/hashtag\/Nationalmannschaft?src=hash&amp;ref_src=twsrc%5Etfw\">#Nationalmannschaft<\/a>\ud83c\udde9\ud83c\uddea <a href=\"https:\/\/t.co\/xGda1CF4ZN\">pic.twitter.com\/xGda1CF4ZN<\/a><\/p>&mdash; Thomas M\u00fcller (@esmuellert_) <a href=\"https:\/\/twitter.com\/esmuellert_\/status\/1812767350246043864?ref_src=twsrc%5Etfw\">July 15, 2024<\/a><\/blockquote><script async src=\"https:\/\/platform.twitter.com\/widgets.js\" charset=\"utf-8\"><\/script>\n<\/div><\/figure>\n\n\n\n<p>Su estreno en un gran torneo tuvo lugar en el Mundial de Sud\u00e1frica 2010, en el que fue m\u00e1ximo goleador; mientras que su momento cumbre llegar\u00eda con el campeonato del Mundo conquistado por Alemania en Brasil 2014 ante Argentina.<\/p>\n\n\n\n<p>Tras quedar apartado de la \u2018<strong>Mannschaft<\/strong>\u2018 por el seleccionador&nbsp;<strong>Joachim L\u00f6w<\/strong>&nbsp;tras el Mundial de Rusia 2018, M\u00fcller retorn\u00f3 al combinado nacional para la Eurocopa de 2021.<\/p>\n\n\n\n<p>Precisamente, en contraste con sus \u00e9xitos en el m\u00e1ximo torneo de selecciones internacionales, M\u00fcller encontr\u00f3 en la Eurocopa su competici\u00f3n maldita. En cuatro participaciones, incluida la \u00faltima, no pudo alzar el t\u00edtulo ni tampoco marcar ning\u00fan gol.<\/p>\n\n\n\n<p>Con informaci\u00f3n de AP<\/p>\n","protected":false},"excerpt":{"rendered":"<p>Por Redacci\u00f3n QP Luego de 14 a\u00f1os en los que disput\u00f3 131 encuentros con la&#8230;<\/p>\n","protected":false},"author":2,"featured_media":111330,"comment_status":"open","ping_status":"open","sticky":false,"template":"","format":"standard","meta":{"_monsterinsights_skip_tracking":false,"_monsterinsights_sitenote_active":false,"_monsterinsights_sitenote_note":"","_monsterinsights_sitenote_category":0,"footnotes":""},"categories":[54],"tags":[],"class_list":["post-111329","post","type-post","status-publish","format-standard","has-post-thumbnail","hentry","category-deportes"],"yoast_head":"<!-- This site is optimized with the Yoast SEO plugin v27.3 - https:\/\/yoast.com\/product\/yoast-seo-wordpress\/ -->\n<title>Thomas M\u00fcller anuncia su retiro de la selecci\u00f3n de Alemania: \u201cHemos celebrado juntos y a veces tambi\u00e9n llorado juntos\u201d -<\/title>\n<meta name=\"robots\" content=\"index, follow, max-snippet:-1, max-image-preview:large, max-video-preview:-1\" \/>\n<link rel=\"canonical\" href=\"https:\/\/quehacerpolitico.mx\/?p=111329\" \/>\n<meta property=\"og:locale\" content=\"es_MX\" \/>\n<meta property=\"og:type\" content=\"article\" \/>\n<meta property=\"og:title\" content=\"Thomas M\u00fcller anuncia su retiro de la selecci\u00f3n de Alemania: \u201cHemos celebrado juntos y a veces tambi\u00e9n llorado juntos\u201d -\" \/>\n<meta property=\"og:description\" content=\"Por Redacci\u00f3n QP Luego de 14 a\u00f1os en los que disput\u00f3 131 encuentros con la...\" \/>\n<meta property=\"og:url\" content=\"https:\/\/quehacerpolitico.mx\/?p=111329\" \/>\n<meta property=\"article:published_time\" content=\"2024-07-15T19:17:12+00:00\" \/>\n<meta property=\"article:modified_time\" content=\"2024-07-15T19:17:15+00:00\" \/>\n<meta property=\"og:image\" content=\"https:\/\/quehacerpolitico.mx\/wp-content\/uploads\/2024\/07\/IMG_6713.jpeg\" \/>\n\t<meta property=\"og:image:width\" content=\"1920\" \/>\n\t<meta property=\"og:image:height\" content=\"1080\" \/>\n\t<meta property=\"og:image:type\" content=\"image\/jpeg\" \/>\n<meta name=\"author\" content=\"Redacci\u00f3n QP\" \/>\n<meta name=\"twitter:card\" content=\"summary_large_image\" \/>\n<meta name=\"twitter:label1\" content=\"Escrito por\" \/>\n\t<meta name=\"twitter:data1\" content=\"Redacci\u00f3n QP\" \/>\n\t<meta name=\"twitter:label2\" content=\"Tiempo de lectura\" \/>\n\t<meta name=\"twitter:data2\" content=\"2 minutos\" \/>\n<script type=\"application\/ld+json\" class=\"yoast-schema-graph\">{\"@context\":\"https:\\\/\\\/schema.org\",\"@graph\":[{\"@type\":\"Article\",\"@id\":\"https:\\\/\\\/quehacerpolitico.mx\\\/?p=111329#article\",\"isPartOf\":{\"@id\":\"https:\\\/\\\/quehacerpolitico.mx\\\/?p=111329\"},\"author\":{\"name\":\"Redacci\u00f3n QP\",\"@id\":\"https:\\\/\\\/quehacerpolitico.mx\\\/#\\\/schema\\\/person\\\/496d8ad2d1d3f8036101dca7ee39e585\"},\"headline\":\"Thomas M\u00fcller anuncia su retiro de la selecci\u00f3n de Alemania: \u201cHemos celebrado juntos y a veces tambi\u00e9n llorado juntos\u201d\",\"datePublished\":\"2024-07-15T19:17:12+00:00\",\"dateModified\":\"2024-07-15T19:17:15+00:00\",\"mainEntityOfPage\":{\"@id\":\"https:\\\/\\\/quehacerpolitico.mx\\\/?p=111329\"},\"wordCount\":462,\"commentCount\":0,\"image\":{\"@id\":\"https:\\\/\\\/quehacerpolitico.mx\\\/?p=111329#primaryimage\"},\"thumbnailUrl\":\"https:\\\/\\\/quehacerpolitico.mx\\\/wp-content\\\/uploads\\\/2024\\\/07\\\/IMG_6713.jpeg\",\"articleSection\":[\"Deportes\"],\"inLanguage\":\"es\",\"potentialAction\":[{\"@type\":\"CommentAction\",\"name\":\"Comment\",\"target\":[\"https:\\\/\\\/quehacerpolitico.mx\\\/?p=111329#respond\"]}]},{\"@type\":\"WebPage\",\"@id\":\"https:\\\/\\\/quehacerpolitico.mx\\\/?p=111329\",\"url\":\"https:\\\/\\\/quehacerpolitico.mx\\\/?p=111329\",\"name\":\"Thomas M\u00fcller anuncia su retiro de la selecci\u00f3n de Alemania: \u201cHemos celebrado juntos y a veces tambi\u00e9n llorado juntos\u201d -\",\"isPartOf\":{\"@id\":\"https:\\\/\\\/quehacerpolitico.mx\\\/#website\"},\"primaryImageOfPage\":{\"@id\":\"https:\\\/\\\/quehacerpolitico.mx\\\/?p=111329#primaryimage\"},\"image\":{\"@id\":\"https:\\\/\\\/quehacerpolitico.mx\\\/?p=111329#primaryimage\"},\"thumbnailUrl\":\"https:\\\/\\\/quehacerpolitico.mx\\\/wp-content\\\/uploads\\\/2024\\\/07\\\/IMG_6713.jpeg\",\"datePublished\":\"2024-07-15T19:17:12+00:00\",\"dateModified\":\"2024-07-15T19:17:15+00:00\",\"author\":{\"@id\":\"https:\\\/\\\/quehacerpolitico.mx\\\/#\\\/schema\\\/person\\\/496d8ad2d1d3f8036101dca7ee39e585\"},\"breadcrumb\":{\"@id\":\"https:\\\/\\\/quehacerpolitico.mx\\\/?p=111329#breadcrumb\"},\"inLanguage\":\"es\",\"potentialAction\":[{\"@type\":\"ReadAction\",\"target\":[\"https:\\\/\\\/quehacerpolitico.mx\\\/?p=111329\"]}]},{\"@type\":\"ImageObject\",\"inLanguage\":\"es\",\"@id\":\"https:\\\/\\\/quehacerpolitico.mx\\\/?p=111329#primaryimage\",\"url\":\"https:\\\/\\\/quehacerpolitico.mx\\\/wp-content\\\/uploads\\\/2024\\\/07\\\/IMG_6713.jpeg\",\"contentUrl\":\"https:\\\/\\\/quehacerpolitico.mx\\\/wp-content\\\/uploads\\\/2024\\\/07\\\/IMG_6713.jpeg\",\"width\":1920,\"height\":1080},{\"@type\":\"BreadcrumbList\",\"@id\":\"https:\\\/\\\/quehacerpolitico.mx\\\/?p=111329#breadcrumb\",\"itemListElement\":[{\"@type\":\"ListItem\",\"position\":1,\"name\":\"Inicio\",\"item\":\"https:\\\/\\\/quehacerpolitico.mx\\\/\"},{\"@type\":\"ListItem\",\"position\":2,\"name\":\"Thomas M\u00fcller anuncia su retiro de la selecci\u00f3n de Alemania: \u201cHemos celebrado juntos y a veces tambi\u00e9n llorado juntos\u201d\"}]},{\"@type\":\"WebSite\",\"@id\":\"https:\\\/\\\/quehacerpolitico.mx\\\/#website\",\"url\":\"https:\\\/\\\/quehacerpolitico.mx\\\/\",\"name\":\"\",\"description\":\"\",\"potentialAction\":[{\"@type\":\"SearchAction\",\"target\":{\"@type\":\"EntryPoint\",\"urlTemplate\":\"https:\\\/\\\/quehacerpolitico.mx\\\/?s={search_term_string}\"},\"query-input\":{\"@type\":\"PropertyValueSpecification\",\"valueRequired\":true,\"valueName\":\"search_term_string\"}}],\"inLanguage\":\"es\"},{\"@type\":\"Person\",\"@id\":\"https:\\\/\\\/quehacerpolitico.mx\\\/#\\\/schema\\\/person\\\/496d8ad2d1d3f8036101dca7ee39e585\",\"name\":\"Redacci\u00f3n QP\",\"image\":{\"@type\":\"ImageObject\",\"inLanguage\":\"es\",\"@id\":\"https:\\\/\\\/secure.gravatar.com\\\/avatar\\\/c7164ed6fdec453195284ad24a5ae5b6e1eed2b848477fa2a4787ba9adf39a41?s=96&d=mm&r=g\",\"url\":\"https:\\\/\\\/secure.gravatar.com\\\/avatar\\\/c7164ed6fdec453195284ad24a5ae5b6e1eed2b848477fa2a4787ba9adf39a41?s=96&d=mm&r=g\",\"contentUrl\":\"https:\\\/\\\/secure.gravatar.com\\\/avatar\\\/c7164ed6fdec453195284ad24a5ae5b6e1eed2b848477fa2a4787ba9adf39a41?s=96&d=mm&r=g\",\"caption\":\"Redacci\u00f3n QP\"},\"url\":\"https:\\\/\\\/quehacerpolitico.mx\\\/?author=2\"}]}<\/script>\n<!-- \/ Yoast SEO plugin. -->","yoast_head_json":{"title":"Thomas M\u00fcller anuncia su retiro de la selecci\u00f3n de Alemania: \u201cHemos celebrado juntos y a veces tambi\u00e9n llorado juntos\u201d -","robots":{"index":"index","follow":"follow","max-snippet":"max-snippet:-1","max-image-preview":"max-image-preview:large","max-video-preview":"max-video-preview:-1"},"canonical":"https:\/\/quehacerpolitico.mx\/?p=111329","og_locale":"es_MX","og_type":"article","og_title":"Thomas M\u00fcller anuncia su retiro de la selecci\u00f3n de Alemania: \u201cHemos celebrado juntos y a veces tambi\u00e9n llorado juntos\u201d -","og_description":"Por Redacci\u00f3n QP Luego de 14 a\u00f1os en los que disput\u00f3 131 encuentros con la...","og_url":"https:\/\/quehacerpolitico.mx\/?p=111329","article_published_time":"2024-07-15T19:17:12+00:00","article_modified_time":"2024-07-15T19:17:15+00:00","og_image":[{"width":1920,"height":1080,"url":"https:\/\/quehacerpolitico.mx\/wp-content\/uploads\/2024\/07\/IMG_6713.jpeg","type":"image\/jpeg"}],"author":"Redacci\u00f3n QP","twitter_card":"summary_large_image","twitter_misc":{"Escrito por":"Redacci\u00f3n QP","Tiempo de lectura":"2 minutos"},"schema":{"@context":"https:\/\/schema.org","@graph":[{"@type":"Article","@id":"https:\/\/quehacerpolitico.mx\/?p=111329#article","isPartOf":{"@id":"https:\/\/quehacerpolitico.mx\/?p=111329"},"author":{"name":"Redacci\u00f3n QP","@id":"https:\/\/quehacerpolitico.mx\/#\/schema\/person\/496d8ad2d1d3f8036101dca7ee39e585"},"headline":"Thomas M\u00fcller anuncia su retiro de la selecci\u00f3n de Alemania: \u201cHemos celebrado juntos y a veces tambi\u00e9n llorado juntos\u201d","datePublished":"2024-07-15T19:17:12+00:00","dateModified":"2024-07-15T19:17:15+00:00","mainEntityOfPage":{"@id":"https:\/\/quehacerpolitico.mx\/?p=111329"},"wordCount":462,"commentCount":0,"image":{"@id":"https:\/\/quehacerpolitico.mx\/?p=111329#primaryimage"},"thumbnailUrl":"https:\/\/quehacerpolitico.mx\/wp-content\/uploads\/2024\/07\/IMG_6713.jpeg","articleSection":["Deportes"],"inLanguage":"es","potentialAction":[{"@type":"CommentAction","name":"Comment","target":["https:\/\/quehacerpolitico.mx\/?p=111329#respond"]}]},{"@type":"WebPage","@id":"https:\/\/quehacerpolitico.mx\/?p=111329","url":"https:\/\/quehacerpolitico.mx\/?p=111329","name":"Thomas M\u00fcller anuncia su retiro de la selecci\u00f3n de Alemania: \u201cHemos celebrado juntos y a veces tambi\u00e9n llorado juntos\u201d -","isPartOf":{"@id":"https:\/\/quehacerpolitico.mx\/#website"},"primaryImageOfPage":{"@id":"https:\/\/quehacerpolitico.mx\/?p=111329#primaryimage"},"image":{"@id":"https:\/\/quehacerpolitico.mx\/?p=111329#primaryimage"},"thumbnailUrl":"https:\/\/quehacerpolitico.mx\/wp-content\/uploads\/2024\/07\/IMG_6713.jpeg","datePublished":"2024-07-15T19:17:12+00:00","dateModified":"2024-07-15T19:17:15+00:00","author":{"@id":"https:\/\/quehacerpolitico.mx\/#\/schema\/person\/496d8ad2d1d3f8036101dca7ee39e585"},"breadcrumb":{"@id":"https:\/\/quehacerpolitico.mx\/?p=111329#breadcrumb"},"inLanguage":"es","potentialAction":[{"@type":"ReadAction","target":["https:\/\/quehacerpolitico.mx\/?p=111329"]}]},{"@type":"ImageObject","inLanguage":"es","@id":"https:\/\/quehacerpolitico.mx\/?p=111329#primaryimage","url":"https:\/\/quehacerpolitico.mx\/wp-content\/uploads\/2024\/07\/IMG_6713.jpeg","contentUrl":"https:\/\/quehacerpolitico.mx\/wp-content\/uploads\/2024\/07\/IMG_6713.jpeg","width":1920,"height":1080},{"@type":"BreadcrumbList","@id":"https:\/\/quehacerpolitico.mx\/?p=111329#breadcrumb","itemListElement":[{"@type":"ListItem","position":1,"name":"Inicio","item":"https:\/\/quehacerpolitico.mx\/"},{"@type":"ListItem","position":2,"name":"Thomas M\u00fcller anuncia su retiro de la selecci\u00f3n de Alemania: \u201cHemos celebrado juntos y a veces tambi\u00e9n llorado juntos\u201d"}]},{"@type":"WebSite","@id":"https:\/\/quehacerpolitico.mx\/#website","url":"https:\/\/quehacerpolitico.mx\/","name":"","description":"","potentialAction":[{"@type":"SearchAction","target":{"@type":"EntryPoint","urlTemplate":"https:\/\/quehacerpolitico.mx\/?s={search_term_string}"},"query-input":{"@type":"PropertyValueSpecification","valueRequired":true,"valueName":"search_term_string"}}],"inLanguage":"es"},{"@type":"Person","@id":"https:\/\/quehacerpolitico.mx\/#\/schema\/person\/496d8ad2d1d3f8036101dca7ee39e585","name":"Redacci\u00f3n QP","image":{"@type":"ImageObject","inLanguage":"es","@id":"https:\/\/secure.gravatar.com\/avatar\/c7164ed6fdec453195284ad24a5ae5b6e1eed2b848477fa2a4787ba9adf39a41?s=96&d=mm&r=g","url":"https:\/\/secure.gravatar.com\/avatar\/c7164ed6fdec453195284ad24a5ae5b6e1eed2b848477fa2a4787ba9adf39a41?s=96&d=mm&r=g","contentUrl":"https:\/\/secure.gravatar.com\/avatar\/c7164ed6fdec453195284ad24a5ae5b6e1eed2b848477fa2a4787ba9adf39a41?s=96&d=mm&r=g","caption":"Redacci\u00f3n QP"},"url":"https:\/\/quehacerpolitico.mx\/?author=2"}]}},"featured_image_urls":{"full":["https:\/\/quehacerpolitico.mx\/wp-content\/uploads\/2024\/07\/IMG_6713.jpeg",1920,1080,false],"thumbnail":["https:\/\/quehacerpolitico.mx\/wp-content\/uploads\/2024\/07\/IMG_6713-150x150.jpeg",150,150,true],"medium":["https:\/\/quehacerpolitico.mx\/wp-content\/uploads\/2024\/07\/IMG_6713-300x169.jpeg",300,169,true],"medium_large":["https:\/\/quehacerpolitico.mx\/wp-content\/uploads\/2024\/07\/IMG_6713-768x432.jpeg",640,360,true],"large":["https:\/\/quehacerpolitico.mx\/wp-content\/uploads\/2024\/07\/IMG_6713-1024x576.jpeg",640,360,true],"1536x1536":["https:\/\/quehacerpolitico.mx\/wp-content\/uploads\/2024\/07\/IMG_6713-1536x864.jpeg",1536,864,true],"2048x2048":["https:\/\/quehacerpolitico.mx\/wp-content\/uploads\/2024\/07\/IMG_6713.jpeg",1920,1080,false],"covernews-featured":["https:\/\/quehacerpolitico.mx\/wp-content\/uploads\/2024\/07\/IMG_6713.jpeg",1024,576,false],"covernews-medium":["https:\/\/quehacerpolitico.mx\/wp-content\/uploads\/2024\/07\/IMG_6713.jpeg",540,304,false]},"author_info":{"display_name":"Redacci\u00f3n QP","author_link":"https:\/\/quehacerpolitico.mx\/?author=2"},"category_info":"<a href=\"https:\/\/quehacerpolitico.mx\/?cat=54\" rel=\"category\">Deportes<\/a>","tag_info":"Deportes","comment_count":"0","_links":{"self":[{"href":"https:\/\/quehacerpolitico.mx\/index.php?rest_route=\/wp\/v2\/posts\/111329","targetHints":{"allow":["GET"]}}],"collection":[{"href":"https:\/\/quehacerpolitico.mx\/index.php?rest_route=\/wp\/v2\/posts"}],"about":[{"href":"https:\/\/quehacerpolitico.mx\/index.php?rest_route=\/wp\/v2\/types\/post"}],"author":[{"embeddable":true,"href":"https:\/\/quehacerpolitico.mx\/index.php?rest_route=\/wp\/v2\/users\/2"}],"replies":[{"embeddable":true,"href":"https:\/\/quehacerpolitico.mx\/index.php?rest_route=%2Fwp%2Fv2%2Fcomments&post=111329"}],"version-history":[{"count":1,"href":"https:\/\/quehacerpolitico.mx\/index.php?rest_route=\/wp\/v2\/posts\/111329\/revisions"}],"predecessor-version":[{"id":111331,"href":"https:\/\/quehacerpolitico.mx\/index.php?rest_route=\/wp\/v2\/posts\/111329\/revisions\/111331"}],"wp:featuredmedia":[{"embeddable":true,"href":"https:\/\/quehacerpolitico.mx\/index.php?rest_route=\/wp\/v2\/media\/111330"}],"wp:attachment":[{"href":"https:\/\/quehacerpolitico.mx\/index.php?rest_route=%2Fwp%2Fv2%2Fmedia&parent=111329"}],"wp:term":[{"taxonomy":"category","embeddable":true,"href":"https:\/\/quehacerpolitico.mx\/index.php?rest_route=%2Fwp%2Fv2%2Fcategories&post=111329"},{"taxonomy":"post_tag","embeddable":true,"href":"https:\/\/quehacerpolitico.mx\/index.php?rest_route=%2Fwp%2Fv2%2Ftags&post=111329"}],"curies":[{"name":"wp","href":"https:\/\/api.w.org\/{rel}","templated":true}]}}