{"id":111326,"date":"2024-07-15T18:41:43","date_gmt":"2024-07-15T18:41:43","guid":{"rendered":"https:\/\/quehacerpolitico.mx\/?p=111326"},"modified":"2024-07-15T18:41:45","modified_gmt":"2024-07-15T18:41:45","slug":"amlo-condena-atentado-contra-trump-la-violencia-enrarece-el-ambiente-politico-es-muy-inhumana","status":"publish","type":"post","link":"https:\/\/quehacerpolitico.mx\/?p=111326","title":{"rendered":"AMLO condena atentado contra Trump: &#8220;la violencia enrarece el ambiente pol\u00edtico (\u2026) es muy inhumana&#8221;"},"content":{"rendered":"\n<p>Por Redacci\u00f3n QP<\/p>\n\n\n\n<p>El presidente&nbsp;<strong>Andr\u00e9s Manuel L\u00f3pez Obrador<\/strong>reprob\u00f3 este lunes el ataque que sufri\u00f3 el s\u00e1bado el expresidente<strong>&nbsp;Donald Trump&nbsp;<\/strong>en Pennsylvania, en el que el francotirador fue abatido por el Servicio Secreto.<\/p>\n\n\n\n<p>\u201cNo se sab\u00eda si lo hab\u00eda herido a \u00e9l, a m\u00ed me llam\u00f3 la atenci\u00f3n ese momento de que antes de ir al suelo se toc\u00f3 la oreja y\u00a0<strong>reprobamos<\/strong>\u00a0lo sucedido al expresidente Donald Trump, la\u00a0<strong>violencia<\/strong>\u00a0es irracional e inhumana\u201d, afirm\u00f3.<\/p>\n\n\n\n<p>Durante su conferencia en Palacio Nacional, el presidente L\u00f3pez Obrador dijo que cuando se suscit\u00f3 el\u00a0<strong>ataque contra Trump<\/strong>\u00a0en Butler estaba en gira de trabajo cuando vio los primeros videos en redes sociales.<\/p>\n\n\n\n<figure class=\"wp-block-embed is-type-video is-provider-youtube wp-block-embed-youtube wp-embed-aspect-16-9 wp-has-aspect-ratio\"><div class=\"wp-block-embed__wrapper\">\n<iframe loading=\"lazy\" title=\"AMLO se solidariza con Donald Trump tras atentado\" width=\"640\" height=\"360\" src=\"https:\/\/www.youtube.com\/embed\/Tnq4esMO0BU?feature=oembed\" frameborder=\"0\" allow=\"accelerometer; autoplay; clipboard-write; encrypted-media; gyroscope; picture-in-picture; web-share\" referrerpolicy=\"strict-origin-when-cross-origin\" allowfullscreen><\/iframe>\n<\/div><\/figure>\n\n\n\n<p>\u201cFuimos los primeros manifestarnos posiblemente en todo el mundo, me refiero autoridades a gobiernos, est\u00e1bamos en una gira terminando un acto en compa\u00f1\u00eda de la&nbsp;<strong>presidenta electa&nbsp;<\/strong>ella en su tel\u00e9fono vio la imagen, todav\u00eda inicial, buscamos m\u00e1s, eran los primeros minutos y ya vimos que hab\u00eda&nbsp;<strong>p\u00e1nico<\/strong>y me toc\u00f3 ver en el primer video que el expresidente Trump antes de ir al suelo se toc\u00f3 la oreja de inmediato expresamos, no hab\u00eda informaci\u00f3n suficiente, pero condenamos el hecho\u201d, coment\u00f3.<\/p>\n\n\n\n<p>El titular del Ejecutivo dijo que en el marco de las pr\u00f3ximas elecciones en<strong>\u00a0Estados Unidos<\/strong>\u201cno debe de haber violencia las contiendas que tienen que ser los ciudadanos los que de manera libre en paz decidan qui\u00e9n debe de gobernar\u201d.<\/p>\n\n\n\n<p>El\u00a0<strong>presidente L\u00f3pez Obrador\u00a0<\/strong>dijo que los estadounidenses se est\u00e1n polarizando, pero que eso no debe crear un ambiente de violencia, en este contexto record\u00f3 el magnicidio del excandidato priista Luis Donaldo Colosio y asegur\u00f3 que en el pasado proceso electoral que se vivi\u00f3 en M\u00e9xico \u201cagarraron ese discurso nuestros adversarios as\u00ed que est\u00e1n polarizando no este fue, pues, propaganda porque no hubo polarizaci\u00f3n en las elecciones\u201d.<\/p>\n\n\n\n<p>De acuerdo con la organizaci\u00f3n Causa en Com\u00fan rechaz\u00f3 que el proceso electoral de este a\u00f1o haya sido\u00a0<strong>ordenado<\/strong>\u00a0y\u00a0<strong>pac\u00edfico<\/strong>, como asegur\u00f3 el gobierno, y se\u00f1al\u00f3 que desde junio del 2023 al 2 de junio registraron \u201c67 actores pol\u00edticos asesinados en 18 entidades, incluyendo 36 aspirantes o candidatos, y tres candidatos ganadores\u201d.<\/p>\n","protected":false},"excerpt":{"rendered":"<p>Por Redacci\u00f3n QP El presidente&nbsp;Andr\u00e9s Manuel L\u00f3pez Obradorreprob\u00f3 este lunes el ataque que sufri\u00f3 el&#8230;<\/p>\n","protected":false},"author":2,"featured_media":111327,"comment_status":"open","ping_status":"open","sticky":false,"template":"","format":"standard","meta":{"_monsterinsights_skip_tracking":false,"_monsterinsights_sitenote_active":false,"_monsterinsights_sitenote_note":"","_monsterinsights_sitenote_category":0,"footnotes":""},"categories":[2],"tags":[],"class_list":["post-111326","post","type-post","status-publish","format-standard","has-post-thumbnail","hentry","category-noticias"],"yoast_head":"<!-- This site is optimized with the Yoast SEO plugin v27.3 - https:\/\/yoast.com\/product\/yoast-seo-wordpress\/ -->\n<title>AMLO condena atentado contra Trump: &quot;la violencia enrarece el ambiente pol\u00edtico (\u2026) es muy inhumana&quot; -<\/title>\n<meta name=\"robots\" content=\"index, follow, max-snippet:-1, max-image-preview:large, max-video-preview:-1\" \/>\n<link rel=\"canonical\" href=\"https:\/\/quehacerpolitico.mx\/?p=111326\" \/>\n<meta property=\"og:locale\" content=\"es_MX\" \/>\n<meta property=\"og:type\" content=\"article\" \/>\n<meta property=\"og:title\" content=\"AMLO condena atentado contra Trump: &quot;la violencia enrarece el ambiente pol\u00edtico (\u2026) es muy inhumana&quot; -\" \/>\n<meta property=\"og:description\" content=\"Por Redacci\u00f3n QP El presidente&nbsp;Andr\u00e9s Manuel L\u00f3pez Obradorreprob\u00f3 este lunes el ataque que sufri\u00f3 el...\" \/>\n<meta property=\"og:url\" content=\"https:\/\/quehacerpolitico.mx\/?p=111326\" \/>\n<meta property=\"article:published_time\" content=\"2024-07-15T18:41:43+00:00\" \/>\n<meta property=\"article:modified_time\" content=\"2024-07-15T18:41:45+00:00\" \/>\n<meta property=\"og:image\" content=\"https:\/\/quehacerpolitico.mx\/wp-content\/uploads\/2024\/07\/IMG_6712.jpeg\" \/>\n\t<meta property=\"og:image:width\" content=\"739\" \/>\n\t<meta property=\"og:image:height\" content=\"415\" \/>\n\t<meta property=\"og:image:type\" content=\"image\/jpeg\" \/>\n<meta name=\"author\" content=\"Redacci\u00f3n QP\" \/>\n<meta name=\"twitter:card\" content=\"summary_large_image\" \/>\n<meta name=\"twitter:label1\" content=\"Escrito por\" \/>\n\t<meta name=\"twitter:data1\" content=\"Redacci\u00f3n QP\" \/>\n\t<meta name=\"twitter:label2\" content=\"Tiempo de lectura\" \/>\n\t<meta name=\"twitter:data2\" content=\"2 minutos\" \/>\n<script type=\"application\/ld+json\" class=\"yoast-schema-graph\">{\"@context\":\"https:\\\/\\\/schema.org\",\"@graph\":[{\"@type\":\"Article\",\"@id\":\"https:\\\/\\\/quehacerpolitico.mx\\\/?p=111326#article\",\"isPartOf\":{\"@id\":\"https:\\\/\\\/quehacerpolitico.mx\\\/?p=111326\"},\"author\":{\"name\":\"Redacci\u00f3n QP\",\"@id\":\"https:\\\/\\\/quehacerpolitico.mx\\\/#\\\/schema\\\/person\\\/496d8ad2d1d3f8036101dca7ee39e585\"},\"headline\":\"AMLO condena atentado contra Trump: &#8220;la violencia enrarece el ambiente pol\u00edtico (\u2026) es muy inhumana&#8221;\",\"datePublished\":\"2024-07-15T18:41:43+00:00\",\"dateModified\":\"2024-07-15T18:41:45+00:00\",\"mainEntityOfPage\":{\"@id\":\"https:\\\/\\\/quehacerpolitico.mx\\\/?p=111326\"},\"wordCount\":409,\"commentCount\":0,\"image\":{\"@id\":\"https:\\\/\\\/quehacerpolitico.mx\\\/?p=111326#primaryimage\"},\"thumbnailUrl\":\"https:\\\/\\\/quehacerpolitico.mx\\\/wp-content\\\/uploads\\\/2024\\\/07\\\/IMG_6712.jpeg\",\"articleSection\":[\"Noticias\"],\"inLanguage\":\"es\",\"potentialAction\":[{\"@type\":\"CommentAction\",\"name\":\"Comment\",\"target\":[\"https:\\\/\\\/quehacerpolitico.mx\\\/?p=111326#respond\"]}]},{\"@type\":\"WebPage\",\"@id\":\"https:\\\/\\\/quehacerpolitico.mx\\\/?p=111326\",\"url\":\"https:\\\/\\\/quehacerpolitico.mx\\\/?p=111326\",\"name\":\"AMLO condena atentado contra Trump: \\\"la violencia enrarece el ambiente pol\u00edtico (\u2026) es muy inhumana\\\" -\",\"isPartOf\":{\"@id\":\"https:\\\/\\\/quehacerpolitico.mx\\\/#website\"},\"primaryImageOfPage\":{\"@id\":\"https:\\\/\\\/quehacerpolitico.mx\\\/?p=111326#primaryimage\"},\"image\":{\"@id\":\"https:\\\/\\\/quehacerpolitico.mx\\\/?p=111326#primaryimage\"},\"thumbnailUrl\":\"https:\\\/\\\/quehacerpolitico.mx\\\/wp-content\\\/uploads\\\/2024\\\/07\\\/IMG_6712.jpeg\",\"datePublished\":\"2024-07-15T18:41:43+00:00\",\"dateModified\":\"2024-07-15T18:41:45+00:00\",\"author\":{\"@id\":\"https:\\\/\\\/quehacerpolitico.mx\\\/#\\\/schema\\\/person\\\/496d8ad2d1d3f8036101dca7ee39e585\"},\"breadcrumb\":{\"@id\":\"https:\\\/\\\/quehacerpolitico.mx\\\/?p=111326#breadcrumb\"},\"inLanguage\":\"es\",\"potentialAction\":[{\"@type\":\"ReadAction\",\"target\":[\"https:\\\/\\\/quehacerpolitico.mx\\\/?p=111326\"]}]},{\"@type\":\"ImageObject\",\"inLanguage\":\"es\",\"@id\":\"https:\\\/\\\/quehacerpolitico.mx\\\/?p=111326#primaryimage\",\"url\":\"https:\\\/\\\/quehacerpolitico.mx\\\/wp-content\\\/uploads\\\/2024\\\/07\\\/IMG_6712.jpeg\",\"contentUrl\":\"https:\\\/\\\/quehacerpolitico.mx\\\/wp-content\\\/uploads\\\/2024\\\/07\\\/IMG_6712.jpeg\",\"width\":739,\"height\":415},{\"@type\":\"BreadcrumbList\",\"@id\":\"https:\\\/\\\/quehacerpolitico.mx\\\/?p=111326#breadcrumb\",\"itemListElement\":[{\"@type\":\"ListItem\",\"position\":1,\"name\":\"Inicio\",\"item\":\"https:\\\/\\\/quehacerpolitico.mx\\\/\"},{\"@type\":\"ListItem\",\"position\":2,\"name\":\"AMLO condena atentado contra Trump: &#8220;la violencia enrarece el ambiente pol\u00edtico (\u2026) es muy inhumana&#8221;\"}]},{\"@type\":\"WebSite\",\"@id\":\"https:\\\/\\\/quehacerpolitico.mx\\\/#website\",\"url\":\"https:\\\/\\\/quehacerpolitico.mx\\\/\",\"name\":\"\",\"description\":\"\",\"potentialAction\":[{\"@type\":\"SearchAction\",\"target\":{\"@type\":\"EntryPoint\",\"urlTemplate\":\"https:\\\/\\\/quehacerpolitico.mx\\\/?s={search_term_string}\"},\"query-input\":{\"@type\":\"PropertyValueSpecification\",\"valueRequired\":true,\"valueName\":\"search_term_string\"}}],\"inLanguage\":\"es\"},{\"@type\":\"Person\",\"@id\":\"https:\\\/\\\/quehacerpolitico.mx\\\/#\\\/schema\\\/person\\\/496d8ad2d1d3f8036101dca7ee39e585\",\"name\":\"Redacci\u00f3n QP\",\"image\":{\"@type\":\"ImageObject\",\"inLanguage\":\"es\",\"@id\":\"https:\\\/\\\/secure.gravatar.com\\\/avatar\\\/c7164ed6fdec453195284ad24a5ae5b6e1eed2b848477fa2a4787ba9adf39a41?s=96&d=mm&r=g\",\"url\":\"https:\\\/\\\/secure.gravatar.com\\\/avatar\\\/c7164ed6fdec453195284ad24a5ae5b6e1eed2b848477fa2a4787ba9adf39a41?s=96&d=mm&r=g\",\"contentUrl\":\"https:\\\/\\\/secure.gravatar.com\\\/avatar\\\/c7164ed6fdec453195284ad24a5ae5b6e1eed2b848477fa2a4787ba9adf39a41?s=96&d=mm&r=g\",\"caption\":\"Redacci\u00f3n QP\"},\"url\":\"https:\\\/\\\/quehacerpolitico.mx\\\/?author=2\"}]}<\/script>\n<!-- \/ Yoast SEO plugin. -->","yoast_head_json":{"title":"AMLO condena atentado contra Trump: \"la violencia enrarece el ambiente pol\u00edtico (\u2026) es muy inhumana\" -","robots":{"index":"index","follow":"follow","max-snippet":"max-snippet:-1","max-image-preview":"max-image-preview:large","max-video-preview":"max-video-preview:-1"},"canonical":"https:\/\/quehacerpolitico.mx\/?p=111326","og_locale":"es_MX","og_type":"article","og_title":"AMLO condena atentado contra Trump: \"la violencia enrarece el ambiente pol\u00edtico (\u2026) es muy inhumana\" -","og_description":"Por Redacci\u00f3n QP El presidente&nbsp;Andr\u00e9s Manuel L\u00f3pez Obradorreprob\u00f3 este lunes el ataque que sufri\u00f3 el...","og_url":"https:\/\/quehacerpolitico.mx\/?p=111326","article_published_time":"2024-07-15T18:41:43+00:00","article_modified_time":"2024-07-15T18:41:45+00:00","og_image":[{"width":739,"height":415,"url":"https:\/\/quehacerpolitico.mx\/wp-content\/uploads\/2024\/07\/IMG_6712.jpeg","type":"image\/jpeg"}],"author":"Redacci\u00f3n QP","twitter_card":"summary_large_image","twitter_misc":{"Escrito por":"Redacci\u00f3n QP","Tiempo de lectura":"2 minutos"},"schema":{"@context":"https:\/\/schema.org","@graph":[{"@type":"Article","@id":"https:\/\/quehacerpolitico.mx\/?p=111326#article","isPartOf":{"@id":"https:\/\/quehacerpolitico.mx\/?p=111326"},"author":{"name":"Redacci\u00f3n QP","@id":"https:\/\/quehacerpolitico.mx\/#\/schema\/person\/496d8ad2d1d3f8036101dca7ee39e585"},"headline":"AMLO condena atentado contra Trump: &#8220;la violencia enrarece el ambiente pol\u00edtico (\u2026) es muy inhumana&#8221;","datePublished":"2024-07-15T18:41:43+00:00","dateModified":"2024-07-15T18:41:45+00:00","mainEntityOfPage":{"@id":"https:\/\/quehacerpolitico.mx\/?p=111326"},"wordCount":409,"commentCount":0,"image":{"@id":"https:\/\/quehacerpolitico.mx\/?p=111326#primaryimage"},"thumbnailUrl":"https:\/\/quehacerpolitico.mx\/wp-content\/uploads\/2024\/07\/IMG_6712.jpeg","articleSection":["Noticias"],"inLanguage":"es","potentialAction":[{"@type":"CommentAction","name":"Comment","target":["https:\/\/quehacerpolitico.mx\/?p=111326#respond"]}]},{"@type":"WebPage","@id":"https:\/\/quehacerpolitico.mx\/?p=111326","url":"https:\/\/quehacerpolitico.mx\/?p=111326","name":"AMLO condena atentado contra Trump: \"la violencia enrarece el ambiente pol\u00edtico (\u2026) es muy inhumana\" -","isPartOf":{"@id":"https:\/\/quehacerpolitico.mx\/#website"},"primaryImageOfPage":{"@id":"https:\/\/quehacerpolitico.mx\/?p=111326#primaryimage"},"image":{"@id":"https:\/\/quehacerpolitico.mx\/?p=111326#primaryimage"},"thumbnailUrl":"https:\/\/quehacerpolitico.mx\/wp-content\/uploads\/2024\/07\/IMG_6712.jpeg","datePublished":"2024-07-15T18:41:43+00:00","dateModified":"2024-07-15T18:41:45+00:00","author":{"@id":"https:\/\/quehacerpolitico.mx\/#\/schema\/person\/496d8ad2d1d3f8036101dca7ee39e585"},"breadcrumb":{"@id":"https:\/\/quehacerpolitico.mx\/?p=111326#breadcrumb"},"inLanguage":"es","potentialAction":[{"@type":"ReadAction","target":["https:\/\/quehacerpolitico.mx\/?p=111326"]}]},{"@type":"ImageObject","inLanguage":"es","@id":"https:\/\/quehacerpolitico.mx\/?p=111326#primaryimage","url":"https:\/\/quehacerpolitico.mx\/wp-content\/uploads\/2024\/07\/IMG_6712.jpeg","contentUrl":"https:\/\/quehacerpolitico.mx\/wp-content\/uploads\/2024\/07\/IMG_6712.jpeg","width":739,"height":415},{"@type":"BreadcrumbList","@id":"https:\/\/quehacerpolitico.mx\/?p=111326#breadcrumb","itemListElement":[{"@type":"ListItem","position":1,"name":"Inicio","item":"https:\/\/quehacerpolitico.mx\/"},{"@type":"ListItem","position":2,"name":"AMLO condena atentado contra Trump: &#8220;la violencia enrarece el ambiente pol\u00edtico (\u2026) es muy inhumana&#8221;"}]},{"@type":"WebSite","@id":"https:\/\/quehacerpolitico.mx\/#website","url":"https:\/\/quehacerpolitico.mx\/","name":"","description":"","potentialAction":[{"@type":"SearchAction","target":{"@type":"EntryPoint","urlTemplate":"https:\/\/quehacerpolitico.mx\/?s={search_term_string}"},"query-input":{"@type":"PropertyValueSpecification","valueRequired":true,"valueName":"search_term_string"}}],"inLanguage":"es"},{"@type":"Person","@id":"https:\/\/quehacerpolitico.mx\/#\/schema\/person\/496d8ad2d1d3f8036101dca7ee39e585","name":"Redacci\u00f3n QP","image":{"@type":"ImageObject","inLanguage":"es","@id":"https:\/\/secure.gravatar.com\/avatar\/c7164ed6fdec453195284ad24a5ae5b6e1eed2b848477fa2a4787ba9adf39a41?s=96&d=mm&r=g","url":"https:\/\/secure.gravatar.com\/avatar\/c7164ed6fdec453195284ad24a5ae5b6e1eed2b848477fa2a4787ba9adf39a41?s=96&d=mm&r=g","contentUrl":"https:\/\/secure.gravatar.com\/avatar\/c7164ed6fdec453195284ad24a5ae5b6e1eed2b848477fa2a4787ba9adf39a41?s=96&d=mm&r=g","caption":"Redacci\u00f3n QP"},"url":"https:\/\/quehacerpolitico.mx\/?author=2"}]}},"featured_image_urls":{"full":["https:\/\/quehacerpolitico.mx\/wp-content\/uploads\/2024\/07\/IMG_6712.jpeg",739,415,false],"thumbnail":["https:\/\/quehacerpolitico.mx\/wp-content\/uploads\/2024\/07\/IMG_6712-150x150.jpeg",150,150,true],"medium":["https:\/\/quehacerpolitico.mx\/wp-content\/uploads\/2024\/07\/IMG_6712-300x168.jpeg",300,168,true],"medium_large":["https:\/\/quehacerpolitico.mx\/wp-content\/uploads\/2024\/07\/IMG_6712.jpeg",640,359,false],"large":["https:\/\/quehacerpolitico.mx\/wp-content\/uploads\/2024\/07\/IMG_6712.jpeg",640,359,false],"1536x1536":["https:\/\/quehacerpolitico.mx\/wp-content\/uploads\/2024\/07\/IMG_6712.jpeg",739,415,false],"2048x2048":["https:\/\/quehacerpolitico.mx\/wp-content\/uploads\/2024\/07\/IMG_6712.jpeg",739,415,false],"covernews-featured":["https:\/\/quehacerpolitico.mx\/wp-content\/uploads\/2024\/07\/IMG_6712.jpeg",739,415,false],"covernews-medium":["https:\/\/quehacerpolitico.mx\/wp-content\/uploads\/2024\/07\/IMG_6712.jpeg",540,303,false]},"author_info":{"display_name":"Redacci\u00f3n QP","author_link":"https:\/\/quehacerpolitico.mx\/?author=2"},"category_info":"<a href=\"https:\/\/quehacerpolitico.mx\/?cat=2\" rel=\"category\">Noticias<\/a>","tag_info":"Noticias","comment_count":"0","_links":{"self":[{"href":"https:\/\/quehacerpolitico.mx\/index.php?rest_route=\/wp\/v2\/posts\/111326","targetHints":{"allow":["GET"]}}],"collection":[{"href":"https:\/\/quehacerpolitico.mx\/index.php?rest_route=\/wp\/v2\/posts"}],"about":[{"href":"https:\/\/quehacerpolitico.mx\/index.php?rest_route=\/wp\/v2\/types\/post"}],"author":[{"embeddable":true,"href":"https:\/\/quehacerpolitico.mx\/index.php?rest_route=\/wp\/v2\/users\/2"}],"replies":[{"embeddable":true,"href":"https:\/\/quehacerpolitico.mx\/index.php?rest_route=%2Fwp%2Fv2%2Fcomments&post=111326"}],"version-history":[{"count":1,"href":"https:\/\/quehacerpolitico.mx\/index.php?rest_route=\/wp\/v2\/posts\/111326\/revisions"}],"predecessor-version":[{"id":111328,"href":"https:\/\/quehacerpolitico.mx\/index.php?rest_route=\/wp\/v2\/posts\/111326\/revisions\/111328"}],"wp:featuredmedia":[{"embeddable":true,"href":"https:\/\/quehacerpolitico.mx\/index.php?rest_route=\/wp\/v2\/media\/111327"}],"wp:attachment":[{"href":"https:\/\/quehacerpolitico.mx\/index.php?rest_route=%2Fwp%2Fv2%2Fmedia&parent=111326"}],"wp:term":[{"taxonomy":"category","embeddable":true,"href":"https:\/\/quehacerpolitico.mx\/index.php?rest_route=%2Fwp%2Fv2%2Fcategories&post=111326"},{"taxonomy":"post_tag","embeddable":true,"href":"https:\/\/quehacerpolitico.mx\/index.php?rest_route=%2Fwp%2Fv2%2Ftags&post=111326"}],"curies":[{"name":"wp","href":"https:\/\/api.w.org\/{rel}","templated":true}]}}