{"id":111305,"date":"2024-07-15T13:57:15","date_gmt":"2024-07-15T13:57:15","guid":{"rendered":"https:\/\/quehacerpolitico.mx\/?p=111305"},"modified":"2024-07-15T13:57:17","modified_gmt":"2024-07-15T13:57:17","slug":"el-quehacer-politico-internacional-a-traves-del-tintero-edgar-castaneda-el-arma-de-los-amigos-de-trump-presentes-en-el-disparo","status":"publish","type":"post","link":"https:\/\/quehacerpolitico.mx\/?p=111305","title":{"rendered":"El Quehacer Pol\u00edtico Internacional a trav\u00e9s del Tintero\/\/\/Edgar Castaneda\/\/\/El arma de los amigos de Trump presentes en el disparo"},"content":{"rendered":"\n<p>Por Edgar Castaneda <\/p>\n\n\n\n<p>Analista<\/p>\n\n\n\n<p>Hace exactamente 59 d\u00edas -18 de mayo- en Dallas, Texas, Donald Trump se defini\u00f3 como \u201cel mejor amigo que los propietarios de armas han tenido en la Casa Blanca\u201d. Eso lo dijo en la reuni\u00f3n de la Asociaci\u00f3n Nacional del Rifle (NRA), donde recibi\u00f3 el respaldo de esa organizaci\u00f3n para las elecciones presidenciales del 5 de noviembre. Trump agradeci\u00f3 el gesto y solicit\u00f3 su voto diciendo que \u201ccreo que ustedes son un grupo rebelde. Pero seamos rebeldes y votemos esta vez\u201d. Y les advirti\u00f3 que si Joe Biden se reelige, \u201csi consigue cuatro a\u00f1os m\u00e1s, vendr\u00e1 por las armas de ustedes, 100 por ciento seguro. El corrupto de Joe tiene un historial de 40 a\u00f1os de intentar arrancar las armas de las manos de los ciudadanos que acatan la ley\u201d, y que por eso deber\u00edan tener muy en mente la Segunda Enmienda constitucional que otorga a los ciudadanos el derecho de portar armas. Y en base a la ley, la NRA realiza un intenso \u201clobby\u201d en contra de todas las formas de control de armas, argumentando que las armas hacen que el pa\u00eds sea m\u00e1s seguro, dedicando millones de d\u00f3lares a las campa\u00f1as de candidatos que apoyan esa posici\u00f3n.<\/p>\n\n\n\n<p>Con motivo de la convenci\u00f3n de la NRA, la portavoz del Comit\u00e9 Nacional Dem\u00f3crata, Kenia Guerrero, emiti\u00f3 un comunicado, donde se\u00f1alaba que \u201cDonald Trump no solo est\u00e1 haciendo campa\u00f1a con una agenda que pretende retroceder el progreso que el presidente Biden ha logrado para frenar la epidemia de la violencia armada, sino que tambi\u00e9n est\u00e1 presentando una plataforma de venganza y retribuci\u00f3n, utilizando el poco tiempo que pasa haciendo campa\u00f1a para escupir su ret\u00f3rica de odio, adem\u00e1s de llenarse los bolsillos con dinero de la NRA\u201d.<\/p>\n\n\n\n<p>Una de las armas m\u00e1s populares que algunos miembros de la Asociaci\u00f3n del Rifle producen es el semiautom\u00e1tico AR-15, del que se estima hay por lo menos unas 20 millones de piezas en las calles de Estados Unidos y que est\u00e1 muy cotizado por ser un arma liviana y f\u00e1cil de disparar, dicen los enterados. Bueno, pues con un arma de esa categor\u00eda el s\u00e1bado pasado le quisieron quitar la vida a Donald Trump. El candidato republicano estuvo a punto de ver frustrado su intenci\u00f3n de querer regresar a la Casa Blanca por cuesti\u00f3n de mil\u00edmetros o cuestiones del destino. Pudo haber sido por mala punter\u00eda de su agresor o porque el movimiento de Trump al estar hablando le salv\u00f3 la vida. Sin embargo, al margen de eso, uno se preguntar\u00eda si despu\u00e9s de la \u201cexperiencia de vida\u201d que \u201cvivi\u00f3\u201d el expresidente, seguir\u00e1 pensando -en caso de regresar a la oficina Oval- en ser \u201cel mejor amigo\u201d de los propietarios de armas y seguir promoviendo a los patrocinadores de campa\u00f1as pol\u00edticas de la NRA.<\/p>\n","protected":false},"excerpt":{"rendered":"<p>Por Edgar Castaneda Analista Hace exactamente 59 d\u00edas -18 de mayo- en Dallas, Texas, Donald&#8230;<\/p>\n","protected":false},"author":2,"featured_media":111306,"comment_status":"open","ping_status":"open","sticky":false,"template":"","format":"standard","meta":{"_monsterinsights_skip_tracking":false,"_monsterinsights_sitenote_active":false,"_monsterinsights_sitenote_note":"","_monsterinsights_sitenote_category":0,"footnotes":""},"categories":[1],"tags":[],"class_list":["post-111305","post","type-post","status-publish","format-standard","has-post-thumbnail","hentry","category-sin-categoria"],"yoast_head":"<!-- This site is optimized with the Yoast SEO plugin v27.3 - https:\/\/yoast.com\/product\/yoast-seo-wordpress\/ -->\n<title>El Quehacer Pol\u00edtico Internacional a trav\u00e9s del Tintero\/\/\/Edgar Castaneda\/\/\/El arma de los amigos de Trump presentes en el disparo -<\/title>\n<meta name=\"robots\" content=\"index, follow, max-snippet:-1, max-image-preview:large, max-video-preview:-1\" \/>\n<link rel=\"canonical\" href=\"https:\/\/quehacerpolitico.mx\/?p=111305\" \/>\n<meta property=\"og:locale\" content=\"es_MX\" \/>\n<meta property=\"og:type\" content=\"article\" \/>\n<meta property=\"og:title\" content=\"El Quehacer Pol\u00edtico Internacional a trav\u00e9s del Tintero\/\/\/Edgar Castaneda\/\/\/El arma de los amigos de Trump presentes en el disparo -\" \/>\n<meta property=\"og:description\" content=\"Por Edgar Castaneda Analista Hace exactamente 59 d\u00edas -18 de mayo- en Dallas, Texas, Donald...\" \/>\n<meta property=\"og:url\" content=\"https:\/\/quehacerpolitico.mx\/?p=111305\" \/>\n<meta property=\"article:published_time\" content=\"2024-07-15T13:57:15+00:00\" \/>\n<meta property=\"article:modified_time\" content=\"2024-07-15T13:57:17+00:00\" \/>\n<meta property=\"og:image\" content=\"https:\/\/quehacerpolitico.mx\/wp-content\/uploads\/2024\/07\/e7b32ca4-b0f2-40f8-b531-b3f6209528c6-5.jpeg\" \/>\n\t<meta property=\"og:image:width\" content=\"963\" \/>\n\t<meta property=\"og:image:height\" content=\"493\" \/>\n\t<meta property=\"og:image:type\" content=\"image\/jpeg\" \/>\n<meta name=\"author\" content=\"Redacci\u00f3n QP\" \/>\n<meta name=\"twitter:card\" content=\"summary_large_image\" \/>\n<meta name=\"twitter:label1\" content=\"Escrito por\" \/>\n\t<meta name=\"twitter:data1\" content=\"Redacci\u00f3n QP\" \/>\n\t<meta name=\"twitter:label2\" content=\"Tiempo de lectura\" \/>\n\t<meta name=\"twitter:data2\" content=\"2 minutos\" \/>\n<script type=\"application\/ld+json\" class=\"yoast-schema-graph\">{\"@context\":\"https:\\\/\\\/schema.org\",\"@graph\":[{\"@type\":\"Article\",\"@id\":\"https:\\\/\\\/quehacerpolitico.mx\\\/?p=111305#article\",\"isPartOf\":{\"@id\":\"https:\\\/\\\/quehacerpolitico.mx\\\/?p=111305\"},\"author\":{\"name\":\"Redacci\u00f3n QP\",\"@id\":\"https:\\\/\\\/quehacerpolitico.mx\\\/#\\\/schema\\\/person\\\/496d8ad2d1d3f8036101dca7ee39e585\"},\"headline\":\"El Quehacer Pol\u00edtico Internacional a trav\u00e9s del Tintero\\\/\\\/\\\/Edgar Castaneda\\\/\\\/\\\/El arma de los amigos de Trump presentes en el disparo\",\"datePublished\":\"2024-07-15T13:57:15+00:00\",\"dateModified\":\"2024-07-15T13:57:17+00:00\",\"mainEntityOfPage\":{\"@id\":\"https:\\\/\\\/quehacerpolitico.mx\\\/?p=111305\"},\"wordCount\":517,\"commentCount\":0,\"image\":{\"@id\":\"https:\\\/\\\/quehacerpolitico.mx\\\/?p=111305#primaryimage\"},\"thumbnailUrl\":\"https:\\\/\\\/quehacerpolitico.mx\\\/wp-content\\\/uploads\\\/2024\\\/07\\\/e7b32ca4-b0f2-40f8-b531-b3f6209528c6-5.jpeg\",\"articleSection\":[\"Internacionales\"],\"inLanguage\":\"es\",\"potentialAction\":[{\"@type\":\"CommentAction\",\"name\":\"Comment\",\"target\":[\"https:\\\/\\\/quehacerpolitico.mx\\\/?p=111305#respond\"]}]},{\"@type\":\"WebPage\",\"@id\":\"https:\\\/\\\/quehacerpolitico.mx\\\/?p=111305\",\"url\":\"https:\\\/\\\/quehacerpolitico.mx\\\/?p=111305\",\"name\":\"El Quehacer Pol\u00edtico Internacional a trav\u00e9s del Tintero\\\/\\\/\\\/Edgar Castaneda\\\/\\\/\\\/El arma de los amigos de Trump presentes en el disparo -\",\"isPartOf\":{\"@id\":\"https:\\\/\\\/quehacerpolitico.mx\\\/#website\"},\"primaryImageOfPage\":{\"@id\":\"https:\\\/\\\/quehacerpolitico.mx\\\/?p=111305#primaryimage\"},\"image\":{\"@id\":\"https:\\\/\\\/quehacerpolitico.mx\\\/?p=111305#primaryimage\"},\"thumbnailUrl\":\"https:\\\/\\\/quehacerpolitico.mx\\\/wp-content\\\/uploads\\\/2024\\\/07\\\/e7b32ca4-b0f2-40f8-b531-b3f6209528c6-5.jpeg\",\"datePublished\":\"2024-07-15T13:57:15+00:00\",\"dateModified\":\"2024-07-15T13:57:17+00:00\",\"author\":{\"@id\":\"https:\\\/\\\/quehacerpolitico.mx\\\/#\\\/schema\\\/person\\\/496d8ad2d1d3f8036101dca7ee39e585\"},\"breadcrumb\":{\"@id\":\"https:\\\/\\\/quehacerpolitico.mx\\\/?p=111305#breadcrumb\"},\"inLanguage\":\"es\",\"potentialAction\":[{\"@type\":\"ReadAction\",\"target\":[\"https:\\\/\\\/quehacerpolitico.mx\\\/?p=111305\"]}]},{\"@type\":\"ImageObject\",\"inLanguage\":\"es\",\"@id\":\"https:\\\/\\\/quehacerpolitico.mx\\\/?p=111305#primaryimage\",\"url\":\"https:\\\/\\\/quehacerpolitico.mx\\\/wp-content\\\/uploads\\\/2024\\\/07\\\/e7b32ca4-b0f2-40f8-b531-b3f6209528c6-5.jpeg\",\"contentUrl\":\"https:\\\/\\\/quehacerpolitico.mx\\\/wp-content\\\/uploads\\\/2024\\\/07\\\/e7b32ca4-b0f2-40f8-b531-b3f6209528c6-5.jpeg\",\"width\":963,\"height\":493},{\"@type\":\"BreadcrumbList\",\"@id\":\"https:\\\/\\\/quehacerpolitico.mx\\\/?p=111305#breadcrumb\",\"itemListElement\":[{\"@type\":\"ListItem\",\"position\":1,\"name\":\"Inicio\",\"item\":\"https:\\\/\\\/quehacerpolitico.mx\\\/\"},{\"@type\":\"ListItem\",\"position\":2,\"name\":\"El Quehacer Pol\u00edtico Internacional a trav\u00e9s del Tintero\\\/\\\/\\\/Edgar Castaneda\\\/\\\/\\\/El arma de los amigos de Trump presentes en el disparo\"}]},{\"@type\":\"WebSite\",\"@id\":\"https:\\\/\\\/quehacerpolitico.mx\\\/#website\",\"url\":\"https:\\\/\\\/quehacerpolitico.mx\\\/\",\"name\":\"\",\"description\":\"\",\"potentialAction\":[{\"@type\":\"SearchAction\",\"target\":{\"@type\":\"EntryPoint\",\"urlTemplate\":\"https:\\\/\\\/quehacerpolitico.mx\\\/?s={search_term_string}\"},\"query-input\":{\"@type\":\"PropertyValueSpecification\",\"valueRequired\":true,\"valueName\":\"search_term_string\"}}],\"inLanguage\":\"es\"},{\"@type\":\"Person\",\"@id\":\"https:\\\/\\\/quehacerpolitico.mx\\\/#\\\/schema\\\/person\\\/496d8ad2d1d3f8036101dca7ee39e585\",\"name\":\"Redacci\u00f3n QP\",\"image\":{\"@type\":\"ImageObject\",\"inLanguage\":\"es\",\"@id\":\"https:\\\/\\\/secure.gravatar.com\\\/avatar\\\/c7164ed6fdec453195284ad24a5ae5b6e1eed2b848477fa2a4787ba9adf39a41?s=96&d=mm&r=g\",\"url\":\"https:\\\/\\\/secure.gravatar.com\\\/avatar\\\/c7164ed6fdec453195284ad24a5ae5b6e1eed2b848477fa2a4787ba9adf39a41?s=96&d=mm&r=g\",\"contentUrl\":\"https:\\\/\\\/secure.gravatar.com\\\/avatar\\\/c7164ed6fdec453195284ad24a5ae5b6e1eed2b848477fa2a4787ba9adf39a41?s=96&d=mm&r=g\",\"caption\":\"Redacci\u00f3n QP\"},\"url\":\"https:\\\/\\\/quehacerpolitico.mx\\\/?author=2\"}]}<\/script>\n<!-- \/ Yoast SEO plugin. -->","yoast_head_json":{"title":"El Quehacer Pol\u00edtico Internacional a trav\u00e9s del Tintero\/\/\/Edgar Castaneda\/\/\/El arma de los amigos de Trump presentes en el disparo -","robots":{"index":"index","follow":"follow","max-snippet":"max-snippet:-1","max-image-preview":"max-image-preview:large","max-video-preview":"max-video-preview:-1"},"canonical":"https:\/\/quehacerpolitico.mx\/?p=111305","og_locale":"es_MX","og_type":"article","og_title":"El Quehacer Pol\u00edtico Internacional a trav\u00e9s del Tintero\/\/\/Edgar Castaneda\/\/\/El arma de los amigos de Trump presentes en el disparo -","og_description":"Por Edgar Castaneda Analista Hace exactamente 59 d\u00edas -18 de mayo- en Dallas, Texas, Donald...","og_url":"https:\/\/quehacerpolitico.mx\/?p=111305","article_published_time":"2024-07-15T13:57:15+00:00","article_modified_time":"2024-07-15T13:57:17+00:00","og_image":[{"width":963,"height":493,"url":"https:\/\/quehacerpolitico.mx\/wp-content\/uploads\/2024\/07\/e7b32ca4-b0f2-40f8-b531-b3f6209528c6-5.jpeg","type":"image\/jpeg"}],"author":"Redacci\u00f3n QP","twitter_card":"summary_large_image","twitter_misc":{"Escrito por":"Redacci\u00f3n QP","Tiempo de lectura":"2 minutos"},"schema":{"@context":"https:\/\/schema.org","@graph":[{"@type":"Article","@id":"https:\/\/quehacerpolitico.mx\/?p=111305#article","isPartOf":{"@id":"https:\/\/quehacerpolitico.mx\/?p=111305"},"author":{"name":"Redacci\u00f3n QP","@id":"https:\/\/quehacerpolitico.mx\/#\/schema\/person\/496d8ad2d1d3f8036101dca7ee39e585"},"headline":"El Quehacer Pol\u00edtico Internacional a trav\u00e9s del Tintero\/\/\/Edgar Castaneda\/\/\/El arma de los amigos de Trump presentes en el disparo","datePublished":"2024-07-15T13:57:15+00:00","dateModified":"2024-07-15T13:57:17+00:00","mainEntityOfPage":{"@id":"https:\/\/quehacerpolitico.mx\/?p=111305"},"wordCount":517,"commentCount":0,"image":{"@id":"https:\/\/quehacerpolitico.mx\/?p=111305#primaryimage"},"thumbnailUrl":"https:\/\/quehacerpolitico.mx\/wp-content\/uploads\/2024\/07\/e7b32ca4-b0f2-40f8-b531-b3f6209528c6-5.jpeg","articleSection":["Internacionales"],"inLanguage":"es","potentialAction":[{"@type":"CommentAction","name":"Comment","target":["https:\/\/quehacerpolitico.mx\/?p=111305#respond"]}]},{"@type":"WebPage","@id":"https:\/\/quehacerpolitico.mx\/?p=111305","url":"https:\/\/quehacerpolitico.mx\/?p=111305","name":"El Quehacer Pol\u00edtico Internacional a trav\u00e9s del Tintero\/\/\/Edgar Castaneda\/\/\/El arma de los amigos de Trump presentes en el disparo -","isPartOf":{"@id":"https:\/\/quehacerpolitico.mx\/#website"},"primaryImageOfPage":{"@id":"https:\/\/quehacerpolitico.mx\/?p=111305#primaryimage"},"image":{"@id":"https:\/\/quehacerpolitico.mx\/?p=111305#primaryimage"},"thumbnailUrl":"https:\/\/quehacerpolitico.mx\/wp-content\/uploads\/2024\/07\/e7b32ca4-b0f2-40f8-b531-b3f6209528c6-5.jpeg","datePublished":"2024-07-15T13:57:15+00:00","dateModified":"2024-07-15T13:57:17+00:00","author":{"@id":"https:\/\/quehacerpolitico.mx\/#\/schema\/person\/496d8ad2d1d3f8036101dca7ee39e585"},"breadcrumb":{"@id":"https:\/\/quehacerpolitico.mx\/?p=111305#breadcrumb"},"inLanguage":"es","potentialAction":[{"@type":"ReadAction","target":["https:\/\/quehacerpolitico.mx\/?p=111305"]}]},{"@type":"ImageObject","inLanguage":"es","@id":"https:\/\/quehacerpolitico.mx\/?p=111305#primaryimage","url":"https:\/\/quehacerpolitico.mx\/wp-content\/uploads\/2024\/07\/e7b32ca4-b0f2-40f8-b531-b3f6209528c6-5.jpeg","contentUrl":"https:\/\/quehacerpolitico.mx\/wp-content\/uploads\/2024\/07\/e7b32ca4-b0f2-40f8-b531-b3f6209528c6-5.jpeg","width":963,"height":493},{"@type":"BreadcrumbList","@id":"https:\/\/quehacerpolitico.mx\/?p=111305#breadcrumb","itemListElement":[{"@type":"ListItem","position":1,"name":"Inicio","item":"https:\/\/quehacerpolitico.mx\/"},{"@type":"ListItem","position":2,"name":"El Quehacer Pol\u00edtico Internacional a trav\u00e9s del Tintero\/\/\/Edgar Castaneda\/\/\/El arma de los amigos de Trump presentes en el disparo"}]},{"@type":"WebSite","@id":"https:\/\/quehacerpolitico.mx\/#website","url":"https:\/\/quehacerpolitico.mx\/","name":"","description":"","potentialAction":[{"@type":"SearchAction","target":{"@type":"EntryPoint","urlTemplate":"https:\/\/quehacerpolitico.mx\/?s={search_term_string}"},"query-input":{"@type":"PropertyValueSpecification","valueRequired":true,"valueName":"search_term_string"}}],"inLanguage":"es"},{"@type":"Person","@id":"https:\/\/quehacerpolitico.mx\/#\/schema\/person\/496d8ad2d1d3f8036101dca7ee39e585","name":"Redacci\u00f3n QP","image":{"@type":"ImageObject","inLanguage":"es","@id":"https:\/\/secure.gravatar.com\/avatar\/c7164ed6fdec453195284ad24a5ae5b6e1eed2b848477fa2a4787ba9adf39a41?s=96&d=mm&r=g","url":"https:\/\/secure.gravatar.com\/avatar\/c7164ed6fdec453195284ad24a5ae5b6e1eed2b848477fa2a4787ba9adf39a41?s=96&d=mm&r=g","contentUrl":"https:\/\/secure.gravatar.com\/avatar\/c7164ed6fdec453195284ad24a5ae5b6e1eed2b848477fa2a4787ba9adf39a41?s=96&d=mm&r=g","caption":"Redacci\u00f3n QP"},"url":"https:\/\/quehacerpolitico.mx\/?author=2"}]}},"featured_image_urls":{"full":["https:\/\/quehacerpolitico.mx\/wp-content\/uploads\/2024\/07\/e7b32ca4-b0f2-40f8-b531-b3f6209528c6-5.jpeg",963,493,false],"thumbnail":["https:\/\/quehacerpolitico.mx\/wp-content\/uploads\/2024\/07\/e7b32ca4-b0f2-40f8-b531-b3f6209528c6-5-150x150.jpeg",150,150,true],"medium":["https:\/\/quehacerpolitico.mx\/wp-content\/uploads\/2024\/07\/e7b32ca4-b0f2-40f8-b531-b3f6209528c6-5-300x154.jpeg",300,154,true],"medium_large":["https:\/\/quehacerpolitico.mx\/wp-content\/uploads\/2024\/07\/e7b32ca4-b0f2-40f8-b531-b3f6209528c6-5-768x393.jpeg",640,328,true],"large":["https:\/\/quehacerpolitico.mx\/wp-content\/uploads\/2024\/07\/e7b32ca4-b0f2-40f8-b531-b3f6209528c6-5.jpeg",640,328,false],"1536x1536":["https:\/\/quehacerpolitico.mx\/wp-content\/uploads\/2024\/07\/e7b32ca4-b0f2-40f8-b531-b3f6209528c6-5.jpeg",963,493,false],"2048x2048":["https:\/\/quehacerpolitico.mx\/wp-content\/uploads\/2024\/07\/e7b32ca4-b0f2-40f8-b531-b3f6209528c6-5.jpeg",963,493,false],"covernews-featured":["https:\/\/quehacerpolitico.mx\/wp-content\/uploads\/2024\/07\/e7b32ca4-b0f2-40f8-b531-b3f6209528c6-5.jpeg",963,493,false],"covernews-medium":["https:\/\/quehacerpolitico.mx\/wp-content\/uploads\/2024\/07\/e7b32ca4-b0f2-40f8-b531-b3f6209528c6-5.jpeg",540,276,false]},"author_info":{"display_name":"Redacci\u00f3n QP","author_link":"https:\/\/quehacerpolitico.mx\/?author=2"},"category_info":"<a href=\"https:\/\/quehacerpolitico.mx\/?cat=1\" rel=\"category\">Internacionales<\/a>","tag_info":"Internacionales","comment_count":"0","_links":{"self":[{"href":"https:\/\/quehacerpolitico.mx\/index.php?rest_route=\/wp\/v2\/posts\/111305","targetHints":{"allow":["GET"]}}],"collection":[{"href":"https:\/\/quehacerpolitico.mx\/index.php?rest_route=\/wp\/v2\/posts"}],"about":[{"href":"https:\/\/quehacerpolitico.mx\/index.php?rest_route=\/wp\/v2\/types\/post"}],"author":[{"embeddable":true,"href":"https:\/\/quehacerpolitico.mx\/index.php?rest_route=\/wp\/v2\/users\/2"}],"replies":[{"embeddable":true,"href":"https:\/\/quehacerpolitico.mx\/index.php?rest_route=%2Fwp%2Fv2%2Fcomments&post=111305"}],"version-history":[{"count":1,"href":"https:\/\/quehacerpolitico.mx\/index.php?rest_route=\/wp\/v2\/posts\/111305\/revisions"}],"predecessor-version":[{"id":111307,"href":"https:\/\/quehacerpolitico.mx\/index.php?rest_route=\/wp\/v2\/posts\/111305\/revisions\/111307"}],"wp:featuredmedia":[{"embeddable":true,"href":"https:\/\/quehacerpolitico.mx\/index.php?rest_route=\/wp\/v2\/media\/111306"}],"wp:attachment":[{"href":"https:\/\/quehacerpolitico.mx\/index.php?rest_route=%2Fwp%2Fv2%2Fmedia&parent=111305"}],"wp:term":[{"taxonomy":"category","embeddable":true,"href":"https:\/\/quehacerpolitico.mx\/index.php?rest_route=%2Fwp%2Fv2%2Fcategories&post=111305"},{"taxonomy":"post_tag","embeddable":true,"href":"https:\/\/quehacerpolitico.mx\/index.php?rest_route=%2Fwp%2Fv2%2Ftags&post=111305"}],"curies":[{"name":"wp","href":"https:\/\/api.w.org\/{rel}","templated":true}]}}