{"id":111299,"date":"2024-07-12T15:03:52","date_gmt":"2024-07-12T15:03:52","guid":{"rendered":"https:\/\/quehacerpolitico.mx\/?p=111299"},"modified":"2024-07-12T15:03:54","modified_gmt":"2024-07-12T15:03:54","slug":"mexico-tendra-mas-millonarios-en-2028-pero-tambien-mas-desigualdad","status":"publish","type":"post","link":"https:\/\/quehacerpolitico.mx\/?p=111299","title":{"rendered":"M\u00e9xico tendr\u00e1 m\u00e1s millonarios en 2028, pero tambi\u00e9n m\u00e1s desigualdad"},"content":{"rendered":"\n<p>Por Redacci\u00f3n QP<\/p>\n\n\n\n<p>Ser\u00e1 el octavo pa\u00eds con m\u00e1s nuevos millonarios, seg\u00fan UBS Global Wealth Management: su n\u00famero llegar\u00e1 411 mil 652 desde los 331 mil 538 registrados el a\u00f1o pasado<\/p>\n\n\n\n<p>M\u00e9xico es uno de los pa\u00edses con mayor riqueza cultural y natural, sin embargo, se prev\u00e9 que en al menos cinco a\u00f1os aumente tanto el n\u00famero de millonarios a la par de las cifras de desigualdad.<\/p>\n\n\n\n<p>En el informe sobre Global Wealth Report 2024 elaborado por USB Group AG,&nbsp;<strong>M\u00e9xico entra en la lista con el puesto n\u00famero 8 de pa\u00edses con nuevos millonarios, teniendo un aumento del 24% en comparaci\u00f3n con el 2008.<\/strong><\/p>\n\n\n\n<p>Seg\u00fan el documento, el pa\u00eds tendr\u00e1 m\u00e1s millonarios, pues\u00a0<strong>pasar\u00e1 de 331 mil 538 registrados el a\u00f1o pasado a 411 mil 652 para el 2028, es decir, un 24%<\/strong>\u00a0m\u00e1s, seg\u00fan proyecciones de UBS Global Wealth Management.<\/p>\n\n\n\n<p>De acuerdo con el documento, el organismo global compara el n\u00famero de millonarios de otros pa\u00edses como Taiw\u00e1n, Turqu\u00eda, Kazajist\u00e1n, Indonesia, Jap\u00f3n, Corea del Sur, Israel, Tailandia y Suecia; en los cuales su crecimiento va desde el 47% hasta el 22% de aumento.<\/p>\n\n\n\n<p>La riqueza mundial ha aumentado de manera constante desde el 2008, afrontando recesiones y crisis financieras, lo que ha hecho que\u00a0<strong>la desigualdad disminuya ligeramente en Norteam\u00e9rica, mientras que ha aumentado en Latinoam\u00e9rica.<\/strong><\/p>\n\n\n\n<p>El estudio se realiz\u00f3 con una muestra de al menos 56 mercados con una comparativa a partir del 2008 hasta el 2023, adem\u00e1s de especificar el crecimiento o decrecimiento de la inflaci\u00f3n, riqueza, exportaci\u00f3n e importaci\u00f3n, entre otros con cifras desde el 2022.<\/p>\n\n\n\n<p>El an\u00e1lisis revela que a pesar de que en M\u00e9xico habr\u00e1 un incremento en la poblaci\u00f3n con riqueza, la desigualdad continuar\u00e1 e incluso alcanzar\u00e1 mayores niveles de los que se calcularon en 2008.<\/p>\n\n\n\n<h4 class=\"wp-block-heading\">N\u00famero de millonarios: Inflaci\u00f3n tambi\u00e9n impacta en sus bolsillos<\/h4>\n\n\n\n<p>Respecto a la inflaci\u00f3n, el documento se\u00f1ala que el crecimiento real de la riqueza mundial ajustado a la inflaci\u00f3n alcanz\u00f3 el 8.4%, lo que impulso el crecimiento de la riqueza real respecto al 2022, es decir, que el crecimiento real super\u00f3 al nominal.<\/p>\n\n\n\n<p>De acuerdo con las cifras globales,&nbsp;<strong>la mayor concentraci\u00f3n de riqueza media por habitante entre los 56 mercados de muestra revel\u00f3 que en M\u00e9xico se redujo, por lo que present\u00f3 una ca\u00edda cercana al 20%.<\/strong><\/p>\n\n\n\n<p>Cabe recordar, que el a\u00f1o pasado, la tasa de inflaci\u00f3n retrocedi\u00f3 desde el m\u00e1ximo alcanzado en 2022, por lo que el crecimiento real super\u00f3 al nominal, estos resultados van de acuerdo al crecimiento medio de la riqueza por adulto de 2022 al 2023 en cuanto a la moneda mexicana.<\/p>\n\n\n\n<h4 class=\"wp-block-heading\">M\u00e9xico: as\u00ed se desaceler\u00f3 la riqueza en el pa\u00eds<\/h4>\n\n\n\n<p>De acuerdo con el Global Wealth Report,&nbsp;<strong>la tasa de crecimiento de la riqueza en M\u00e9xico obtuvo una evoluci\u00f3n del 106% con un compuesto de tasa anual durante el 2010 al 2023.<\/strong><\/p>\n\n\n\n<p><strong>Sin embargo, seg\u00fan el informe, la riqueza en territorio mexicano cay\u00f3 150% en promedio por adulto,<\/strong>&nbsp;lo que confirma que cay\u00f3 en los \u00faltimos a\u00f1os.<\/p>\n\n\n\n<p>En ese sentido, del periodo de 2000 al 2010, la instituci\u00f3n financiera registr\u00f3 un alza de 173%, lo que significa que cada a\u00f1o registro un alza del 10%.<\/p>\n\n\n\n<p>Mientras que en el lapso del 2010 a 2023, solamente tuvo un alza del 91%, es decir, un aumento de 5% anual.<\/p>\n\n\n\n<p>Respecto a la medici\u00f3n del 2023 en la mayor\u00eda de los mercados muestra la riqueza media es significativamente superior a la riqueza mediana por adulto, por m\u00e1s de un factor en Francia y M\u00e9xico.<\/p>\n\n\n\n<p>Esto ocurre cuando las cifras se encuentran sesgadas al alza por un grupo de riqueza especialmente elevado en la cima que sobrevalora la riqueza de la poblaci\u00f3n general, mientras que las cifras de riqueza medas est\u00e1n menos distorsionadas.<\/p>\n\n\n\n<p>Con informaci\u00f3n de SUN<\/p>\n","protected":false},"excerpt":{"rendered":"<p>Por Redacci\u00f3n QP Ser\u00e1 el octavo pa\u00eds con m\u00e1s nuevos millonarios, seg\u00fan UBS Global Wealth&#8230;<\/p>\n","protected":false},"author":2,"featured_media":111300,"comment_status":"open","ping_status":"open","sticky":false,"template":"","format":"standard","meta":{"_monsterinsights_skip_tracking":false,"_monsterinsights_sitenote_active":false,"_monsterinsights_sitenote_note":"","_monsterinsights_sitenote_category":0,"footnotes":""},"categories":[56],"tags":[],"class_list":["post-111299","post","type-post","status-publish","format-standard","has-post-thumbnail","hentry","category-economia"],"yoast_head":"<!-- This site is optimized with the Yoast SEO plugin v27.3 - https:\/\/yoast.com\/product\/yoast-seo-wordpress\/ -->\n<title>M\u00e9xico tendr\u00e1 m\u00e1s millonarios en 2028, pero tambi\u00e9n m\u00e1s desigualdad -<\/title>\n<meta name=\"robots\" content=\"index, follow, max-snippet:-1, max-image-preview:large, max-video-preview:-1\" \/>\n<link rel=\"canonical\" href=\"https:\/\/quehacerpolitico.mx\/?p=111299\" \/>\n<meta property=\"og:locale\" content=\"es_MX\" \/>\n<meta property=\"og:type\" content=\"article\" \/>\n<meta property=\"og:title\" content=\"M\u00e9xico tendr\u00e1 m\u00e1s millonarios en 2028, pero tambi\u00e9n m\u00e1s desigualdad -\" \/>\n<meta property=\"og:description\" content=\"Por Redacci\u00f3n QP Ser\u00e1 el octavo pa\u00eds con m\u00e1s nuevos millonarios, seg\u00fan UBS Global Wealth...\" \/>\n<meta property=\"og:url\" content=\"https:\/\/quehacerpolitico.mx\/?p=111299\" \/>\n<meta property=\"article:published_time\" content=\"2024-07-12T15:03:52+00:00\" \/>\n<meta property=\"article:modified_time\" content=\"2024-07-12T15:03:54+00:00\" \/>\n<meta property=\"og:image\" content=\"https:\/\/quehacerpolitico.mx\/wp-content\/uploads\/2024\/07\/IMG_6655.jpeg\" \/>\n\t<meta property=\"og:image:width\" content=\"715\" \/>\n\t<meta property=\"og:image:height\" content=\"429\" \/>\n\t<meta property=\"og:image:type\" content=\"image\/jpeg\" \/>\n<meta name=\"author\" content=\"Redacci\u00f3n QP\" \/>\n<meta name=\"twitter:card\" content=\"summary_large_image\" \/>\n<meta name=\"twitter:label1\" content=\"Escrito por\" \/>\n\t<meta name=\"twitter:data1\" content=\"Redacci\u00f3n QP\" \/>\n\t<meta name=\"twitter:label2\" content=\"Tiempo de lectura\" \/>\n\t<meta name=\"twitter:data2\" content=\"3 minutos\" \/>\n<script type=\"application\/ld+json\" class=\"yoast-schema-graph\">{\"@context\":\"https:\\\/\\\/schema.org\",\"@graph\":[{\"@type\":\"Article\",\"@id\":\"https:\\\/\\\/quehacerpolitico.mx\\\/?p=111299#article\",\"isPartOf\":{\"@id\":\"https:\\\/\\\/quehacerpolitico.mx\\\/?p=111299\"},\"author\":{\"name\":\"Redacci\u00f3n QP\",\"@id\":\"https:\\\/\\\/quehacerpolitico.mx\\\/#\\\/schema\\\/person\\\/496d8ad2d1d3f8036101dca7ee39e585\"},\"headline\":\"M\u00e9xico tendr\u00e1 m\u00e1s millonarios en 2028, pero tambi\u00e9n m\u00e1s desigualdad\",\"datePublished\":\"2024-07-12T15:03:52+00:00\",\"dateModified\":\"2024-07-12T15:03:54+00:00\",\"mainEntityOfPage\":{\"@id\":\"https:\\\/\\\/quehacerpolitico.mx\\\/?p=111299\"},\"wordCount\":659,\"commentCount\":0,\"image\":{\"@id\":\"https:\\\/\\\/quehacerpolitico.mx\\\/?p=111299#primaryimage\"},\"thumbnailUrl\":\"https:\\\/\\\/quehacerpolitico.mx\\\/wp-content\\\/uploads\\\/2024\\\/07\\\/IMG_6655.jpeg\",\"articleSection\":[\"Econom\u00eda\"],\"inLanguage\":\"es\",\"potentialAction\":[{\"@type\":\"CommentAction\",\"name\":\"Comment\",\"target\":[\"https:\\\/\\\/quehacerpolitico.mx\\\/?p=111299#respond\"]}]},{\"@type\":\"WebPage\",\"@id\":\"https:\\\/\\\/quehacerpolitico.mx\\\/?p=111299\",\"url\":\"https:\\\/\\\/quehacerpolitico.mx\\\/?p=111299\",\"name\":\"M\u00e9xico tendr\u00e1 m\u00e1s millonarios en 2028, pero tambi\u00e9n m\u00e1s desigualdad -\",\"isPartOf\":{\"@id\":\"https:\\\/\\\/quehacerpolitico.mx\\\/#website\"},\"primaryImageOfPage\":{\"@id\":\"https:\\\/\\\/quehacerpolitico.mx\\\/?p=111299#primaryimage\"},\"image\":{\"@id\":\"https:\\\/\\\/quehacerpolitico.mx\\\/?p=111299#primaryimage\"},\"thumbnailUrl\":\"https:\\\/\\\/quehacerpolitico.mx\\\/wp-content\\\/uploads\\\/2024\\\/07\\\/IMG_6655.jpeg\",\"datePublished\":\"2024-07-12T15:03:52+00:00\",\"dateModified\":\"2024-07-12T15:03:54+00:00\",\"author\":{\"@id\":\"https:\\\/\\\/quehacerpolitico.mx\\\/#\\\/schema\\\/person\\\/496d8ad2d1d3f8036101dca7ee39e585\"},\"breadcrumb\":{\"@id\":\"https:\\\/\\\/quehacerpolitico.mx\\\/?p=111299#breadcrumb\"},\"inLanguage\":\"es\",\"potentialAction\":[{\"@type\":\"ReadAction\",\"target\":[\"https:\\\/\\\/quehacerpolitico.mx\\\/?p=111299\"]}]},{\"@type\":\"ImageObject\",\"inLanguage\":\"es\",\"@id\":\"https:\\\/\\\/quehacerpolitico.mx\\\/?p=111299#primaryimage\",\"url\":\"https:\\\/\\\/quehacerpolitico.mx\\\/wp-content\\\/uploads\\\/2024\\\/07\\\/IMG_6655.jpeg\",\"contentUrl\":\"https:\\\/\\\/quehacerpolitico.mx\\\/wp-content\\\/uploads\\\/2024\\\/07\\\/IMG_6655.jpeg\",\"width\":715,\"height\":429},{\"@type\":\"BreadcrumbList\",\"@id\":\"https:\\\/\\\/quehacerpolitico.mx\\\/?p=111299#breadcrumb\",\"itemListElement\":[{\"@type\":\"ListItem\",\"position\":1,\"name\":\"Inicio\",\"item\":\"https:\\\/\\\/quehacerpolitico.mx\\\/\"},{\"@type\":\"ListItem\",\"position\":2,\"name\":\"M\u00e9xico tendr\u00e1 m\u00e1s millonarios en 2028, pero tambi\u00e9n m\u00e1s desigualdad\"}]},{\"@type\":\"WebSite\",\"@id\":\"https:\\\/\\\/quehacerpolitico.mx\\\/#website\",\"url\":\"https:\\\/\\\/quehacerpolitico.mx\\\/\",\"name\":\"\",\"description\":\"\",\"potentialAction\":[{\"@type\":\"SearchAction\",\"target\":{\"@type\":\"EntryPoint\",\"urlTemplate\":\"https:\\\/\\\/quehacerpolitico.mx\\\/?s={search_term_string}\"},\"query-input\":{\"@type\":\"PropertyValueSpecification\",\"valueRequired\":true,\"valueName\":\"search_term_string\"}}],\"inLanguage\":\"es\"},{\"@type\":\"Person\",\"@id\":\"https:\\\/\\\/quehacerpolitico.mx\\\/#\\\/schema\\\/person\\\/496d8ad2d1d3f8036101dca7ee39e585\",\"name\":\"Redacci\u00f3n QP\",\"image\":{\"@type\":\"ImageObject\",\"inLanguage\":\"es\",\"@id\":\"https:\\\/\\\/secure.gravatar.com\\\/avatar\\\/c7164ed6fdec453195284ad24a5ae5b6e1eed2b848477fa2a4787ba9adf39a41?s=96&d=mm&r=g\",\"url\":\"https:\\\/\\\/secure.gravatar.com\\\/avatar\\\/c7164ed6fdec453195284ad24a5ae5b6e1eed2b848477fa2a4787ba9adf39a41?s=96&d=mm&r=g\",\"contentUrl\":\"https:\\\/\\\/secure.gravatar.com\\\/avatar\\\/c7164ed6fdec453195284ad24a5ae5b6e1eed2b848477fa2a4787ba9adf39a41?s=96&d=mm&r=g\",\"caption\":\"Redacci\u00f3n QP\"},\"url\":\"https:\\\/\\\/quehacerpolitico.mx\\\/?author=2\"}]}<\/script>\n<!-- \/ Yoast SEO plugin. -->","yoast_head_json":{"title":"M\u00e9xico tendr\u00e1 m\u00e1s millonarios en 2028, pero tambi\u00e9n m\u00e1s desigualdad -","robots":{"index":"index","follow":"follow","max-snippet":"max-snippet:-1","max-image-preview":"max-image-preview:large","max-video-preview":"max-video-preview:-1"},"canonical":"https:\/\/quehacerpolitico.mx\/?p=111299","og_locale":"es_MX","og_type":"article","og_title":"M\u00e9xico tendr\u00e1 m\u00e1s millonarios en 2028, pero tambi\u00e9n m\u00e1s desigualdad -","og_description":"Por Redacci\u00f3n QP Ser\u00e1 el octavo pa\u00eds con m\u00e1s nuevos millonarios, seg\u00fan UBS Global Wealth...","og_url":"https:\/\/quehacerpolitico.mx\/?p=111299","article_published_time":"2024-07-12T15:03:52+00:00","article_modified_time":"2024-07-12T15:03:54+00:00","og_image":[{"width":715,"height":429,"url":"https:\/\/quehacerpolitico.mx\/wp-content\/uploads\/2024\/07\/IMG_6655.jpeg","type":"image\/jpeg"}],"author":"Redacci\u00f3n QP","twitter_card":"summary_large_image","twitter_misc":{"Escrito por":"Redacci\u00f3n QP","Tiempo de lectura":"3 minutos"},"schema":{"@context":"https:\/\/schema.org","@graph":[{"@type":"Article","@id":"https:\/\/quehacerpolitico.mx\/?p=111299#article","isPartOf":{"@id":"https:\/\/quehacerpolitico.mx\/?p=111299"},"author":{"name":"Redacci\u00f3n QP","@id":"https:\/\/quehacerpolitico.mx\/#\/schema\/person\/496d8ad2d1d3f8036101dca7ee39e585"},"headline":"M\u00e9xico tendr\u00e1 m\u00e1s millonarios en 2028, pero tambi\u00e9n m\u00e1s desigualdad","datePublished":"2024-07-12T15:03:52+00:00","dateModified":"2024-07-12T15:03:54+00:00","mainEntityOfPage":{"@id":"https:\/\/quehacerpolitico.mx\/?p=111299"},"wordCount":659,"commentCount":0,"image":{"@id":"https:\/\/quehacerpolitico.mx\/?p=111299#primaryimage"},"thumbnailUrl":"https:\/\/quehacerpolitico.mx\/wp-content\/uploads\/2024\/07\/IMG_6655.jpeg","articleSection":["Econom\u00eda"],"inLanguage":"es","potentialAction":[{"@type":"CommentAction","name":"Comment","target":["https:\/\/quehacerpolitico.mx\/?p=111299#respond"]}]},{"@type":"WebPage","@id":"https:\/\/quehacerpolitico.mx\/?p=111299","url":"https:\/\/quehacerpolitico.mx\/?p=111299","name":"M\u00e9xico tendr\u00e1 m\u00e1s millonarios en 2028, pero tambi\u00e9n m\u00e1s desigualdad -","isPartOf":{"@id":"https:\/\/quehacerpolitico.mx\/#website"},"primaryImageOfPage":{"@id":"https:\/\/quehacerpolitico.mx\/?p=111299#primaryimage"},"image":{"@id":"https:\/\/quehacerpolitico.mx\/?p=111299#primaryimage"},"thumbnailUrl":"https:\/\/quehacerpolitico.mx\/wp-content\/uploads\/2024\/07\/IMG_6655.jpeg","datePublished":"2024-07-12T15:03:52+00:00","dateModified":"2024-07-12T15:03:54+00:00","author":{"@id":"https:\/\/quehacerpolitico.mx\/#\/schema\/person\/496d8ad2d1d3f8036101dca7ee39e585"},"breadcrumb":{"@id":"https:\/\/quehacerpolitico.mx\/?p=111299#breadcrumb"},"inLanguage":"es","potentialAction":[{"@type":"ReadAction","target":["https:\/\/quehacerpolitico.mx\/?p=111299"]}]},{"@type":"ImageObject","inLanguage":"es","@id":"https:\/\/quehacerpolitico.mx\/?p=111299#primaryimage","url":"https:\/\/quehacerpolitico.mx\/wp-content\/uploads\/2024\/07\/IMG_6655.jpeg","contentUrl":"https:\/\/quehacerpolitico.mx\/wp-content\/uploads\/2024\/07\/IMG_6655.jpeg","width":715,"height":429},{"@type":"BreadcrumbList","@id":"https:\/\/quehacerpolitico.mx\/?p=111299#breadcrumb","itemListElement":[{"@type":"ListItem","position":1,"name":"Inicio","item":"https:\/\/quehacerpolitico.mx\/"},{"@type":"ListItem","position":2,"name":"M\u00e9xico tendr\u00e1 m\u00e1s millonarios en 2028, pero tambi\u00e9n m\u00e1s desigualdad"}]},{"@type":"WebSite","@id":"https:\/\/quehacerpolitico.mx\/#website","url":"https:\/\/quehacerpolitico.mx\/","name":"","description":"","potentialAction":[{"@type":"SearchAction","target":{"@type":"EntryPoint","urlTemplate":"https:\/\/quehacerpolitico.mx\/?s={search_term_string}"},"query-input":{"@type":"PropertyValueSpecification","valueRequired":true,"valueName":"search_term_string"}}],"inLanguage":"es"},{"@type":"Person","@id":"https:\/\/quehacerpolitico.mx\/#\/schema\/person\/496d8ad2d1d3f8036101dca7ee39e585","name":"Redacci\u00f3n QP","image":{"@type":"ImageObject","inLanguage":"es","@id":"https:\/\/secure.gravatar.com\/avatar\/c7164ed6fdec453195284ad24a5ae5b6e1eed2b848477fa2a4787ba9adf39a41?s=96&d=mm&r=g","url":"https:\/\/secure.gravatar.com\/avatar\/c7164ed6fdec453195284ad24a5ae5b6e1eed2b848477fa2a4787ba9adf39a41?s=96&d=mm&r=g","contentUrl":"https:\/\/secure.gravatar.com\/avatar\/c7164ed6fdec453195284ad24a5ae5b6e1eed2b848477fa2a4787ba9adf39a41?s=96&d=mm&r=g","caption":"Redacci\u00f3n QP"},"url":"https:\/\/quehacerpolitico.mx\/?author=2"}]}},"featured_image_urls":{"full":["https:\/\/quehacerpolitico.mx\/wp-content\/uploads\/2024\/07\/IMG_6655.jpeg",715,429,false],"thumbnail":["https:\/\/quehacerpolitico.mx\/wp-content\/uploads\/2024\/07\/IMG_6655-150x150.jpeg",150,150,true],"medium":["https:\/\/quehacerpolitico.mx\/wp-content\/uploads\/2024\/07\/IMG_6655-300x180.jpeg",300,180,true],"medium_large":["https:\/\/quehacerpolitico.mx\/wp-content\/uploads\/2024\/07\/IMG_6655.jpeg",640,384,false],"large":["https:\/\/quehacerpolitico.mx\/wp-content\/uploads\/2024\/07\/IMG_6655.jpeg",640,384,false],"1536x1536":["https:\/\/quehacerpolitico.mx\/wp-content\/uploads\/2024\/07\/IMG_6655.jpeg",715,429,false],"2048x2048":["https:\/\/quehacerpolitico.mx\/wp-content\/uploads\/2024\/07\/IMG_6655.jpeg",715,429,false],"covernews-featured":["https:\/\/quehacerpolitico.mx\/wp-content\/uploads\/2024\/07\/IMG_6655.jpeg",715,429,false],"covernews-medium":["https:\/\/quehacerpolitico.mx\/wp-content\/uploads\/2024\/07\/IMG_6655.jpeg",540,324,false]},"author_info":{"display_name":"Redacci\u00f3n QP","author_link":"https:\/\/quehacerpolitico.mx\/?author=2"},"category_info":"<a href=\"https:\/\/quehacerpolitico.mx\/?cat=56\" rel=\"category\">Econom\u00eda<\/a>","tag_info":"Econom\u00eda","comment_count":"0","_links":{"self":[{"href":"https:\/\/quehacerpolitico.mx\/index.php?rest_route=\/wp\/v2\/posts\/111299","targetHints":{"allow":["GET"]}}],"collection":[{"href":"https:\/\/quehacerpolitico.mx\/index.php?rest_route=\/wp\/v2\/posts"}],"about":[{"href":"https:\/\/quehacerpolitico.mx\/index.php?rest_route=\/wp\/v2\/types\/post"}],"author":[{"embeddable":true,"href":"https:\/\/quehacerpolitico.mx\/index.php?rest_route=\/wp\/v2\/users\/2"}],"replies":[{"embeddable":true,"href":"https:\/\/quehacerpolitico.mx\/index.php?rest_route=%2Fwp%2Fv2%2Fcomments&post=111299"}],"version-history":[{"count":1,"href":"https:\/\/quehacerpolitico.mx\/index.php?rest_route=\/wp\/v2\/posts\/111299\/revisions"}],"predecessor-version":[{"id":111301,"href":"https:\/\/quehacerpolitico.mx\/index.php?rest_route=\/wp\/v2\/posts\/111299\/revisions\/111301"}],"wp:featuredmedia":[{"embeddable":true,"href":"https:\/\/quehacerpolitico.mx\/index.php?rest_route=\/wp\/v2\/media\/111300"}],"wp:attachment":[{"href":"https:\/\/quehacerpolitico.mx\/index.php?rest_route=%2Fwp%2Fv2%2Fmedia&parent=111299"}],"wp:term":[{"taxonomy":"category","embeddable":true,"href":"https:\/\/quehacerpolitico.mx\/index.php?rest_route=%2Fwp%2Fv2%2Fcategories&post=111299"},{"taxonomy":"post_tag","embeddable":true,"href":"https:\/\/quehacerpolitico.mx\/index.php?rest_route=%2Fwp%2Fv2%2Ftags&post=111299"}],"curies":[{"name":"wp","href":"https:\/\/api.w.org\/{rel}","templated":true}]}}