{"id":111296,"date":"2024-07-12T14:39:44","date_gmt":"2024-07-12T14:39:44","guid":{"rendered":"https:\/\/quehacerpolitico.mx\/?p=111296"},"modified":"2024-07-12T14:39:46","modified_gmt":"2024-07-12T14:39:46","slug":"increible-por-lo-que-se-preocupan-autoridades-de-yucatan-clausuran-estatua-de-poseidon","status":"publish","type":"post","link":"https:\/\/quehacerpolitico.mx\/?p=111296","title":{"rendered":"Incre\u00edble por lo que se preocupan autoridades de Yucat\u00e1n clausuran estatua de Poseidon"},"content":{"rendered":"\n<p>Por Redacci\u00f3n QP<\/p>\n\n\n\n<p>Profepa dijo que esta clausura la estatua de Poseid\u00f3n ocurri\u00f3 porque no se mostr\u00f3 la autorizaci\u00f3n de impacto ambiental de la Semarnat<\/p>\n\n\n\n<p>La\u00a0<strong>Procuradur\u00eda Federal de Protecci\u00f3n al Ambiente<\/strong>\u00a0(<strong>Profepa<\/strong>) impuso la \u201c<strong>clausura<\/strong>\u00a0total temporal\u201d de\u00a0la\u00a0<strong>estatua<\/strong>\u00a0de\u00a0<strong>Poseid\u00f3n<\/strong>, que se encuentra a la orilla de la playa en\u00a0<strong>Progreso, Yucat\u00e1n<\/strong>.<\/p>\n\n\n\n<figure class=\"wp-block-embed is-type-rich is-provider-twitter wp-block-embed-twitter\"><div class=\"wp-block-embed__wrapper\">\n<blockquote class=\"twitter-tweet\" data-width=\"550\" data-dnt=\"true\"><p lang=\"es\" dir=\"ltr\">\u25fe\ufe0f Clausuran estatua de Poseid\u00f3n en playa de Yucat\u00e1n<br><br>Por no mostrar la autorizaci\u00f3n de impacto ambiental de la Semarnat, inspectores de la Profepa en la entidad impusieron la clausura total temporal de la obra.<br><br>\u00bfQuieres saber m\u00e1s?   \u27a1\ufe0f <a href=\"https:\/\/t.co\/YPTyABDJki\">https:\/\/t.co\/YPTyABDJki<\/a> <a href=\"https:\/\/t.co\/N4FCXibCMR\">pic.twitter.com\/N4FCXibCMR<\/a><\/p>&mdash; PROFEPA (@PROFEPA_Mx) <a href=\"https:\/\/twitter.com\/PROFEPA_Mx\/status\/1811557260990320829?ref_src=twsrc%5Etfw\">July 12, 2024<\/a><\/blockquote><script async src=\"https:\/\/platform.twitter.com\/widgets.js\" charset=\"utf-8\"><\/script>\n<\/div><\/figure>\n\n\n\n<p>Por medio de un&nbsp;<a href=\"https:\/\/www.gob.mx\/profepa\/prensa\/clausuran-estatua-de-poseidon-en-playa-de-yucatan?state=published\" target=\"_blank\" rel=\"noreferrer noopener\">comunicado<\/a>, detall\u00f3 que esto ocurri\u00f3 debido a que no se mostr\u00f3&nbsp;la autorizaci\u00f3n de impacto ambiental de la Secretar\u00eda del Medio Ambiente y Recursos Naturales (<strong>Semarnat<\/strong>).<\/p>\n\n\n\n<p>\u201cLa autoridad ambiental determin\u00f3 establecer esta medida de seguridad, debido a que la estructura se instal\u00f3 en espacios de agua marina, a 25 metros de la l\u00ednea de costa, mar adentro de la playa conocida como el Play\u00f3n\u201d, se indic\u00f3 en el bolet\u00edn de prensa.<\/p>\n\n\n\n<figure class=\"wp-block-embed is-type-video is-provider-youtube wp-block-embed-youtube wp-embed-aspect-16-9 wp-has-aspect-ratio\"><div class=\"wp-block-embed__wrapper\">\n<iframe loading=\"lazy\" title=\"Demandan a la pol\u00e9mica estatua de Poseid\u00f3n en Yucat\u00e1n | Noticias con Crystal Mendivil\" width=\"640\" height=\"360\" src=\"https:\/\/www.youtube.com\/embed\/uphMZCqqpIc?feature=oembed\" frameborder=\"0\" allow=\"accelerometer; autoplay; clipboard-write; encrypted-media; gyroscope; picture-in-picture; web-share\" referrerpolicy=\"strict-origin-when-cross-origin\" allowfullscreen><\/iframe>\n<\/div><\/figure>\n\n\n\n<p>La estatua de Poseid\u00f3n fue colocada por el Ayuntamiento de Progreso de Castro frente al Malec\u00f3n Internacional de Progreso, de la colonia Centro.<\/p>\n\n\n\n<p>La Profepa explic\u00f3 que la Oficina de Representaci\u00f3n de Protecci\u00f3n Ambiental en Yucat\u00e1n continuar\u00e1 con el procedimiento administrativo, para determinar las acciones procedentes.<\/p>\n","protected":false},"excerpt":{"rendered":"<p>Por Redacci\u00f3n QP Profepa dijo que esta clausura la estatua de Poseid\u00f3n ocurri\u00f3 porque no&#8230;<\/p>\n","protected":false},"author":2,"featured_media":111297,"comment_status":"open","ping_status":"open","sticky":false,"template":"","format":"standard","meta":{"_monsterinsights_skip_tracking":false,"_monsterinsights_sitenote_active":false,"_monsterinsights_sitenote_note":"","_monsterinsights_sitenote_category":0,"footnotes":""},"categories":[2],"tags":[],"class_list":["post-111296","post","type-post","status-publish","format-standard","has-post-thumbnail","hentry","category-noticias"],"yoast_head":"<!-- This site is optimized with the Yoast SEO plugin v27.3 - https:\/\/yoast.com\/product\/yoast-seo-wordpress\/ -->\n<title>Incre\u00edble por lo que se preocupan autoridades de Yucat\u00e1n clausuran estatua de Poseidon -<\/title>\n<meta name=\"robots\" content=\"index, follow, max-snippet:-1, max-image-preview:large, max-video-preview:-1\" \/>\n<link rel=\"canonical\" href=\"https:\/\/quehacerpolitico.mx\/?p=111296\" \/>\n<meta property=\"og:locale\" content=\"es_MX\" \/>\n<meta property=\"og:type\" content=\"article\" \/>\n<meta property=\"og:title\" content=\"Incre\u00edble por lo que se preocupan autoridades de Yucat\u00e1n clausuran estatua de Poseidon -\" \/>\n<meta property=\"og:description\" content=\"Por Redacci\u00f3n QP Profepa dijo que esta clausura la estatua de Poseid\u00f3n ocurri\u00f3 porque no...\" \/>\n<meta property=\"og:url\" content=\"https:\/\/quehacerpolitico.mx\/?p=111296\" \/>\n<meta property=\"article:published_time\" content=\"2024-07-12T14:39:44+00:00\" \/>\n<meta property=\"article:modified_time\" content=\"2024-07-12T14:39:46+00:00\" \/>\n<meta property=\"og:image\" content=\"https:\/\/quehacerpolitico.mx\/wp-content\/uploads\/2024\/07\/IMG_6654.jpeg\" \/>\n\t<meta property=\"og:image:width\" content=\"800\" \/>\n\t<meta property=\"og:image:height\" content=\"350\" \/>\n\t<meta property=\"og:image:type\" content=\"image\/jpeg\" \/>\n<meta name=\"author\" content=\"Redacci\u00f3n QP\" \/>\n<meta name=\"twitter:card\" content=\"summary_large_image\" \/>\n<meta name=\"twitter:label1\" content=\"Escrito por\" \/>\n\t<meta name=\"twitter:data1\" content=\"Redacci\u00f3n QP\" \/>\n\t<meta name=\"twitter:label2\" content=\"Tiempo de lectura\" \/>\n\t<meta name=\"twitter:data2\" content=\"1 minuto\" \/>\n<script type=\"application\/ld+json\" class=\"yoast-schema-graph\">{\"@context\":\"https:\\\/\\\/schema.org\",\"@graph\":[{\"@type\":\"Article\",\"@id\":\"https:\\\/\\\/quehacerpolitico.mx\\\/?p=111296#article\",\"isPartOf\":{\"@id\":\"https:\\\/\\\/quehacerpolitico.mx\\\/?p=111296\"},\"author\":{\"name\":\"Redacci\u00f3n QP\",\"@id\":\"https:\\\/\\\/quehacerpolitico.mx\\\/#\\\/schema\\\/person\\\/496d8ad2d1d3f8036101dca7ee39e585\"},\"headline\":\"Incre\u00edble por lo que se preocupan autoridades de Yucat\u00e1n clausuran estatua de Poseidon\",\"datePublished\":\"2024-07-12T14:39:44+00:00\",\"dateModified\":\"2024-07-12T14:39:46+00:00\",\"mainEntityOfPage\":{\"@id\":\"https:\\\/\\\/quehacerpolitico.mx\\\/?p=111296\"},\"wordCount\":230,\"commentCount\":0,\"image\":{\"@id\":\"https:\\\/\\\/quehacerpolitico.mx\\\/?p=111296#primaryimage\"},\"thumbnailUrl\":\"https:\\\/\\\/quehacerpolitico.mx\\\/wp-content\\\/uploads\\\/2024\\\/07\\\/IMG_6654.jpeg\",\"articleSection\":[\"Noticias\"],\"inLanguage\":\"es\",\"potentialAction\":[{\"@type\":\"CommentAction\",\"name\":\"Comment\",\"target\":[\"https:\\\/\\\/quehacerpolitico.mx\\\/?p=111296#respond\"]}]},{\"@type\":\"WebPage\",\"@id\":\"https:\\\/\\\/quehacerpolitico.mx\\\/?p=111296\",\"url\":\"https:\\\/\\\/quehacerpolitico.mx\\\/?p=111296\",\"name\":\"Incre\u00edble por lo que se preocupan autoridades de Yucat\u00e1n clausuran estatua de Poseidon -\",\"isPartOf\":{\"@id\":\"https:\\\/\\\/quehacerpolitico.mx\\\/#website\"},\"primaryImageOfPage\":{\"@id\":\"https:\\\/\\\/quehacerpolitico.mx\\\/?p=111296#primaryimage\"},\"image\":{\"@id\":\"https:\\\/\\\/quehacerpolitico.mx\\\/?p=111296#primaryimage\"},\"thumbnailUrl\":\"https:\\\/\\\/quehacerpolitico.mx\\\/wp-content\\\/uploads\\\/2024\\\/07\\\/IMG_6654.jpeg\",\"datePublished\":\"2024-07-12T14:39:44+00:00\",\"dateModified\":\"2024-07-12T14:39:46+00:00\",\"author\":{\"@id\":\"https:\\\/\\\/quehacerpolitico.mx\\\/#\\\/schema\\\/person\\\/496d8ad2d1d3f8036101dca7ee39e585\"},\"breadcrumb\":{\"@id\":\"https:\\\/\\\/quehacerpolitico.mx\\\/?p=111296#breadcrumb\"},\"inLanguage\":\"es\",\"potentialAction\":[{\"@type\":\"ReadAction\",\"target\":[\"https:\\\/\\\/quehacerpolitico.mx\\\/?p=111296\"]}]},{\"@type\":\"ImageObject\",\"inLanguage\":\"es\",\"@id\":\"https:\\\/\\\/quehacerpolitico.mx\\\/?p=111296#primaryimage\",\"url\":\"https:\\\/\\\/quehacerpolitico.mx\\\/wp-content\\\/uploads\\\/2024\\\/07\\\/IMG_6654.jpeg\",\"contentUrl\":\"https:\\\/\\\/quehacerpolitico.mx\\\/wp-content\\\/uploads\\\/2024\\\/07\\\/IMG_6654.jpeg\",\"width\":800,\"height\":350},{\"@type\":\"BreadcrumbList\",\"@id\":\"https:\\\/\\\/quehacerpolitico.mx\\\/?p=111296#breadcrumb\",\"itemListElement\":[{\"@type\":\"ListItem\",\"position\":1,\"name\":\"Inicio\",\"item\":\"https:\\\/\\\/quehacerpolitico.mx\\\/\"},{\"@type\":\"ListItem\",\"position\":2,\"name\":\"Incre\u00edble por lo que se preocupan autoridades de Yucat\u00e1n clausuran estatua de Poseidon\"}]},{\"@type\":\"WebSite\",\"@id\":\"https:\\\/\\\/quehacerpolitico.mx\\\/#website\",\"url\":\"https:\\\/\\\/quehacerpolitico.mx\\\/\",\"name\":\"\",\"description\":\"\",\"potentialAction\":[{\"@type\":\"SearchAction\",\"target\":{\"@type\":\"EntryPoint\",\"urlTemplate\":\"https:\\\/\\\/quehacerpolitico.mx\\\/?s={search_term_string}\"},\"query-input\":{\"@type\":\"PropertyValueSpecification\",\"valueRequired\":true,\"valueName\":\"search_term_string\"}}],\"inLanguage\":\"es\"},{\"@type\":\"Person\",\"@id\":\"https:\\\/\\\/quehacerpolitico.mx\\\/#\\\/schema\\\/person\\\/496d8ad2d1d3f8036101dca7ee39e585\",\"name\":\"Redacci\u00f3n QP\",\"image\":{\"@type\":\"ImageObject\",\"inLanguage\":\"es\",\"@id\":\"https:\\\/\\\/secure.gravatar.com\\\/avatar\\\/c7164ed6fdec453195284ad24a5ae5b6e1eed2b848477fa2a4787ba9adf39a41?s=96&d=mm&r=g\",\"url\":\"https:\\\/\\\/secure.gravatar.com\\\/avatar\\\/c7164ed6fdec453195284ad24a5ae5b6e1eed2b848477fa2a4787ba9adf39a41?s=96&d=mm&r=g\",\"contentUrl\":\"https:\\\/\\\/secure.gravatar.com\\\/avatar\\\/c7164ed6fdec453195284ad24a5ae5b6e1eed2b848477fa2a4787ba9adf39a41?s=96&d=mm&r=g\",\"caption\":\"Redacci\u00f3n QP\"},\"url\":\"https:\\\/\\\/quehacerpolitico.mx\\\/?author=2\"}]}<\/script>\n<!-- \/ Yoast SEO plugin. -->","yoast_head_json":{"title":"Incre\u00edble por lo que se preocupan autoridades de Yucat\u00e1n clausuran estatua de Poseidon -","robots":{"index":"index","follow":"follow","max-snippet":"max-snippet:-1","max-image-preview":"max-image-preview:large","max-video-preview":"max-video-preview:-1"},"canonical":"https:\/\/quehacerpolitico.mx\/?p=111296","og_locale":"es_MX","og_type":"article","og_title":"Incre\u00edble por lo que se preocupan autoridades de Yucat\u00e1n clausuran estatua de Poseidon -","og_description":"Por Redacci\u00f3n QP Profepa dijo que esta clausura la estatua de Poseid\u00f3n ocurri\u00f3 porque no...","og_url":"https:\/\/quehacerpolitico.mx\/?p=111296","article_published_time":"2024-07-12T14:39:44+00:00","article_modified_time":"2024-07-12T14:39:46+00:00","og_image":[{"width":800,"height":350,"url":"https:\/\/quehacerpolitico.mx\/wp-content\/uploads\/2024\/07\/IMG_6654.jpeg","type":"image\/jpeg"}],"author":"Redacci\u00f3n QP","twitter_card":"summary_large_image","twitter_misc":{"Escrito por":"Redacci\u00f3n QP","Tiempo de lectura":"1 minuto"},"schema":{"@context":"https:\/\/schema.org","@graph":[{"@type":"Article","@id":"https:\/\/quehacerpolitico.mx\/?p=111296#article","isPartOf":{"@id":"https:\/\/quehacerpolitico.mx\/?p=111296"},"author":{"name":"Redacci\u00f3n QP","@id":"https:\/\/quehacerpolitico.mx\/#\/schema\/person\/496d8ad2d1d3f8036101dca7ee39e585"},"headline":"Incre\u00edble por lo que se preocupan autoridades de Yucat\u00e1n clausuran estatua de Poseidon","datePublished":"2024-07-12T14:39:44+00:00","dateModified":"2024-07-12T14:39:46+00:00","mainEntityOfPage":{"@id":"https:\/\/quehacerpolitico.mx\/?p=111296"},"wordCount":230,"commentCount":0,"image":{"@id":"https:\/\/quehacerpolitico.mx\/?p=111296#primaryimage"},"thumbnailUrl":"https:\/\/quehacerpolitico.mx\/wp-content\/uploads\/2024\/07\/IMG_6654.jpeg","articleSection":["Noticias"],"inLanguage":"es","potentialAction":[{"@type":"CommentAction","name":"Comment","target":["https:\/\/quehacerpolitico.mx\/?p=111296#respond"]}]},{"@type":"WebPage","@id":"https:\/\/quehacerpolitico.mx\/?p=111296","url":"https:\/\/quehacerpolitico.mx\/?p=111296","name":"Incre\u00edble por lo que se preocupan autoridades de Yucat\u00e1n clausuran estatua de Poseidon -","isPartOf":{"@id":"https:\/\/quehacerpolitico.mx\/#website"},"primaryImageOfPage":{"@id":"https:\/\/quehacerpolitico.mx\/?p=111296#primaryimage"},"image":{"@id":"https:\/\/quehacerpolitico.mx\/?p=111296#primaryimage"},"thumbnailUrl":"https:\/\/quehacerpolitico.mx\/wp-content\/uploads\/2024\/07\/IMG_6654.jpeg","datePublished":"2024-07-12T14:39:44+00:00","dateModified":"2024-07-12T14:39:46+00:00","author":{"@id":"https:\/\/quehacerpolitico.mx\/#\/schema\/person\/496d8ad2d1d3f8036101dca7ee39e585"},"breadcrumb":{"@id":"https:\/\/quehacerpolitico.mx\/?p=111296#breadcrumb"},"inLanguage":"es","potentialAction":[{"@type":"ReadAction","target":["https:\/\/quehacerpolitico.mx\/?p=111296"]}]},{"@type":"ImageObject","inLanguage":"es","@id":"https:\/\/quehacerpolitico.mx\/?p=111296#primaryimage","url":"https:\/\/quehacerpolitico.mx\/wp-content\/uploads\/2024\/07\/IMG_6654.jpeg","contentUrl":"https:\/\/quehacerpolitico.mx\/wp-content\/uploads\/2024\/07\/IMG_6654.jpeg","width":800,"height":350},{"@type":"BreadcrumbList","@id":"https:\/\/quehacerpolitico.mx\/?p=111296#breadcrumb","itemListElement":[{"@type":"ListItem","position":1,"name":"Inicio","item":"https:\/\/quehacerpolitico.mx\/"},{"@type":"ListItem","position":2,"name":"Incre\u00edble por lo que se preocupan autoridades de Yucat\u00e1n clausuran estatua de Poseidon"}]},{"@type":"WebSite","@id":"https:\/\/quehacerpolitico.mx\/#website","url":"https:\/\/quehacerpolitico.mx\/","name":"","description":"","potentialAction":[{"@type":"SearchAction","target":{"@type":"EntryPoint","urlTemplate":"https:\/\/quehacerpolitico.mx\/?s={search_term_string}"},"query-input":{"@type":"PropertyValueSpecification","valueRequired":true,"valueName":"search_term_string"}}],"inLanguage":"es"},{"@type":"Person","@id":"https:\/\/quehacerpolitico.mx\/#\/schema\/person\/496d8ad2d1d3f8036101dca7ee39e585","name":"Redacci\u00f3n QP","image":{"@type":"ImageObject","inLanguage":"es","@id":"https:\/\/secure.gravatar.com\/avatar\/c7164ed6fdec453195284ad24a5ae5b6e1eed2b848477fa2a4787ba9adf39a41?s=96&d=mm&r=g","url":"https:\/\/secure.gravatar.com\/avatar\/c7164ed6fdec453195284ad24a5ae5b6e1eed2b848477fa2a4787ba9adf39a41?s=96&d=mm&r=g","contentUrl":"https:\/\/secure.gravatar.com\/avatar\/c7164ed6fdec453195284ad24a5ae5b6e1eed2b848477fa2a4787ba9adf39a41?s=96&d=mm&r=g","caption":"Redacci\u00f3n QP"},"url":"https:\/\/quehacerpolitico.mx\/?author=2"}]}},"featured_image_urls":{"full":["https:\/\/quehacerpolitico.mx\/wp-content\/uploads\/2024\/07\/IMG_6654.jpeg",800,350,false],"thumbnail":["https:\/\/quehacerpolitico.mx\/wp-content\/uploads\/2024\/07\/IMG_6654-150x150.jpeg",150,150,true],"medium":["https:\/\/quehacerpolitico.mx\/wp-content\/uploads\/2024\/07\/IMG_6654-300x131.jpeg",300,131,true],"medium_large":["https:\/\/quehacerpolitico.mx\/wp-content\/uploads\/2024\/07\/IMG_6654-768x336.jpeg",640,280,true],"large":["https:\/\/quehacerpolitico.mx\/wp-content\/uploads\/2024\/07\/IMG_6654.jpeg",640,280,false],"1536x1536":["https:\/\/quehacerpolitico.mx\/wp-content\/uploads\/2024\/07\/IMG_6654.jpeg",800,350,false],"2048x2048":["https:\/\/quehacerpolitico.mx\/wp-content\/uploads\/2024\/07\/IMG_6654.jpeg",800,350,false],"covernews-featured":["https:\/\/quehacerpolitico.mx\/wp-content\/uploads\/2024\/07\/IMG_6654.jpeg",800,350,false],"covernews-medium":["https:\/\/quehacerpolitico.mx\/wp-content\/uploads\/2024\/07\/IMG_6654.jpeg",540,236,false]},"author_info":{"display_name":"Redacci\u00f3n QP","author_link":"https:\/\/quehacerpolitico.mx\/?author=2"},"category_info":"<a href=\"https:\/\/quehacerpolitico.mx\/?cat=2\" rel=\"category\">Noticias<\/a>","tag_info":"Noticias","comment_count":"0","_links":{"self":[{"href":"https:\/\/quehacerpolitico.mx\/index.php?rest_route=\/wp\/v2\/posts\/111296","targetHints":{"allow":["GET"]}}],"collection":[{"href":"https:\/\/quehacerpolitico.mx\/index.php?rest_route=\/wp\/v2\/posts"}],"about":[{"href":"https:\/\/quehacerpolitico.mx\/index.php?rest_route=\/wp\/v2\/types\/post"}],"author":[{"embeddable":true,"href":"https:\/\/quehacerpolitico.mx\/index.php?rest_route=\/wp\/v2\/users\/2"}],"replies":[{"embeddable":true,"href":"https:\/\/quehacerpolitico.mx\/index.php?rest_route=%2Fwp%2Fv2%2Fcomments&post=111296"}],"version-history":[{"count":1,"href":"https:\/\/quehacerpolitico.mx\/index.php?rest_route=\/wp\/v2\/posts\/111296\/revisions"}],"predecessor-version":[{"id":111298,"href":"https:\/\/quehacerpolitico.mx\/index.php?rest_route=\/wp\/v2\/posts\/111296\/revisions\/111298"}],"wp:featuredmedia":[{"embeddable":true,"href":"https:\/\/quehacerpolitico.mx\/index.php?rest_route=\/wp\/v2\/media\/111297"}],"wp:attachment":[{"href":"https:\/\/quehacerpolitico.mx\/index.php?rest_route=%2Fwp%2Fv2%2Fmedia&parent=111296"}],"wp:term":[{"taxonomy":"category","embeddable":true,"href":"https:\/\/quehacerpolitico.mx\/index.php?rest_route=%2Fwp%2Fv2%2Fcategories&post=111296"},{"taxonomy":"post_tag","embeddable":true,"href":"https:\/\/quehacerpolitico.mx\/index.php?rest_route=%2Fwp%2Fv2%2Ftags&post=111296"}],"curies":[{"name":"wp","href":"https:\/\/api.w.org\/{rel}","templated":true}]}}