{"id":111266,"date":"2024-07-11T20:12:35","date_gmt":"2024-07-11T20:12:35","guid":{"rendered":"https:\/\/quehacerpolitico.mx\/?p=111266"},"modified":"2024-07-11T20:12:37","modified_gmt":"2024-07-11T20:12:37","slug":"hijo-de-cuauhtemoc-cardenas-proximo-jefe-de-oficina-de-presidencia-con-sheinbaum","status":"publish","type":"post","link":"https:\/\/quehacerpolitico.mx\/?p=111266","title":{"rendered":"Hijo de Cuauht\u00e9moc C\u00e1rdenas, pr\u00f3ximo jefe de Oficina de Presidencia con Sheinbaum"},"content":{"rendered":"\n<p>Por Redacci\u00f3n QP<\/p>\n\n\n\n<p>L\u00e1zaro C\u00e1rdenas Batel fue nombrado como jefe de Oficina de Presidencia de la Rep\u00fablica por la virtual presidenta electa, Claudia Sheinbaum<\/p>\n\n\n\n<p>Como ha sucedido desde los \u00faltimos tres jueves,&nbsp;<strong>Claudia Sheinbaum, virtual presidenta electa, present\u00f3 este 11 de julio a un nuevo integrante de su gabinete<\/strong>.<\/p>\n\n\n\n<p><mark><strong>Se trata de L\u00e1zaro C\u00e1rdenas Batel, hijo de Cuauht\u00e9moc C\u00e1rdenas Sol\u00f3rzano, que fue nombrado como jefe de Oficina de Presidencia de la Rep\u00fablica<\/strong><\/mark>.<\/p>\n\n\n\n<figure class=\"wp-block-embed is-type-rich is-provider-twitter wp-block-embed-twitter\"><div class=\"wp-block-embed__wrapper\">\n<blockquote class=\"twitter-tweet\" data-width=\"550\" data-dnt=\"true\"><p lang=\"es\" dir=\"ltr\">\ud83d\udea8 <a href=\"https:\/\/twitter.com\/hashtag\/%C3%9AltimaHora?src=hash&amp;ref_src=twsrc%5Etfw\">#\u00daltimaHora<\/a> <br><br>L\u00e1zaro C\u00e1rdenas Batel ser\u00e1 jefe de Oficina de Presidencia de <a href=\"https:\/\/twitter.com\/Claudiashein?ref_src=twsrc%5Etfw\">@Claudiashein<\/a> <a href=\"https:\/\/t.co\/2up39rR201\">pic.twitter.com\/2up39rR201<\/a><\/p>&mdash; Manuel Lopez San Martin (@MLopezSanMartin) <a href=\"https:\/\/twitter.com\/MLopezSanMartin\/status\/1811449664136245391?ref_src=twsrc%5Etfw\">July 11, 2024<\/a><\/blockquote><script async src=\"https:\/\/platform.twitter.com\/widgets.js\" charset=\"utf-8\"><\/script>\n<\/div><\/figure>\n\n\n\n<p>En la conferencia de prensa realizada en la casa de transici\u00f3n de gobierno de Sheinbaum, la morenista coment\u00f3 que el hijo del excandidato presidencial\u00a0<strong>Cuauht\u00e9moc C\u00e1rdenas<\/strong>\u00a0mantendr\u00e1 el di\u00e1logo con diversos sectores de la poblaci\u00f3n en caso de que ella no pueda acudir a algunas reuniones.<\/p>\n\n\n\n<p>Tras escuchar la pregunta sobre si hab\u00edan consultado esta designaci\u00f3n con el ingeniero C\u00e1rdenas, ambos se rieron, y la virtual presidenta respondi\u00f3: \u201cLos dos ya somos\u00a0<strong>adultos<\/strong>, yo creo que no tenemos que consultar con nuestras mam\u00e1s y pap\u00e1s\u201d.<\/p>\n\n\n\n<figure class=\"wp-block-embed is-type-rich is-provider-twitter wp-block-embed-twitter\"><div class=\"wp-block-embed__wrapper\">\n<blockquote class=\"twitter-tweet\" data-width=\"550\" data-dnt=\"true\"><p lang=\"es\" dir=\"ltr\">-Reportera: \u00bfTuvo la oportunidad de consultar la designaci\u00f3n de L\u00e1zaro C\u00e1rdenas Batel con el ingeniero C\u00e1rdenas?<br><br>-Sheinbaum: Los dos ya somos adultos. No tenemos que consultar con nuestras mam\u00e1s o pap\u00e1s. <a href=\"https:\/\/t.co\/PuBJAJVKdT\">pic.twitter.com\/PuBJAJVKdT<\/a><\/p>&mdash; Manuel Lopez San Martin (@MLopezSanMartin) <a href=\"https:\/\/twitter.com\/MLopezSanMartin\/status\/1811457736388882809?ref_src=twsrc%5Etfw\">July 11, 2024<\/a><\/blockquote><script async src=\"https:\/\/platform.twitter.com\/widgets.js\" charset=\"utf-8\"><\/script>\n<\/div><\/figure>\n\n\n\n<p>Sin embargo, precis\u00f3 que ambos tienen buena relaci\u00f3n con \u00e9l. \u201cEl<strong>\u00a0ingeniero C\u00e1rdenas<\/strong> tambi\u00e9n es un s\u00edmbolo en nuestro pa\u00eds\u201d.<\/p>\n\n\n\n<p>En la carrera profesional del pr\u00f3ximo jefe de la Oficina Presidencial destaca que de 2018 a 2020 fue coordinador de asesores del presidente\u00a0<strong>Andr\u00e9s Manuel L\u00f3pez Obrador<\/strong>, por lo que se le pregunt\u00f3, por qu\u00e9 hab\u00eda regresado a trabajar con la Cuarta Transformaci\u00f3n.<\/p>\n\n\n\n<p>\u201cNunca me he ido, simplemente acab\u00e9 un\u00a0<strong>ciclo\u00a0<\/strong>y se abri\u00f3 una\u00a0<strong>oportunidad\u00a0<\/strong>que consider\u00e9 importante de ser asesor de la CELAC. Yo nunca me he cambiado de trinchera ni pienso hacerlo\u201d, respondi\u00f3.<\/p>\n\n\n\n<figure class=\"wp-block-embed is-type-rich is-provider-twitter wp-block-embed-twitter\"><div class=\"wp-block-embed__wrapper\">\n<blockquote class=\"twitter-tweet\" data-width=\"550\" data-dnt=\"true\"><p lang=\"es\" dir=\"ltr\">&quot;Habremos de mantener siempre coordinaci\u00f3n y di\u00e1logo, efectivos y respetuosos&quot;, dice el pr\u00f3ximo jefe de Oficina de la Presidencia, L\u00e1zaro C\u00e1rdenas Batel <a href=\"https:\/\/t.co\/LhDqByEIdJ\">pic.twitter.com\/LhDqByEIdJ<\/a><\/p>&mdash; Manuel Lopez San Martin (@MLopezSanMartin) <a href=\"https:\/\/twitter.com\/MLopezSanMartin\/status\/1811452855296868492?ref_src=twsrc%5Etfw\">July 11, 2024<\/a><\/blockquote><script async src=\"https:\/\/platform.twitter.com\/widgets.js\" charset=\"utf-8\"><\/script>\n<\/div><\/figure>\n\n\n\n<p>Cabe recordar que durante el periodo de precampa\u00f1a, en los recorridos que hizo\u00a0<strong>Claudia Sheinbaum<\/strong>\u00a0por el pa\u00eds, en enero se reuni\u00f3 con\u00a0<strong>Cuauht\u00e9moc C\u00e1rdenas<\/strong>\u00a0y sus tres hijos para\u00a0hablar sobre la problem\u00e1tica que enfrenta el pa\u00eds.<\/p>\n\n\n\n<p>La virtual presidenta ha anunciado a 18 pr\u00f3ximos funcionarios, entre los que destacan\u00a0<strong>Rogelio Ram\u00edrez de la O<\/strong>, en Hacienda, y\u00a0<strong>Ariadna Montiel<\/strong>, en la Secretar\u00eda del Bienestar, quienes continuar\u00e1n al frente de las dependencias en las que actualmente colaboran con el gobierno del presidente Andr\u00e9s Manuel L\u00f3pez Obrador.<\/p>\n\n\n\n<h2 class=\"wp-block-heading\">Primera parte del gabinete<\/h2>\n\n\n\n<ul class=\"wp-block-list\">\n<li><strong>Ernestina Godoy- consejera jur\u00eddica.<\/strong><\/li>\n\n\n\n<li><strong>Juan Ram\u00f3n de la Fuente- secretario de Relaciones Exteriores.<\/strong><\/li>\n\n\n\n<li><strong>Rosaura Ruiz- secretaria de Ciencias, Humanidades, Tecnolog\u00eda e Innovaci\u00f3n.<\/strong><\/li>\n\n\n\n<li><strong>Alicia B\u00e1rcena-secretaria de Medio Ambiente y Recursos Naturales.<\/strong><\/li>\n\n\n\n<li><strong>Marcelo Ebrard- secretario de Econom\u00eda.<\/strong><\/li>\n\n\n\n<li><strong>Julio Berdegu\u00e9 Sacrist\u00e1n- secretario de Agricultura y Desarrollo Rural.<\/strong><\/li>\n<\/ul>\n\n\n\n<h2 class=\"wp-block-heading\">Segunda parte del gabinete<\/h2>\n\n\n\n<ul class=\"wp-block-list\">\n<li><strong>Luz Elena Gonz\u00e1lez Escobar- secretaria de Energ\u00eda.<\/strong><\/li>\n\n\n\n<li><strong>David Kershenobich -secretario de Salud.<\/strong><\/li>\n\n\n\n<li><strong>Raquel Buenrostro- secretaria de la Funci\u00f3n P\u00fablica.<\/strong><\/li>\n\n\n\n<li><strong>Jes\u00fas Esteva- secretario de Infraestructura, Comunicaciones y Transporte.<\/strong><\/li>\n\n\n\n<li><strong>Edna Elena Vega- secretaria de Desarrollo Agrario, Territorial y Urbano.<\/strong><\/li>\n\n\n\n<li><strong>Rogelio Ram\u00edrez de la O- secretario de Hacienda.<\/strong><\/li>\n<\/ul>\n\n\n\n<h2 class=\"wp-block-heading\">Tercera parte del gabinete<\/h2>\n\n\n\n<ul class=\"wp-block-list\">\n<li><strong>Rosa Icela Rodr\u00edguez- secretaria de Gobernaci\u00f3n.<\/strong><\/li>\n\n\n\n<li><strong>Mario Delgado- secretario de Educaci\u00f3n.<\/strong><\/li>\n\n\n\n<li><strong>Ariadna Montiel- secretaria de Bienestar.<\/strong><\/li>\n\n\n\n<li><strong>Omar Garc\u00eda Harfuch- secretario de Seguridad.<\/strong><\/li>\n<\/ul>\n\n\n\n<p>Con informaci\u00f3n de SUN<\/p>\n","protected":false},"excerpt":{"rendered":"<p>Por Redacci\u00f3n QP L\u00e1zaro C\u00e1rdenas Batel fue nombrado como jefe de Oficina de Presidencia de&#8230;<\/p>\n","protected":false},"author":2,"featured_media":111267,"comment_status":"open","ping_status":"open","sticky":false,"template":"","format":"standard","meta":{"_monsterinsights_skip_tracking":false,"_monsterinsights_sitenote_active":false,"_monsterinsights_sitenote_note":"","_monsterinsights_sitenote_category":0,"footnotes":""},"categories":[2],"tags":[],"class_list":["post-111266","post","type-post","status-publish","format-standard","has-post-thumbnail","hentry","category-noticias"],"yoast_head":"<!-- This site is optimized with the Yoast SEO plugin v27.3 - https:\/\/yoast.com\/product\/yoast-seo-wordpress\/ -->\n<title>Hijo de Cuauht\u00e9moc C\u00e1rdenas, pr\u00f3ximo jefe de Oficina de Presidencia con Sheinbaum -<\/title>\n<meta name=\"robots\" content=\"index, follow, max-snippet:-1, max-image-preview:large, max-video-preview:-1\" \/>\n<link rel=\"canonical\" href=\"https:\/\/quehacerpolitico.mx\/?p=111266\" \/>\n<meta property=\"og:locale\" content=\"es_MX\" \/>\n<meta property=\"og:type\" content=\"article\" \/>\n<meta property=\"og:title\" content=\"Hijo de Cuauht\u00e9moc C\u00e1rdenas, pr\u00f3ximo jefe de Oficina de Presidencia con Sheinbaum -\" \/>\n<meta property=\"og:description\" content=\"Por Redacci\u00f3n QP L\u00e1zaro C\u00e1rdenas Batel fue nombrado como jefe de Oficina de Presidencia de...\" \/>\n<meta property=\"og:url\" content=\"https:\/\/quehacerpolitico.mx\/?p=111266\" \/>\n<meta property=\"article:published_time\" content=\"2024-07-11T20:12:35+00:00\" \/>\n<meta property=\"article:modified_time\" content=\"2024-07-11T20:12:37+00:00\" \/>\n<meta property=\"og:image\" content=\"https:\/\/quehacerpolitico.mx\/wp-content\/uploads\/2024\/07\/IMG_6638.jpeg\" \/>\n\t<meta property=\"og:image:width\" content=\"1286\" \/>\n\t<meta property=\"og:image:height\" content=\"857\" \/>\n\t<meta property=\"og:image:type\" content=\"image\/jpeg\" \/>\n<meta name=\"author\" content=\"Redacci\u00f3n QP\" \/>\n<meta name=\"twitter:card\" content=\"summary_large_image\" \/>\n<meta name=\"twitter:label1\" content=\"Escrito por\" \/>\n\t<meta name=\"twitter:data1\" content=\"Redacci\u00f3n QP\" \/>\n\t<meta name=\"twitter:label2\" content=\"Tiempo de lectura\" \/>\n\t<meta name=\"twitter:data2\" content=\"3 minutos\" \/>\n<script type=\"application\/ld+json\" class=\"yoast-schema-graph\">{\"@context\":\"https:\\\/\\\/schema.org\",\"@graph\":[{\"@type\":\"Article\",\"@id\":\"https:\\\/\\\/quehacerpolitico.mx\\\/?p=111266#article\",\"isPartOf\":{\"@id\":\"https:\\\/\\\/quehacerpolitico.mx\\\/?p=111266\"},\"author\":{\"name\":\"Redacci\u00f3n QP\",\"@id\":\"https:\\\/\\\/quehacerpolitico.mx\\\/#\\\/schema\\\/person\\\/496d8ad2d1d3f8036101dca7ee39e585\"},\"headline\":\"Hijo de Cuauht\u00e9moc C\u00e1rdenas, pr\u00f3ximo jefe de Oficina de Presidencia con Sheinbaum\",\"datePublished\":\"2024-07-11T20:12:35+00:00\",\"dateModified\":\"2024-07-11T20:12:37+00:00\",\"mainEntityOfPage\":{\"@id\":\"https:\\\/\\\/quehacerpolitico.mx\\\/?p=111266\"},\"wordCount\":572,\"commentCount\":0,\"image\":{\"@id\":\"https:\\\/\\\/quehacerpolitico.mx\\\/?p=111266#primaryimage\"},\"thumbnailUrl\":\"https:\\\/\\\/quehacerpolitico.mx\\\/wp-content\\\/uploads\\\/2024\\\/07\\\/IMG_6638.jpeg\",\"articleSection\":[\"Noticias\"],\"inLanguage\":\"es\",\"potentialAction\":[{\"@type\":\"CommentAction\",\"name\":\"Comment\",\"target\":[\"https:\\\/\\\/quehacerpolitico.mx\\\/?p=111266#respond\"]}]},{\"@type\":\"WebPage\",\"@id\":\"https:\\\/\\\/quehacerpolitico.mx\\\/?p=111266\",\"url\":\"https:\\\/\\\/quehacerpolitico.mx\\\/?p=111266\",\"name\":\"Hijo de Cuauht\u00e9moc C\u00e1rdenas, pr\u00f3ximo jefe de Oficina de Presidencia con Sheinbaum -\",\"isPartOf\":{\"@id\":\"https:\\\/\\\/quehacerpolitico.mx\\\/#website\"},\"primaryImageOfPage\":{\"@id\":\"https:\\\/\\\/quehacerpolitico.mx\\\/?p=111266#primaryimage\"},\"image\":{\"@id\":\"https:\\\/\\\/quehacerpolitico.mx\\\/?p=111266#primaryimage\"},\"thumbnailUrl\":\"https:\\\/\\\/quehacerpolitico.mx\\\/wp-content\\\/uploads\\\/2024\\\/07\\\/IMG_6638.jpeg\",\"datePublished\":\"2024-07-11T20:12:35+00:00\",\"dateModified\":\"2024-07-11T20:12:37+00:00\",\"author\":{\"@id\":\"https:\\\/\\\/quehacerpolitico.mx\\\/#\\\/schema\\\/person\\\/496d8ad2d1d3f8036101dca7ee39e585\"},\"breadcrumb\":{\"@id\":\"https:\\\/\\\/quehacerpolitico.mx\\\/?p=111266#breadcrumb\"},\"inLanguage\":\"es\",\"potentialAction\":[{\"@type\":\"ReadAction\",\"target\":[\"https:\\\/\\\/quehacerpolitico.mx\\\/?p=111266\"]}]},{\"@type\":\"ImageObject\",\"inLanguage\":\"es\",\"@id\":\"https:\\\/\\\/quehacerpolitico.mx\\\/?p=111266#primaryimage\",\"url\":\"https:\\\/\\\/quehacerpolitico.mx\\\/wp-content\\\/uploads\\\/2024\\\/07\\\/IMG_6638.jpeg\",\"contentUrl\":\"https:\\\/\\\/quehacerpolitico.mx\\\/wp-content\\\/uploads\\\/2024\\\/07\\\/IMG_6638.jpeg\",\"width\":1286,\"height\":857},{\"@type\":\"BreadcrumbList\",\"@id\":\"https:\\\/\\\/quehacerpolitico.mx\\\/?p=111266#breadcrumb\",\"itemListElement\":[{\"@type\":\"ListItem\",\"position\":1,\"name\":\"Inicio\",\"item\":\"https:\\\/\\\/quehacerpolitico.mx\\\/\"},{\"@type\":\"ListItem\",\"position\":2,\"name\":\"Hijo de Cuauht\u00e9moc C\u00e1rdenas, pr\u00f3ximo jefe de Oficina de Presidencia con Sheinbaum\"}]},{\"@type\":\"WebSite\",\"@id\":\"https:\\\/\\\/quehacerpolitico.mx\\\/#website\",\"url\":\"https:\\\/\\\/quehacerpolitico.mx\\\/\",\"name\":\"\",\"description\":\"\",\"potentialAction\":[{\"@type\":\"SearchAction\",\"target\":{\"@type\":\"EntryPoint\",\"urlTemplate\":\"https:\\\/\\\/quehacerpolitico.mx\\\/?s={search_term_string}\"},\"query-input\":{\"@type\":\"PropertyValueSpecification\",\"valueRequired\":true,\"valueName\":\"search_term_string\"}}],\"inLanguage\":\"es\"},{\"@type\":\"Person\",\"@id\":\"https:\\\/\\\/quehacerpolitico.mx\\\/#\\\/schema\\\/person\\\/496d8ad2d1d3f8036101dca7ee39e585\",\"name\":\"Redacci\u00f3n QP\",\"image\":{\"@type\":\"ImageObject\",\"inLanguage\":\"es\",\"@id\":\"https:\\\/\\\/secure.gravatar.com\\\/avatar\\\/c7164ed6fdec453195284ad24a5ae5b6e1eed2b848477fa2a4787ba9adf39a41?s=96&d=mm&r=g\",\"url\":\"https:\\\/\\\/secure.gravatar.com\\\/avatar\\\/c7164ed6fdec453195284ad24a5ae5b6e1eed2b848477fa2a4787ba9adf39a41?s=96&d=mm&r=g\",\"contentUrl\":\"https:\\\/\\\/secure.gravatar.com\\\/avatar\\\/c7164ed6fdec453195284ad24a5ae5b6e1eed2b848477fa2a4787ba9adf39a41?s=96&d=mm&r=g\",\"caption\":\"Redacci\u00f3n QP\"},\"url\":\"https:\\\/\\\/quehacerpolitico.mx\\\/?author=2\"}]}<\/script>\n<!-- \/ Yoast SEO plugin. -->","yoast_head_json":{"title":"Hijo de Cuauht\u00e9moc C\u00e1rdenas, pr\u00f3ximo jefe de Oficina de Presidencia con Sheinbaum -","robots":{"index":"index","follow":"follow","max-snippet":"max-snippet:-1","max-image-preview":"max-image-preview:large","max-video-preview":"max-video-preview:-1"},"canonical":"https:\/\/quehacerpolitico.mx\/?p=111266","og_locale":"es_MX","og_type":"article","og_title":"Hijo de Cuauht\u00e9moc C\u00e1rdenas, pr\u00f3ximo jefe de Oficina de Presidencia con Sheinbaum -","og_description":"Por Redacci\u00f3n QP L\u00e1zaro C\u00e1rdenas Batel fue nombrado como jefe de Oficina de Presidencia de...","og_url":"https:\/\/quehacerpolitico.mx\/?p=111266","article_published_time":"2024-07-11T20:12:35+00:00","article_modified_time":"2024-07-11T20:12:37+00:00","og_image":[{"width":1286,"height":857,"url":"https:\/\/quehacerpolitico.mx\/wp-content\/uploads\/2024\/07\/IMG_6638.jpeg","type":"image\/jpeg"}],"author":"Redacci\u00f3n QP","twitter_card":"summary_large_image","twitter_misc":{"Escrito por":"Redacci\u00f3n QP","Tiempo de lectura":"3 minutos"},"schema":{"@context":"https:\/\/schema.org","@graph":[{"@type":"Article","@id":"https:\/\/quehacerpolitico.mx\/?p=111266#article","isPartOf":{"@id":"https:\/\/quehacerpolitico.mx\/?p=111266"},"author":{"name":"Redacci\u00f3n QP","@id":"https:\/\/quehacerpolitico.mx\/#\/schema\/person\/496d8ad2d1d3f8036101dca7ee39e585"},"headline":"Hijo de Cuauht\u00e9moc C\u00e1rdenas, pr\u00f3ximo jefe de Oficina de Presidencia con Sheinbaum","datePublished":"2024-07-11T20:12:35+00:00","dateModified":"2024-07-11T20:12:37+00:00","mainEntityOfPage":{"@id":"https:\/\/quehacerpolitico.mx\/?p=111266"},"wordCount":572,"commentCount":0,"image":{"@id":"https:\/\/quehacerpolitico.mx\/?p=111266#primaryimage"},"thumbnailUrl":"https:\/\/quehacerpolitico.mx\/wp-content\/uploads\/2024\/07\/IMG_6638.jpeg","articleSection":["Noticias"],"inLanguage":"es","potentialAction":[{"@type":"CommentAction","name":"Comment","target":["https:\/\/quehacerpolitico.mx\/?p=111266#respond"]}]},{"@type":"WebPage","@id":"https:\/\/quehacerpolitico.mx\/?p=111266","url":"https:\/\/quehacerpolitico.mx\/?p=111266","name":"Hijo de Cuauht\u00e9moc C\u00e1rdenas, pr\u00f3ximo jefe de Oficina de Presidencia con Sheinbaum -","isPartOf":{"@id":"https:\/\/quehacerpolitico.mx\/#website"},"primaryImageOfPage":{"@id":"https:\/\/quehacerpolitico.mx\/?p=111266#primaryimage"},"image":{"@id":"https:\/\/quehacerpolitico.mx\/?p=111266#primaryimage"},"thumbnailUrl":"https:\/\/quehacerpolitico.mx\/wp-content\/uploads\/2024\/07\/IMG_6638.jpeg","datePublished":"2024-07-11T20:12:35+00:00","dateModified":"2024-07-11T20:12:37+00:00","author":{"@id":"https:\/\/quehacerpolitico.mx\/#\/schema\/person\/496d8ad2d1d3f8036101dca7ee39e585"},"breadcrumb":{"@id":"https:\/\/quehacerpolitico.mx\/?p=111266#breadcrumb"},"inLanguage":"es","potentialAction":[{"@type":"ReadAction","target":["https:\/\/quehacerpolitico.mx\/?p=111266"]}]},{"@type":"ImageObject","inLanguage":"es","@id":"https:\/\/quehacerpolitico.mx\/?p=111266#primaryimage","url":"https:\/\/quehacerpolitico.mx\/wp-content\/uploads\/2024\/07\/IMG_6638.jpeg","contentUrl":"https:\/\/quehacerpolitico.mx\/wp-content\/uploads\/2024\/07\/IMG_6638.jpeg","width":1286,"height":857},{"@type":"BreadcrumbList","@id":"https:\/\/quehacerpolitico.mx\/?p=111266#breadcrumb","itemListElement":[{"@type":"ListItem","position":1,"name":"Inicio","item":"https:\/\/quehacerpolitico.mx\/"},{"@type":"ListItem","position":2,"name":"Hijo de Cuauht\u00e9moc C\u00e1rdenas, pr\u00f3ximo jefe de Oficina de Presidencia con Sheinbaum"}]},{"@type":"WebSite","@id":"https:\/\/quehacerpolitico.mx\/#website","url":"https:\/\/quehacerpolitico.mx\/","name":"","description":"","potentialAction":[{"@type":"SearchAction","target":{"@type":"EntryPoint","urlTemplate":"https:\/\/quehacerpolitico.mx\/?s={search_term_string}"},"query-input":{"@type":"PropertyValueSpecification","valueRequired":true,"valueName":"search_term_string"}}],"inLanguage":"es"},{"@type":"Person","@id":"https:\/\/quehacerpolitico.mx\/#\/schema\/person\/496d8ad2d1d3f8036101dca7ee39e585","name":"Redacci\u00f3n QP","image":{"@type":"ImageObject","inLanguage":"es","@id":"https:\/\/secure.gravatar.com\/avatar\/c7164ed6fdec453195284ad24a5ae5b6e1eed2b848477fa2a4787ba9adf39a41?s=96&d=mm&r=g","url":"https:\/\/secure.gravatar.com\/avatar\/c7164ed6fdec453195284ad24a5ae5b6e1eed2b848477fa2a4787ba9adf39a41?s=96&d=mm&r=g","contentUrl":"https:\/\/secure.gravatar.com\/avatar\/c7164ed6fdec453195284ad24a5ae5b6e1eed2b848477fa2a4787ba9adf39a41?s=96&d=mm&r=g","caption":"Redacci\u00f3n QP"},"url":"https:\/\/quehacerpolitico.mx\/?author=2"}]}},"featured_image_urls":{"full":["https:\/\/quehacerpolitico.mx\/wp-content\/uploads\/2024\/07\/IMG_6638.jpeg",1286,857,false],"thumbnail":["https:\/\/quehacerpolitico.mx\/wp-content\/uploads\/2024\/07\/IMG_6638-150x150.jpeg",150,150,true],"medium":["https:\/\/quehacerpolitico.mx\/wp-content\/uploads\/2024\/07\/IMG_6638-300x200.jpeg",300,200,true],"medium_large":["https:\/\/quehacerpolitico.mx\/wp-content\/uploads\/2024\/07\/IMG_6638-768x512.jpeg",640,427,true],"large":["https:\/\/quehacerpolitico.mx\/wp-content\/uploads\/2024\/07\/IMG_6638-1024x682.jpeg",640,426,true],"1536x1536":["https:\/\/quehacerpolitico.mx\/wp-content\/uploads\/2024\/07\/IMG_6638.jpeg",1286,857,false],"2048x2048":["https:\/\/quehacerpolitico.mx\/wp-content\/uploads\/2024\/07\/IMG_6638.jpeg",1286,857,false],"covernews-featured":["https:\/\/quehacerpolitico.mx\/wp-content\/uploads\/2024\/07\/IMG_6638.jpeg",1024,682,false],"covernews-medium":["https:\/\/quehacerpolitico.mx\/wp-content\/uploads\/2024\/07\/IMG_6638.jpeg",510,340,false]},"author_info":{"display_name":"Redacci\u00f3n QP","author_link":"https:\/\/quehacerpolitico.mx\/?author=2"},"category_info":"<a href=\"https:\/\/quehacerpolitico.mx\/?cat=2\" rel=\"category\">Noticias<\/a>","tag_info":"Noticias","comment_count":"0","_links":{"self":[{"href":"https:\/\/quehacerpolitico.mx\/index.php?rest_route=\/wp\/v2\/posts\/111266","targetHints":{"allow":["GET"]}}],"collection":[{"href":"https:\/\/quehacerpolitico.mx\/index.php?rest_route=\/wp\/v2\/posts"}],"about":[{"href":"https:\/\/quehacerpolitico.mx\/index.php?rest_route=\/wp\/v2\/types\/post"}],"author":[{"embeddable":true,"href":"https:\/\/quehacerpolitico.mx\/index.php?rest_route=\/wp\/v2\/users\/2"}],"replies":[{"embeddable":true,"href":"https:\/\/quehacerpolitico.mx\/index.php?rest_route=%2Fwp%2Fv2%2Fcomments&post=111266"}],"version-history":[{"count":1,"href":"https:\/\/quehacerpolitico.mx\/index.php?rest_route=\/wp\/v2\/posts\/111266\/revisions"}],"predecessor-version":[{"id":111268,"href":"https:\/\/quehacerpolitico.mx\/index.php?rest_route=\/wp\/v2\/posts\/111266\/revisions\/111268"}],"wp:featuredmedia":[{"embeddable":true,"href":"https:\/\/quehacerpolitico.mx\/index.php?rest_route=\/wp\/v2\/media\/111267"}],"wp:attachment":[{"href":"https:\/\/quehacerpolitico.mx\/index.php?rest_route=%2Fwp%2Fv2%2Fmedia&parent=111266"}],"wp:term":[{"taxonomy":"category","embeddable":true,"href":"https:\/\/quehacerpolitico.mx\/index.php?rest_route=%2Fwp%2Fv2%2Fcategories&post=111266"},{"taxonomy":"post_tag","embeddable":true,"href":"https:\/\/quehacerpolitico.mx\/index.php?rest_route=%2Fwp%2Fv2%2Ftags&post=111266"}],"curies":[{"name":"wp","href":"https:\/\/api.w.org\/{rel}","templated":true}]}}