{"id":111263,"date":"2024-07-11T19:28:49","date_gmt":"2024-07-11T19:28:49","guid":{"rendered":"https:\/\/quehacerpolitico.mx\/?p=111263"},"modified":"2024-07-11T19:28:53","modified_gmt":"2024-07-11T19:28:53","slug":"el-quehacer-politico-en-la-cultura-a-traves-del-enfoque-litza-deniss-duran-espinosa-muere-la-actriz-shelley-duvall-a-los-75-anos-de-edad-coprotagonista-de-la-emblematica-pelicula-el-resp","status":"publish","type":"post","link":"https:\/\/quehacerpolitico.mx\/?p=111263","title":{"rendered":"El Quehacer Pol\u00edtico en la Cultura a trav\u00e9s del Enfoque\/\/\/Litza Deniss Dur\u00e1n Espinosa\/\/\/Muere la actriz Shelley Duvall a los 75 a\u00f1os de edad  coprotagonista de la emblem\u00e1tica pel\u00edcula \u201cEl resplandor\u201d de Kubrick"},"content":{"rendered":"\n<p>Por Litza Deniss Dur\u00e1n Espinosa<\/p>\n\n\n\n<p>Analista y Directora de Enlaces<\/p>\n\n\n\n<p>La actriz estadounidense\u00a0<strong>Shelley Duvall<\/strong>, quien particip\u00f3 en pel\u00edculas emblem\u00e1ticas como \u201c<strong>El resplandor<\/strong>\u201d del director\u00a0<strong>Stanley Kubrick<\/strong>, muri\u00f3 este jueves en su casa a los 75 a\u00f1os de edad por complicaciones de salud.<\/p>\n\n\n\n<p><strong>Shelley Duvall<\/strong>, quien naci\u00f3 el 7 de julio de 1949, comenz\u00f3 a tomar relevancia por su participaci\u00f3n en filmes cl\u00e1sicos de la d\u00e9cada de&nbsp;<strong>1970<\/strong>, incluidas siete pel\u00edculas con el director&nbsp;<strong>Robert Altman<\/strong>, quien la habr\u00eda descubierto mientras estaba en la universidad en&nbsp;<strong>Houston<\/strong>, su ciudad natal.<\/p>\n\n\n\n<p>\u201cPopeye\u201d, \u201cTres mujeres\u201d y \u201cMcCabe y la Sra. Miller\u201d fueron algunas de las\u00a0<strong>pel\u00edculas\u00a0<\/strong>en las que actu\u00f3 para Altman, hasta que en la d\u00e9cada de los 90 dej\u00f3 de aparecer en la\u00a0<strong>pantalla grande<\/strong>.<\/p>\n\n\n\n<figure class=\"wp-block-embed is-type-video is-provider-youtube wp-block-embed-youtube wp-embed-aspect-16-9 wp-has-aspect-ratio\"><div class=\"wp-block-embed__wrapper\">\n<iframe loading=\"lazy\" title=\"\u00daLTIMO MINUTO!! Muere Shelley Duvall QDEP+ \/ Protagonista de la pel\u00edcula EL RESPLANDOR!!\" width=\"640\" height=\"360\" src=\"https:\/\/www.youtube.com\/embed\/l4hP5wjGlkQ?feature=oembed\" frameborder=\"0\" allow=\"accelerometer; autoplay; clipboard-write; encrypted-media; gyroscope; picture-in-picture; web-share\" referrerpolicy=\"strict-origin-when-cross-origin\" allowfullscreen><\/iframe>\n<\/div><\/figure>\n\n\n\n<p>De acuerdo con las redes sociales de&nbsp;<strong>Stanley Kubrick<\/strong>, quien falleci\u00f3 en 1999, de la actriz destaca su actuaci\u00f3n en \u201cEl resplandor\u201d en donde actu\u00f3 junto con<strong>&nbsp;Jack Nicholson<\/strong>, dando vida al personaje de&nbsp;<strong>Wendy Torrance<\/strong>&nbsp;y cuya imagen gritando fue una de las escenas ic\u00f3nicas de esta pel\u00edcula de los a\u00f1os 80.<\/p>\n\n\n\n<p>\u201c<strong>Shelley<\/strong>&nbsp;siempre habl\u00f3 abiertamente sobre su experiencia al grabar \u2018The Shining\u2019 y dijo que \u2018no lo cambiar\u00eda por nada\u2019 porque \u2018trabajar con el adorable Stanley fue una experiencia de aprendizaje&nbsp;<strong>fascinante<\/strong>\u2018\u201d, publicaron.<\/p>\n\n\n\n<p>Una de sus \u00faltimas actuaciones en pel\u00edculas ocurri\u00f3 en el 2002, en la pel\u00edcula \u201cMan\u00e1 del cielo\u201d.<\/p>\n\n\n\n<p>Cabe destacar que la coprotagonista del \u201cEl resplandor\u201d a inicios de este 2024 hab\u00eda dado una entrevista en la revista&nbsp;<em>Times<\/em>, luego de varios a\u00f1os de estar alejada de los reflectores de&nbsp;<strong>Hollywood<\/strong>.<\/p>\n\n\n\n<p><em>Con informaci\u00f3n de AP<\/em><\/p>\n","protected":false},"excerpt":{"rendered":"<p>Por Litza Deniss Dur\u00e1n Espinosa Analista y Directora de Enlaces La actriz estadounidense\u00a0Shelley Duvall, quien&#8230;<\/p>\n","protected":false},"author":2,"featured_media":111264,"comment_status":"open","ping_status":"open","sticky":false,"template":"","format":"standard","meta":{"_monsterinsights_skip_tracking":false,"_monsterinsights_sitenote_active":false,"_monsterinsights_sitenote_note":"","_monsterinsights_sitenote_category":0,"footnotes":""},"categories":[58],"tags":[],"class_list":["post-111263","post","type-post","status-publish","format-standard","has-post-thumbnail","hentry","category-cultura"],"yoast_head":"<!-- This site is optimized with the Yoast SEO plugin v27.3 - https:\/\/yoast.com\/product\/yoast-seo-wordpress\/ -->\n<title>El Quehacer Pol\u00edtico en la Cultura a trav\u00e9s del Enfoque\/\/\/Litza Deniss Dur\u00e1n Espinosa\/\/\/Muere la actriz Shelley Duvall a los 75 a\u00f1os de edad coprotagonista de la emblem\u00e1tica pel\u00edcula \u201cEl resplandor\u201d de Kubrick -<\/title>\n<meta name=\"robots\" content=\"index, follow, max-snippet:-1, max-image-preview:large, max-video-preview:-1\" \/>\n<link rel=\"canonical\" href=\"https:\/\/quehacerpolitico.mx\/?p=111263\" \/>\n<meta property=\"og:locale\" content=\"es_MX\" \/>\n<meta property=\"og:type\" content=\"article\" \/>\n<meta property=\"og:title\" content=\"El Quehacer Pol\u00edtico en la Cultura a trav\u00e9s del Enfoque\/\/\/Litza Deniss Dur\u00e1n Espinosa\/\/\/Muere la actriz Shelley Duvall a los 75 a\u00f1os de edad coprotagonista de la emblem\u00e1tica pel\u00edcula \u201cEl resplandor\u201d de Kubrick -\" \/>\n<meta property=\"og:description\" content=\"Por Litza Deniss Dur\u00e1n Espinosa Analista y Directora de Enlaces La actriz estadounidense\u00a0Shelley Duvall, quien...\" \/>\n<meta property=\"og:url\" content=\"https:\/\/quehacerpolitico.mx\/?p=111263\" \/>\n<meta property=\"article:published_time\" content=\"2024-07-11T19:28:49+00:00\" \/>\n<meta property=\"article:modified_time\" content=\"2024-07-11T19:28:53+00:00\" \/>\n<meta property=\"og:image\" content=\"https:\/\/quehacerpolitico.mx\/wp-content\/uploads\/2024\/07\/f97f131b-617d-4d33-b7a7-a2e9689dd2f7-6.jpeg\" \/>\n\t<meta property=\"og:image:width\" content=\"963\" \/>\n\t<meta property=\"og:image:height\" content=\"493\" \/>\n\t<meta property=\"og:image:type\" content=\"image\/jpeg\" \/>\n<meta name=\"author\" content=\"Redacci\u00f3n QP\" \/>\n<meta name=\"twitter:card\" content=\"summary_large_image\" \/>\n<meta name=\"twitter:label1\" content=\"Escrito por\" \/>\n\t<meta name=\"twitter:data1\" content=\"Redacci\u00f3n QP\" \/>\n\t<meta name=\"twitter:label2\" content=\"Tiempo de lectura\" \/>\n\t<meta name=\"twitter:data2\" content=\"1 minuto\" \/>\n<script type=\"application\/ld+json\" class=\"yoast-schema-graph\">{\"@context\":\"https:\\\/\\\/schema.org\",\"@graph\":[{\"@type\":\"Article\",\"@id\":\"https:\\\/\\\/quehacerpolitico.mx\\\/?p=111263#article\",\"isPartOf\":{\"@id\":\"https:\\\/\\\/quehacerpolitico.mx\\\/?p=111263\"},\"author\":{\"name\":\"Redacci\u00f3n QP\",\"@id\":\"https:\\\/\\\/quehacerpolitico.mx\\\/#\\\/schema\\\/person\\\/496d8ad2d1d3f8036101dca7ee39e585\"},\"headline\":\"El Quehacer Pol\u00edtico en la Cultura a trav\u00e9s del Enfoque\\\/\\\/\\\/Litza Deniss Dur\u00e1n Espinosa\\\/\\\/\\\/Muere la actriz Shelley Duvall a los 75 a\u00f1os de edad coprotagonista de la emblem\u00e1tica pel\u00edcula \u201cEl resplandor\u201d de Kubrick\",\"datePublished\":\"2024-07-11T19:28:49+00:00\",\"dateModified\":\"2024-07-11T19:28:53+00:00\",\"mainEntityOfPage\":{\"@id\":\"https:\\\/\\\/quehacerpolitico.mx\\\/?p=111263\"},\"wordCount\":334,\"commentCount\":0,\"image\":{\"@id\":\"https:\\\/\\\/quehacerpolitico.mx\\\/?p=111263#primaryimage\"},\"thumbnailUrl\":\"https:\\\/\\\/quehacerpolitico.mx\\\/wp-content\\\/uploads\\\/2024\\\/07\\\/f97f131b-617d-4d33-b7a7-a2e9689dd2f7-6.jpeg\",\"articleSection\":[\"Cultura y Entretenimiento\"],\"inLanguage\":\"es\",\"potentialAction\":[{\"@type\":\"CommentAction\",\"name\":\"Comment\",\"target\":[\"https:\\\/\\\/quehacerpolitico.mx\\\/?p=111263#respond\"]}]},{\"@type\":\"WebPage\",\"@id\":\"https:\\\/\\\/quehacerpolitico.mx\\\/?p=111263\",\"url\":\"https:\\\/\\\/quehacerpolitico.mx\\\/?p=111263\",\"name\":\"El Quehacer Pol\u00edtico en la Cultura a trav\u00e9s del Enfoque\\\/\\\/\\\/Litza Deniss Dur\u00e1n Espinosa\\\/\\\/\\\/Muere la actriz Shelley Duvall a los 75 a\u00f1os de edad coprotagonista de la emblem\u00e1tica pel\u00edcula \u201cEl resplandor\u201d de Kubrick -\",\"isPartOf\":{\"@id\":\"https:\\\/\\\/quehacerpolitico.mx\\\/#website\"},\"primaryImageOfPage\":{\"@id\":\"https:\\\/\\\/quehacerpolitico.mx\\\/?p=111263#primaryimage\"},\"image\":{\"@id\":\"https:\\\/\\\/quehacerpolitico.mx\\\/?p=111263#primaryimage\"},\"thumbnailUrl\":\"https:\\\/\\\/quehacerpolitico.mx\\\/wp-content\\\/uploads\\\/2024\\\/07\\\/f97f131b-617d-4d33-b7a7-a2e9689dd2f7-6.jpeg\",\"datePublished\":\"2024-07-11T19:28:49+00:00\",\"dateModified\":\"2024-07-11T19:28:53+00:00\",\"author\":{\"@id\":\"https:\\\/\\\/quehacerpolitico.mx\\\/#\\\/schema\\\/person\\\/496d8ad2d1d3f8036101dca7ee39e585\"},\"breadcrumb\":{\"@id\":\"https:\\\/\\\/quehacerpolitico.mx\\\/?p=111263#breadcrumb\"},\"inLanguage\":\"es\",\"potentialAction\":[{\"@type\":\"ReadAction\",\"target\":[\"https:\\\/\\\/quehacerpolitico.mx\\\/?p=111263\"]}]},{\"@type\":\"ImageObject\",\"inLanguage\":\"es\",\"@id\":\"https:\\\/\\\/quehacerpolitico.mx\\\/?p=111263#primaryimage\",\"url\":\"https:\\\/\\\/quehacerpolitico.mx\\\/wp-content\\\/uploads\\\/2024\\\/07\\\/f97f131b-617d-4d33-b7a7-a2e9689dd2f7-6.jpeg\",\"contentUrl\":\"https:\\\/\\\/quehacerpolitico.mx\\\/wp-content\\\/uploads\\\/2024\\\/07\\\/f97f131b-617d-4d33-b7a7-a2e9689dd2f7-6.jpeg\",\"width\":963,\"height\":493},{\"@type\":\"BreadcrumbList\",\"@id\":\"https:\\\/\\\/quehacerpolitico.mx\\\/?p=111263#breadcrumb\",\"itemListElement\":[{\"@type\":\"ListItem\",\"position\":1,\"name\":\"Inicio\",\"item\":\"https:\\\/\\\/quehacerpolitico.mx\\\/\"},{\"@type\":\"ListItem\",\"position\":2,\"name\":\"El Quehacer Pol\u00edtico en la Cultura a trav\u00e9s del Enfoque\\\/\\\/\\\/Litza Deniss Dur\u00e1n Espinosa\\\/\\\/\\\/Muere la actriz Shelley Duvall a los 75 a\u00f1os de edad coprotagonista de la emblem\u00e1tica pel\u00edcula \u201cEl resplandor\u201d de Kubrick\"}]},{\"@type\":\"WebSite\",\"@id\":\"https:\\\/\\\/quehacerpolitico.mx\\\/#website\",\"url\":\"https:\\\/\\\/quehacerpolitico.mx\\\/\",\"name\":\"\",\"description\":\"\",\"potentialAction\":[{\"@type\":\"SearchAction\",\"target\":{\"@type\":\"EntryPoint\",\"urlTemplate\":\"https:\\\/\\\/quehacerpolitico.mx\\\/?s={search_term_string}\"},\"query-input\":{\"@type\":\"PropertyValueSpecification\",\"valueRequired\":true,\"valueName\":\"search_term_string\"}}],\"inLanguage\":\"es\"},{\"@type\":\"Person\",\"@id\":\"https:\\\/\\\/quehacerpolitico.mx\\\/#\\\/schema\\\/person\\\/496d8ad2d1d3f8036101dca7ee39e585\",\"name\":\"Redacci\u00f3n QP\",\"image\":{\"@type\":\"ImageObject\",\"inLanguage\":\"es\",\"@id\":\"https:\\\/\\\/secure.gravatar.com\\\/avatar\\\/c7164ed6fdec453195284ad24a5ae5b6e1eed2b848477fa2a4787ba9adf39a41?s=96&d=mm&r=g\",\"url\":\"https:\\\/\\\/secure.gravatar.com\\\/avatar\\\/c7164ed6fdec453195284ad24a5ae5b6e1eed2b848477fa2a4787ba9adf39a41?s=96&d=mm&r=g\",\"contentUrl\":\"https:\\\/\\\/secure.gravatar.com\\\/avatar\\\/c7164ed6fdec453195284ad24a5ae5b6e1eed2b848477fa2a4787ba9adf39a41?s=96&d=mm&r=g\",\"caption\":\"Redacci\u00f3n QP\"},\"url\":\"https:\\\/\\\/quehacerpolitico.mx\\\/?author=2\"}]}<\/script>\n<!-- \/ Yoast SEO plugin. -->","yoast_head_json":{"title":"El Quehacer Pol\u00edtico en la Cultura a trav\u00e9s del Enfoque\/\/\/Litza Deniss Dur\u00e1n Espinosa\/\/\/Muere la actriz Shelley Duvall a los 75 a\u00f1os de edad coprotagonista de la emblem\u00e1tica pel\u00edcula \u201cEl resplandor\u201d de Kubrick -","robots":{"index":"index","follow":"follow","max-snippet":"max-snippet:-1","max-image-preview":"max-image-preview:large","max-video-preview":"max-video-preview:-1"},"canonical":"https:\/\/quehacerpolitico.mx\/?p=111263","og_locale":"es_MX","og_type":"article","og_title":"El Quehacer Pol\u00edtico en la Cultura a trav\u00e9s del Enfoque\/\/\/Litza Deniss Dur\u00e1n Espinosa\/\/\/Muere la actriz Shelley Duvall a los 75 a\u00f1os de edad coprotagonista de la emblem\u00e1tica pel\u00edcula \u201cEl resplandor\u201d de Kubrick -","og_description":"Por Litza Deniss Dur\u00e1n Espinosa Analista y Directora de Enlaces La actriz estadounidense\u00a0Shelley Duvall, quien...","og_url":"https:\/\/quehacerpolitico.mx\/?p=111263","article_published_time":"2024-07-11T19:28:49+00:00","article_modified_time":"2024-07-11T19:28:53+00:00","og_image":[{"width":963,"height":493,"url":"https:\/\/quehacerpolitico.mx\/wp-content\/uploads\/2024\/07\/f97f131b-617d-4d33-b7a7-a2e9689dd2f7-6.jpeg","type":"image\/jpeg"}],"author":"Redacci\u00f3n QP","twitter_card":"summary_large_image","twitter_misc":{"Escrito por":"Redacci\u00f3n QP","Tiempo de lectura":"1 minuto"},"schema":{"@context":"https:\/\/schema.org","@graph":[{"@type":"Article","@id":"https:\/\/quehacerpolitico.mx\/?p=111263#article","isPartOf":{"@id":"https:\/\/quehacerpolitico.mx\/?p=111263"},"author":{"name":"Redacci\u00f3n QP","@id":"https:\/\/quehacerpolitico.mx\/#\/schema\/person\/496d8ad2d1d3f8036101dca7ee39e585"},"headline":"El Quehacer Pol\u00edtico en la Cultura a trav\u00e9s del Enfoque\/\/\/Litza Deniss Dur\u00e1n Espinosa\/\/\/Muere la actriz Shelley Duvall a los 75 a\u00f1os de edad coprotagonista de la emblem\u00e1tica pel\u00edcula \u201cEl resplandor\u201d de Kubrick","datePublished":"2024-07-11T19:28:49+00:00","dateModified":"2024-07-11T19:28:53+00:00","mainEntityOfPage":{"@id":"https:\/\/quehacerpolitico.mx\/?p=111263"},"wordCount":334,"commentCount":0,"image":{"@id":"https:\/\/quehacerpolitico.mx\/?p=111263#primaryimage"},"thumbnailUrl":"https:\/\/quehacerpolitico.mx\/wp-content\/uploads\/2024\/07\/f97f131b-617d-4d33-b7a7-a2e9689dd2f7-6.jpeg","articleSection":["Cultura y Entretenimiento"],"inLanguage":"es","potentialAction":[{"@type":"CommentAction","name":"Comment","target":["https:\/\/quehacerpolitico.mx\/?p=111263#respond"]}]},{"@type":"WebPage","@id":"https:\/\/quehacerpolitico.mx\/?p=111263","url":"https:\/\/quehacerpolitico.mx\/?p=111263","name":"El Quehacer Pol\u00edtico en la Cultura a trav\u00e9s del Enfoque\/\/\/Litza Deniss Dur\u00e1n Espinosa\/\/\/Muere la actriz Shelley Duvall a los 75 a\u00f1os de edad coprotagonista de la emblem\u00e1tica pel\u00edcula \u201cEl resplandor\u201d de Kubrick -","isPartOf":{"@id":"https:\/\/quehacerpolitico.mx\/#website"},"primaryImageOfPage":{"@id":"https:\/\/quehacerpolitico.mx\/?p=111263#primaryimage"},"image":{"@id":"https:\/\/quehacerpolitico.mx\/?p=111263#primaryimage"},"thumbnailUrl":"https:\/\/quehacerpolitico.mx\/wp-content\/uploads\/2024\/07\/f97f131b-617d-4d33-b7a7-a2e9689dd2f7-6.jpeg","datePublished":"2024-07-11T19:28:49+00:00","dateModified":"2024-07-11T19:28:53+00:00","author":{"@id":"https:\/\/quehacerpolitico.mx\/#\/schema\/person\/496d8ad2d1d3f8036101dca7ee39e585"},"breadcrumb":{"@id":"https:\/\/quehacerpolitico.mx\/?p=111263#breadcrumb"},"inLanguage":"es","potentialAction":[{"@type":"ReadAction","target":["https:\/\/quehacerpolitico.mx\/?p=111263"]}]},{"@type":"ImageObject","inLanguage":"es","@id":"https:\/\/quehacerpolitico.mx\/?p=111263#primaryimage","url":"https:\/\/quehacerpolitico.mx\/wp-content\/uploads\/2024\/07\/f97f131b-617d-4d33-b7a7-a2e9689dd2f7-6.jpeg","contentUrl":"https:\/\/quehacerpolitico.mx\/wp-content\/uploads\/2024\/07\/f97f131b-617d-4d33-b7a7-a2e9689dd2f7-6.jpeg","width":963,"height":493},{"@type":"BreadcrumbList","@id":"https:\/\/quehacerpolitico.mx\/?p=111263#breadcrumb","itemListElement":[{"@type":"ListItem","position":1,"name":"Inicio","item":"https:\/\/quehacerpolitico.mx\/"},{"@type":"ListItem","position":2,"name":"El Quehacer Pol\u00edtico en la Cultura a trav\u00e9s del Enfoque\/\/\/Litza Deniss Dur\u00e1n Espinosa\/\/\/Muere la actriz Shelley Duvall a los 75 a\u00f1os de edad coprotagonista de la emblem\u00e1tica pel\u00edcula \u201cEl resplandor\u201d de Kubrick"}]},{"@type":"WebSite","@id":"https:\/\/quehacerpolitico.mx\/#website","url":"https:\/\/quehacerpolitico.mx\/","name":"","description":"","potentialAction":[{"@type":"SearchAction","target":{"@type":"EntryPoint","urlTemplate":"https:\/\/quehacerpolitico.mx\/?s={search_term_string}"},"query-input":{"@type":"PropertyValueSpecification","valueRequired":true,"valueName":"search_term_string"}}],"inLanguage":"es"},{"@type":"Person","@id":"https:\/\/quehacerpolitico.mx\/#\/schema\/person\/496d8ad2d1d3f8036101dca7ee39e585","name":"Redacci\u00f3n QP","image":{"@type":"ImageObject","inLanguage":"es","@id":"https:\/\/secure.gravatar.com\/avatar\/c7164ed6fdec453195284ad24a5ae5b6e1eed2b848477fa2a4787ba9adf39a41?s=96&d=mm&r=g","url":"https:\/\/secure.gravatar.com\/avatar\/c7164ed6fdec453195284ad24a5ae5b6e1eed2b848477fa2a4787ba9adf39a41?s=96&d=mm&r=g","contentUrl":"https:\/\/secure.gravatar.com\/avatar\/c7164ed6fdec453195284ad24a5ae5b6e1eed2b848477fa2a4787ba9adf39a41?s=96&d=mm&r=g","caption":"Redacci\u00f3n QP"},"url":"https:\/\/quehacerpolitico.mx\/?author=2"}]}},"featured_image_urls":{"full":["https:\/\/quehacerpolitico.mx\/wp-content\/uploads\/2024\/07\/f97f131b-617d-4d33-b7a7-a2e9689dd2f7-6.jpeg",963,493,false],"thumbnail":["https:\/\/quehacerpolitico.mx\/wp-content\/uploads\/2024\/07\/f97f131b-617d-4d33-b7a7-a2e9689dd2f7-6-150x150.jpeg",150,150,true],"medium":["https:\/\/quehacerpolitico.mx\/wp-content\/uploads\/2024\/07\/f97f131b-617d-4d33-b7a7-a2e9689dd2f7-6-300x154.jpeg",300,154,true],"medium_large":["https:\/\/quehacerpolitico.mx\/wp-content\/uploads\/2024\/07\/f97f131b-617d-4d33-b7a7-a2e9689dd2f7-6-768x393.jpeg",640,328,true],"large":["https:\/\/quehacerpolitico.mx\/wp-content\/uploads\/2024\/07\/f97f131b-617d-4d33-b7a7-a2e9689dd2f7-6.jpeg",640,328,false],"1536x1536":["https:\/\/quehacerpolitico.mx\/wp-content\/uploads\/2024\/07\/f97f131b-617d-4d33-b7a7-a2e9689dd2f7-6.jpeg",963,493,false],"2048x2048":["https:\/\/quehacerpolitico.mx\/wp-content\/uploads\/2024\/07\/f97f131b-617d-4d33-b7a7-a2e9689dd2f7-6.jpeg",963,493,false],"covernews-featured":["https:\/\/quehacerpolitico.mx\/wp-content\/uploads\/2024\/07\/f97f131b-617d-4d33-b7a7-a2e9689dd2f7-6.jpeg",963,493,false],"covernews-medium":["https:\/\/quehacerpolitico.mx\/wp-content\/uploads\/2024\/07\/f97f131b-617d-4d33-b7a7-a2e9689dd2f7-6.jpeg",540,276,false]},"author_info":{"display_name":"Redacci\u00f3n QP","author_link":"https:\/\/quehacerpolitico.mx\/?author=2"},"category_info":"<a href=\"https:\/\/quehacerpolitico.mx\/?cat=58\" rel=\"category\">Cultura y Entretenimiento<\/a>","tag_info":"Cultura y Entretenimiento","comment_count":"0","_links":{"self":[{"href":"https:\/\/quehacerpolitico.mx\/index.php?rest_route=\/wp\/v2\/posts\/111263","targetHints":{"allow":["GET"]}}],"collection":[{"href":"https:\/\/quehacerpolitico.mx\/index.php?rest_route=\/wp\/v2\/posts"}],"about":[{"href":"https:\/\/quehacerpolitico.mx\/index.php?rest_route=\/wp\/v2\/types\/post"}],"author":[{"embeddable":true,"href":"https:\/\/quehacerpolitico.mx\/index.php?rest_route=\/wp\/v2\/users\/2"}],"replies":[{"embeddable":true,"href":"https:\/\/quehacerpolitico.mx\/index.php?rest_route=%2Fwp%2Fv2%2Fcomments&post=111263"}],"version-history":[{"count":1,"href":"https:\/\/quehacerpolitico.mx\/index.php?rest_route=\/wp\/v2\/posts\/111263\/revisions"}],"predecessor-version":[{"id":111265,"href":"https:\/\/quehacerpolitico.mx\/index.php?rest_route=\/wp\/v2\/posts\/111263\/revisions\/111265"}],"wp:featuredmedia":[{"embeddable":true,"href":"https:\/\/quehacerpolitico.mx\/index.php?rest_route=\/wp\/v2\/media\/111264"}],"wp:attachment":[{"href":"https:\/\/quehacerpolitico.mx\/index.php?rest_route=%2Fwp%2Fv2%2Fmedia&parent=111263"}],"wp:term":[{"taxonomy":"category","embeddable":true,"href":"https:\/\/quehacerpolitico.mx\/index.php?rest_route=%2Fwp%2Fv2%2Fcategories&post=111263"},{"taxonomy":"post_tag","embeddable":true,"href":"https:\/\/quehacerpolitico.mx\/index.php?rest_route=%2Fwp%2Fv2%2Ftags&post=111263"}],"curies":[{"name":"wp","href":"https:\/\/api.w.org\/{rel}","templated":true}]}}