{"id":111239,"date":"2024-07-10T19:10:38","date_gmt":"2024-07-10T19:10:38","guid":{"rendered":"https:\/\/quehacerpolitico.mx\/?p=111239"},"modified":"2024-07-10T19:10:43","modified_gmt":"2024-07-10T19:10:43","slug":"el-quehacer-politico-cultural-a-traves-del-enfoque-litza-deniss-duran-espinosa-inicia-tengo-un-sueno-coahuila-y-nuevo-leon-2024","status":"publish","type":"post","link":"https:\/\/quehacerpolitico.mx\/?p=111239","title":{"rendered":"El Quehacer Pol\u00edtico cultural a trav\u00e9s del enfoque\/\/\/Litza Deniss Dur\u00e1n Espinosa\/\/\/Inicia Tengo un sue\u00f1o Coahuila y Nuevo Le\u00f3n 2024"},"content":{"rendered":"\n<p>Por Litza Deniss Dur\u00e1n Espinosa<\/p>\n\n\n\n<p>Analista y Directora de Enlaces<\/p>\n\n\n\n<p><strong>Participar\u00e1n ni\u00f1as, ni\u00f1os y j\u00f3venes de Semilleros Creativos de los estados<\/strong><\/p>\n\n\n\n<p>Este 13 de julio de 2024, dar\u00e1 inicio Tengo un sue\u00f1o Coahuila y Nuevo Le\u00f3n 2024 \u201cMi origen, mi identidad\u201d, uno de los 27 eventos biestatales y estatales en el pa\u00eds que forman parte del Festival Tengo un sue\u00f1o 2024.<\/p>\n\n\n\n<p>Este evento es organizado por la Secretar\u00eda de Cultura del Gobierno de M\u00e9xico, a trav\u00e9s del programa Cultura Comunitaria, en colaboraci\u00f3n con los gobiernos de Coahuila y Nuevo Le\u00f3n junto con sus municipios. En \u00e9l se compartir\u00e1n los alcances y la capacidad creativa de ni\u00f1as, ni\u00f1os y j\u00f3venes de los Semilleros Creativos de las entidades, para mostrar su contexto y la diversidad de expresiones y manifestaciones culturales y art\u00edsticas de ambas regiones.<\/p>\n\n\n\n<figure class=\"wp-block-image size-large\"><img loading=\"lazy\" decoding=\"async\" width=\"1024\" height=\"483\" src=\"https:\/\/quehacerpolitico.mx\/wp-content\/uploads\/2024\/07\/image-11-1024x483.jpeg\" alt=\"\" class=\"wp-image-111240\" srcset=\"https:\/\/quehacerpolitico.mx\/wp-content\/uploads\/2024\/07\/image-11-1024x483.jpeg 1024w, https:\/\/quehacerpolitico.mx\/wp-content\/uploads\/2024\/07\/image-11-300x142.jpeg 300w, https:\/\/quehacerpolitico.mx\/wp-content\/uploads\/2024\/07\/image-11-768x363.jpeg 768w, https:\/\/quehacerpolitico.mx\/wp-content\/uploads\/2024\/07\/image-11-1536x725.jpeg 1536w, https:\/\/quehacerpolitico.mx\/wp-content\/uploads\/2024\/07\/image-11-2048x967.jpeg 2048w, https:\/\/quehacerpolitico.mx\/wp-content\/uploads\/2024\/07\/image-11-260x123.jpeg 260w, https:\/\/quehacerpolitico.mx\/wp-content\/uploads\/2024\/07\/image-11-50x24.jpeg 50w, https:\/\/quehacerpolitico.mx\/wp-content\/uploads\/2024\/07\/image-11-150x71.jpeg 150w\" sizes=\"auto, (max-width: 1024px) 100vw, 1024px\" \/><\/figure>\n\n\n\n<p>Los Semilleros Creativos son grupos de formaci\u00f3n art\u00edstica gratuita para la ni\u00f1ez y las juventudes del pa\u00eds, donde se promueve su participaci\u00f3n en la vida art\u00edstica, el pensamiento cr\u00edtico y su posicionamiento como agentes culturales.<\/p>\n\n\n\n<p>Como parte de las actividades, a partir de las 14:00 h, se llevar\u00e1 a cabo la exposici\u00f3n \u201cPinceladas de mi tierra\u201d, compuesta por 120 obras realizadas por participantes de Semilleros Creativos en la disciplina de pintura y originarios de Saltillo en Coahuila, as\u00ed como de Apodaca, Ju\u00e1rez y El Carmen en Nuevo Le\u00f3n. La cita es en el lobby del Teatro del Centro de las Artes de Nuevo Le\u00f3n, ubicado en Parque Fundidora Av. Fundidora y Adolfo Prieto s\/n, Col. Obrera, Monterrey, Nuevo Le\u00f3n.<\/p>\n\n\n\n<p>En este mismo recinto, integrantes de los Semilleros Creativos de Teatro en Ramos Arizpe, Monclova y Guadalupe realizar\u00e1n una puesta en escena con tem\u00e1tica de la mitolog\u00eda prehisp\u00e1nica; por su parte el Coro comunitario en movimiento &#8220;Ojos de Santa Luc\u00eda&#8221; con sede en Monterrey interpretar\u00e1 algunas piezas \u00edcono de los Semilleros Creativos de M\u00fasica entre las que destaca&nbsp;<em>Chan paal&nbsp;<\/em>(peque\u00f1o ni\u00f1o, en lengua maya) y&nbsp;<em>Nuestra casa es un pa\u00eds<\/em>, entre otras.&nbsp;<\/p>\n\n\n\n<p>Tengo un sue\u00f1o Coahuila y Nuevo Le\u00f3n 2024 permitir\u00e1 generar conexiones e intercambios creativos entre los distintos Semilleros ubicados en una misma zona geogr\u00e1fica, adem\u00e1s de invitar al p\u00fablico a conocer estos grupos como una alternativa viable y accesible para la convivencia arm\u00f3nica, a partir de pol\u00edticas culturales de base comunitaria.<\/p>\n\n\n\n<figure class=\"wp-block-image size-full\"><img loading=\"lazy\" decoding=\"async\" width=\"301\" height=\"167\" src=\"https:\/\/quehacerpolitico.mx\/wp-content\/uploads\/2024\/07\/image-12.jpeg\" alt=\"\" class=\"wp-image-111241\" srcset=\"https:\/\/quehacerpolitico.mx\/wp-content\/uploads\/2024\/07\/image-12.jpeg 301w, https:\/\/quehacerpolitico.mx\/wp-content\/uploads\/2024\/07\/image-12-260x144.jpeg 260w, https:\/\/quehacerpolitico.mx\/wp-content\/uploads\/2024\/07\/image-12-50x28.jpeg 50w, https:\/\/quehacerpolitico.mx\/wp-content\/uploads\/2024\/07\/image-12-135x75.jpeg 135w\" sizes=\"auto, (max-width: 301px) 100vw, 301px\" \/><\/figure>\n\n\n\n<p>La programaci\u00f3n es gratuita y abierta al p\u00fablico; se puede consultar en la p\u00e1gina de Cultura Comunitaria:&nbsp;<a href=\"http:\/\/culturacomunitaria.gob.mx\/\" target=\"_blank\" rel=\"noreferrer noopener\">culturacomunitaria.gob.mx<\/a>, y mediante las redes sociales de la Direcci\u00f3n General de Vinculaci\u00f3n Cultural (Facebook y Twitter @VinculaCultura) y el Sistema Nacional de Fomento Musical (Facebook y Twitter @FomentoMusical).<\/p>\n\n\n\n<p>Con estas acciones, la Secretar\u00eda de Cultura apoya estrategias que contribuyen al ejercicio efectivo de los derechos culturales de ni\u00f1as, ni\u00f1os y j\u00f3venes en las 32 entidades federativas del pa\u00eds, y con ello fomenta una cultura de paz.<\/p>\n","protected":false},"excerpt":{"rendered":"<p>Por Litza Deniss Dur\u00e1n Espinosa Analista y Directora de Enlaces Participar\u00e1n ni\u00f1as, ni\u00f1os y j\u00f3venes&#8230;<\/p>\n","protected":false},"author":2,"featured_media":111242,"comment_status":"open","ping_status":"open","sticky":false,"template":"","format":"standard","meta":{"_monsterinsights_skip_tracking":false,"_monsterinsights_sitenote_active":false,"_monsterinsights_sitenote_note":"","_monsterinsights_sitenote_category":0,"footnotes":""},"categories":[58],"tags":[],"class_list":["post-111239","post","type-post","status-publish","format-standard","has-post-thumbnail","hentry","category-cultura"],"yoast_head":"<!-- This site is optimized with the Yoast SEO plugin v27.3 - https:\/\/yoast.com\/product\/yoast-seo-wordpress\/ -->\n<title>El Quehacer Pol\u00edtico cultural a trav\u00e9s del enfoque\/\/\/Litza Deniss Dur\u00e1n Espinosa\/\/\/Inicia Tengo un sue\u00f1o Coahuila y Nuevo Le\u00f3n 2024 -<\/title>\n<meta name=\"robots\" content=\"index, follow, max-snippet:-1, max-image-preview:large, max-video-preview:-1\" \/>\n<link rel=\"canonical\" href=\"https:\/\/quehacerpolitico.mx\/?p=111239\" \/>\n<meta property=\"og:locale\" content=\"es_MX\" \/>\n<meta property=\"og:type\" content=\"article\" \/>\n<meta property=\"og:title\" content=\"El Quehacer Pol\u00edtico cultural a trav\u00e9s del enfoque\/\/\/Litza Deniss Dur\u00e1n Espinosa\/\/\/Inicia Tengo un sue\u00f1o Coahuila y Nuevo Le\u00f3n 2024 -\" \/>\n<meta property=\"og:description\" content=\"Por Litza Deniss Dur\u00e1n Espinosa Analista y Directora de Enlaces Participar\u00e1n ni\u00f1as, ni\u00f1os y j\u00f3venes...\" \/>\n<meta property=\"og:url\" content=\"https:\/\/quehacerpolitico.mx\/?p=111239\" \/>\n<meta property=\"article:published_time\" content=\"2024-07-10T19:10:38+00:00\" \/>\n<meta property=\"article:modified_time\" content=\"2024-07-10T19:10:43+00:00\" \/>\n<meta property=\"og:image\" content=\"https:\/\/quehacerpolitico.mx\/wp-content\/uploads\/2024\/07\/f97f131b-617d-4d33-b7a7-a2e9689dd2f7-5.jpeg\" \/>\n\t<meta property=\"og:image:width\" content=\"963\" \/>\n\t<meta property=\"og:image:height\" content=\"493\" \/>\n\t<meta property=\"og:image:type\" content=\"image\/jpeg\" \/>\n<meta name=\"author\" content=\"Redacci\u00f3n QP\" \/>\n<meta name=\"twitter:card\" content=\"summary_large_image\" \/>\n<meta name=\"twitter:label1\" content=\"Escrito por\" \/>\n\t<meta name=\"twitter:data1\" content=\"Redacci\u00f3n QP\" \/>\n\t<meta name=\"twitter:label2\" content=\"Tiempo de lectura\" \/>\n\t<meta name=\"twitter:data2\" content=\"3 minutos\" \/>\n<script type=\"application\/ld+json\" class=\"yoast-schema-graph\">{\"@context\":\"https:\\\/\\\/schema.org\",\"@graph\":[{\"@type\":\"Article\",\"@id\":\"https:\\\/\\\/quehacerpolitico.mx\\\/?p=111239#article\",\"isPartOf\":{\"@id\":\"https:\\\/\\\/quehacerpolitico.mx\\\/?p=111239\"},\"author\":{\"name\":\"Redacci\u00f3n QP\",\"@id\":\"https:\\\/\\\/quehacerpolitico.mx\\\/#\\\/schema\\\/person\\\/496d8ad2d1d3f8036101dca7ee39e585\"},\"headline\":\"El Quehacer Pol\u00edtico cultural a trav\u00e9s del enfoque\\\/\\\/\\\/Litza Deniss Dur\u00e1n Espinosa\\\/\\\/\\\/Inicia Tengo un sue\u00f1o Coahuila y Nuevo Le\u00f3n 2024\",\"datePublished\":\"2024-07-10T19:10:38+00:00\",\"dateModified\":\"2024-07-10T19:10:43+00:00\",\"mainEntityOfPage\":{\"@id\":\"https:\\\/\\\/quehacerpolitico.mx\\\/?p=111239\"},\"wordCount\":540,\"commentCount\":0,\"image\":{\"@id\":\"https:\\\/\\\/quehacerpolitico.mx\\\/?p=111239#primaryimage\"},\"thumbnailUrl\":\"https:\\\/\\\/quehacerpolitico.mx\\\/wp-content\\\/uploads\\\/2024\\\/07\\\/f97f131b-617d-4d33-b7a7-a2e9689dd2f7-5.jpeg\",\"articleSection\":[\"Cultura y Entretenimiento\"],\"inLanguage\":\"es\",\"potentialAction\":[{\"@type\":\"CommentAction\",\"name\":\"Comment\",\"target\":[\"https:\\\/\\\/quehacerpolitico.mx\\\/?p=111239#respond\"]}]},{\"@type\":\"WebPage\",\"@id\":\"https:\\\/\\\/quehacerpolitico.mx\\\/?p=111239\",\"url\":\"https:\\\/\\\/quehacerpolitico.mx\\\/?p=111239\",\"name\":\"El Quehacer Pol\u00edtico cultural a trav\u00e9s del enfoque\\\/\\\/\\\/Litza Deniss Dur\u00e1n Espinosa\\\/\\\/\\\/Inicia Tengo un sue\u00f1o Coahuila y Nuevo Le\u00f3n 2024 -\",\"isPartOf\":{\"@id\":\"https:\\\/\\\/quehacerpolitico.mx\\\/#website\"},\"primaryImageOfPage\":{\"@id\":\"https:\\\/\\\/quehacerpolitico.mx\\\/?p=111239#primaryimage\"},\"image\":{\"@id\":\"https:\\\/\\\/quehacerpolitico.mx\\\/?p=111239#primaryimage\"},\"thumbnailUrl\":\"https:\\\/\\\/quehacerpolitico.mx\\\/wp-content\\\/uploads\\\/2024\\\/07\\\/f97f131b-617d-4d33-b7a7-a2e9689dd2f7-5.jpeg\",\"datePublished\":\"2024-07-10T19:10:38+00:00\",\"dateModified\":\"2024-07-10T19:10:43+00:00\",\"author\":{\"@id\":\"https:\\\/\\\/quehacerpolitico.mx\\\/#\\\/schema\\\/person\\\/496d8ad2d1d3f8036101dca7ee39e585\"},\"breadcrumb\":{\"@id\":\"https:\\\/\\\/quehacerpolitico.mx\\\/?p=111239#breadcrumb\"},\"inLanguage\":\"es\",\"potentialAction\":[{\"@type\":\"ReadAction\",\"target\":[\"https:\\\/\\\/quehacerpolitico.mx\\\/?p=111239\"]}]},{\"@type\":\"ImageObject\",\"inLanguage\":\"es\",\"@id\":\"https:\\\/\\\/quehacerpolitico.mx\\\/?p=111239#primaryimage\",\"url\":\"https:\\\/\\\/quehacerpolitico.mx\\\/wp-content\\\/uploads\\\/2024\\\/07\\\/f97f131b-617d-4d33-b7a7-a2e9689dd2f7-5.jpeg\",\"contentUrl\":\"https:\\\/\\\/quehacerpolitico.mx\\\/wp-content\\\/uploads\\\/2024\\\/07\\\/f97f131b-617d-4d33-b7a7-a2e9689dd2f7-5.jpeg\",\"width\":963,\"height\":493},{\"@type\":\"BreadcrumbList\",\"@id\":\"https:\\\/\\\/quehacerpolitico.mx\\\/?p=111239#breadcrumb\",\"itemListElement\":[{\"@type\":\"ListItem\",\"position\":1,\"name\":\"Inicio\",\"item\":\"https:\\\/\\\/quehacerpolitico.mx\\\/\"},{\"@type\":\"ListItem\",\"position\":2,\"name\":\"El Quehacer Pol\u00edtico cultural a trav\u00e9s del enfoque\\\/\\\/\\\/Litza Deniss Dur\u00e1n Espinosa\\\/\\\/\\\/Inicia Tengo un sue\u00f1o Coahuila y Nuevo Le\u00f3n 2024\"}]},{\"@type\":\"WebSite\",\"@id\":\"https:\\\/\\\/quehacerpolitico.mx\\\/#website\",\"url\":\"https:\\\/\\\/quehacerpolitico.mx\\\/\",\"name\":\"\",\"description\":\"\",\"potentialAction\":[{\"@type\":\"SearchAction\",\"target\":{\"@type\":\"EntryPoint\",\"urlTemplate\":\"https:\\\/\\\/quehacerpolitico.mx\\\/?s={search_term_string}\"},\"query-input\":{\"@type\":\"PropertyValueSpecification\",\"valueRequired\":true,\"valueName\":\"search_term_string\"}}],\"inLanguage\":\"es\"},{\"@type\":\"Person\",\"@id\":\"https:\\\/\\\/quehacerpolitico.mx\\\/#\\\/schema\\\/person\\\/496d8ad2d1d3f8036101dca7ee39e585\",\"name\":\"Redacci\u00f3n QP\",\"image\":{\"@type\":\"ImageObject\",\"inLanguage\":\"es\",\"@id\":\"https:\\\/\\\/secure.gravatar.com\\\/avatar\\\/c7164ed6fdec453195284ad24a5ae5b6e1eed2b848477fa2a4787ba9adf39a41?s=96&d=mm&r=g\",\"url\":\"https:\\\/\\\/secure.gravatar.com\\\/avatar\\\/c7164ed6fdec453195284ad24a5ae5b6e1eed2b848477fa2a4787ba9adf39a41?s=96&d=mm&r=g\",\"contentUrl\":\"https:\\\/\\\/secure.gravatar.com\\\/avatar\\\/c7164ed6fdec453195284ad24a5ae5b6e1eed2b848477fa2a4787ba9adf39a41?s=96&d=mm&r=g\",\"caption\":\"Redacci\u00f3n QP\"},\"url\":\"https:\\\/\\\/quehacerpolitico.mx\\\/?author=2\"}]}<\/script>\n<!-- \/ Yoast SEO plugin. -->","yoast_head_json":{"title":"El Quehacer Pol\u00edtico cultural a trav\u00e9s del enfoque\/\/\/Litza Deniss Dur\u00e1n Espinosa\/\/\/Inicia Tengo un sue\u00f1o Coahuila y Nuevo Le\u00f3n 2024 -","robots":{"index":"index","follow":"follow","max-snippet":"max-snippet:-1","max-image-preview":"max-image-preview:large","max-video-preview":"max-video-preview:-1"},"canonical":"https:\/\/quehacerpolitico.mx\/?p=111239","og_locale":"es_MX","og_type":"article","og_title":"El Quehacer Pol\u00edtico cultural a trav\u00e9s del enfoque\/\/\/Litza Deniss Dur\u00e1n Espinosa\/\/\/Inicia Tengo un sue\u00f1o Coahuila y Nuevo Le\u00f3n 2024 -","og_description":"Por Litza Deniss Dur\u00e1n Espinosa Analista y Directora de Enlaces Participar\u00e1n ni\u00f1as, ni\u00f1os y j\u00f3venes...","og_url":"https:\/\/quehacerpolitico.mx\/?p=111239","article_published_time":"2024-07-10T19:10:38+00:00","article_modified_time":"2024-07-10T19:10:43+00:00","og_image":[{"width":963,"height":493,"url":"https:\/\/quehacerpolitico.mx\/wp-content\/uploads\/2024\/07\/f97f131b-617d-4d33-b7a7-a2e9689dd2f7-5.jpeg","type":"image\/jpeg"}],"author":"Redacci\u00f3n QP","twitter_card":"summary_large_image","twitter_misc":{"Escrito por":"Redacci\u00f3n QP","Tiempo de lectura":"3 minutos"},"schema":{"@context":"https:\/\/schema.org","@graph":[{"@type":"Article","@id":"https:\/\/quehacerpolitico.mx\/?p=111239#article","isPartOf":{"@id":"https:\/\/quehacerpolitico.mx\/?p=111239"},"author":{"name":"Redacci\u00f3n QP","@id":"https:\/\/quehacerpolitico.mx\/#\/schema\/person\/496d8ad2d1d3f8036101dca7ee39e585"},"headline":"El Quehacer Pol\u00edtico cultural a trav\u00e9s del enfoque\/\/\/Litza Deniss Dur\u00e1n Espinosa\/\/\/Inicia Tengo un sue\u00f1o Coahuila y Nuevo Le\u00f3n 2024","datePublished":"2024-07-10T19:10:38+00:00","dateModified":"2024-07-10T19:10:43+00:00","mainEntityOfPage":{"@id":"https:\/\/quehacerpolitico.mx\/?p=111239"},"wordCount":540,"commentCount":0,"image":{"@id":"https:\/\/quehacerpolitico.mx\/?p=111239#primaryimage"},"thumbnailUrl":"https:\/\/quehacerpolitico.mx\/wp-content\/uploads\/2024\/07\/f97f131b-617d-4d33-b7a7-a2e9689dd2f7-5.jpeg","articleSection":["Cultura y Entretenimiento"],"inLanguage":"es","potentialAction":[{"@type":"CommentAction","name":"Comment","target":["https:\/\/quehacerpolitico.mx\/?p=111239#respond"]}]},{"@type":"WebPage","@id":"https:\/\/quehacerpolitico.mx\/?p=111239","url":"https:\/\/quehacerpolitico.mx\/?p=111239","name":"El Quehacer Pol\u00edtico cultural a trav\u00e9s del enfoque\/\/\/Litza Deniss Dur\u00e1n Espinosa\/\/\/Inicia Tengo un sue\u00f1o Coahuila y Nuevo Le\u00f3n 2024 -","isPartOf":{"@id":"https:\/\/quehacerpolitico.mx\/#website"},"primaryImageOfPage":{"@id":"https:\/\/quehacerpolitico.mx\/?p=111239#primaryimage"},"image":{"@id":"https:\/\/quehacerpolitico.mx\/?p=111239#primaryimage"},"thumbnailUrl":"https:\/\/quehacerpolitico.mx\/wp-content\/uploads\/2024\/07\/f97f131b-617d-4d33-b7a7-a2e9689dd2f7-5.jpeg","datePublished":"2024-07-10T19:10:38+00:00","dateModified":"2024-07-10T19:10:43+00:00","author":{"@id":"https:\/\/quehacerpolitico.mx\/#\/schema\/person\/496d8ad2d1d3f8036101dca7ee39e585"},"breadcrumb":{"@id":"https:\/\/quehacerpolitico.mx\/?p=111239#breadcrumb"},"inLanguage":"es","potentialAction":[{"@type":"ReadAction","target":["https:\/\/quehacerpolitico.mx\/?p=111239"]}]},{"@type":"ImageObject","inLanguage":"es","@id":"https:\/\/quehacerpolitico.mx\/?p=111239#primaryimage","url":"https:\/\/quehacerpolitico.mx\/wp-content\/uploads\/2024\/07\/f97f131b-617d-4d33-b7a7-a2e9689dd2f7-5.jpeg","contentUrl":"https:\/\/quehacerpolitico.mx\/wp-content\/uploads\/2024\/07\/f97f131b-617d-4d33-b7a7-a2e9689dd2f7-5.jpeg","width":963,"height":493},{"@type":"BreadcrumbList","@id":"https:\/\/quehacerpolitico.mx\/?p=111239#breadcrumb","itemListElement":[{"@type":"ListItem","position":1,"name":"Inicio","item":"https:\/\/quehacerpolitico.mx\/"},{"@type":"ListItem","position":2,"name":"El Quehacer Pol\u00edtico cultural a trav\u00e9s del enfoque\/\/\/Litza Deniss Dur\u00e1n Espinosa\/\/\/Inicia Tengo un sue\u00f1o Coahuila y Nuevo Le\u00f3n 2024"}]},{"@type":"WebSite","@id":"https:\/\/quehacerpolitico.mx\/#website","url":"https:\/\/quehacerpolitico.mx\/","name":"","description":"","potentialAction":[{"@type":"SearchAction","target":{"@type":"EntryPoint","urlTemplate":"https:\/\/quehacerpolitico.mx\/?s={search_term_string}"},"query-input":{"@type":"PropertyValueSpecification","valueRequired":true,"valueName":"search_term_string"}}],"inLanguage":"es"},{"@type":"Person","@id":"https:\/\/quehacerpolitico.mx\/#\/schema\/person\/496d8ad2d1d3f8036101dca7ee39e585","name":"Redacci\u00f3n QP","image":{"@type":"ImageObject","inLanguage":"es","@id":"https:\/\/secure.gravatar.com\/avatar\/c7164ed6fdec453195284ad24a5ae5b6e1eed2b848477fa2a4787ba9adf39a41?s=96&d=mm&r=g","url":"https:\/\/secure.gravatar.com\/avatar\/c7164ed6fdec453195284ad24a5ae5b6e1eed2b848477fa2a4787ba9adf39a41?s=96&d=mm&r=g","contentUrl":"https:\/\/secure.gravatar.com\/avatar\/c7164ed6fdec453195284ad24a5ae5b6e1eed2b848477fa2a4787ba9adf39a41?s=96&d=mm&r=g","caption":"Redacci\u00f3n QP"},"url":"https:\/\/quehacerpolitico.mx\/?author=2"}]}},"featured_image_urls":{"full":["https:\/\/quehacerpolitico.mx\/wp-content\/uploads\/2024\/07\/f97f131b-617d-4d33-b7a7-a2e9689dd2f7-5.jpeg",963,493,false],"thumbnail":["https:\/\/quehacerpolitico.mx\/wp-content\/uploads\/2024\/07\/f97f131b-617d-4d33-b7a7-a2e9689dd2f7-5-150x150.jpeg",150,150,true],"medium":["https:\/\/quehacerpolitico.mx\/wp-content\/uploads\/2024\/07\/f97f131b-617d-4d33-b7a7-a2e9689dd2f7-5-300x154.jpeg",300,154,true],"medium_large":["https:\/\/quehacerpolitico.mx\/wp-content\/uploads\/2024\/07\/f97f131b-617d-4d33-b7a7-a2e9689dd2f7-5-768x393.jpeg",640,328,true],"large":["https:\/\/quehacerpolitico.mx\/wp-content\/uploads\/2024\/07\/f97f131b-617d-4d33-b7a7-a2e9689dd2f7-5.jpeg",640,328,false],"1536x1536":["https:\/\/quehacerpolitico.mx\/wp-content\/uploads\/2024\/07\/f97f131b-617d-4d33-b7a7-a2e9689dd2f7-5.jpeg",963,493,false],"2048x2048":["https:\/\/quehacerpolitico.mx\/wp-content\/uploads\/2024\/07\/f97f131b-617d-4d33-b7a7-a2e9689dd2f7-5.jpeg",963,493,false],"covernews-featured":["https:\/\/quehacerpolitico.mx\/wp-content\/uploads\/2024\/07\/f97f131b-617d-4d33-b7a7-a2e9689dd2f7-5.jpeg",963,493,false],"covernews-medium":["https:\/\/quehacerpolitico.mx\/wp-content\/uploads\/2024\/07\/f97f131b-617d-4d33-b7a7-a2e9689dd2f7-5.jpeg",540,276,false]},"author_info":{"display_name":"Redacci\u00f3n QP","author_link":"https:\/\/quehacerpolitico.mx\/?author=2"},"category_info":"<a href=\"https:\/\/quehacerpolitico.mx\/?cat=58\" rel=\"category\">Cultura y Entretenimiento<\/a>","tag_info":"Cultura y Entretenimiento","comment_count":"0","_links":{"self":[{"href":"https:\/\/quehacerpolitico.mx\/index.php?rest_route=\/wp\/v2\/posts\/111239","targetHints":{"allow":["GET"]}}],"collection":[{"href":"https:\/\/quehacerpolitico.mx\/index.php?rest_route=\/wp\/v2\/posts"}],"about":[{"href":"https:\/\/quehacerpolitico.mx\/index.php?rest_route=\/wp\/v2\/types\/post"}],"author":[{"embeddable":true,"href":"https:\/\/quehacerpolitico.mx\/index.php?rest_route=\/wp\/v2\/users\/2"}],"replies":[{"embeddable":true,"href":"https:\/\/quehacerpolitico.mx\/index.php?rest_route=%2Fwp%2Fv2%2Fcomments&post=111239"}],"version-history":[{"count":1,"href":"https:\/\/quehacerpolitico.mx\/index.php?rest_route=\/wp\/v2\/posts\/111239\/revisions"}],"predecessor-version":[{"id":111243,"href":"https:\/\/quehacerpolitico.mx\/index.php?rest_route=\/wp\/v2\/posts\/111239\/revisions\/111243"}],"wp:featuredmedia":[{"embeddable":true,"href":"https:\/\/quehacerpolitico.mx\/index.php?rest_route=\/wp\/v2\/media\/111242"}],"wp:attachment":[{"href":"https:\/\/quehacerpolitico.mx\/index.php?rest_route=%2Fwp%2Fv2%2Fmedia&parent=111239"}],"wp:term":[{"taxonomy":"category","embeddable":true,"href":"https:\/\/quehacerpolitico.mx\/index.php?rest_route=%2Fwp%2Fv2%2Fcategories&post=111239"},{"taxonomy":"post_tag","embeddable":true,"href":"https:\/\/quehacerpolitico.mx\/index.php?rest_route=%2Fwp%2Fv2%2Ftags&post=111239"}],"curies":[{"name":"wp","href":"https:\/\/api.w.org\/{rel}","templated":true}]}}