{"id":111226,"date":"2024-07-10T16:25:41","date_gmt":"2024-07-10T16:25:41","guid":{"rendered":"https:\/\/quehacerpolitico.mx\/?p=111226"},"modified":"2024-07-10T16:25:44","modified_gmt":"2024-07-10T16:25:44","slug":"el-quehacer-politico-internacional-a-traves-del-tintero-edgar-castaneda-nancy-pelosi-sugiere-a-biden-repensar-su-candidatura-a-la-reeleccion-el-tiempo-apremia","status":"publish","type":"post","link":"https:\/\/quehacerpolitico.mx\/?p=111226","title":{"rendered":"El Quehacer Pol\u00edtico Internacional a trav\u00e9s del tintero\/\/\/Edgar Castaneda\/\/\/Nancy Pelosi sugiere a Biden repensar su candidatura a la reelecci\u00f3n: \u201cEl tiempo apremia\u201d"},"content":{"rendered":"\n<p>Por Edgar Castaneda <\/p>\n\n\n\n<p>Analista <\/p>\n\n\n\n<p>La expresidenta de la C\u00e1mara de Representantes estadounidense\u00a0<strong>Nancy Pelosi<\/strong> sugiri\u00f3 este mi\u00e9rcoles que el mandatario, Joe Biden, deber\u00eda repensar su candidatura a la reelecci\u00f3n.<\/p>\n\n\n\n<p>\u201cLe corresponde al presidente decidir si se va a postular. Todos le estamos animando a que tome esa decisi\u00f3n, porque el tiempo apremia\u201d, indic\u00f3 en declaraciones al programa \u201cMorning Joe\u201d de la cadena\u00a0<em>MSNBC.<\/em><\/p>\n\n\n\n<p>La legisladora de California, de 84 a\u00f1os, es hasta ahora el cargo de mayor peso del partido que le pide sopesar si sigue en la contienda electoral frente al expresidente republicano<strong>&nbsp;Donald Trump<\/strong>, que ha ganado fuerza tras el debate electoral del 27 de junio.<\/p>\n\n\n\n<p>Pelosi destac\u00f3 que Biden es respetado dentro del partido, pero subray\u00f3 que&nbsp;<strong>la gente quiere que tome una decisi\u00f3n,<\/strong>&nbsp;un mensaje que contrasta con el apoyo expl\u00edcito que dio ayer una parte importante del liderazgo dem\u00f3crata en el Capitolio.<\/p>\n\n\n\n<p>La expresidenta de la C\u00e1mara de Representantes pareci\u00f3 obviar que el l\u00edder dem\u00f3crata ha subrayado en los \u00faltimos d\u00edas no s\u00f3lo que no prev\u00e9 retirar su candidatura, sino que en su opini\u00f3n es el mejor posicionado para vencer a Trump.<\/p>\n\n\n\n<p>\u201cQuiero que haga lo que \u00e9l decida hacer. Sea lo que sea lo que decida, vamos con eso\u201d, apunt\u00f3 Pelosi, insistiendo en que primero se le de tiempo a Biden para encargarse de la cumbre de la OTAN, que se celebra desde este martes y hasta el jueves en Washington y en la que el presidente es el anfitri\u00f3n.<\/p>\n\n\n\n<p>Los llamamientos en favor de una retirada electoral de Biden han surgido tras el&nbsp;<strong>cara a cara con Trump<\/strong>&nbsp;de finales de junio, en el que el dem\u00f3crata apareci\u00f3 titubeante, sin capacidad para acabar algunas frases o para rebatir las mentiras del republicano<a href=\"https:\/\/twitter.com\/latinus_us\" target=\"_blank\" rel=\"noreferrer noopener\">.<\/a><\/p>\n\n\n\n<p>Hasta ahora una decena de congresistas dem\u00f3cratas de menor rango han hecho saber sus dudas sobre que Biden sea su mejor opci\u00f3n para ganar el\u00a0<strong>5 de noviembre,<\/strong>\u00a0pero este tambi\u00e9n ha logrado el apoyo, entre otros, del caucus hispano de los dem\u00f3cratas en el Congreso y tambi\u00e9n del afroamericano.<\/p>\n\n\n\n<p>Con informaci\u00f3n de EFE<\/p>\n","protected":false},"excerpt":{"rendered":"<p>Por Edgar Castaneda Analista La expresidenta de la C\u00e1mara de Representantes estadounidense\u00a0Nancy Pelosi sugiri\u00f3 este&#8230;<\/p>\n","protected":false},"author":2,"featured_media":111227,"comment_status":"open","ping_status":"open","sticky":false,"template":"","format":"standard","meta":{"_monsterinsights_skip_tracking":false,"_monsterinsights_sitenote_active":false,"_monsterinsights_sitenote_note":"","_monsterinsights_sitenote_category":0,"footnotes":""},"categories":[1],"tags":[],"class_list":["post-111226","post","type-post","status-publish","format-standard","has-post-thumbnail","hentry","category-sin-categoria"],"yoast_head":"<!-- This site is optimized with the Yoast SEO plugin v27.3 - https:\/\/yoast.com\/product\/yoast-seo-wordpress\/ -->\n<title>El Quehacer Pol\u00edtico Internacional a trav\u00e9s del tintero\/\/\/Edgar Castaneda\/\/\/Nancy Pelosi sugiere a Biden repensar su candidatura a la reelecci\u00f3n: \u201cEl tiempo apremia\u201d -<\/title>\n<meta name=\"robots\" content=\"index, follow, max-snippet:-1, max-image-preview:large, max-video-preview:-1\" \/>\n<link rel=\"canonical\" href=\"https:\/\/quehacerpolitico.mx\/?p=111226\" \/>\n<meta property=\"og:locale\" content=\"es_MX\" \/>\n<meta property=\"og:type\" content=\"article\" \/>\n<meta property=\"og:title\" content=\"El Quehacer Pol\u00edtico Internacional a trav\u00e9s del tintero\/\/\/Edgar Castaneda\/\/\/Nancy Pelosi sugiere a Biden repensar su candidatura a la reelecci\u00f3n: \u201cEl tiempo apremia\u201d -\" \/>\n<meta property=\"og:description\" content=\"Por Edgar Castaneda Analista La expresidenta de la C\u00e1mara de Representantes estadounidense\u00a0Nancy Pelosi sugiri\u00f3 este...\" \/>\n<meta property=\"og:url\" content=\"https:\/\/quehacerpolitico.mx\/?p=111226\" \/>\n<meta property=\"article:published_time\" content=\"2024-07-10T16:25:41+00:00\" \/>\n<meta property=\"article:modified_time\" content=\"2024-07-10T16:25:44+00:00\" \/>\n<meta property=\"og:image\" content=\"https:\/\/quehacerpolitico.mx\/wp-content\/uploads\/2024\/07\/e7b32ca4-b0f2-40f8-b531-b3f6209528c6-3.jpeg\" \/>\n\t<meta property=\"og:image:width\" content=\"963\" \/>\n\t<meta property=\"og:image:height\" content=\"493\" \/>\n\t<meta property=\"og:image:type\" content=\"image\/jpeg\" \/>\n<meta name=\"author\" content=\"Redacci\u00f3n QP\" \/>\n<meta name=\"twitter:card\" content=\"summary_large_image\" \/>\n<meta name=\"twitter:label1\" content=\"Escrito por\" \/>\n\t<meta name=\"twitter:data1\" content=\"Redacci\u00f3n QP\" \/>\n\t<meta name=\"twitter:label2\" content=\"Tiempo de lectura\" \/>\n\t<meta name=\"twitter:data2\" content=\"2 minutos\" \/>\n<script type=\"application\/ld+json\" class=\"yoast-schema-graph\">{\"@context\":\"https:\\\/\\\/schema.org\",\"@graph\":[{\"@type\":\"Article\",\"@id\":\"https:\\\/\\\/quehacerpolitico.mx\\\/?p=111226#article\",\"isPartOf\":{\"@id\":\"https:\\\/\\\/quehacerpolitico.mx\\\/?p=111226\"},\"author\":{\"name\":\"Redacci\u00f3n QP\",\"@id\":\"https:\\\/\\\/quehacerpolitico.mx\\\/#\\\/schema\\\/person\\\/496d8ad2d1d3f8036101dca7ee39e585\"},\"headline\":\"El Quehacer Pol\u00edtico Internacional a trav\u00e9s del tintero\\\/\\\/\\\/Edgar Castaneda\\\/\\\/\\\/Nancy Pelosi sugiere a Biden repensar su candidatura a la reelecci\u00f3n: \u201cEl tiempo apremia\u201d\",\"datePublished\":\"2024-07-10T16:25:41+00:00\",\"dateModified\":\"2024-07-10T16:25:44+00:00\",\"mainEntityOfPage\":{\"@id\":\"https:\\\/\\\/quehacerpolitico.mx\\\/?p=111226\"},\"wordCount\":395,\"commentCount\":0,\"image\":{\"@id\":\"https:\\\/\\\/quehacerpolitico.mx\\\/?p=111226#primaryimage\"},\"thumbnailUrl\":\"https:\\\/\\\/quehacerpolitico.mx\\\/wp-content\\\/uploads\\\/2024\\\/07\\\/e7b32ca4-b0f2-40f8-b531-b3f6209528c6-3.jpeg\",\"articleSection\":[\"Internacionales\"],\"inLanguage\":\"es\",\"potentialAction\":[{\"@type\":\"CommentAction\",\"name\":\"Comment\",\"target\":[\"https:\\\/\\\/quehacerpolitico.mx\\\/?p=111226#respond\"]}]},{\"@type\":\"WebPage\",\"@id\":\"https:\\\/\\\/quehacerpolitico.mx\\\/?p=111226\",\"url\":\"https:\\\/\\\/quehacerpolitico.mx\\\/?p=111226\",\"name\":\"El Quehacer Pol\u00edtico Internacional a trav\u00e9s del tintero\\\/\\\/\\\/Edgar Castaneda\\\/\\\/\\\/Nancy Pelosi sugiere a Biden repensar su candidatura a la reelecci\u00f3n: \u201cEl tiempo apremia\u201d -\",\"isPartOf\":{\"@id\":\"https:\\\/\\\/quehacerpolitico.mx\\\/#website\"},\"primaryImageOfPage\":{\"@id\":\"https:\\\/\\\/quehacerpolitico.mx\\\/?p=111226#primaryimage\"},\"image\":{\"@id\":\"https:\\\/\\\/quehacerpolitico.mx\\\/?p=111226#primaryimage\"},\"thumbnailUrl\":\"https:\\\/\\\/quehacerpolitico.mx\\\/wp-content\\\/uploads\\\/2024\\\/07\\\/e7b32ca4-b0f2-40f8-b531-b3f6209528c6-3.jpeg\",\"datePublished\":\"2024-07-10T16:25:41+00:00\",\"dateModified\":\"2024-07-10T16:25:44+00:00\",\"author\":{\"@id\":\"https:\\\/\\\/quehacerpolitico.mx\\\/#\\\/schema\\\/person\\\/496d8ad2d1d3f8036101dca7ee39e585\"},\"breadcrumb\":{\"@id\":\"https:\\\/\\\/quehacerpolitico.mx\\\/?p=111226#breadcrumb\"},\"inLanguage\":\"es\",\"potentialAction\":[{\"@type\":\"ReadAction\",\"target\":[\"https:\\\/\\\/quehacerpolitico.mx\\\/?p=111226\"]}]},{\"@type\":\"ImageObject\",\"inLanguage\":\"es\",\"@id\":\"https:\\\/\\\/quehacerpolitico.mx\\\/?p=111226#primaryimage\",\"url\":\"https:\\\/\\\/quehacerpolitico.mx\\\/wp-content\\\/uploads\\\/2024\\\/07\\\/e7b32ca4-b0f2-40f8-b531-b3f6209528c6-3.jpeg\",\"contentUrl\":\"https:\\\/\\\/quehacerpolitico.mx\\\/wp-content\\\/uploads\\\/2024\\\/07\\\/e7b32ca4-b0f2-40f8-b531-b3f6209528c6-3.jpeg\",\"width\":963,\"height\":493},{\"@type\":\"BreadcrumbList\",\"@id\":\"https:\\\/\\\/quehacerpolitico.mx\\\/?p=111226#breadcrumb\",\"itemListElement\":[{\"@type\":\"ListItem\",\"position\":1,\"name\":\"Inicio\",\"item\":\"https:\\\/\\\/quehacerpolitico.mx\\\/\"},{\"@type\":\"ListItem\",\"position\":2,\"name\":\"El Quehacer Pol\u00edtico Internacional a trav\u00e9s del tintero\\\/\\\/\\\/Edgar Castaneda\\\/\\\/\\\/Nancy Pelosi sugiere a Biden repensar su candidatura a la reelecci\u00f3n: \u201cEl tiempo apremia\u201d\"}]},{\"@type\":\"WebSite\",\"@id\":\"https:\\\/\\\/quehacerpolitico.mx\\\/#website\",\"url\":\"https:\\\/\\\/quehacerpolitico.mx\\\/\",\"name\":\"\",\"description\":\"\",\"potentialAction\":[{\"@type\":\"SearchAction\",\"target\":{\"@type\":\"EntryPoint\",\"urlTemplate\":\"https:\\\/\\\/quehacerpolitico.mx\\\/?s={search_term_string}\"},\"query-input\":{\"@type\":\"PropertyValueSpecification\",\"valueRequired\":true,\"valueName\":\"search_term_string\"}}],\"inLanguage\":\"es\"},{\"@type\":\"Person\",\"@id\":\"https:\\\/\\\/quehacerpolitico.mx\\\/#\\\/schema\\\/person\\\/496d8ad2d1d3f8036101dca7ee39e585\",\"name\":\"Redacci\u00f3n QP\",\"image\":{\"@type\":\"ImageObject\",\"inLanguage\":\"es\",\"@id\":\"https:\\\/\\\/secure.gravatar.com\\\/avatar\\\/c7164ed6fdec453195284ad24a5ae5b6e1eed2b848477fa2a4787ba9adf39a41?s=96&d=mm&r=g\",\"url\":\"https:\\\/\\\/secure.gravatar.com\\\/avatar\\\/c7164ed6fdec453195284ad24a5ae5b6e1eed2b848477fa2a4787ba9adf39a41?s=96&d=mm&r=g\",\"contentUrl\":\"https:\\\/\\\/secure.gravatar.com\\\/avatar\\\/c7164ed6fdec453195284ad24a5ae5b6e1eed2b848477fa2a4787ba9adf39a41?s=96&d=mm&r=g\",\"caption\":\"Redacci\u00f3n QP\"},\"url\":\"https:\\\/\\\/quehacerpolitico.mx\\\/?author=2\"}]}<\/script>\n<!-- \/ Yoast SEO plugin. -->","yoast_head_json":{"title":"El Quehacer Pol\u00edtico Internacional a trav\u00e9s del tintero\/\/\/Edgar Castaneda\/\/\/Nancy Pelosi sugiere a Biden repensar su candidatura a la reelecci\u00f3n: \u201cEl tiempo apremia\u201d -","robots":{"index":"index","follow":"follow","max-snippet":"max-snippet:-1","max-image-preview":"max-image-preview:large","max-video-preview":"max-video-preview:-1"},"canonical":"https:\/\/quehacerpolitico.mx\/?p=111226","og_locale":"es_MX","og_type":"article","og_title":"El Quehacer Pol\u00edtico Internacional a trav\u00e9s del tintero\/\/\/Edgar Castaneda\/\/\/Nancy Pelosi sugiere a Biden repensar su candidatura a la reelecci\u00f3n: \u201cEl tiempo apremia\u201d -","og_description":"Por Edgar Castaneda Analista La expresidenta de la C\u00e1mara de Representantes estadounidense\u00a0Nancy Pelosi sugiri\u00f3 este...","og_url":"https:\/\/quehacerpolitico.mx\/?p=111226","article_published_time":"2024-07-10T16:25:41+00:00","article_modified_time":"2024-07-10T16:25:44+00:00","og_image":[{"width":963,"height":493,"url":"https:\/\/quehacerpolitico.mx\/wp-content\/uploads\/2024\/07\/e7b32ca4-b0f2-40f8-b531-b3f6209528c6-3.jpeg","type":"image\/jpeg"}],"author":"Redacci\u00f3n QP","twitter_card":"summary_large_image","twitter_misc":{"Escrito por":"Redacci\u00f3n QP","Tiempo de lectura":"2 minutos"},"schema":{"@context":"https:\/\/schema.org","@graph":[{"@type":"Article","@id":"https:\/\/quehacerpolitico.mx\/?p=111226#article","isPartOf":{"@id":"https:\/\/quehacerpolitico.mx\/?p=111226"},"author":{"name":"Redacci\u00f3n QP","@id":"https:\/\/quehacerpolitico.mx\/#\/schema\/person\/496d8ad2d1d3f8036101dca7ee39e585"},"headline":"El Quehacer Pol\u00edtico Internacional a trav\u00e9s del tintero\/\/\/Edgar Castaneda\/\/\/Nancy Pelosi sugiere a Biden repensar su candidatura a la reelecci\u00f3n: \u201cEl tiempo apremia\u201d","datePublished":"2024-07-10T16:25:41+00:00","dateModified":"2024-07-10T16:25:44+00:00","mainEntityOfPage":{"@id":"https:\/\/quehacerpolitico.mx\/?p=111226"},"wordCount":395,"commentCount":0,"image":{"@id":"https:\/\/quehacerpolitico.mx\/?p=111226#primaryimage"},"thumbnailUrl":"https:\/\/quehacerpolitico.mx\/wp-content\/uploads\/2024\/07\/e7b32ca4-b0f2-40f8-b531-b3f6209528c6-3.jpeg","articleSection":["Internacionales"],"inLanguage":"es","potentialAction":[{"@type":"CommentAction","name":"Comment","target":["https:\/\/quehacerpolitico.mx\/?p=111226#respond"]}]},{"@type":"WebPage","@id":"https:\/\/quehacerpolitico.mx\/?p=111226","url":"https:\/\/quehacerpolitico.mx\/?p=111226","name":"El Quehacer Pol\u00edtico Internacional a trav\u00e9s del tintero\/\/\/Edgar Castaneda\/\/\/Nancy Pelosi sugiere a Biden repensar su candidatura a la reelecci\u00f3n: \u201cEl tiempo apremia\u201d -","isPartOf":{"@id":"https:\/\/quehacerpolitico.mx\/#website"},"primaryImageOfPage":{"@id":"https:\/\/quehacerpolitico.mx\/?p=111226#primaryimage"},"image":{"@id":"https:\/\/quehacerpolitico.mx\/?p=111226#primaryimage"},"thumbnailUrl":"https:\/\/quehacerpolitico.mx\/wp-content\/uploads\/2024\/07\/e7b32ca4-b0f2-40f8-b531-b3f6209528c6-3.jpeg","datePublished":"2024-07-10T16:25:41+00:00","dateModified":"2024-07-10T16:25:44+00:00","author":{"@id":"https:\/\/quehacerpolitico.mx\/#\/schema\/person\/496d8ad2d1d3f8036101dca7ee39e585"},"breadcrumb":{"@id":"https:\/\/quehacerpolitico.mx\/?p=111226#breadcrumb"},"inLanguage":"es","potentialAction":[{"@type":"ReadAction","target":["https:\/\/quehacerpolitico.mx\/?p=111226"]}]},{"@type":"ImageObject","inLanguage":"es","@id":"https:\/\/quehacerpolitico.mx\/?p=111226#primaryimage","url":"https:\/\/quehacerpolitico.mx\/wp-content\/uploads\/2024\/07\/e7b32ca4-b0f2-40f8-b531-b3f6209528c6-3.jpeg","contentUrl":"https:\/\/quehacerpolitico.mx\/wp-content\/uploads\/2024\/07\/e7b32ca4-b0f2-40f8-b531-b3f6209528c6-3.jpeg","width":963,"height":493},{"@type":"BreadcrumbList","@id":"https:\/\/quehacerpolitico.mx\/?p=111226#breadcrumb","itemListElement":[{"@type":"ListItem","position":1,"name":"Inicio","item":"https:\/\/quehacerpolitico.mx\/"},{"@type":"ListItem","position":2,"name":"El Quehacer Pol\u00edtico Internacional a trav\u00e9s del tintero\/\/\/Edgar Castaneda\/\/\/Nancy Pelosi sugiere a Biden repensar su candidatura a la reelecci\u00f3n: \u201cEl tiempo apremia\u201d"}]},{"@type":"WebSite","@id":"https:\/\/quehacerpolitico.mx\/#website","url":"https:\/\/quehacerpolitico.mx\/","name":"","description":"","potentialAction":[{"@type":"SearchAction","target":{"@type":"EntryPoint","urlTemplate":"https:\/\/quehacerpolitico.mx\/?s={search_term_string}"},"query-input":{"@type":"PropertyValueSpecification","valueRequired":true,"valueName":"search_term_string"}}],"inLanguage":"es"},{"@type":"Person","@id":"https:\/\/quehacerpolitico.mx\/#\/schema\/person\/496d8ad2d1d3f8036101dca7ee39e585","name":"Redacci\u00f3n QP","image":{"@type":"ImageObject","inLanguage":"es","@id":"https:\/\/secure.gravatar.com\/avatar\/c7164ed6fdec453195284ad24a5ae5b6e1eed2b848477fa2a4787ba9adf39a41?s=96&d=mm&r=g","url":"https:\/\/secure.gravatar.com\/avatar\/c7164ed6fdec453195284ad24a5ae5b6e1eed2b848477fa2a4787ba9adf39a41?s=96&d=mm&r=g","contentUrl":"https:\/\/secure.gravatar.com\/avatar\/c7164ed6fdec453195284ad24a5ae5b6e1eed2b848477fa2a4787ba9adf39a41?s=96&d=mm&r=g","caption":"Redacci\u00f3n QP"},"url":"https:\/\/quehacerpolitico.mx\/?author=2"}]}},"featured_image_urls":{"full":["https:\/\/quehacerpolitico.mx\/wp-content\/uploads\/2024\/07\/e7b32ca4-b0f2-40f8-b531-b3f6209528c6-3.jpeg",963,493,false],"thumbnail":["https:\/\/quehacerpolitico.mx\/wp-content\/uploads\/2024\/07\/e7b32ca4-b0f2-40f8-b531-b3f6209528c6-3-150x150.jpeg",150,150,true],"medium":["https:\/\/quehacerpolitico.mx\/wp-content\/uploads\/2024\/07\/e7b32ca4-b0f2-40f8-b531-b3f6209528c6-3-300x154.jpeg",300,154,true],"medium_large":["https:\/\/quehacerpolitico.mx\/wp-content\/uploads\/2024\/07\/e7b32ca4-b0f2-40f8-b531-b3f6209528c6-3-768x393.jpeg",640,328,true],"large":["https:\/\/quehacerpolitico.mx\/wp-content\/uploads\/2024\/07\/e7b32ca4-b0f2-40f8-b531-b3f6209528c6-3.jpeg",640,328,false],"1536x1536":["https:\/\/quehacerpolitico.mx\/wp-content\/uploads\/2024\/07\/e7b32ca4-b0f2-40f8-b531-b3f6209528c6-3.jpeg",963,493,false],"2048x2048":["https:\/\/quehacerpolitico.mx\/wp-content\/uploads\/2024\/07\/e7b32ca4-b0f2-40f8-b531-b3f6209528c6-3.jpeg",963,493,false],"covernews-featured":["https:\/\/quehacerpolitico.mx\/wp-content\/uploads\/2024\/07\/e7b32ca4-b0f2-40f8-b531-b3f6209528c6-3.jpeg",963,493,false],"covernews-medium":["https:\/\/quehacerpolitico.mx\/wp-content\/uploads\/2024\/07\/e7b32ca4-b0f2-40f8-b531-b3f6209528c6-3.jpeg",540,276,false]},"author_info":{"display_name":"Redacci\u00f3n QP","author_link":"https:\/\/quehacerpolitico.mx\/?author=2"},"category_info":"<a href=\"https:\/\/quehacerpolitico.mx\/?cat=1\" rel=\"category\">Internacionales<\/a>","tag_info":"Internacionales","comment_count":"0","_links":{"self":[{"href":"https:\/\/quehacerpolitico.mx\/index.php?rest_route=\/wp\/v2\/posts\/111226","targetHints":{"allow":["GET"]}}],"collection":[{"href":"https:\/\/quehacerpolitico.mx\/index.php?rest_route=\/wp\/v2\/posts"}],"about":[{"href":"https:\/\/quehacerpolitico.mx\/index.php?rest_route=\/wp\/v2\/types\/post"}],"author":[{"embeddable":true,"href":"https:\/\/quehacerpolitico.mx\/index.php?rest_route=\/wp\/v2\/users\/2"}],"replies":[{"embeddable":true,"href":"https:\/\/quehacerpolitico.mx\/index.php?rest_route=%2Fwp%2Fv2%2Fcomments&post=111226"}],"version-history":[{"count":1,"href":"https:\/\/quehacerpolitico.mx\/index.php?rest_route=\/wp\/v2\/posts\/111226\/revisions"}],"predecessor-version":[{"id":111228,"href":"https:\/\/quehacerpolitico.mx\/index.php?rest_route=\/wp\/v2\/posts\/111226\/revisions\/111228"}],"wp:featuredmedia":[{"embeddable":true,"href":"https:\/\/quehacerpolitico.mx\/index.php?rest_route=\/wp\/v2\/media\/111227"}],"wp:attachment":[{"href":"https:\/\/quehacerpolitico.mx\/index.php?rest_route=%2Fwp%2Fv2%2Fmedia&parent=111226"}],"wp:term":[{"taxonomy":"category","embeddable":true,"href":"https:\/\/quehacerpolitico.mx\/index.php?rest_route=%2Fwp%2Fv2%2Fcategories&post=111226"},{"taxonomy":"post_tag","embeddable":true,"href":"https:\/\/quehacerpolitico.mx\/index.php?rest_route=%2Fwp%2Fv2%2Ftags&post=111226"}],"curies":[{"name":"wp","href":"https:\/\/api.w.org\/{rel}","templated":true}]}}