{"id":111205,"date":"2024-07-09T17:33:16","date_gmt":"2024-07-09T17:33:16","guid":{"rendered":"https:\/\/quehacerpolitico.mx\/?p=111205"},"modified":"2024-07-09T17:33:19","modified_gmt":"2024-07-09T17:33:19","slug":"la-inflacion-en-mexico-se-dispara-a-4-98-pero-se-anticipa-que-no-incida-en-eventual-recorte-a-las-tasas-de-interes-en-agosto","status":"publish","type":"post","link":"https:\/\/quehacerpolitico.mx\/?p=111205","title":{"rendered":"La inflaci\u00f3n en M\u00e9xico se dispara a 4.98%, pero se anticipa que no incida en eventual recorte a las tasas de inter\u00e9s en agosto"},"content":{"rendered":"\n<p>Por Redacci\u00f3n QP<\/p>\n\n\n\n<p>La\u00a0<strong>inflaci\u00f3n general\u00a0<\/strong>de M\u00e9xico aceler\u00f3 en\u00a0<strong>junio\u00a0<\/strong>por arriba de lo previsto, aunque una continua moderaci\u00f3n del clave \u00edndice subyacente podr\u00eda abrir la posibilidad a que el\u00a0<strong>banco central\u00a0<\/strong>ponga sobre la mesa una\u00a0<strong>reducci\u00f3n\u00a0<\/strong>de su tasa de referencia en agosto, coincidieron analistas.<\/p>\n\n\n\n<p>El \u00cdndice Nacional de Precios al Consumidor (<strong>INPC<\/strong>) se ubic\u00f3 en un 4.98% a tasa interanual, su mayor nivel desde\u00a0<strong>junio\u00a0<\/strong>del a\u00f1o pasado, pero lejos del r\u00e9cord en m\u00e1s de dos d\u00e9cadas de un<strong>8.7%<\/strong>\u00a0que alcanz\u00f3 en 2022, de acuerdo con cifras divulgadas el martes por el Instituto Nacional de Estad\u00edstica y Geograf\u00eda (Inegi).<\/p>\n\n\n\n<figure class=\"wp-block-embed is-type-rich is-provider-twitter wp-block-embed-twitter\"><div class=\"wp-block-embed__wrapper\">\n<blockquote class=\"twitter-tweet\" data-width=\"550\" data-dnt=\"true\"><p lang=\"es\" dir=\"ltr\">En junio 2024, la <a href=\"https:\/\/twitter.com\/hashtag\/inflaci%C3%B3n?src=hash&amp;ref_src=twsrc%5Etfw\">#inflaci\u00f3n<\/a> general anual se ubic\u00f3 en 4.98%. A tasa mensual, el \u00cdndice Nacional de Precios al Consumidor <a href=\"https:\/\/twitter.com\/hashtag\/INPC?src=hash&amp;ref_src=twsrc%5Etfw\">#INPC<\/a> aument\u00f3 0.38%.<br><br>Por componente, la inflaci\u00f3n anual:<br>\ud83d\udd39 4.13%, Subyacente<br>\ud83d\udd39 7.67%, No subyacente<br><br>\ud83d\udcc4 Consulta el comunicado de prensa:\u2026 <a href=\"https:\/\/t.co\/03tQevlj58\">pic.twitter.com\/03tQevlj58<\/a><\/p>&mdash; INEGI INFORMA (@INEGI_INFORMA) <a href=\"https:\/\/twitter.com\/INEGI_INFORMA\/status\/1810645658803515894?ref_src=twsrc%5Etfw\">July 9, 2024<\/a><\/blockquote><script async src=\"https:\/\/platform.twitter.com\/widgets.js\" charset=\"utf-8\"><\/script>\n<\/div><\/figure>\n\n\n\n<p>Analistas proyectaban una tasa de un 4.84%, seg\u00fan un sondeo de&nbsp;<em>Reuters<\/em>. Banco de M\u00e9xico tiene una meta oficial de&nbsp;<strong>inflaci\u00f3n&nbsp;<\/strong>de un 3%.<\/p>\n\n\n\n<p>Por su parte, la&nbsp;<strong>inflaci\u00f3n subyacente<\/strong>, considerada un mejor par\u00e1metro para medir la trayectoria de los precios porque elimina productos de alta volatilidad, descendi\u00f3 por decimos\u00e9ptimo mes seguido a un 4.13%, un nivel no visto desde&nbsp;<strong>marzo&nbsp;<\/strong>de 2021.<\/p>\n\n\n\n<p>\u201cSi bien todav\u00eda hay mucha&nbsp;<strong>incertidumbre&nbsp;<\/strong>en torno a la pr\u00f3xima decisi\u00f3n sobre tasas en agosto, creemos que el alivio de las presiones sobre los precios subyacentes, junto con la d\u00e9bil racha de datos de actividad y el&nbsp;<strong>repunte&nbsp;<\/strong>del peso, dejan en juego un&nbsp;<strong>recorte&nbsp;<\/strong>de tasas en agosto\u201d, dijo Capital Economics.<\/p>\n\n\n\n<p>A finales de junio, el banco central mantuvo la&nbsp;<strong>tasa referencial&nbsp;<\/strong>en un 11%, despu\u00e9s de recortarla en marzo por primera vez desde que inici\u00f3 su ciclo restrictivo en&nbsp;<strong>2021<\/strong>, pero se\u00f1al\u00f3 que una reducci\u00f3n de la&nbsp;<strong>inflaci\u00f3n&nbsp;<\/strong>podr\u00eda allanar el camino para futuros nuevos recortes.<\/p>\n\n\n\n<p>Sin embargo, el subgobernador<strong>&nbsp;Jonathan Heath<\/strong>&nbsp;dijo en una entrevista divulgada el lunes que el Banco de M\u00e9xico no deber\u00eda recortar la tasa hasta que se observe una clara tendencia a la&nbsp;<strong>baja&nbsp;<\/strong>en la inflaci\u00f3n. El pr\u00f3ximo anuncio de pol\u00edtica monetaria del banco central est\u00e1 programado para el 8 de&nbsp;<strong>agosto<\/strong>.<\/p>\n\n\n\n<p>S\u00f3lo en\u00a0<strong>junio<\/strong>, los precios disminuyeron un 0.38% respecto al mes previo, mientras que el \u00edndice subyacente arroj\u00f3 una tasa del 0.22%, seg\u00fan el Inegi.<\/p>\n\n\n\n<p>Los productos con mayor incidencia en el\u00a0<strong>INPC\u00a0<\/strong>que m\u00e1s incrementos sufrieron en el mes fueron el\u00a0<strong>chayote\u00a0<\/strong>y la\u00a0<strong>naranja<\/strong>, as\u00ed como otras verduras y legumbres, mientras que el jitomate, el chile serrano y el huevo fueron los que m\u00e1s descendieron.<\/p>\n\n\n\n<p>Con informaci\u00f3n de Reuters<\/p>\n","protected":false},"excerpt":{"rendered":"<p>Por Redacci\u00f3n QP La\u00a0inflaci\u00f3n general\u00a0de M\u00e9xico aceler\u00f3 en\u00a0junio\u00a0por arriba de lo previsto, aunque una continua&#8230;<\/p>\n","protected":false},"author":2,"featured_media":111206,"comment_status":"open","ping_status":"open","sticky":false,"template":"","format":"standard","meta":{"_monsterinsights_skip_tracking":false,"_monsterinsights_sitenote_active":false,"_monsterinsights_sitenote_note":"","_monsterinsights_sitenote_category":0,"footnotes":""},"categories":[56],"tags":[],"class_list":["post-111205","post","type-post","status-publish","format-standard","has-post-thumbnail","hentry","category-economia"],"yoast_head":"<!-- This site is optimized with the Yoast SEO plugin v27.3 - https:\/\/yoast.com\/product\/yoast-seo-wordpress\/ -->\n<title>La inflaci\u00f3n en M\u00e9xico se dispara a 4.98%, pero se anticipa que no incida en eventual recorte a las tasas de inter\u00e9s en agosto -<\/title>\n<meta name=\"robots\" content=\"index, follow, max-snippet:-1, max-image-preview:large, max-video-preview:-1\" \/>\n<link rel=\"canonical\" href=\"https:\/\/quehacerpolitico.mx\/?p=111205\" \/>\n<meta property=\"og:locale\" content=\"es_MX\" \/>\n<meta property=\"og:type\" content=\"article\" \/>\n<meta property=\"og:title\" content=\"La inflaci\u00f3n en M\u00e9xico se dispara a 4.98%, pero se anticipa que no incida en eventual recorte a las tasas de inter\u00e9s en agosto -\" \/>\n<meta property=\"og:description\" content=\"Por Redacci\u00f3n QP La\u00a0inflaci\u00f3n general\u00a0de M\u00e9xico aceler\u00f3 en\u00a0junio\u00a0por arriba de lo previsto, aunque una continua...\" \/>\n<meta property=\"og:url\" content=\"https:\/\/quehacerpolitico.mx\/?p=111205\" \/>\n<meta property=\"article:published_time\" content=\"2024-07-09T17:33:16+00:00\" \/>\n<meta property=\"article:modified_time\" content=\"2024-07-09T17:33:19+00:00\" \/>\n<meta property=\"og:image\" content=\"https:\/\/quehacerpolitico.mx\/wp-content\/uploads\/2024\/07\/IMG_6612.jpeg\" \/>\n\t<meta property=\"og:image:width\" content=\"701\" \/>\n\t<meta property=\"og:image:height\" content=\"438\" \/>\n\t<meta property=\"og:image:type\" content=\"image\/jpeg\" \/>\n<meta name=\"author\" content=\"Redacci\u00f3n QP\" \/>\n<meta name=\"twitter:card\" content=\"summary_large_image\" \/>\n<meta name=\"twitter:label1\" content=\"Escrito por\" \/>\n\t<meta name=\"twitter:data1\" content=\"Redacci\u00f3n QP\" \/>\n\t<meta name=\"twitter:label2\" content=\"Tiempo de lectura\" \/>\n\t<meta name=\"twitter:data2\" content=\"2 minutos\" \/>\n<script type=\"application\/ld+json\" class=\"yoast-schema-graph\">{\"@context\":\"https:\\\/\\\/schema.org\",\"@graph\":[{\"@type\":\"Article\",\"@id\":\"https:\\\/\\\/quehacerpolitico.mx\\\/?p=111205#article\",\"isPartOf\":{\"@id\":\"https:\\\/\\\/quehacerpolitico.mx\\\/?p=111205\"},\"author\":{\"name\":\"Redacci\u00f3n QP\",\"@id\":\"https:\\\/\\\/quehacerpolitico.mx\\\/#\\\/schema\\\/person\\\/496d8ad2d1d3f8036101dca7ee39e585\"},\"headline\":\"La inflaci\u00f3n en M\u00e9xico se dispara a 4.98%, pero se anticipa que no incida en eventual recorte a las tasas de inter\u00e9s en agosto\",\"datePublished\":\"2024-07-09T17:33:16+00:00\",\"dateModified\":\"2024-07-09T17:33:19+00:00\",\"mainEntityOfPage\":{\"@id\":\"https:\\\/\\\/quehacerpolitico.mx\\\/?p=111205\"},\"wordCount\":474,\"commentCount\":0,\"image\":{\"@id\":\"https:\\\/\\\/quehacerpolitico.mx\\\/?p=111205#primaryimage\"},\"thumbnailUrl\":\"https:\\\/\\\/quehacerpolitico.mx\\\/wp-content\\\/uploads\\\/2024\\\/07\\\/IMG_6612.jpeg\",\"articleSection\":[\"Econom\u00eda\"],\"inLanguage\":\"es\",\"potentialAction\":[{\"@type\":\"CommentAction\",\"name\":\"Comment\",\"target\":[\"https:\\\/\\\/quehacerpolitico.mx\\\/?p=111205#respond\"]}]},{\"@type\":\"WebPage\",\"@id\":\"https:\\\/\\\/quehacerpolitico.mx\\\/?p=111205\",\"url\":\"https:\\\/\\\/quehacerpolitico.mx\\\/?p=111205\",\"name\":\"La inflaci\u00f3n en M\u00e9xico se dispara a 4.98%, pero se anticipa que no incida en eventual recorte a las tasas de inter\u00e9s en agosto -\",\"isPartOf\":{\"@id\":\"https:\\\/\\\/quehacerpolitico.mx\\\/#website\"},\"primaryImageOfPage\":{\"@id\":\"https:\\\/\\\/quehacerpolitico.mx\\\/?p=111205#primaryimage\"},\"image\":{\"@id\":\"https:\\\/\\\/quehacerpolitico.mx\\\/?p=111205#primaryimage\"},\"thumbnailUrl\":\"https:\\\/\\\/quehacerpolitico.mx\\\/wp-content\\\/uploads\\\/2024\\\/07\\\/IMG_6612.jpeg\",\"datePublished\":\"2024-07-09T17:33:16+00:00\",\"dateModified\":\"2024-07-09T17:33:19+00:00\",\"author\":{\"@id\":\"https:\\\/\\\/quehacerpolitico.mx\\\/#\\\/schema\\\/person\\\/496d8ad2d1d3f8036101dca7ee39e585\"},\"breadcrumb\":{\"@id\":\"https:\\\/\\\/quehacerpolitico.mx\\\/?p=111205#breadcrumb\"},\"inLanguage\":\"es\",\"potentialAction\":[{\"@type\":\"ReadAction\",\"target\":[\"https:\\\/\\\/quehacerpolitico.mx\\\/?p=111205\"]}]},{\"@type\":\"ImageObject\",\"inLanguage\":\"es\",\"@id\":\"https:\\\/\\\/quehacerpolitico.mx\\\/?p=111205#primaryimage\",\"url\":\"https:\\\/\\\/quehacerpolitico.mx\\\/wp-content\\\/uploads\\\/2024\\\/07\\\/IMG_6612.jpeg\",\"contentUrl\":\"https:\\\/\\\/quehacerpolitico.mx\\\/wp-content\\\/uploads\\\/2024\\\/07\\\/IMG_6612.jpeg\",\"width\":701,\"height\":438},{\"@type\":\"BreadcrumbList\",\"@id\":\"https:\\\/\\\/quehacerpolitico.mx\\\/?p=111205#breadcrumb\",\"itemListElement\":[{\"@type\":\"ListItem\",\"position\":1,\"name\":\"Inicio\",\"item\":\"https:\\\/\\\/quehacerpolitico.mx\\\/\"},{\"@type\":\"ListItem\",\"position\":2,\"name\":\"La inflaci\u00f3n en M\u00e9xico se dispara a 4.98%, pero se anticipa que no incida en eventual recorte a las tasas de inter\u00e9s en agosto\"}]},{\"@type\":\"WebSite\",\"@id\":\"https:\\\/\\\/quehacerpolitico.mx\\\/#website\",\"url\":\"https:\\\/\\\/quehacerpolitico.mx\\\/\",\"name\":\"\",\"description\":\"\",\"potentialAction\":[{\"@type\":\"SearchAction\",\"target\":{\"@type\":\"EntryPoint\",\"urlTemplate\":\"https:\\\/\\\/quehacerpolitico.mx\\\/?s={search_term_string}\"},\"query-input\":{\"@type\":\"PropertyValueSpecification\",\"valueRequired\":true,\"valueName\":\"search_term_string\"}}],\"inLanguage\":\"es\"},{\"@type\":\"Person\",\"@id\":\"https:\\\/\\\/quehacerpolitico.mx\\\/#\\\/schema\\\/person\\\/496d8ad2d1d3f8036101dca7ee39e585\",\"name\":\"Redacci\u00f3n QP\",\"image\":{\"@type\":\"ImageObject\",\"inLanguage\":\"es\",\"@id\":\"https:\\\/\\\/secure.gravatar.com\\\/avatar\\\/c7164ed6fdec453195284ad24a5ae5b6e1eed2b848477fa2a4787ba9adf39a41?s=96&d=mm&r=g\",\"url\":\"https:\\\/\\\/secure.gravatar.com\\\/avatar\\\/c7164ed6fdec453195284ad24a5ae5b6e1eed2b848477fa2a4787ba9adf39a41?s=96&d=mm&r=g\",\"contentUrl\":\"https:\\\/\\\/secure.gravatar.com\\\/avatar\\\/c7164ed6fdec453195284ad24a5ae5b6e1eed2b848477fa2a4787ba9adf39a41?s=96&d=mm&r=g\",\"caption\":\"Redacci\u00f3n QP\"},\"url\":\"https:\\\/\\\/quehacerpolitico.mx\\\/?author=2\"}]}<\/script>\n<!-- \/ Yoast SEO plugin. -->","yoast_head_json":{"title":"La inflaci\u00f3n en M\u00e9xico se dispara a 4.98%, pero se anticipa que no incida en eventual recorte a las tasas de inter\u00e9s en agosto -","robots":{"index":"index","follow":"follow","max-snippet":"max-snippet:-1","max-image-preview":"max-image-preview:large","max-video-preview":"max-video-preview:-1"},"canonical":"https:\/\/quehacerpolitico.mx\/?p=111205","og_locale":"es_MX","og_type":"article","og_title":"La inflaci\u00f3n en M\u00e9xico se dispara a 4.98%, pero se anticipa que no incida en eventual recorte a las tasas de inter\u00e9s en agosto -","og_description":"Por Redacci\u00f3n QP La\u00a0inflaci\u00f3n general\u00a0de M\u00e9xico aceler\u00f3 en\u00a0junio\u00a0por arriba de lo previsto, aunque una continua...","og_url":"https:\/\/quehacerpolitico.mx\/?p=111205","article_published_time":"2024-07-09T17:33:16+00:00","article_modified_time":"2024-07-09T17:33:19+00:00","og_image":[{"width":701,"height":438,"url":"https:\/\/quehacerpolitico.mx\/wp-content\/uploads\/2024\/07\/IMG_6612.jpeg","type":"image\/jpeg"}],"author":"Redacci\u00f3n QP","twitter_card":"summary_large_image","twitter_misc":{"Escrito por":"Redacci\u00f3n QP","Tiempo de lectura":"2 minutos"},"schema":{"@context":"https:\/\/schema.org","@graph":[{"@type":"Article","@id":"https:\/\/quehacerpolitico.mx\/?p=111205#article","isPartOf":{"@id":"https:\/\/quehacerpolitico.mx\/?p=111205"},"author":{"name":"Redacci\u00f3n QP","@id":"https:\/\/quehacerpolitico.mx\/#\/schema\/person\/496d8ad2d1d3f8036101dca7ee39e585"},"headline":"La inflaci\u00f3n en M\u00e9xico se dispara a 4.98%, pero se anticipa que no incida en eventual recorte a las tasas de inter\u00e9s en agosto","datePublished":"2024-07-09T17:33:16+00:00","dateModified":"2024-07-09T17:33:19+00:00","mainEntityOfPage":{"@id":"https:\/\/quehacerpolitico.mx\/?p=111205"},"wordCount":474,"commentCount":0,"image":{"@id":"https:\/\/quehacerpolitico.mx\/?p=111205#primaryimage"},"thumbnailUrl":"https:\/\/quehacerpolitico.mx\/wp-content\/uploads\/2024\/07\/IMG_6612.jpeg","articleSection":["Econom\u00eda"],"inLanguage":"es","potentialAction":[{"@type":"CommentAction","name":"Comment","target":["https:\/\/quehacerpolitico.mx\/?p=111205#respond"]}]},{"@type":"WebPage","@id":"https:\/\/quehacerpolitico.mx\/?p=111205","url":"https:\/\/quehacerpolitico.mx\/?p=111205","name":"La inflaci\u00f3n en M\u00e9xico se dispara a 4.98%, pero se anticipa que no incida en eventual recorte a las tasas de inter\u00e9s en agosto -","isPartOf":{"@id":"https:\/\/quehacerpolitico.mx\/#website"},"primaryImageOfPage":{"@id":"https:\/\/quehacerpolitico.mx\/?p=111205#primaryimage"},"image":{"@id":"https:\/\/quehacerpolitico.mx\/?p=111205#primaryimage"},"thumbnailUrl":"https:\/\/quehacerpolitico.mx\/wp-content\/uploads\/2024\/07\/IMG_6612.jpeg","datePublished":"2024-07-09T17:33:16+00:00","dateModified":"2024-07-09T17:33:19+00:00","author":{"@id":"https:\/\/quehacerpolitico.mx\/#\/schema\/person\/496d8ad2d1d3f8036101dca7ee39e585"},"breadcrumb":{"@id":"https:\/\/quehacerpolitico.mx\/?p=111205#breadcrumb"},"inLanguage":"es","potentialAction":[{"@type":"ReadAction","target":["https:\/\/quehacerpolitico.mx\/?p=111205"]}]},{"@type":"ImageObject","inLanguage":"es","@id":"https:\/\/quehacerpolitico.mx\/?p=111205#primaryimage","url":"https:\/\/quehacerpolitico.mx\/wp-content\/uploads\/2024\/07\/IMG_6612.jpeg","contentUrl":"https:\/\/quehacerpolitico.mx\/wp-content\/uploads\/2024\/07\/IMG_6612.jpeg","width":701,"height":438},{"@type":"BreadcrumbList","@id":"https:\/\/quehacerpolitico.mx\/?p=111205#breadcrumb","itemListElement":[{"@type":"ListItem","position":1,"name":"Inicio","item":"https:\/\/quehacerpolitico.mx\/"},{"@type":"ListItem","position":2,"name":"La inflaci\u00f3n en M\u00e9xico se dispara a 4.98%, pero se anticipa que no incida en eventual recorte a las tasas de inter\u00e9s en agosto"}]},{"@type":"WebSite","@id":"https:\/\/quehacerpolitico.mx\/#website","url":"https:\/\/quehacerpolitico.mx\/","name":"","description":"","potentialAction":[{"@type":"SearchAction","target":{"@type":"EntryPoint","urlTemplate":"https:\/\/quehacerpolitico.mx\/?s={search_term_string}"},"query-input":{"@type":"PropertyValueSpecification","valueRequired":true,"valueName":"search_term_string"}}],"inLanguage":"es"},{"@type":"Person","@id":"https:\/\/quehacerpolitico.mx\/#\/schema\/person\/496d8ad2d1d3f8036101dca7ee39e585","name":"Redacci\u00f3n QP","image":{"@type":"ImageObject","inLanguage":"es","@id":"https:\/\/secure.gravatar.com\/avatar\/c7164ed6fdec453195284ad24a5ae5b6e1eed2b848477fa2a4787ba9adf39a41?s=96&d=mm&r=g","url":"https:\/\/secure.gravatar.com\/avatar\/c7164ed6fdec453195284ad24a5ae5b6e1eed2b848477fa2a4787ba9adf39a41?s=96&d=mm&r=g","contentUrl":"https:\/\/secure.gravatar.com\/avatar\/c7164ed6fdec453195284ad24a5ae5b6e1eed2b848477fa2a4787ba9adf39a41?s=96&d=mm&r=g","caption":"Redacci\u00f3n QP"},"url":"https:\/\/quehacerpolitico.mx\/?author=2"}]}},"featured_image_urls":{"full":["https:\/\/quehacerpolitico.mx\/wp-content\/uploads\/2024\/07\/IMG_6612.jpeg",701,438,false],"thumbnail":["https:\/\/quehacerpolitico.mx\/wp-content\/uploads\/2024\/07\/IMG_6612-150x150.jpeg",150,150,true],"medium":["https:\/\/quehacerpolitico.mx\/wp-content\/uploads\/2024\/07\/IMG_6612-300x187.jpeg",300,187,true],"medium_large":["https:\/\/quehacerpolitico.mx\/wp-content\/uploads\/2024\/07\/IMG_6612.jpeg",640,400,false],"large":["https:\/\/quehacerpolitico.mx\/wp-content\/uploads\/2024\/07\/IMG_6612.jpeg",640,400,false],"1536x1536":["https:\/\/quehacerpolitico.mx\/wp-content\/uploads\/2024\/07\/IMG_6612.jpeg",701,438,false],"2048x2048":["https:\/\/quehacerpolitico.mx\/wp-content\/uploads\/2024\/07\/IMG_6612.jpeg",701,438,false],"covernews-featured":["https:\/\/quehacerpolitico.mx\/wp-content\/uploads\/2024\/07\/IMG_6612.jpeg",701,438,false],"covernews-medium":["https:\/\/quehacerpolitico.mx\/wp-content\/uploads\/2024\/07\/IMG_6612.jpeg",540,337,false]},"author_info":{"display_name":"Redacci\u00f3n QP","author_link":"https:\/\/quehacerpolitico.mx\/?author=2"},"category_info":"<a href=\"https:\/\/quehacerpolitico.mx\/?cat=56\" rel=\"category\">Econom\u00eda<\/a>","tag_info":"Econom\u00eda","comment_count":"0","_links":{"self":[{"href":"https:\/\/quehacerpolitico.mx\/index.php?rest_route=\/wp\/v2\/posts\/111205","targetHints":{"allow":["GET"]}}],"collection":[{"href":"https:\/\/quehacerpolitico.mx\/index.php?rest_route=\/wp\/v2\/posts"}],"about":[{"href":"https:\/\/quehacerpolitico.mx\/index.php?rest_route=\/wp\/v2\/types\/post"}],"author":[{"embeddable":true,"href":"https:\/\/quehacerpolitico.mx\/index.php?rest_route=\/wp\/v2\/users\/2"}],"replies":[{"embeddable":true,"href":"https:\/\/quehacerpolitico.mx\/index.php?rest_route=%2Fwp%2Fv2%2Fcomments&post=111205"}],"version-history":[{"count":1,"href":"https:\/\/quehacerpolitico.mx\/index.php?rest_route=\/wp\/v2\/posts\/111205\/revisions"}],"predecessor-version":[{"id":111207,"href":"https:\/\/quehacerpolitico.mx\/index.php?rest_route=\/wp\/v2\/posts\/111205\/revisions\/111207"}],"wp:featuredmedia":[{"embeddable":true,"href":"https:\/\/quehacerpolitico.mx\/index.php?rest_route=\/wp\/v2\/media\/111206"}],"wp:attachment":[{"href":"https:\/\/quehacerpolitico.mx\/index.php?rest_route=%2Fwp%2Fv2%2Fmedia&parent=111205"}],"wp:term":[{"taxonomy":"category","embeddable":true,"href":"https:\/\/quehacerpolitico.mx\/index.php?rest_route=%2Fwp%2Fv2%2Fcategories&post=111205"},{"taxonomy":"post_tag","embeddable":true,"href":"https:\/\/quehacerpolitico.mx\/index.php?rest_route=%2Fwp%2Fv2%2Ftags&post=111205"}],"curies":[{"name":"wp","href":"https:\/\/api.w.org\/{rel}","templated":true}]}}