{"id":111190,"date":"2024-07-08T18:19:08","date_gmt":"2024-07-08T18:19:08","guid":{"rendered":"https:\/\/quehacerpolitico.mx\/?p=111190"},"modified":"2024-07-08T18:19:10","modified_gmt":"2024-07-08T18:19:10","slug":"amlo-festeja-las-victorias-de-los-partidos-de-izquierda-en-francia-y-reino-unido-es-como-un-despertar-de-europa","status":"publish","type":"post","link":"https:\/\/quehacerpolitico.mx\/?p=111190","title":{"rendered":"AMLO festeja las victorias de los partidos de izquierda en Francia y Reino Unido: \u201cEs como un despertar de Europa\u201d"},"content":{"rendered":"\n<p>Por Redacci\u00f3n QP<\/p>\n\n\n\n<p>El presidente de M\u00e9xico,&nbsp;<strong>Andr\u00e9s Manuel L\u00f3pez Obrador<\/strong>, celebr\u00f3 este lunes las victorias de los partidos de izquierda en las pasadas elecciones de&nbsp;<strong>Francia<\/strong>&nbsp;y&nbsp;<strong>Reino Unido<\/strong>, pues asegur\u00f3 que Europa estaba ya muy empolvada y muy rancia por el&nbsp;<strong>conservadurismo<\/strong>.<\/p>\n\n\n\n<p>\u201cLa verdad, me da mucho gusto por Europa, que ya estaba muy empolvada, muy rancia, con ese conservadurismo galopante y ahora es como un despertar de Europa y lo celebro bastante, celebro mucho. Y m\u00e1s en el\u00a0<strong>caso de Francia\u00a0<\/strong>por todo esto que est\u00e1 sucediendo\u201d, apunt\u00f3 el mandatario durante su conferencia de prensa matutina.<\/p>\n\n\n\n<figure class=\"wp-block-embed is-type-rich is-provider-twitter wp-block-embed-twitter\"><div class=\"wp-block-embed__wrapper\">\n<blockquote class=\"twitter-tweet\" data-width=\"550\" data-dnt=\"true\"><p lang=\"es\" dir=\"ltr\">&quot;Me da mucho gusto por Europa, ya estaba muy rancia&quot;<a href=\"https:\/\/twitter.com\/lopezobrador_?ref_src=twsrc%5Etfw\">@lopezobrador_<\/a> celebra el triunfo de la izquierda en Francia. <a href=\"https:\/\/t.co\/oo45OwXWPs\">pic.twitter.com\/oo45OwXWPs<\/a><\/p>&mdash; Ruido en la Red (@RuidoEnLaRed) <a href=\"https:\/\/twitter.com\/RuidoEnLaRed\/status\/1810334032166556075?ref_src=twsrc%5Etfw\">July 8, 2024<\/a><\/blockquote><script async src=\"https:\/\/platform.twitter.com\/widgets.js\" charset=\"utf-8\"><\/script>\n<\/div><\/figure>\n\n\n\n<p>El gobernante mexicano se refiri\u00f3 as\u00ed a la victoria el domingo de la coalici\u00f3n en la que est\u00e1 el l\u00edder de la izquierda radical de Francia,&nbsp;<strong>Jean-Luc M\u00e9lenchon<\/strong>, tras el triunfo del Nuevo Frente Popular en las elecciones legislativas francesas.<\/p>\n\n\n\n<p>La&nbsp;<strong>izquierda francesa&nbsp;<\/strong>protagoniz\u00f3 un vuelco electoral al quedar en cabeza de las legislativas, por delante del bloque del presidente,&nbsp;<strong>Emmanuel Macron<\/strong>, lo que releg\u00f3 a la favorita, la ultraderecha de Marine Le Pen, al tercer lugar.<\/p>\n\n\n\n<p>Al respecto, el presidente&nbsp;<strong>L\u00f3pez Obrador<\/strong>aprovech\u00f3 para felicitar \u201ca los dirigentes y al pueblo franc\u00e9s, por lo que sucedi\u00f3\u201d.<\/p>\n\n\n\n<p>Afirm\u00f3 que hace poco, en una entrevista, augur\u00f3 que la&nbsp;<strong>derecha<\/strong>&nbsp;y el&nbsp;<strong>conservadurismo<\/strong>&nbsp;\u201cno tienen futuro\u201d, ya que los pueblos del mundo \u201cson humanistas y son progresistas\u201d.<\/p>\n\n\n\n<p>\u201cCuando crece la derecha es porque la izquierda anda mal, sobre todo en su capacidad de direcci\u00f3n en sus cuadros dirigentes, pero los pueblos en todo el mundo est\u00e1n a favor de la fraternidad y de la libertad y de la igualdad, aprovechando que estamos hablando de\u00a0<strong>Francia<\/strong>y en todo el mundo y ayer se demostr\u00f3\u201d, acot\u00f3 el mandatario federal.<\/p>\n\n\n\n<p>Destac\u00f3 que \u201chab\u00eda riesgo de que la derecha dominara el parlamento franc\u00e9s\u201d, por lo que elogi\u00f3 la \u201cestrategia de unidad de todas las fuerzas de&nbsp;<strong>izquierda de Francia\u201d<\/strong>.<\/p>\n\n\n\n<p>Y reconoci\u00f3 el liderazgo de M\u00e9lenchon, a quien consider\u00f3 un \u201camigo, un gran dirigente\u201d.<\/p>\n\n\n\n<p>\u201cLo conoc\u00ed hace como 10 a\u00f1os. \u00c9l es ahora el&nbsp;<strong>dirigente<\/strong>&nbsp;de este agrupamiento de la izquierda que obtuvo mayor\u00eda\u201d, expres\u00f3.<\/p>\n\n\n\n<p>Asimismo, se refiri\u00f3 al triunfo del&nbsp;<strong>Partido Laborista&nbsp;<\/strong>en Reino Unido, liderado por&nbsp;<strong>Keir Starmer<\/strong>, que el pasado jueves logr\u00f3 una aplastante mayor\u00eda absoluta de dos tercios del Parlamento<a href=\"https:\/\/twitter.com\/latinus_us\" target=\"_blank\" rel=\"noreferrer noopener\">.<\/a><\/p>\n\n\n\n<p>\u201cAdem\u00e1s, hay un margen muy amplio, nunca los laboristas hab\u00edan tenido una ventaja as\u00ed desde el siglo XIX\u201d, expres\u00f3.<\/p>\n\n\n\n<p>No obstante, cit\u00f3 las cr\u00edticas del exl\u00edder del Partido Laborista brit\u00e1nico y su amigo,&nbsp;<strong>Jeremy Corbyn.<\/strong><\/p>\n\n\n\n<p>\u201cAhora que triunfa el partido Laborista, es un partido en el que (Corbyn) milit\u00f3 como dirigente, como candidato independiente le gana a su partido en su regi\u00f3n y sale electo como parlamentario y estaba yo leyendo que \u00e9l est\u00e1 contento con el triunfo, pero considera que hay mucha moderaci\u00f3n con el ministro que triunf\u00f3\u201d, se\u00f1al\u00f3.<\/p>\n\n\n\n<p>Con informaci\u00f3n de EFE<\/p>\n","protected":false},"excerpt":{"rendered":"<p>Por Redacci\u00f3n QP El presidente de M\u00e9xico,&nbsp;Andr\u00e9s Manuel L\u00f3pez Obrador, celebr\u00f3 este lunes las victorias&#8230;<\/p>\n","protected":false},"author":2,"featured_media":111191,"comment_status":"open","ping_status":"open","sticky":false,"template":"","format":"standard","meta":{"_monsterinsights_skip_tracking":false,"_monsterinsights_sitenote_active":false,"_monsterinsights_sitenote_note":"","_monsterinsights_sitenote_category":0,"footnotes":""},"categories":[2],"tags":[],"class_list":["post-111190","post","type-post","status-publish","format-standard","has-post-thumbnail","hentry","category-noticias"],"yoast_head":"<!-- This site is optimized with the Yoast SEO plugin v27.3 - https:\/\/yoast.com\/product\/yoast-seo-wordpress\/ -->\n<title>AMLO festeja las victorias de los partidos de izquierda en Francia y Reino Unido: \u201cEs como un despertar de Europa\u201d -<\/title>\n<meta name=\"robots\" content=\"index, follow, max-snippet:-1, max-image-preview:large, max-video-preview:-1\" \/>\n<link rel=\"canonical\" href=\"https:\/\/quehacerpolitico.mx\/?p=111190\" \/>\n<meta property=\"og:locale\" content=\"es_MX\" \/>\n<meta property=\"og:type\" content=\"article\" \/>\n<meta property=\"og:title\" content=\"AMLO festeja las victorias de los partidos de izquierda en Francia y Reino Unido: \u201cEs como un despertar de Europa\u201d -\" \/>\n<meta property=\"og:description\" content=\"Por Redacci\u00f3n QP El presidente de M\u00e9xico,&nbsp;Andr\u00e9s Manuel L\u00f3pez Obrador, celebr\u00f3 este lunes las victorias...\" \/>\n<meta property=\"og:url\" content=\"https:\/\/quehacerpolitico.mx\/?p=111190\" \/>\n<meta property=\"article:published_time\" content=\"2024-07-08T18:19:08+00:00\" \/>\n<meta property=\"article:modified_time\" content=\"2024-07-08T18:19:10+00:00\" \/>\n<meta property=\"og:image\" content=\"https:\/\/quehacerpolitico.mx\/wp-content\/uploads\/2024\/07\/IMG_6601.jpeg\" \/>\n\t<meta property=\"og:image:width\" content=\"1284\" \/>\n\t<meta property=\"og:image:height\" content=\"700\" \/>\n\t<meta property=\"og:image:type\" content=\"image\/jpeg\" \/>\n<meta name=\"author\" content=\"Redacci\u00f3n QP\" \/>\n<meta name=\"twitter:card\" content=\"summary_large_image\" \/>\n<meta name=\"twitter:label1\" content=\"Escrito por\" \/>\n\t<meta name=\"twitter:data1\" content=\"Redacci\u00f3n QP\" \/>\n\t<meta name=\"twitter:label2\" content=\"Tiempo de lectura\" \/>\n\t<meta name=\"twitter:data2\" content=\"3 minutos\" \/>\n<script type=\"application\/ld+json\" class=\"yoast-schema-graph\">{\"@context\":\"https:\\\/\\\/schema.org\",\"@graph\":[{\"@type\":\"Article\",\"@id\":\"https:\\\/\\\/quehacerpolitico.mx\\\/?p=111190#article\",\"isPartOf\":{\"@id\":\"https:\\\/\\\/quehacerpolitico.mx\\\/?p=111190\"},\"author\":{\"name\":\"Redacci\u00f3n QP\",\"@id\":\"https:\\\/\\\/quehacerpolitico.mx\\\/#\\\/schema\\\/person\\\/496d8ad2d1d3f8036101dca7ee39e585\"},\"headline\":\"AMLO festeja las victorias de los partidos de izquierda en Francia y Reino Unido: \u201cEs como un despertar de Europa\u201d\",\"datePublished\":\"2024-07-08T18:19:08+00:00\",\"dateModified\":\"2024-07-08T18:19:10+00:00\",\"mainEntityOfPage\":{\"@id\":\"https:\\\/\\\/quehacerpolitico.mx\\\/?p=111190\"},\"wordCount\":547,\"commentCount\":0,\"image\":{\"@id\":\"https:\\\/\\\/quehacerpolitico.mx\\\/?p=111190#primaryimage\"},\"thumbnailUrl\":\"https:\\\/\\\/quehacerpolitico.mx\\\/wp-content\\\/uploads\\\/2024\\\/07\\\/IMG_6601.jpeg\",\"articleSection\":[\"Noticias\"],\"inLanguage\":\"es\",\"potentialAction\":[{\"@type\":\"CommentAction\",\"name\":\"Comment\",\"target\":[\"https:\\\/\\\/quehacerpolitico.mx\\\/?p=111190#respond\"]}]},{\"@type\":\"WebPage\",\"@id\":\"https:\\\/\\\/quehacerpolitico.mx\\\/?p=111190\",\"url\":\"https:\\\/\\\/quehacerpolitico.mx\\\/?p=111190\",\"name\":\"AMLO festeja las victorias de los partidos de izquierda en Francia y Reino Unido: \u201cEs como un despertar de Europa\u201d -\",\"isPartOf\":{\"@id\":\"https:\\\/\\\/quehacerpolitico.mx\\\/#website\"},\"primaryImageOfPage\":{\"@id\":\"https:\\\/\\\/quehacerpolitico.mx\\\/?p=111190#primaryimage\"},\"image\":{\"@id\":\"https:\\\/\\\/quehacerpolitico.mx\\\/?p=111190#primaryimage\"},\"thumbnailUrl\":\"https:\\\/\\\/quehacerpolitico.mx\\\/wp-content\\\/uploads\\\/2024\\\/07\\\/IMG_6601.jpeg\",\"datePublished\":\"2024-07-08T18:19:08+00:00\",\"dateModified\":\"2024-07-08T18:19:10+00:00\",\"author\":{\"@id\":\"https:\\\/\\\/quehacerpolitico.mx\\\/#\\\/schema\\\/person\\\/496d8ad2d1d3f8036101dca7ee39e585\"},\"breadcrumb\":{\"@id\":\"https:\\\/\\\/quehacerpolitico.mx\\\/?p=111190#breadcrumb\"},\"inLanguage\":\"es\",\"potentialAction\":[{\"@type\":\"ReadAction\",\"target\":[\"https:\\\/\\\/quehacerpolitico.mx\\\/?p=111190\"]}]},{\"@type\":\"ImageObject\",\"inLanguage\":\"es\",\"@id\":\"https:\\\/\\\/quehacerpolitico.mx\\\/?p=111190#primaryimage\",\"url\":\"https:\\\/\\\/quehacerpolitico.mx\\\/wp-content\\\/uploads\\\/2024\\\/07\\\/IMG_6601.jpeg\",\"contentUrl\":\"https:\\\/\\\/quehacerpolitico.mx\\\/wp-content\\\/uploads\\\/2024\\\/07\\\/IMG_6601.jpeg\",\"width\":1284,\"height\":700,\"caption\":\"Screenshot\"},{\"@type\":\"BreadcrumbList\",\"@id\":\"https:\\\/\\\/quehacerpolitico.mx\\\/?p=111190#breadcrumb\",\"itemListElement\":[{\"@type\":\"ListItem\",\"position\":1,\"name\":\"Inicio\",\"item\":\"https:\\\/\\\/quehacerpolitico.mx\\\/\"},{\"@type\":\"ListItem\",\"position\":2,\"name\":\"AMLO festeja las victorias de los partidos de izquierda en Francia y Reino Unido: \u201cEs como un despertar de Europa\u201d\"}]},{\"@type\":\"WebSite\",\"@id\":\"https:\\\/\\\/quehacerpolitico.mx\\\/#website\",\"url\":\"https:\\\/\\\/quehacerpolitico.mx\\\/\",\"name\":\"\",\"description\":\"\",\"potentialAction\":[{\"@type\":\"SearchAction\",\"target\":{\"@type\":\"EntryPoint\",\"urlTemplate\":\"https:\\\/\\\/quehacerpolitico.mx\\\/?s={search_term_string}\"},\"query-input\":{\"@type\":\"PropertyValueSpecification\",\"valueRequired\":true,\"valueName\":\"search_term_string\"}}],\"inLanguage\":\"es\"},{\"@type\":\"Person\",\"@id\":\"https:\\\/\\\/quehacerpolitico.mx\\\/#\\\/schema\\\/person\\\/496d8ad2d1d3f8036101dca7ee39e585\",\"name\":\"Redacci\u00f3n QP\",\"image\":{\"@type\":\"ImageObject\",\"inLanguage\":\"es\",\"@id\":\"https:\\\/\\\/secure.gravatar.com\\\/avatar\\\/c7164ed6fdec453195284ad24a5ae5b6e1eed2b848477fa2a4787ba9adf39a41?s=96&d=mm&r=g\",\"url\":\"https:\\\/\\\/secure.gravatar.com\\\/avatar\\\/c7164ed6fdec453195284ad24a5ae5b6e1eed2b848477fa2a4787ba9adf39a41?s=96&d=mm&r=g\",\"contentUrl\":\"https:\\\/\\\/secure.gravatar.com\\\/avatar\\\/c7164ed6fdec453195284ad24a5ae5b6e1eed2b848477fa2a4787ba9adf39a41?s=96&d=mm&r=g\",\"caption\":\"Redacci\u00f3n QP\"},\"url\":\"https:\\\/\\\/quehacerpolitico.mx\\\/?author=2\"}]}<\/script>\n<!-- \/ Yoast SEO plugin. -->","yoast_head_json":{"title":"AMLO festeja las victorias de los partidos de izquierda en Francia y Reino Unido: \u201cEs como un despertar de Europa\u201d -","robots":{"index":"index","follow":"follow","max-snippet":"max-snippet:-1","max-image-preview":"max-image-preview:large","max-video-preview":"max-video-preview:-1"},"canonical":"https:\/\/quehacerpolitico.mx\/?p=111190","og_locale":"es_MX","og_type":"article","og_title":"AMLO festeja las victorias de los partidos de izquierda en Francia y Reino Unido: \u201cEs como un despertar de Europa\u201d -","og_description":"Por Redacci\u00f3n QP El presidente de M\u00e9xico,&nbsp;Andr\u00e9s Manuel L\u00f3pez Obrador, celebr\u00f3 este lunes las victorias...","og_url":"https:\/\/quehacerpolitico.mx\/?p=111190","article_published_time":"2024-07-08T18:19:08+00:00","article_modified_time":"2024-07-08T18:19:10+00:00","og_image":[{"width":1284,"height":700,"url":"https:\/\/quehacerpolitico.mx\/wp-content\/uploads\/2024\/07\/IMG_6601.jpeg","type":"image\/jpeg"}],"author":"Redacci\u00f3n QP","twitter_card":"summary_large_image","twitter_misc":{"Escrito por":"Redacci\u00f3n QP","Tiempo de lectura":"3 minutos"},"schema":{"@context":"https:\/\/schema.org","@graph":[{"@type":"Article","@id":"https:\/\/quehacerpolitico.mx\/?p=111190#article","isPartOf":{"@id":"https:\/\/quehacerpolitico.mx\/?p=111190"},"author":{"name":"Redacci\u00f3n QP","@id":"https:\/\/quehacerpolitico.mx\/#\/schema\/person\/496d8ad2d1d3f8036101dca7ee39e585"},"headline":"AMLO festeja las victorias de los partidos de izquierda en Francia y Reino Unido: \u201cEs como un despertar de Europa\u201d","datePublished":"2024-07-08T18:19:08+00:00","dateModified":"2024-07-08T18:19:10+00:00","mainEntityOfPage":{"@id":"https:\/\/quehacerpolitico.mx\/?p=111190"},"wordCount":547,"commentCount":0,"image":{"@id":"https:\/\/quehacerpolitico.mx\/?p=111190#primaryimage"},"thumbnailUrl":"https:\/\/quehacerpolitico.mx\/wp-content\/uploads\/2024\/07\/IMG_6601.jpeg","articleSection":["Noticias"],"inLanguage":"es","potentialAction":[{"@type":"CommentAction","name":"Comment","target":["https:\/\/quehacerpolitico.mx\/?p=111190#respond"]}]},{"@type":"WebPage","@id":"https:\/\/quehacerpolitico.mx\/?p=111190","url":"https:\/\/quehacerpolitico.mx\/?p=111190","name":"AMLO festeja las victorias de los partidos de izquierda en Francia y Reino Unido: \u201cEs como un despertar de Europa\u201d -","isPartOf":{"@id":"https:\/\/quehacerpolitico.mx\/#website"},"primaryImageOfPage":{"@id":"https:\/\/quehacerpolitico.mx\/?p=111190#primaryimage"},"image":{"@id":"https:\/\/quehacerpolitico.mx\/?p=111190#primaryimage"},"thumbnailUrl":"https:\/\/quehacerpolitico.mx\/wp-content\/uploads\/2024\/07\/IMG_6601.jpeg","datePublished":"2024-07-08T18:19:08+00:00","dateModified":"2024-07-08T18:19:10+00:00","author":{"@id":"https:\/\/quehacerpolitico.mx\/#\/schema\/person\/496d8ad2d1d3f8036101dca7ee39e585"},"breadcrumb":{"@id":"https:\/\/quehacerpolitico.mx\/?p=111190#breadcrumb"},"inLanguage":"es","potentialAction":[{"@type":"ReadAction","target":["https:\/\/quehacerpolitico.mx\/?p=111190"]}]},{"@type":"ImageObject","inLanguage":"es","@id":"https:\/\/quehacerpolitico.mx\/?p=111190#primaryimage","url":"https:\/\/quehacerpolitico.mx\/wp-content\/uploads\/2024\/07\/IMG_6601.jpeg","contentUrl":"https:\/\/quehacerpolitico.mx\/wp-content\/uploads\/2024\/07\/IMG_6601.jpeg","width":1284,"height":700,"caption":"Screenshot"},{"@type":"BreadcrumbList","@id":"https:\/\/quehacerpolitico.mx\/?p=111190#breadcrumb","itemListElement":[{"@type":"ListItem","position":1,"name":"Inicio","item":"https:\/\/quehacerpolitico.mx\/"},{"@type":"ListItem","position":2,"name":"AMLO festeja las victorias de los partidos de izquierda en Francia y Reino Unido: \u201cEs como un despertar de Europa\u201d"}]},{"@type":"WebSite","@id":"https:\/\/quehacerpolitico.mx\/#website","url":"https:\/\/quehacerpolitico.mx\/","name":"","description":"","potentialAction":[{"@type":"SearchAction","target":{"@type":"EntryPoint","urlTemplate":"https:\/\/quehacerpolitico.mx\/?s={search_term_string}"},"query-input":{"@type":"PropertyValueSpecification","valueRequired":true,"valueName":"search_term_string"}}],"inLanguage":"es"},{"@type":"Person","@id":"https:\/\/quehacerpolitico.mx\/#\/schema\/person\/496d8ad2d1d3f8036101dca7ee39e585","name":"Redacci\u00f3n QP","image":{"@type":"ImageObject","inLanguage":"es","@id":"https:\/\/secure.gravatar.com\/avatar\/c7164ed6fdec453195284ad24a5ae5b6e1eed2b848477fa2a4787ba9adf39a41?s=96&d=mm&r=g","url":"https:\/\/secure.gravatar.com\/avatar\/c7164ed6fdec453195284ad24a5ae5b6e1eed2b848477fa2a4787ba9adf39a41?s=96&d=mm&r=g","contentUrl":"https:\/\/secure.gravatar.com\/avatar\/c7164ed6fdec453195284ad24a5ae5b6e1eed2b848477fa2a4787ba9adf39a41?s=96&d=mm&r=g","caption":"Redacci\u00f3n QP"},"url":"https:\/\/quehacerpolitico.mx\/?author=2"}]}},"featured_image_urls":{"full":["https:\/\/quehacerpolitico.mx\/wp-content\/uploads\/2024\/07\/IMG_6601.jpeg",1284,700,false],"thumbnail":["https:\/\/quehacerpolitico.mx\/wp-content\/uploads\/2024\/07\/IMG_6601-150x150.jpeg",150,150,true],"medium":["https:\/\/quehacerpolitico.mx\/wp-content\/uploads\/2024\/07\/IMG_6601-300x164.jpeg",300,164,true],"medium_large":["https:\/\/quehacerpolitico.mx\/wp-content\/uploads\/2024\/07\/IMG_6601-768x419.jpeg",640,349,true],"large":["https:\/\/quehacerpolitico.mx\/wp-content\/uploads\/2024\/07\/IMG_6601-1024x558.jpeg",640,349,true],"1536x1536":["https:\/\/quehacerpolitico.mx\/wp-content\/uploads\/2024\/07\/IMG_6601.jpeg",1284,700,false],"2048x2048":["https:\/\/quehacerpolitico.mx\/wp-content\/uploads\/2024\/07\/IMG_6601.jpeg",1284,700,false],"covernews-featured":["https:\/\/quehacerpolitico.mx\/wp-content\/uploads\/2024\/07\/IMG_6601.jpeg",1024,558,false],"covernews-medium":["https:\/\/quehacerpolitico.mx\/wp-content\/uploads\/2024\/07\/IMG_6601.jpeg",540,294,false]},"author_info":{"display_name":"Redacci\u00f3n QP","author_link":"https:\/\/quehacerpolitico.mx\/?author=2"},"category_info":"<a href=\"https:\/\/quehacerpolitico.mx\/?cat=2\" rel=\"category\">Noticias<\/a>","tag_info":"Noticias","comment_count":"0","_links":{"self":[{"href":"https:\/\/quehacerpolitico.mx\/index.php?rest_route=\/wp\/v2\/posts\/111190","targetHints":{"allow":["GET"]}}],"collection":[{"href":"https:\/\/quehacerpolitico.mx\/index.php?rest_route=\/wp\/v2\/posts"}],"about":[{"href":"https:\/\/quehacerpolitico.mx\/index.php?rest_route=\/wp\/v2\/types\/post"}],"author":[{"embeddable":true,"href":"https:\/\/quehacerpolitico.mx\/index.php?rest_route=\/wp\/v2\/users\/2"}],"replies":[{"embeddable":true,"href":"https:\/\/quehacerpolitico.mx\/index.php?rest_route=%2Fwp%2Fv2%2Fcomments&post=111190"}],"version-history":[{"count":1,"href":"https:\/\/quehacerpolitico.mx\/index.php?rest_route=\/wp\/v2\/posts\/111190\/revisions"}],"predecessor-version":[{"id":111192,"href":"https:\/\/quehacerpolitico.mx\/index.php?rest_route=\/wp\/v2\/posts\/111190\/revisions\/111192"}],"wp:featuredmedia":[{"embeddable":true,"href":"https:\/\/quehacerpolitico.mx\/index.php?rest_route=\/wp\/v2\/media\/111191"}],"wp:attachment":[{"href":"https:\/\/quehacerpolitico.mx\/index.php?rest_route=%2Fwp%2Fv2%2Fmedia&parent=111190"}],"wp:term":[{"taxonomy":"category","embeddable":true,"href":"https:\/\/quehacerpolitico.mx\/index.php?rest_route=%2Fwp%2Fv2%2Fcategories&post=111190"},{"taxonomy":"post_tag","embeddable":true,"href":"https:\/\/quehacerpolitico.mx\/index.php?rest_route=%2Fwp%2Fv2%2Ftags&post=111190"}],"curies":[{"name":"wp","href":"https:\/\/api.w.org\/{rel}","templated":true}]}}