{"id":111187,"date":"2024-07-08T14:45:17","date_gmt":"2024-07-08T14:45:17","guid":{"rendered":"https:\/\/quehacerpolitico.mx\/?p=111187"},"modified":"2024-07-08T14:45:19","modified_gmt":"2024-07-08T14:45:19","slug":"el-quehacer-politico-en-la-cultura-a-traves-del-enfoque-litza-deniss-duran-espinosa-arte-e-innovacion-140-anos-del-banco-nacional-de-mexico","status":"publish","type":"post","link":"https:\/\/quehacerpolitico.mx\/?p=111187","title":{"rendered":"El Quehacer Pol\u00edtico en la Cultura a trav\u00e9s del Enfoque\/\/\/Litza Deniss Dur\u00e1n Espinosa\/\/\/Arte e innovaci\u00f3n: 140 a\u00f1os del Banco Nacional de M\u00e9xico"},"content":{"rendered":"\n<p>Por Litza Deniss Dur\u00e1n Espinosa<\/p>\n\n\n\n<p>Analista<\/p>\n\n\n\n<p>La direcci\u00f3n de Patrimonio Cultural Citibanamex abri\u00f3 dos exhibiciones, una con el reencuentro de dos colecciones y otra con grandes adquisiciones<\/p>\n\n\n\n<p><strong>El Banco Nacional de M\u00e9xico cumple 140 a\u00f1os este 2024. Para celebrar este aniversario, la direcci\u00f3n de Patrimonio Cultural&nbsp;Citibanamexpresenta dos exposiciones en Foro&nbsp;Valpara\u00edso<\/strong>(recinto donde se cre\u00f3 el banco en 1884) -ubicado en C. de Venustiano Carranza 60, Centro Hist\u00f3rico de la Ciudad de M\u00e9xico-: \u201c\u2018Volver a vernos. Reencuentro de dos colecciones\u2019 y \u2018Compromiso con M\u00e9xico. Dos d\u00e9cadas de adquisiciones\u2019\u201d.&nbsp;<\/p>\n\n\n\n<p>La ocasi\u00f3n ha sido el momento ideal para que Alberto Sarmiento, director de Patrimonio Cultural Citibanamex, se tome un tiempo para reflexionar sobre la colecci\u00f3n y c\u00f3mo se puede innovar en la accesibilidad de las exposiciones hoy en d\u00eda. \u201cLos museos tenemos el reto de salirnos de la zona de confort\u201d, dice en entrevista.<\/p>\n\n\n\n<p><strong>En \u201cVolver a vernos. Reencuentro de dos colecciones\u201d el recinto plantea una forma experimental de ver el arte. Esta exposici\u00f3n de arte pict\u00f3rico est\u00e1 conformada por piezas de la colecci\u00f3n Citibanamex y de la colecci\u00f3n de SURA,<\/strong>\u00a0que hasta 1982, antes de la nacionalizaci\u00f3n de la banca, eran parte del acervo del Banco Nacional de M\u00e9xico. Es un encuentro in\u00e9dito que busca que el p\u00fablico reflexione sobre su identidad como mexicanos y que pueda identificarse a trav\u00e9s de las obras, como si se trataran de espejos, dice el director.<\/p>\n\n\n\n<figure class=\"wp-block-image\"><img decoding=\"async\" src=\"https:\/\/www.informador.mx\/__export\/1720355010475\/sites\/elinformador\/img\/2024\/07\/07\/eum_i_20240706_692691_x13139184x_crop1720355008168.jpg_70287019.jpg\" alt=\"\"\/><figcaption class=\"wp-element-caption\">Alberto Sarmiento. Director de Patrimonio Cultural Citibanamex.&nbsp;SUN\/H. Salvador&nbsp;<\/figcaption><\/figure>\n\n\n\n<p>Otro objetivo que tiene es que sea m\u00e1s accesible, tanto para las personas con discapacidades, como para el p\u00fablico en general, cuya visita al museo puede ser por inercia: llegar, caminar siempre a la derecha, leer la ficha museogr\u00e1fica para dar un vistazo veloz a la obra y seguir as\u00ed hasta acabar la muestra.<\/p>\n\n\n\n<p>Adem\u00e1s de los ya acostumbrados textos en braille, en la muestra se implementaron c\u00e9dulas de lectura f\u00e1cil, recorridos sonoros, los cuadros fueron montados a alturas m\u00e1s bajas de lo normal, para que ni\u00f1os, personas con sillas de ruedas y de talla baja puedan visualizar mejor la pieza. Tambi\u00e9n hay recursos audiovisuales con interpretaci\u00f3n en Lengua de Se\u00f1as Mexicana (LSM) y una experiencia sensorial con arte en 3D y est\u00edmulos olfativos para que se experimente el arte desde sentidos no tradicionales del tacto y el olfato.<\/p>\n\n\n\n<p>\u201cEsa accesibilidad tendr\u00eda que haber sido evidente desde hace decenios y haber facilitado que la gente se acerque al arte. Las personas con discapacidad son como 10 millones en M\u00e9xico y hay otras distorsiones del gozo del arte que est\u00e1n documentad\u00edsimas en la academia\u201d, explica Sarmiento.<\/p>\n\n\n\n<p>Otro experimento de accesibilidad es que la forma en la que se mont\u00f3 la muestra obliga al visitante a poner atenci\u00f3n, pues se cambi\u00f3 el sentido del recorrido a la izquierda y las pinturas no tienen ficha museogr\u00e1fica. Cambios sencillos, pero que obligan a observar, en una era donde el tiempo de concentraci\u00f3n de las personas se ha reducido por el uso de redes sociales.<\/p>\n\n\n\n<p>\u201cLa accesibilidad al arte que buscamos aqu\u00ed es integral, lo primero que nos impide disfrutar el arte es el cerebro, que est\u00e1 contaminado de prejuicios como \u2018Si es de Diego Rivera, debe ser bueno\u2019. Lo que importa no es el t\u00edtulo de la obra ni qui\u00e9n la hizo, sino la conexi\u00f3n que t\u00fa tengas con ella. Son nuevas formas de comunicaci\u00f3n con y entre el p\u00fablico y el arte\u201d, dice Sarmiento.<\/p>\n\n\n\n<figure class=\"wp-block-image\"><img decoding=\"async\" src=\"https:\/\/www.informador.mx\/__export\/1720355059281\/sites\/elinformador\/img\/2024\/07\/07\/eum_i_20240706_692688_x13139180x_crop1720355056881.jpg_70287019.jpg\" alt=\"\"\/><figcaption class=\"wp-element-caption\">\u201cVirgen de Guadalupe\u201d. La autora de la pieza es Mar\u00eda de Guadalupe Moncada y Barrio.&nbsp;SUN\/H. Salvador&nbsp;<\/figcaption><\/figure>\n\n\n\n<h4 class=\"wp-block-heading\">Compra, repatriaci\u00f3n e investigaci\u00f3n<\/h4>\n\n\n\n<p>La segunda exposici\u00f3n por el aniversario es&nbsp;<strong>\u201cCompromiso con M\u00e9xico. Dos d\u00e9cadas de adquisiciones\u201d, que exhibe piezas que se adquirieron en los \u00faltimos 20 a\u00f1os.<\/strong><\/p>\n\n\n\n<p>\u201cEs una muestra de que este banco es una instituci\u00f3n con objetivos claros que permanecen m\u00e1s all\u00e1 del cambio de accionariado\u201d, declara Sarmiento. Al respecto, el director de Patrimonio de Citibanamex reflexion\u00f3 sobre los \u201cpuntos a fortalecer de la colecci\u00f3n\u201d.<\/p>\n\n\n\n<p><strong>\u201cQuiz\u00e1s en los \u00faltimos 50 a\u00f1os de pintura, estamos atentos en lo que haya, tenemos buenas cosas de la Ruptura, pero, creo, no tenemos un Lilia Carrillo realmente importante\u201d.<\/strong>Tambi\u00e9n se\u00f1ala que hay algunos pendientes en arte civil virreinal. Sin embargo, aclara que no hay urgencia por llenar estos espacios, sino que el banco sabe esperar e identificar buenas oportunidades.<\/p>\n\n\n\n<figure class=\"wp-block-image\"><img decoding=\"async\" src=\"https:\/\/www.informador.mx\/__export\/1720355104295\/sites\/elinformador\/img\/2024\/07\/07\/eum_i_20240706_692690_x13139183x_crop1720355101794.jpg_70287019.jpg\" alt=\"\"\/><figcaption class=\"wp-element-caption\">\u201cMayas\u201d, un cuadro de la autor\u00eda de Diego Rivera.&nbsp;SUN\/H. Salvador&nbsp;<\/figcaption><\/figure>\n\n\n\n<p>Alberto Sarmiento se\u00f1ala que entre las misiones de la colecci\u00f3n de Citibanamex se encuentra la repatriaci\u00f3n e investigaci\u00f3n. El trabajo en esta \u00faltima \u00e1rea se puede ver en la exposici\u00f3n \u201cVolver a vernos. Reencuentro de dos colecciones\u201d, donde&nbsp;<strong>se exhibe \u201cMayas\u201d, un cuadro que por primera vez se muestra bajo la autor\u00eda de Diego Rivera. Antes, la pieza ya se mostraba como parte de la colecci\u00f3n permanente, pero se desconoc\u00eda su origen.<\/strong>&nbsp;Fue hasta que Caty C\u00e1rdenas, directora de Patrimonio Art\u00edstico de Citibanamex, estudi\u00f3 el reverso del cuadro -hasta entonces no visible- y descubri\u00f3 que ten\u00eda la firma de Diego Rivera, as\u00ed como un poema escrito.<\/p>\n\n\n\n<figure class=\"wp-block-image\"><img decoding=\"async\" src=\"https:\/\/www.informador.mx\/__export\/1720354966059\/sites\/elinformador\/img\/2024\/07\/07\/eum_i_20240706_692689_x13139182x_crop1720354963676.jpg_70287019.jpg\" alt=\"\"\/><figcaption class=\"wp-element-caption\">Esta pintura realizada sobre el arco de la puerta se encuentra bajo investigaci\u00f3n por la UNAM.&nbsp;SUN\/H. Salvador&nbsp;<\/figcaption><\/figure>\n\n\n\n<p>Sarmiento explica que la colecci\u00f3n est\u00e1 en constante investigaci\u00f3n. Uno de sus proyectos actuales es sobre las pinturas en los arcos de puertas y ventanas en Foro Valpara\u00edso, que junto a la Universidad Nacional Aut\u00f3noma de M\u00e9xico (UNAM) se investiga qui\u00e9n fue el autor. Se estima que son obras de Mar\u00eda Guadalupe Moncada y Berrio, nieta de los marqueses que fueron due\u00f1os del Palacio Valpara\u00edso y una talentosa pintora, al nivel que un autorretrato de su autor\u00eda fue confundido con una obra de Francisco de Goya y que recientemente adquiri\u00f3 Citibanamex.<\/p>\n\n\n\n<p>Cabe se\u00f1alar que repatriar arte es algo que ha hecho el banco con sus adquisiciones desde hace d\u00e9cadas, como lo hizo en los a\u00f1os 60 con una serie de obras del siglo XVII de Miguel Gonz\u00e1lez hechas en concha n\u00e1car, y como ha hecho en los \u00faltimos a\u00f1os con las compras de \u201cMujeres\u201d (1999), de Sergio Hern\u00e1ndez; \u201cBicicletas de los arquitectos\u201d (1998), de Francisco Toledo, y \u201cMujeres de California con flores\u201d (1937), de Alfredo Ramos Mart\u00ednez, que estaban en el extranjero y ahora se exhiben en \u201cCompromiso con M\u00e9xico. Dos d\u00e9cadas de adquisiciones\u201d.<\/p>\n\n\n\n<p>Con informaci\u00f3n de SUN<\/p>\n","protected":false},"excerpt":{"rendered":"<p>Por Litza Deniss Dur\u00e1n Espinosa Analista La direcci\u00f3n de Patrimonio Cultural Citibanamex abri\u00f3 dos exhibiciones,&#8230;<\/p>\n","protected":false},"author":2,"featured_media":111188,"comment_status":"open","ping_status":"open","sticky":false,"template":"","format":"standard","meta":{"_monsterinsights_skip_tracking":false,"_monsterinsights_sitenote_active":false,"_monsterinsights_sitenote_note":"","_monsterinsights_sitenote_category":0,"footnotes":""},"categories":[58],"tags":[],"class_list":["post-111187","post","type-post","status-publish","format-standard","has-post-thumbnail","hentry","category-cultura"],"yoast_head":"<!-- This site is optimized with the Yoast SEO plugin v27.3 - https:\/\/yoast.com\/product\/yoast-seo-wordpress\/ -->\n<title>El Quehacer Pol\u00edtico en la Cultura a trav\u00e9s del Enfoque\/\/\/Litza Deniss Dur\u00e1n Espinosa\/\/\/Arte e innovaci\u00f3n: 140 a\u00f1os del Banco Nacional de M\u00e9xico -<\/title>\n<meta name=\"robots\" content=\"index, follow, max-snippet:-1, max-image-preview:large, max-video-preview:-1\" \/>\n<link rel=\"canonical\" href=\"https:\/\/quehacerpolitico.mx\/?p=111187\" \/>\n<meta property=\"og:locale\" content=\"es_MX\" \/>\n<meta property=\"og:type\" content=\"article\" \/>\n<meta property=\"og:title\" content=\"El Quehacer Pol\u00edtico en la Cultura a trav\u00e9s del Enfoque\/\/\/Litza Deniss Dur\u00e1n Espinosa\/\/\/Arte e innovaci\u00f3n: 140 a\u00f1os del Banco Nacional de M\u00e9xico -\" \/>\n<meta property=\"og:description\" content=\"Por Litza Deniss Dur\u00e1n Espinosa Analista La direcci\u00f3n de Patrimonio Cultural Citibanamex abri\u00f3 dos exhibiciones,...\" \/>\n<meta property=\"og:url\" content=\"https:\/\/quehacerpolitico.mx\/?p=111187\" \/>\n<meta property=\"article:published_time\" content=\"2024-07-08T14:45:17+00:00\" \/>\n<meta property=\"article:modified_time\" content=\"2024-07-08T14:45:19+00:00\" \/>\n<meta property=\"og:image\" content=\"https:\/\/quehacerpolitico.mx\/wp-content\/uploads\/2024\/07\/f97f131b-617d-4d33-b7a7-a2e9689dd2f7-3.jpeg\" \/>\n\t<meta property=\"og:image:width\" content=\"963\" \/>\n\t<meta property=\"og:image:height\" content=\"493\" \/>\n\t<meta property=\"og:image:type\" content=\"image\/jpeg\" \/>\n<meta name=\"author\" content=\"Redacci\u00f3n QP\" \/>\n<meta name=\"twitter:card\" content=\"summary_large_image\" \/>\n<meta name=\"twitter:label1\" content=\"Escrito por\" \/>\n\t<meta name=\"twitter:data1\" content=\"Redacci\u00f3n QP\" \/>\n\t<meta name=\"twitter:label2\" content=\"Tiempo de lectura\" \/>\n\t<meta name=\"twitter:data2\" content=\"6 minutos\" \/>\n<script type=\"application\/ld+json\" class=\"yoast-schema-graph\">{\"@context\":\"https:\\\/\\\/schema.org\",\"@graph\":[{\"@type\":\"Article\",\"@id\":\"https:\\\/\\\/quehacerpolitico.mx\\\/?p=111187#article\",\"isPartOf\":{\"@id\":\"https:\\\/\\\/quehacerpolitico.mx\\\/?p=111187\"},\"author\":{\"name\":\"Redacci\u00f3n QP\",\"@id\":\"https:\\\/\\\/quehacerpolitico.mx\\\/#\\\/schema\\\/person\\\/496d8ad2d1d3f8036101dca7ee39e585\"},\"headline\":\"El Quehacer Pol\u00edtico en la Cultura a trav\u00e9s del Enfoque\\\/\\\/\\\/Litza Deniss Dur\u00e1n Espinosa\\\/\\\/\\\/Arte e innovaci\u00f3n: 140 a\u00f1os del Banco Nacional de M\u00e9xico\",\"datePublished\":\"2024-07-08T14:45:17+00:00\",\"dateModified\":\"2024-07-08T14:45:19+00:00\",\"mainEntityOfPage\":{\"@id\":\"https:\\\/\\\/quehacerpolitico.mx\\\/?p=111187\"},\"wordCount\":1161,\"commentCount\":0,\"image\":{\"@id\":\"https:\\\/\\\/quehacerpolitico.mx\\\/?p=111187#primaryimage\"},\"thumbnailUrl\":\"https:\\\/\\\/quehacerpolitico.mx\\\/wp-content\\\/uploads\\\/2024\\\/07\\\/f97f131b-617d-4d33-b7a7-a2e9689dd2f7-3.jpeg\",\"articleSection\":[\"Cultura y Entretenimiento\"],\"inLanguage\":\"es\",\"potentialAction\":[{\"@type\":\"CommentAction\",\"name\":\"Comment\",\"target\":[\"https:\\\/\\\/quehacerpolitico.mx\\\/?p=111187#respond\"]}]},{\"@type\":\"WebPage\",\"@id\":\"https:\\\/\\\/quehacerpolitico.mx\\\/?p=111187\",\"url\":\"https:\\\/\\\/quehacerpolitico.mx\\\/?p=111187\",\"name\":\"El Quehacer Pol\u00edtico en la Cultura a trav\u00e9s del Enfoque\\\/\\\/\\\/Litza Deniss Dur\u00e1n Espinosa\\\/\\\/\\\/Arte e innovaci\u00f3n: 140 a\u00f1os del Banco Nacional de M\u00e9xico -\",\"isPartOf\":{\"@id\":\"https:\\\/\\\/quehacerpolitico.mx\\\/#website\"},\"primaryImageOfPage\":{\"@id\":\"https:\\\/\\\/quehacerpolitico.mx\\\/?p=111187#primaryimage\"},\"image\":{\"@id\":\"https:\\\/\\\/quehacerpolitico.mx\\\/?p=111187#primaryimage\"},\"thumbnailUrl\":\"https:\\\/\\\/quehacerpolitico.mx\\\/wp-content\\\/uploads\\\/2024\\\/07\\\/f97f131b-617d-4d33-b7a7-a2e9689dd2f7-3.jpeg\",\"datePublished\":\"2024-07-08T14:45:17+00:00\",\"dateModified\":\"2024-07-08T14:45:19+00:00\",\"author\":{\"@id\":\"https:\\\/\\\/quehacerpolitico.mx\\\/#\\\/schema\\\/person\\\/496d8ad2d1d3f8036101dca7ee39e585\"},\"breadcrumb\":{\"@id\":\"https:\\\/\\\/quehacerpolitico.mx\\\/?p=111187#breadcrumb\"},\"inLanguage\":\"es\",\"potentialAction\":[{\"@type\":\"ReadAction\",\"target\":[\"https:\\\/\\\/quehacerpolitico.mx\\\/?p=111187\"]}]},{\"@type\":\"ImageObject\",\"inLanguage\":\"es\",\"@id\":\"https:\\\/\\\/quehacerpolitico.mx\\\/?p=111187#primaryimage\",\"url\":\"https:\\\/\\\/quehacerpolitico.mx\\\/wp-content\\\/uploads\\\/2024\\\/07\\\/f97f131b-617d-4d33-b7a7-a2e9689dd2f7-3.jpeg\",\"contentUrl\":\"https:\\\/\\\/quehacerpolitico.mx\\\/wp-content\\\/uploads\\\/2024\\\/07\\\/f97f131b-617d-4d33-b7a7-a2e9689dd2f7-3.jpeg\",\"width\":963,\"height\":493},{\"@type\":\"BreadcrumbList\",\"@id\":\"https:\\\/\\\/quehacerpolitico.mx\\\/?p=111187#breadcrumb\",\"itemListElement\":[{\"@type\":\"ListItem\",\"position\":1,\"name\":\"Inicio\",\"item\":\"https:\\\/\\\/quehacerpolitico.mx\\\/\"},{\"@type\":\"ListItem\",\"position\":2,\"name\":\"El Quehacer Pol\u00edtico en la Cultura a trav\u00e9s del Enfoque\\\/\\\/\\\/Litza Deniss Dur\u00e1n Espinosa\\\/\\\/\\\/Arte e innovaci\u00f3n: 140 a\u00f1os del Banco Nacional de M\u00e9xico\"}]},{\"@type\":\"WebSite\",\"@id\":\"https:\\\/\\\/quehacerpolitico.mx\\\/#website\",\"url\":\"https:\\\/\\\/quehacerpolitico.mx\\\/\",\"name\":\"\",\"description\":\"\",\"potentialAction\":[{\"@type\":\"SearchAction\",\"target\":{\"@type\":\"EntryPoint\",\"urlTemplate\":\"https:\\\/\\\/quehacerpolitico.mx\\\/?s={search_term_string}\"},\"query-input\":{\"@type\":\"PropertyValueSpecification\",\"valueRequired\":true,\"valueName\":\"search_term_string\"}}],\"inLanguage\":\"es\"},{\"@type\":\"Person\",\"@id\":\"https:\\\/\\\/quehacerpolitico.mx\\\/#\\\/schema\\\/person\\\/496d8ad2d1d3f8036101dca7ee39e585\",\"name\":\"Redacci\u00f3n QP\",\"image\":{\"@type\":\"ImageObject\",\"inLanguage\":\"es\",\"@id\":\"https:\\\/\\\/secure.gravatar.com\\\/avatar\\\/c7164ed6fdec453195284ad24a5ae5b6e1eed2b848477fa2a4787ba9adf39a41?s=96&d=mm&r=g\",\"url\":\"https:\\\/\\\/secure.gravatar.com\\\/avatar\\\/c7164ed6fdec453195284ad24a5ae5b6e1eed2b848477fa2a4787ba9adf39a41?s=96&d=mm&r=g\",\"contentUrl\":\"https:\\\/\\\/secure.gravatar.com\\\/avatar\\\/c7164ed6fdec453195284ad24a5ae5b6e1eed2b848477fa2a4787ba9adf39a41?s=96&d=mm&r=g\",\"caption\":\"Redacci\u00f3n QP\"},\"url\":\"https:\\\/\\\/quehacerpolitico.mx\\\/?author=2\"}]}<\/script>\n<!-- \/ Yoast SEO plugin. -->","yoast_head_json":{"title":"El Quehacer Pol\u00edtico en la Cultura a trav\u00e9s del Enfoque\/\/\/Litza Deniss Dur\u00e1n Espinosa\/\/\/Arte e innovaci\u00f3n: 140 a\u00f1os del Banco Nacional de M\u00e9xico -","robots":{"index":"index","follow":"follow","max-snippet":"max-snippet:-1","max-image-preview":"max-image-preview:large","max-video-preview":"max-video-preview:-1"},"canonical":"https:\/\/quehacerpolitico.mx\/?p=111187","og_locale":"es_MX","og_type":"article","og_title":"El Quehacer Pol\u00edtico en la Cultura a trav\u00e9s del Enfoque\/\/\/Litza Deniss Dur\u00e1n Espinosa\/\/\/Arte e innovaci\u00f3n: 140 a\u00f1os del Banco Nacional de M\u00e9xico -","og_description":"Por Litza Deniss Dur\u00e1n Espinosa Analista La direcci\u00f3n de Patrimonio Cultural Citibanamex abri\u00f3 dos exhibiciones,...","og_url":"https:\/\/quehacerpolitico.mx\/?p=111187","article_published_time":"2024-07-08T14:45:17+00:00","article_modified_time":"2024-07-08T14:45:19+00:00","og_image":[{"width":963,"height":493,"url":"https:\/\/quehacerpolitico.mx\/wp-content\/uploads\/2024\/07\/f97f131b-617d-4d33-b7a7-a2e9689dd2f7-3.jpeg","type":"image\/jpeg"}],"author":"Redacci\u00f3n QP","twitter_card":"summary_large_image","twitter_misc":{"Escrito por":"Redacci\u00f3n QP","Tiempo de lectura":"6 minutos"},"schema":{"@context":"https:\/\/schema.org","@graph":[{"@type":"Article","@id":"https:\/\/quehacerpolitico.mx\/?p=111187#article","isPartOf":{"@id":"https:\/\/quehacerpolitico.mx\/?p=111187"},"author":{"name":"Redacci\u00f3n QP","@id":"https:\/\/quehacerpolitico.mx\/#\/schema\/person\/496d8ad2d1d3f8036101dca7ee39e585"},"headline":"El Quehacer Pol\u00edtico en la Cultura a trav\u00e9s del Enfoque\/\/\/Litza Deniss Dur\u00e1n Espinosa\/\/\/Arte e innovaci\u00f3n: 140 a\u00f1os del Banco Nacional de M\u00e9xico","datePublished":"2024-07-08T14:45:17+00:00","dateModified":"2024-07-08T14:45:19+00:00","mainEntityOfPage":{"@id":"https:\/\/quehacerpolitico.mx\/?p=111187"},"wordCount":1161,"commentCount":0,"image":{"@id":"https:\/\/quehacerpolitico.mx\/?p=111187#primaryimage"},"thumbnailUrl":"https:\/\/quehacerpolitico.mx\/wp-content\/uploads\/2024\/07\/f97f131b-617d-4d33-b7a7-a2e9689dd2f7-3.jpeg","articleSection":["Cultura y Entretenimiento"],"inLanguage":"es","potentialAction":[{"@type":"CommentAction","name":"Comment","target":["https:\/\/quehacerpolitico.mx\/?p=111187#respond"]}]},{"@type":"WebPage","@id":"https:\/\/quehacerpolitico.mx\/?p=111187","url":"https:\/\/quehacerpolitico.mx\/?p=111187","name":"El Quehacer Pol\u00edtico en la Cultura a trav\u00e9s del Enfoque\/\/\/Litza Deniss Dur\u00e1n Espinosa\/\/\/Arte e innovaci\u00f3n: 140 a\u00f1os del Banco Nacional de M\u00e9xico -","isPartOf":{"@id":"https:\/\/quehacerpolitico.mx\/#website"},"primaryImageOfPage":{"@id":"https:\/\/quehacerpolitico.mx\/?p=111187#primaryimage"},"image":{"@id":"https:\/\/quehacerpolitico.mx\/?p=111187#primaryimage"},"thumbnailUrl":"https:\/\/quehacerpolitico.mx\/wp-content\/uploads\/2024\/07\/f97f131b-617d-4d33-b7a7-a2e9689dd2f7-3.jpeg","datePublished":"2024-07-08T14:45:17+00:00","dateModified":"2024-07-08T14:45:19+00:00","author":{"@id":"https:\/\/quehacerpolitico.mx\/#\/schema\/person\/496d8ad2d1d3f8036101dca7ee39e585"},"breadcrumb":{"@id":"https:\/\/quehacerpolitico.mx\/?p=111187#breadcrumb"},"inLanguage":"es","potentialAction":[{"@type":"ReadAction","target":["https:\/\/quehacerpolitico.mx\/?p=111187"]}]},{"@type":"ImageObject","inLanguage":"es","@id":"https:\/\/quehacerpolitico.mx\/?p=111187#primaryimage","url":"https:\/\/quehacerpolitico.mx\/wp-content\/uploads\/2024\/07\/f97f131b-617d-4d33-b7a7-a2e9689dd2f7-3.jpeg","contentUrl":"https:\/\/quehacerpolitico.mx\/wp-content\/uploads\/2024\/07\/f97f131b-617d-4d33-b7a7-a2e9689dd2f7-3.jpeg","width":963,"height":493},{"@type":"BreadcrumbList","@id":"https:\/\/quehacerpolitico.mx\/?p=111187#breadcrumb","itemListElement":[{"@type":"ListItem","position":1,"name":"Inicio","item":"https:\/\/quehacerpolitico.mx\/"},{"@type":"ListItem","position":2,"name":"El Quehacer Pol\u00edtico en la Cultura a trav\u00e9s del Enfoque\/\/\/Litza Deniss Dur\u00e1n Espinosa\/\/\/Arte e innovaci\u00f3n: 140 a\u00f1os del Banco Nacional de M\u00e9xico"}]},{"@type":"WebSite","@id":"https:\/\/quehacerpolitico.mx\/#website","url":"https:\/\/quehacerpolitico.mx\/","name":"","description":"","potentialAction":[{"@type":"SearchAction","target":{"@type":"EntryPoint","urlTemplate":"https:\/\/quehacerpolitico.mx\/?s={search_term_string}"},"query-input":{"@type":"PropertyValueSpecification","valueRequired":true,"valueName":"search_term_string"}}],"inLanguage":"es"},{"@type":"Person","@id":"https:\/\/quehacerpolitico.mx\/#\/schema\/person\/496d8ad2d1d3f8036101dca7ee39e585","name":"Redacci\u00f3n QP","image":{"@type":"ImageObject","inLanguage":"es","@id":"https:\/\/secure.gravatar.com\/avatar\/c7164ed6fdec453195284ad24a5ae5b6e1eed2b848477fa2a4787ba9adf39a41?s=96&d=mm&r=g","url":"https:\/\/secure.gravatar.com\/avatar\/c7164ed6fdec453195284ad24a5ae5b6e1eed2b848477fa2a4787ba9adf39a41?s=96&d=mm&r=g","contentUrl":"https:\/\/secure.gravatar.com\/avatar\/c7164ed6fdec453195284ad24a5ae5b6e1eed2b848477fa2a4787ba9adf39a41?s=96&d=mm&r=g","caption":"Redacci\u00f3n QP"},"url":"https:\/\/quehacerpolitico.mx\/?author=2"}]}},"featured_image_urls":{"full":["https:\/\/quehacerpolitico.mx\/wp-content\/uploads\/2024\/07\/f97f131b-617d-4d33-b7a7-a2e9689dd2f7-3.jpeg",963,493,false],"thumbnail":["https:\/\/quehacerpolitico.mx\/wp-content\/uploads\/2024\/07\/f97f131b-617d-4d33-b7a7-a2e9689dd2f7-3-150x150.jpeg",150,150,true],"medium":["https:\/\/quehacerpolitico.mx\/wp-content\/uploads\/2024\/07\/f97f131b-617d-4d33-b7a7-a2e9689dd2f7-3-300x154.jpeg",300,154,true],"medium_large":["https:\/\/quehacerpolitico.mx\/wp-content\/uploads\/2024\/07\/f97f131b-617d-4d33-b7a7-a2e9689dd2f7-3-768x393.jpeg",640,328,true],"large":["https:\/\/quehacerpolitico.mx\/wp-content\/uploads\/2024\/07\/f97f131b-617d-4d33-b7a7-a2e9689dd2f7-3.jpeg",640,328,false],"1536x1536":["https:\/\/quehacerpolitico.mx\/wp-content\/uploads\/2024\/07\/f97f131b-617d-4d33-b7a7-a2e9689dd2f7-3.jpeg",963,493,false],"2048x2048":["https:\/\/quehacerpolitico.mx\/wp-content\/uploads\/2024\/07\/f97f131b-617d-4d33-b7a7-a2e9689dd2f7-3.jpeg",963,493,false],"covernews-featured":["https:\/\/quehacerpolitico.mx\/wp-content\/uploads\/2024\/07\/f97f131b-617d-4d33-b7a7-a2e9689dd2f7-3.jpeg",963,493,false],"covernews-medium":["https:\/\/quehacerpolitico.mx\/wp-content\/uploads\/2024\/07\/f97f131b-617d-4d33-b7a7-a2e9689dd2f7-3.jpeg",540,276,false]},"author_info":{"display_name":"Redacci\u00f3n QP","author_link":"https:\/\/quehacerpolitico.mx\/?author=2"},"category_info":"<a href=\"https:\/\/quehacerpolitico.mx\/?cat=58\" rel=\"category\">Cultura y Entretenimiento<\/a>","tag_info":"Cultura y Entretenimiento","comment_count":"0","_links":{"self":[{"href":"https:\/\/quehacerpolitico.mx\/index.php?rest_route=\/wp\/v2\/posts\/111187","targetHints":{"allow":["GET"]}}],"collection":[{"href":"https:\/\/quehacerpolitico.mx\/index.php?rest_route=\/wp\/v2\/posts"}],"about":[{"href":"https:\/\/quehacerpolitico.mx\/index.php?rest_route=\/wp\/v2\/types\/post"}],"author":[{"embeddable":true,"href":"https:\/\/quehacerpolitico.mx\/index.php?rest_route=\/wp\/v2\/users\/2"}],"replies":[{"embeddable":true,"href":"https:\/\/quehacerpolitico.mx\/index.php?rest_route=%2Fwp%2Fv2%2Fcomments&post=111187"}],"version-history":[{"count":1,"href":"https:\/\/quehacerpolitico.mx\/index.php?rest_route=\/wp\/v2\/posts\/111187\/revisions"}],"predecessor-version":[{"id":111189,"href":"https:\/\/quehacerpolitico.mx\/index.php?rest_route=\/wp\/v2\/posts\/111187\/revisions\/111189"}],"wp:featuredmedia":[{"embeddable":true,"href":"https:\/\/quehacerpolitico.mx\/index.php?rest_route=\/wp\/v2\/media\/111188"}],"wp:attachment":[{"href":"https:\/\/quehacerpolitico.mx\/index.php?rest_route=%2Fwp%2Fv2%2Fmedia&parent=111187"}],"wp:term":[{"taxonomy":"category","embeddable":true,"href":"https:\/\/quehacerpolitico.mx\/index.php?rest_route=%2Fwp%2Fv2%2Fcategories&post=111187"},{"taxonomy":"post_tag","embeddable":true,"href":"https:\/\/quehacerpolitico.mx\/index.php?rest_route=%2Fwp%2Fv2%2Ftags&post=111187"}],"curies":[{"name":"wp","href":"https:\/\/api.w.org\/{rel}","templated":true}]}}