{"id":111175,"date":"2024-07-08T13:39:28","date_gmt":"2024-07-08T13:39:28","guid":{"rendered":"https:\/\/quehacerpolitico.mx\/?p=111175"},"modified":"2024-07-08T13:39:32","modified_gmt":"2024-07-08T13:39:32","slug":"el-quehacer-politico-jose-alberto-prado-angeles-por-el-bien-de-todos-primero-el-estado-de-derecho","status":"publish","type":"post","link":"https:\/\/quehacerpolitico.mx\/?p=111175","title":{"rendered":"El Quehacer Pol\u00edtico\/\/\/Jose Alberto Prado \u00c1ngeles\/\/\/Por el bien de todos primero el estado de derecho"},"content":{"rendered":"\n<p>Por Jos\u00e9 Alberto Prado \u00c1ngeles <\/p>\n\n\n\n<p>Director General y Editor<\/p>\n\n\n\n<p>El tema nacional que acapara la atenci\u00f3n en los medios de comunicaci\u00f3n es la propuesta de reforma al Poder Judicial, por atentar en contra de la democracia y promover la concentraci\u00f3n de poder en el oficialismo. Pero aparentemente eso sucede solamente en el \u00e1mbito pol\u00edtico y no entre la ciudadan\u00eda. De acuerdo con el Latinobar\u00f3metro -corporaci\u00f3n que investiga el desarrollo de la econom\u00eda, democracia y la sociedad en su conjunto-, al 56 por ciento de los mexicanos no le importa vivir en un pa\u00eds con o sin democracia, lo que le interesa es tener un gobierno que les resuelva sus problemas.<\/p>\n\n\n\n<p>A quienes s\u00ed les interesa las consecuencias que se puedan tener de una reforma constitucional al Poder Judicial que atente en contra de la democracia y provoque autoritarismo es a los empresarios. Y fueron precisamente ellos quienes se lo expresaron directamente a Claudia Sheinbaum en su primera reuni\u00f3n cuando en el marco del Consejo Coordinador Empresarial (CCE). \u201cNecesitamos una relaci\u00f3n de confianza en el gobierno, la certidumbre del futuro y unidad&#8230; si eso sucede, cuente con todo nuestro apoyo\u201d, dijo Francisco Alberto Cervantez, presidente del organismo.<\/p>\n\n\n\n<p>Ante el \u201cespaldarazo\u201d empresarial, la presidenta&nbsp;electa fue muy clara al se\u00f1alar que la reforma al Poder Judicial, \u201cDe ninguna manera va a representar autoritarismo o una concentraci\u00f3n de poder. De hecho, es que el Poder Judicial tenga su autonom\u00eda, m\u00e1s autonom\u00eda, y que realmente sea un poder judicial que procure la justicia\u201d. Palabras que \u201cgeneran confianza\u201d, dijo el presidente de los empresarios.<\/p>\n\n\n\n<p>El mensaje de quien regir\u00e1 los destinos de M\u00e9xico a partir del 1 de octubre, quien agreg\u00f3 que \u201cel desarrollo econ\u00f3mico debe ser incluyente\u201d -entendi\u00e9ndose que se escucharan las opiniones de todos sectores- tranquiliz\u00f3 a los empresarios que se hab\u00edan mostrado nerviosos, alterados y preocupados.<\/p>\n\n\n\n<p>Por el momento, el relevante mensaje es tranquilizador y da la impresi\u00f3n o se interpreta que Claudia empieza a deslindarse del tono altanero y divisionista de quien a\u00fan gobierna, y aparentemente comienza a distanciarse de la intenci\u00f3n de crear un gobierno autoritario. Pero tampoco nos confundamos e ilusionemos, porque el inquilino de Palacio cuando empez\u00f3 este \u201cmemorable sexenio\u201d envolvi\u00f3 a muchos con su pausado discurso lleno de verborrea, pero colmado de divisionismo y mentiras.<\/p>\n\n\n\n<p>As\u00ed el Quehacer Pol\u00edtico Desde 1980, inquiriendo en la pol\u00edtica de M\u00e9xico, cuestionando, exponiendo, revelando y razonando.Es cuanto.<\/p>\n","protected":false},"excerpt":{"rendered":"<p>Por Jos\u00e9 Alberto Prado \u00c1ngeles Director General y Editor El tema nacional que acapara la&#8230;<\/p>\n","protected":false},"author":2,"featured_media":111176,"comment_status":"open","ping_status":"open","sticky":false,"template":"","format":"standard","meta":{"_monsterinsights_skip_tracking":false,"_monsterinsights_sitenote_active":false,"_monsterinsights_sitenote_note":"","_monsterinsights_sitenote_category":0,"footnotes":""},"categories":[2],"tags":[],"class_list":["post-111175","post","type-post","status-publish","format-standard","has-post-thumbnail","hentry","category-noticias"],"yoast_head":"<!-- This site is optimized with the Yoast SEO plugin v27.3 - https:\/\/yoast.com\/product\/yoast-seo-wordpress\/ -->\n<title>El Quehacer Pol\u00edtico\/\/\/Jose Alberto Prado \u00c1ngeles\/\/\/Por el bien de todos primero el estado de derecho -<\/title>\n<meta name=\"robots\" content=\"index, follow, max-snippet:-1, max-image-preview:large, max-video-preview:-1\" \/>\n<link rel=\"canonical\" href=\"https:\/\/quehacerpolitico.mx\/?p=111175\" \/>\n<meta property=\"og:locale\" content=\"es_MX\" \/>\n<meta property=\"og:type\" content=\"article\" \/>\n<meta property=\"og:title\" content=\"El Quehacer Pol\u00edtico\/\/\/Jose Alberto Prado \u00c1ngeles\/\/\/Por el bien de todos primero el estado de derecho -\" \/>\n<meta property=\"og:description\" content=\"Por Jos\u00e9 Alberto Prado \u00c1ngeles Director General y Editor El tema nacional que acapara la...\" \/>\n<meta property=\"og:url\" content=\"https:\/\/quehacerpolitico.mx\/?p=111175\" \/>\n<meta property=\"article:published_time\" content=\"2024-07-08T13:39:28+00:00\" \/>\n<meta property=\"article:modified_time\" content=\"2024-07-08T13:39:32+00:00\" \/>\n<meta property=\"og:image\" content=\"https:\/\/quehacerpolitico.mx\/wp-content\/uploads\/2024\/07\/2f2c152e-bb96-4c06-8e02-4e9a1a9677ca-1.jpeg\" \/>\n\t<meta property=\"og:image:width\" content=\"963\" \/>\n\t<meta property=\"og:image:height\" content=\"493\" \/>\n\t<meta property=\"og:image:type\" content=\"image\/jpeg\" \/>\n<meta name=\"author\" content=\"Redacci\u00f3n QP\" \/>\n<meta name=\"twitter:card\" content=\"summary_large_image\" \/>\n<meta name=\"twitter:label1\" content=\"Escrito por\" \/>\n\t<meta name=\"twitter:data1\" content=\"Redacci\u00f3n QP\" \/>\n\t<meta name=\"twitter:label2\" content=\"Tiempo de lectura\" \/>\n\t<meta name=\"twitter:data2\" content=\"2 minutos\" \/>\n<script type=\"application\/ld+json\" class=\"yoast-schema-graph\">{\"@context\":\"https:\\\/\\\/schema.org\",\"@graph\":[{\"@type\":\"Article\",\"@id\":\"https:\\\/\\\/quehacerpolitico.mx\\\/?p=111175#article\",\"isPartOf\":{\"@id\":\"https:\\\/\\\/quehacerpolitico.mx\\\/?p=111175\"},\"author\":{\"name\":\"Redacci\u00f3n QP\",\"@id\":\"https:\\\/\\\/quehacerpolitico.mx\\\/#\\\/schema\\\/person\\\/496d8ad2d1d3f8036101dca7ee39e585\"},\"headline\":\"El Quehacer Pol\u00edtico\\\/\\\/\\\/Jose Alberto Prado \u00c1ngeles\\\/\\\/\\\/Por el bien de todos primero el estado de derecho\",\"datePublished\":\"2024-07-08T13:39:28+00:00\",\"dateModified\":\"2024-07-08T13:39:32+00:00\",\"mainEntityOfPage\":{\"@id\":\"https:\\\/\\\/quehacerpolitico.mx\\\/?p=111175\"},\"wordCount\":439,\"commentCount\":0,\"image\":{\"@id\":\"https:\\\/\\\/quehacerpolitico.mx\\\/?p=111175#primaryimage\"},\"thumbnailUrl\":\"https:\\\/\\\/quehacerpolitico.mx\\\/wp-content\\\/uploads\\\/2024\\\/07\\\/2f2c152e-bb96-4c06-8e02-4e9a1a9677ca-1.jpeg\",\"articleSection\":[\"Noticias\"],\"inLanguage\":\"es\",\"potentialAction\":[{\"@type\":\"CommentAction\",\"name\":\"Comment\",\"target\":[\"https:\\\/\\\/quehacerpolitico.mx\\\/?p=111175#respond\"]}]},{\"@type\":\"WebPage\",\"@id\":\"https:\\\/\\\/quehacerpolitico.mx\\\/?p=111175\",\"url\":\"https:\\\/\\\/quehacerpolitico.mx\\\/?p=111175\",\"name\":\"El Quehacer Pol\u00edtico\\\/\\\/\\\/Jose Alberto Prado \u00c1ngeles\\\/\\\/\\\/Por el bien de todos primero el estado de derecho -\",\"isPartOf\":{\"@id\":\"https:\\\/\\\/quehacerpolitico.mx\\\/#website\"},\"primaryImageOfPage\":{\"@id\":\"https:\\\/\\\/quehacerpolitico.mx\\\/?p=111175#primaryimage\"},\"image\":{\"@id\":\"https:\\\/\\\/quehacerpolitico.mx\\\/?p=111175#primaryimage\"},\"thumbnailUrl\":\"https:\\\/\\\/quehacerpolitico.mx\\\/wp-content\\\/uploads\\\/2024\\\/07\\\/2f2c152e-bb96-4c06-8e02-4e9a1a9677ca-1.jpeg\",\"datePublished\":\"2024-07-08T13:39:28+00:00\",\"dateModified\":\"2024-07-08T13:39:32+00:00\",\"author\":{\"@id\":\"https:\\\/\\\/quehacerpolitico.mx\\\/#\\\/schema\\\/person\\\/496d8ad2d1d3f8036101dca7ee39e585\"},\"breadcrumb\":{\"@id\":\"https:\\\/\\\/quehacerpolitico.mx\\\/?p=111175#breadcrumb\"},\"inLanguage\":\"es\",\"potentialAction\":[{\"@type\":\"ReadAction\",\"target\":[\"https:\\\/\\\/quehacerpolitico.mx\\\/?p=111175\"]}]},{\"@type\":\"ImageObject\",\"inLanguage\":\"es\",\"@id\":\"https:\\\/\\\/quehacerpolitico.mx\\\/?p=111175#primaryimage\",\"url\":\"https:\\\/\\\/quehacerpolitico.mx\\\/wp-content\\\/uploads\\\/2024\\\/07\\\/2f2c152e-bb96-4c06-8e02-4e9a1a9677ca-1.jpeg\",\"contentUrl\":\"https:\\\/\\\/quehacerpolitico.mx\\\/wp-content\\\/uploads\\\/2024\\\/07\\\/2f2c152e-bb96-4c06-8e02-4e9a1a9677ca-1.jpeg\",\"width\":963,\"height\":493},{\"@type\":\"BreadcrumbList\",\"@id\":\"https:\\\/\\\/quehacerpolitico.mx\\\/?p=111175#breadcrumb\",\"itemListElement\":[{\"@type\":\"ListItem\",\"position\":1,\"name\":\"Inicio\",\"item\":\"https:\\\/\\\/quehacerpolitico.mx\\\/\"},{\"@type\":\"ListItem\",\"position\":2,\"name\":\"El Quehacer Pol\u00edtico\\\/\\\/\\\/Jose Alberto Prado \u00c1ngeles\\\/\\\/\\\/Por el bien de todos primero el estado de derecho\"}]},{\"@type\":\"WebSite\",\"@id\":\"https:\\\/\\\/quehacerpolitico.mx\\\/#website\",\"url\":\"https:\\\/\\\/quehacerpolitico.mx\\\/\",\"name\":\"\",\"description\":\"\",\"potentialAction\":[{\"@type\":\"SearchAction\",\"target\":{\"@type\":\"EntryPoint\",\"urlTemplate\":\"https:\\\/\\\/quehacerpolitico.mx\\\/?s={search_term_string}\"},\"query-input\":{\"@type\":\"PropertyValueSpecification\",\"valueRequired\":true,\"valueName\":\"search_term_string\"}}],\"inLanguage\":\"es\"},{\"@type\":\"Person\",\"@id\":\"https:\\\/\\\/quehacerpolitico.mx\\\/#\\\/schema\\\/person\\\/496d8ad2d1d3f8036101dca7ee39e585\",\"name\":\"Redacci\u00f3n QP\",\"image\":{\"@type\":\"ImageObject\",\"inLanguage\":\"es\",\"@id\":\"https:\\\/\\\/secure.gravatar.com\\\/avatar\\\/c7164ed6fdec453195284ad24a5ae5b6e1eed2b848477fa2a4787ba9adf39a41?s=96&d=mm&r=g\",\"url\":\"https:\\\/\\\/secure.gravatar.com\\\/avatar\\\/c7164ed6fdec453195284ad24a5ae5b6e1eed2b848477fa2a4787ba9adf39a41?s=96&d=mm&r=g\",\"contentUrl\":\"https:\\\/\\\/secure.gravatar.com\\\/avatar\\\/c7164ed6fdec453195284ad24a5ae5b6e1eed2b848477fa2a4787ba9adf39a41?s=96&d=mm&r=g\",\"caption\":\"Redacci\u00f3n QP\"},\"url\":\"https:\\\/\\\/quehacerpolitico.mx\\\/?author=2\"}]}<\/script>\n<!-- \/ Yoast SEO plugin. -->","yoast_head_json":{"title":"El Quehacer Pol\u00edtico\/\/\/Jose Alberto Prado \u00c1ngeles\/\/\/Por el bien de todos primero el estado de derecho -","robots":{"index":"index","follow":"follow","max-snippet":"max-snippet:-1","max-image-preview":"max-image-preview:large","max-video-preview":"max-video-preview:-1"},"canonical":"https:\/\/quehacerpolitico.mx\/?p=111175","og_locale":"es_MX","og_type":"article","og_title":"El Quehacer Pol\u00edtico\/\/\/Jose Alberto Prado \u00c1ngeles\/\/\/Por el bien de todos primero el estado de derecho -","og_description":"Por Jos\u00e9 Alberto Prado \u00c1ngeles Director General y Editor El tema nacional que acapara la...","og_url":"https:\/\/quehacerpolitico.mx\/?p=111175","article_published_time":"2024-07-08T13:39:28+00:00","article_modified_time":"2024-07-08T13:39:32+00:00","og_image":[{"width":963,"height":493,"url":"https:\/\/quehacerpolitico.mx\/wp-content\/uploads\/2024\/07\/2f2c152e-bb96-4c06-8e02-4e9a1a9677ca-1.jpeg","type":"image\/jpeg"}],"author":"Redacci\u00f3n QP","twitter_card":"summary_large_image","twitter_misc":{"Escrito por":"Redacci\u00f3n QP","Tiempo de lectura":"2 minutos"},"schema":{"@context":"https:\/\/schema.org","@graph":[{"@type":"Article","@id":"https:\/\/quehacerpolitico.mx\/?p=111175#article","isPartOf":{"@id":"https:\/\/quehacerpolitico.mx\/?p=111175"},"author":{"name":"Redacci\u00f3n QP","@id":"https:\/\/quehacerpolitico.mx\/#\/schema\/person\/496d8ad2d1d3f8036101dca7ee39e585"},"headline":"El Quehacer Pol\u00edtico\/\/\/Jose Alberto Prado \u00c1ngeles\/\/\/Por el bien de todos primero el estado de derecho","datePublished":"2024-07-08T13:39:28+00:00","dateModified":"2024-07-08T13:39:32+00:00","mainEntityOfPage":{"@id":"https:\/\/quehacerpolitico.mx\/?p=111175"},"wordCount":439,"commentCount":0,"image":{"@id":"https:\/\/quehacerpolitico.mx\/?p=111175#primaryimage"},"thumbnailUrl":"https:\/\/quehacerpolitico.mx\/wp-content\/uploads\/2024\/07\/2f2c152e-bb96-4c06-8e02-4e9a1a9677ca-1.jpeg","articleSection":["Noticias"],"inLanguage":"es","potentialAction":[{"@type":"CommentAction","name":"Comment","target":["https:\/\/quehacerpolitico.mx\/?p=111175#respond"]}]},{"@type":"WebPage","@id":"https:\/\/quehacerpolitico.mx\/?p=111175","url":"https:\/\/quehacerpolitico.mx\/?p=111175","name":"El Quehacer Pol\u00edtico\/\/\/Jose Alberto Prado \u00c1ngeles\/\/\/Por el bien de todos primero el estado de derecho -","isPartOf":{"@id":"https:\/\/quehacerpolitico.mx\/#website"},"primaryImageOfPage":{"@id":"https:\/\/quehacerpolitico.mx\/?p=111175#primaryimage"},"image":{"@id":"https:\/\/quehacerpolitico.mx\/?p=111175#primaryimage"},"thumbnailUrl":"https:\/\/quehacerpolitico.mx\/wp-content\/uploads\/2024\/07\/2f2c152e-bb96-4c06-8e02-4e9a1a9677ca-1.jpeg","datePublished":"2024-07-08T13:39:28+00:00","dateModified":"2024-07-08T13:39:32+00:00","author":{"@id":"https:\/\/quehacerpolitico.mx\/#\/schema\/person\/496d8ad2d1d3f8036101dca7ee39e585"},"breadcrumb":{"@id":"https:\/\/quehacerpolitico.mx\/?p=111175#breadcrumb"},"inLanguage":"es","potentialAction":[{"@type":"ReadAction","target":["https:\/\/quehacerpolitico.mx\/?p=111175"]}]},{"@type":"ImageObject","inLanguage":"es","@id":"https:\/\/quehacerpolitico.mx\/?p=111175#primaryimage","url":"https:\/\/quehacerpolitico.mx\/wp-content\/uploads\/2024\/07\/2f2c152e-bb96-4c06-8e02-4e9a1a9677ca-1.jpeg","contentUrl":"https:\/\/quehacerpolitico.mx\/wp-content\/uploads\/2024\/07\/2f2c152e-bb96-4c06-8e02-4e9a1a9677ca-1.jpeg","width":963,"height":493},{"@type":"BreadcrumbList","@id":"https:\/\/quehacerpolitico.mx\/?p=111175#breadcrumb","itemListElement":[{"@type":"ListItem","position":1,"name":"Inicio","item":"https:\/\/quehacerpolitico.mx\/"},{"@type":"ListItem","position":2,"name":"El Quehacer Pol\u00edtico\/\/\/Jose Alberto Prado \u00c1ngeles\/\/\/Por el bien de todos primero el estado de derecho"}]},{"@type":"WebSite","@id":"https:\/\/quehacerpolitico.mx\/#website","url":"https:\/\/quehacerpolitico.mx\/","name":"","description":"","potentialAction":[{"@type":"SearchAction","target":{"@type":"EntryPoint","urlTemplate":"https:\/\/quehacerpolitico.mx\/?s={search_term_string}"},"query-input":{"@type":"PropertyValueSpecification","valueRequired":true,"valueName":"search_term_string"}}],"inLanguage":"es"},{"@type":"Person","@id":"https:\/\/quehacerpolitico.mx\/#\/schema\/person\/496d8ad2d1d3f8036101dca7ee39e585","name":"Redacci\u00f3n QP","image":{"@type":"ImageObject","inLanguage":"es","@id":"https:\/\/secure.gravatar.com\/avatar\/c7164ed6fdec453195284ad24a5ae5b6e1eed2b848477fa2a4787ba9adf39a41?s=96&d=mm&r=g","url":"https:\/\/secure.gravatar.com\/avatar\/c7164ed6fdec453195284ad24a5ae5b6e1eed2b848477fa2a4787ba9adf39a41?s=96&d=mm&r=g","contentUrl":"https:\/\/secure.gravatar.com\/avatar\/c7164ed6fdec453195284ad24a5ae5b6e1eed2b848477fa2a4787ba9adf39a41?s=96&d=mm&r=g","caption":"Redacci\u00f3n QP"},"url":"https:\/\/quehacerpolitico.mx\/?author=2"}]}},"featured_image_urls":{"full":["https:\/\/quehacerpolitico.mx\/wp-content\/uploads\/2024\/07\/2f2c152e-bb96-4c06-8e02-4e9a1a9677ca-1.jpeg",963,493,false],"thumbnail":["https:\/\/quehacerpolitico.mx\/wp-content\/uploads\/2024\/07\/2f2c152e-bb96-4c06-8e02-4e9a1a9677ca-1-150x150.jpeg",150,150,true],"medium":["https:\/\/quehacerpolitico.mx\/wp-content\/uploads\/2024\/07\/2f2c152e-bb96-4c06-8e02-4e9a1a9677ca-1-300x154.jpeg",300,154,true],"medium_large":["https:\/\/quehacerpolitico.mx\/wp-content\/uploads\/2024\/07\/2f2c152e-bb96-4c06-8e02-4e9a1a9677ca-1-768x393.jpeg",640,328,true],"large":["https:\/\/quehacerpolitico.mx\/wp-content\/uploads\/2024\/07\/2f2c152e-bb96-4c06-8e02-4e9a1a9677ca-1.jpeg",640,328,false],"1536x1536":["https:\/\/quehacerpolitico.mx\/wp-content\/uploads\/2024\/07\/2f2c152e-bb96-4c06-8e02-4e9a1a9677ca-1.jpeg",963,493,false],"2048x2048":["https:\/\/quehacerpolitico.mx\/wp-content\/uploads\/2024\/07\/2f2c152e-bb96-4c06-8e02-4e9a1a9677ca-1.jpeg",963,493,false],"covernews-featured":["https:\/\/quehacerpolitico.mx\/wp-content\/uploads\/2024\/07\/2f2c152e-bb96-4c06-8e02-4e9a1a9677ca-1.jpeg",963,493,false],"covernews-medium":["https:\/\/quehacerpolitico.mx\/wp-content\/uploads\/2024\/07\/2f2c152e-bb96-4c06-8e02-4e9a1a9677ca-1.jpeg",540,276,false]},"author_info":{"display_name":"Redacci\u00f3n QP","author_link":"https:\/\/quehacerpolitico.mx\/?author=2"},"category_info":"<a href=\"https:\/\/quehacerpolitico.mx\/?cat=2\" rel=\"category\">Noticias<\/a>","tag_info":"Noticias","comment_count":"0","_links":{"self":[{"href":"https:\/\/quehacerpolitico.mx\/index.php?rest_route=\/wp\/v2\/posts\/111175","targetHints":{"allow":["GET"]}}],"collection":[{"href":"https:\/\/quehacerpolitico.mx\/index.php?rest_route=\/wp\/v2\/posts"}],"about":[{"href":"https:\/\/quehacerpolitico.mx\/index.php?rest_route=\/wp\/v2\/types\/post"}],"author":[{"embeddable":true,"href":"https:\/\/quehacerpolitico.mx\/index.php?rest_route=\/wp\/v2\/users\/2"}],"replies":[{"embeddable":true,"href":"https:\/\/quehacerpolitico.mx\/index.php?rest_route=%2Fwp%2Fv2%2Fcomments&post=111175"}],"version-history":[{"count":1,"href":"https:\/\/quehacerpolitico.mx\/index.php?rest_route=\/wp\/v2\/posts\/111175\/revisions"}],"predecessor-version":[{"id":111177,"href":"https:\/\/quehacerpolitico.mx\/index.php?rest_route=\/wp\/v2\/posts\/111175\/revisions\/111177"}],"wp:featuredmedia":[{"embeddable":true,"href":"https:\/\/quehacerpolitico.mx\/index.php?rest_route=\/wp\/v2\/media\/111176"}],"wp:attachment":[{"href":"https:\/\/quehacerpolitico.mx\/index.php?rest_route=%2Fwp%2Fv2%2Fmedia&parent=111175"}],"wp:term":[{"taxonomy":"category","embeddable":true,"href":"https:\/\/quehacerpolitico.mx\/index.php?rest_route=%2Fwp%2Fv2%2Fcategories&post=111175"},{"taxonomy":"post_tag","embeddable":true,"href":"https:\/\/quehacerpolitico.mx\/index.php?rest_route=%2Fwp%2Fv2%2Ftags&post=111175"}],"curies":[{"name":"wp","href":"https:\/\/api.w.org\/{rel}","templated":true}]}}