{"id":111164,"date":"2024-07-05T18:34:04","date_gmt":"2024-07-05T18:34:04","guid":{"rendered":"https:\/\/quehacerpolitico.mx\/?p=111164"},"modified":"2024-07-05T18:34:07","modified_gmt":"2024-07-05T18:34:07","slug":"el-quehacer-politico-en-la-cultura-a-traves-del-enfoque-litza-deniss-duran-espinosa-cultura-comunitaria-te-invita-a-participar-en-el-verano-convitero","status":"publish","type":"post","link":"https:\/\/quehacerpolitico.mx\/?p=111164","title":{"rendered":"El Quehacer Pol\u00edtico en la Cultura a trav\u00e9s del Enfoque\/\/\/Litza Deniss Dur\u00e1n Espinosa\/\/\/Cultura Comunitaria te invita a participar en el Verano convitero"},"content":{"rendered":"\n<p>Por Litza Deniss Dur\u00e1n Espinosa<\/p>\n\n\n\n<p>Analista<\/p>\n\n\n\n<ul class=\"wp-block-list\">\n<li><strong>En estas actividades encontrar\u00e1s artes pl\u00e1sticas, m\u00fasica, teatro, narraciones orales, artes circenses y juegos participativos.<\/strong><\/li>\n<\/ul>\n\n\n\n<p>El programa Cultura Comunitaria de la Secretar\u00eda de Cultura del Gobierno de M\u00e9xico invita al p\u00fablico a participar, a partir de esta semana y hasta el 10 de agosto de 2024, en el \u201cVerano convitero\u201d.<\/p>\n\n\n\n<figure class=\"wp-block-image size-large\"><img loading=\"lazy\" decoding=\"async\" width=\"1024\" height=\"576\" src=\"https:\/\/quehacerpolitico.mx\/wp-content\/uploads\/2024\/07\/image-6-1024x576.jpeg\" alt=\"\" class=\"wp-image-111170\" srcset=\"https:\/\/quehacerpolitico.mx\/wp-content\/uploads\/2024\/07\/image-6-1024x576.jpeg 1024w, https:\/\/quehacerpolitico.mx\/wp-content\/uploads\/2024\/07\/image-6-300x169.jpeg 300w, https:\/\/quehacerpolitico.mx\/wp-content\/uploads\/2024\/07\/image-6-768x432.jpeg 768w, https:\/\/quehacerpolitico.mx\/wp-content\/uploads\/2024\/07\/image-6-260x146.jpeg 260w, https:\/\/quehacerpolitico.mx\/wp-content\/uploads\/2024\/07\/image-6-50x28.jpeg 50w, https:\/\/quehacerpolitico.mx\/wp-content\/uploads\/2024\/07\/image-6-133x75.jpeg 133w, https:\/\/quehacerpolitico.mx\/wp-content\/uploads\/2024\/07\/image-6-1200x675.jpeg 1200w, https:\/\/quehacerpolitico.mx\/wp-content\/uploads\/2024\/07\/image-6.jpeg 1280w\" sizes=\"auto, (max-width: 1024px) 100vw, 1024px\" \/><\/figure>\n\n\n\n<p>Se trata de una serie de actividades de verano para toda la familia donde habr\u00e1 artes pl\u00e1sticas, m\u00fasica, teatro, narraciones orales, arte circense y juegos participativos que permitir\u00e1n a los p\u00fablicos de todas las edades disfrutar y convivir en su tiempo libre.<\/p>\n\n\n\n<figure class=\"wp-block-image size-large\"><img loading=\"lazy\" decoding=\"async\" width=\"1024\" height=\"577\" src=\"https:\/\/quehacerpolitico.mx\/wp-content\/uploads\/2024\/07\/image-3-1024x577.jpeg\" alt=\"\" class=\"wp-image-111165\" srcset=\"https:\/\/quehacerpolitico.mx\/wp-content\/uploads\/2024\/07\/image-3-1024x577.jpeg 1024w, https:\/\/quehacerpolitico.mx\/wp-content\/uploads\/2024\/07\/image-3-300x169.jpeg 300w, https:\/\/quehacerpolitico.mx\/wp-content\/uploads\/2024\/07\/image-3-768x433.jpeg 768w, https:\/\/quehacerpolitico.mx\/wp-content\/uploads\/2024\/07\/image-3-1536x866.jpeg 1536w, https:\/\/quehacerpolitico.mx\/wp-content\/uploads\/2024\/07\/image-3-260x146.jpeg 260w, https:\/\/quehacerpolitico.mx\/wp-content\/uploads\/2024\/07\/image-3-50x28.jpeg 50w, https:\/\/quehacerpolitico.mx\/wp-content\/uploads\/2024\/07\/image-3-133x75.jpeg 133w, https:\/\/quehacerpolitico.mx\/wp-content\/uploads\/2024\/07\/image-3-1200x675.jpeg 1200w, https:\/\/quehacerpolitico.mx\/wp-content\/uploads\/2024\/07\/image-3.jpeg 1600w\" sizes=\"auto, (max-width: 1024px) 100vw, 1024px\" \/><\/figure>\n\n\n\n<p>Estas jornadas especiales de Convites culturales se llevar\u00e1n a cabo en 63 municipios y 65 localidades de 23 entidades de la Rep\u00fablica: Baja California, Baja California Sur, Campeche, Ciudad de M\u00e9xico, Chiapas, Chihuahua, Coahuila, Colima, Durango, Estado de M\u00e9xico, Guerrero, Guanajuato, Jalisco, Michoac\u00e1n, Morelos, Nayarit, Oaxaca, Sonora, Tabasco, Tamaulipas, Tlaxcala, Veracruz y Yucat\u00e1n.<\/p>\n\n\n\n<p>Los Convites culturales son convivencias semanales, mediante actividades art\u00edsticas y culturales gratuitas dirigidas a p\u00fablicos de todas las edades. Su objetivo es promover ocasiones de disfrute y apropiaci\u00f3n afectiva de los espacios p\u00fablicos a partir de los intereses y necesidades de la comunidad. <\/p>\n\n\n\n<figure class=\"wp-block-image size-large\"><img loading=\"lazy\" decoding=\"async\" width=\"1024\" height=\"576\" src=\"https:\/\/quehacerpolitico.mx\/wp-content\/uploads\/2024\/07\/image-5-1024x576.jpeg\" alt=\"\" class=\"wp-image-111167\" srcset=\"https:\/\/quehacerpolitico.mx\/wp-content\/uploads\/2024\/07\/image-5-1024x576.jpeg 1024w, https:\/\/quehacerpolitico.mx\/wp-content\/uploads\/2024\/07\/image-5-300x169.jpeg 300w, https:\/\/quehacerpolitico.mx\/wp-content\/uploads\/2024\/07\/image-5-768x432.jpeg 768w, https:\/\/quehacerpolitico.mx\/wp-content\/uploads\/2024\/07\/image-5-1536x864.jpeg 1536w, https:\/\/quehacerpolitico.mx\/wp-content\/uploads\/2024\/07\/image-5-260x146.jpeg 260w, https:\/\/quehacerpolitico.mx\/wp-content\/uploads\/2024\/07\/image-5-50x28.jpeg 50w, https:\/\/quehacerpolitico.mx\/wp-content\/uploads\/2024\/07\/image-5-133x75.jpeg 133w, https:\/\/quehacerpolitico.mx\/wp-content\/uploads\/2024\/07\/image-5-1200x675.jpeg 1200w, https:\/\/quehacerpolitico.mx\/wp-content\/uploads\/2024\/07\/image-5.jpeg 1600w\" sizes=\"auto, (max-width: 1024px) 100vw, 1024px\" \/><\/figure>\n\n\n\n<p>Cabe mencionar que en 2023 se realizaron estas jornadas de verano, con actividades l\u00fadicas, que parten de los trabajos de base comunitaria donde participan agentes culturales locales aplicando los distintos lenguajes creativos que ofrecen la oportunidad de explorar y apropiarse afectivamente, mediante el arte y la cultura, de los espacios de convivencia de sus localidades.<\/p>\n\n\n\n<figure class=\"wp-block-image size-large\"><img loading=\"lazy\" decoding=\"async\" width=\"1024\" height=\"768\" src=\"https:\/\/quehacerpolitico.mx\/wp-content\/uploads\/2024\/07\/image-4-1024x768.jpeg\" alt=\"\" class=\"wp-image-111166\" srcset=\"https:\/\/quehacerpolitico.mx\/wp-content\/uploads\/2024\/07\/image-4-1024x768.jpeg 1024w, https:\/\/quehacerpolitico.mx\/wp-content\/uploads\/2024\/07\/image-4-300x225.jpeg 300w, https:\/\/quehacerpolitico.mx\/wp-content\/uploads\/2024\/07\/image-4-768x576.jpeg 768w, https:\/\/quehacerpolitico.mx\/wp-content\/uploads\/2024\/07\/image-4-1536x1152.jpeg 1536w, https:\/\/quehacerpolitico.mx\/wp-content\/uploads\/2024\/07\/image-4-195x146.jpeg 195w, https:\/\/quehacerpolitico.mx\/wp-content\/uploads\/2024\/07\/image-4-50x38.jpeg 50w, https:\/\/quehacerpolitico.mx\/wp-content\/uploads\/2024\/07\/image-4-100x75.jpeg 100w, https:\/\/quehacerpolitico.mx\/wp-content\/uploads\/2024\/07\/image-4-960x720.jpeg 960w, https:\/\/quehacerpolitico.mx\/wp-content\/uploads\/2024\/07\/image-4.jpeg 1600w\" sizes=\"auto, (max-width: 1024px) 100vw, 1024px\" \/><\/figure>\n\n\n\n<p>Ejemplo de ello, es el Verano convitero del Convite \u201cTejiendo chiles junto al R\u00edo Verde\u201d en Temacapul\u00edn, Ca\u00f1adas de Obreg\u00f3n, Jalisco, que se desarroll\u00f3 en los portales del pueblo y en el que se mostraron los bordados tradicionales, se comparti\u00f3 m\u00fasica, aguas frescas y alimentos t\u00edpicos. Tambi\u00e9n participaron ni\u00f1as y ni\u00f1os del Semillero Creativo de Teatro con la interpretaci\u00f3n esc\u00e9nica<em>Los cuatreros y el lazo m\u00e1gico<\/em>, que trata sobre la problem\u00e1tica del agua en la regi\u00f3n de las Altos de Jalisco y las propuestas para su cuidado.<\/p>\n\n\n\n<p>Para conocer m\u00e1s acciones del programa Cultura Comunitaria consulta la p\u00e1gina&nbsp;<a href=\"https:\/\/culturacomunitaria.gob.mx\/\" target=\"_blank\" rel=\"noreferrer noopener\">culturacomunitaria.gob.mx<\/a>&nbsp;y las redes sociales de la Direcci\u00f3n General de Vinculaci\u00f3n Cultural (Facebook y X @VinculaCultura). Toda la programaci\u00f3n es gratuita y abierta al p\u00fablico.<\/p>\n","protected":false},"excerpt":{"rendered":"<p>Por Litza Deniss Dur\u00e1n Espinosa Analista El programa Cultura Comunitaria de la Secretar\u00eda de Cultura&#8230;<\/p>\n","protected":false},"author":2,"featured_media":111169,"comment_status":"open","ping_status":"open","sticky":false,"template":"","format":"standard","meta":{"_monsterinsights_skip_tracking":false,"_monsterinsights_sitenote_active":false,"_monsterinsights_sitenote_note":"","_monsterinsights_sitenote_category":0,"footnotes":""},"categories":[58],"tags":[],"class_list":["post-111164","post","type-post","status-publish","format-standard","has-post-thumbnail","hentry","category-cultura"],"yoast_head":"<!-- This site is optimized with the Yoast SEO plugin v27.3 - https:\/\/yoast.com\/product\/yoast-seo-wordpress\/ -->\n<title>El Quehacer Pol\u00edtico en la Cultura a trav\u00e9s del Enfoque\/\/\/Litza Deniss Dur\u00e1n Espinosa\/\/\/Cultura Comunitaria te invita a participar en el Verano convitero -<\/title>\n<meta name=\"robots\" content=\"index, follow, max-snippet:-1, max-image-preview:large, max-video-preview:-1\" \/>\n<link rel=\"canonical\" href=\"https:\/\/quehacerpolitico.mx\/?p=111164\" \/>\n<meta property=\"og:locale\" content=\"es_MX\" \/>\n<meta property=\"og:type\" content=\"article\" \/>\n<meta property=\"og:title\" content=\"El Quehacer Pol\u00edtico en la Cultura a trav\u00e9s del Enfoque\/\/\/Litza Deniss Dur\u00e1n Espinosa\/\/\/Cultura Comunitaria te invita a participar en el Verano convitero -\" \/>\n<meta property=\"og:description\" content=\"Por Litza Deniss Dur\u00e1n Espinosa Analista El programa Cultura Comunitaria de la Secretar\u00eda de Cultura...\" \/>\n<meta property=\"og:url\" content=\"https:\/\/quehacerpolitico.mx\/?p=111164\" \/>\n<meta property=\"article:published_time\" content=\"2024-07-05T18:34:04+00:00\" \/>\n<meta property=\"article:modified_time\" content=\"2024-07-05T18:34:07+00:00\" \/>\n<meta property=\"og:image\" content=\"https:\/\/quehacerpolitico.mx\/wp-content\/uploads\/2024\/07\/f97f131b-617d-4d33-b7a7-a2e9689dd2f7-2.jpeg\" \/>\n\t<meta property=\"og:image:width\" content=\"963\" \/>\n\t<meta property=\"og:image:height\" content=\"493\" \/>\n\t<meta property=\"og:image:type\" content=\"image\/jpeg\" \/>\n<meta name=\"author\" content=\"Redacci\u00f3n QP\" \/>\n<meta name=\"twitter:card\" content=\"summary_large_image\" \/>\n<meta name=\"twitter:label1\" content=\"Escrito por\" \/>\n\t<meta name=\"twitter:data1\" content=\"Redacci\u00f3n QP\" \/>\n\t<meta name=\"twitter:label2\" content=\"Tiempo de lectura\" \/>\n\t<meta name=\"twitter:data2\" content=\"2 minutos\" \/>\n<script type=\"application\/ld+json\" class=\"yoast-schema-graph\">{\"@context\":\"https:\\\/\\\/schema.org\",\"@graph\":[{\"@type\":\"Article\",\"@id\":\"https:\\\/\\\/quehacerpolitico.mx\\\/?p=111164#article\",\"isPartOf\":{\"@id\":\"https:\\\/\\\/quehacerpolitico.mx\\\/?p=111164\"},\"author\":{\"name\":\"Redacci\u00f3n QP\",\"@id\":\"https:\\\/\\\/quehacerpolitico.mx\\\/#\\\/schema\\\/person\\\/496d8ad2d1d3f8036101dca7ee39e585\"},\"headline\":\"El Quehacer Pol\u00edtico en la Cultura a trav\u00e9s del Enfoque\\\/\\\/\\\/Litza Deniss Dur\u00e1n Espinosa\\\/\\\/\\\/Cultura Comunitaria te invita a participar en el Verano convitero\",\"datePublished\":\"2024-07-05T18:34:04+00:00\",\"dateModified\":\"2024-07-05T18:34:07+00:00\",\"mainEntityOfPage\":{\"@id\":\"https:\\\/\\\/quehacerpolitico.mx\\\/?p=111164\"},\"wordCount\":438,\"commentCount\":0,\"image\":{\"@id\":\"https:\\\/\\\/quehacerpolitico.mx\\\/?p=111164#primaryimage\"},\"thumbnailUrl\":\"https:\\\/\\\/quehacerpolitico.mx\\\/wp-content\\\/uploads\\\/2024\\\/07\\\/f97f131b-617d-4d33-b7a7-a2e9689dd2f7-2.jpeg\",\"articleSection\":[\"Cultura y Entretenimiento\"],\"inLanguage\":\"es\",\"potentialAction\":[{\"@type\":\"CommentAction\",\"name\":\"Comment\",\"target\":[\"https:\\\/\\\/quehacerpolitico.mx\\\/?p=111164#respond\"]}]},{\"@type\":\"WebPage\",\"@id\":\"https:\\\/\\\/quehacerpolitico.mx\\\/?p=111164\",\"url\":\"https:\\\/\\\/quehacerpolitico.mx\\\/?p=111164\",\"name\":\"El Quehacer Pol\u00edtico en la Cultura a trav\u00e9s del Enfoque\\\/\\\/\\\/Litza Deniss Dur\u00e1n Espinosa\\\/\\\/\\\/Cultura Comunitaria te invita a participar en el Verano convitero -\",\"isPartOf\":{\"@id\":\"https:\\\/\\\/quehacerpolitico.mx\\\/#website\"},\"primaryImageOfPage\":{\"@id\":\"https:\\\/\\\/quehacerpolitico.mx\\\/?p=111164#primaryimage\"},\"image\":{\"@id\":\"https:\\\/\\\/quehacerpolitico.mx\\\/?p=111164#primaryimage\"},\"thumbnailUrl\":\"https:\\\/\\\/quehacerpolitico.mx\\\/wp-content\\\/uploads\\\/2024\\\/07\\\/f97f131b-617d-4d33-b7a7-a2e9689dd2f7-2.jpeg\",\"datePublished\":\"2024-07-05T18:34:04+00:00\",\"dateModified\":\"2024-07-05T18:34:07+00:00\",\"author\":{\"@id\":\"https:\\\/\\\/quehacerpolitico.mx\\\/#\\\/schema\\\/person\\\/496d8ad2d1d3f8036101dca7ee39e585\"},\"breadcrumb\":{\"@id\":\"https:\\\/\\\/quehacerpolitico.mx\\\/?p=111164#breadcrumb\"},\"inLanguage\":\"es\",\"potentialAction\":[{\"@type\":\"ReadAction\",\"target\":[\"https:\\\/\\\/quehacerpolitico.mx\\\/?p=111164\"]}]},{\"@type\":\"ImageObject\",\"inLanguage\":\"es\",\"@id\":\"https:\\\/\\\/quehacerpolitico.mx\\\/?p=111164#primaryimage\",\"url\":\"https:\\\/\\\/quehacerpolitico.mx\\\/wp-content\\\/uploads\\\/2024\\\/07\\\/f97f131b-617d-4d33-b7a7-a2e9689dd2f7-2.jpeg\",\"contentUrl\":\"https:\\\/\\\/quehacerpolitico.mx\\\/wp-content\\\/uploads\\\/2024\\\/07\\\/f97f131b-617d-4d33-b7a7-a2e9689dd2f7-2.jpeg\",\"width\":963,\"height\":493},{\"@type\":\"BreadcrumbList\",\"@id\":\"https:\\\/\\\/quehacerpolitico.mx\\\/?p=111164#breadcrumb\",\"itemListElement\":[{\"@type\":\"ListItem\",\"position\":1,\"name\":\"Inicio\",\"item\":\"https:\\\/\\\/quehacerpolitico.mx\\\/\"},{\"@type\":\"ListItem\",\"position\":2,\"name\":\"El Quehacer Pol\u00edtico en la Cultura a trav\u00e9s del Enfoque\\\/\\\/\\\/Litza Deniss Dur\u00e1n Espinosa\\\/\\\/\\\/Cultura Comunitaria te invita a participar en el Verano convitero\"}]},{\"@type\":\"WebSite\",\"@id\":\"https:\\\/\\\/quehacerpolitico.mx\\\/#website\",\"url\":\"https:\\\/\\\/quehacerpolitico.mx\\\/\",\"name\":\"\",\"description\":\"\",\"potentialAction\":[{\"@type\":\"SearchAction\",\"target\":{\"@type\":\"EntryPoint\",\"urlTemplate\":\"https:\\\/\\\/quehacerpolitico.mx\\\/?s={search_term_string}\"},\"query-input\":{\"@type\":\"PropertyValueSpecification\",\"valueRequired\":true,\"valueName\":\"search_term_string\"}}],\"inLanguage\":\"es\"},{\"@type\":\"Person\",\"@id\":\"https:\\\/\\\/quehacerpolitico.mx\\\/#\\\/schema\\\/person\\\/496d8ad2d1d3f8036101dca7ee39e585\",\"name\":\"Redacci\u00f3n QP\",\"image\":{\"@type\":\"ImageObject\",\"inLanguage\":\"es\",\"@id\":\"https:\\\/\\\/secure.gravatar.com\\\/avatar\\\/c7164ed6fdec453195284ad24a5ae5b6e1eed2b848477fa2a4787ba9adf39a41?s=96&d=mm&r=g\",\"url\":\"https:\\\/\\\/secure.gravatar.com\\\/avatar\\\/c7164ed6fdec453195284ad24a5ae5b6e1eed2b848477fa2a4787ba9adf39a41?s=96&d=mm&r=g\",\"contentUrl\":\"https:\\\/\\\/secure.gravatar.com\\\/avatar\\\/c7164ed6fdec453195284ad24a5ae5b6e1eed2b848477fa2a4787ba9adf39a41?s=96&d=mm&r=g\",\"caption\":\"Redacci\u00f3n QP\"},\"url\":\"https:\\\/\\\/quehacerpolitico.mx\\\/?author=2\"}]}<\/script>\n<!-- \/ Yoast SEO plugin. -->","yoast_head_json":{"title":"El Quehacer Pol\u00edtico en la Cultura a trav\u00e9s del Enfoque\/\/\/Litza Deniss Dur\u00e1n Espinosa\/\/\/Cultura Comunitaria te invita a participar en el Verano convitero -","robots":{"index":"index","follow":"follow","max-snippet":"max-snippet:-1","max-image-preview":"max-image-preview:large","max-video-preview":"max-video-preview:-1"},"canonical":"https:\/\/quehacerpolitico.mx\/?p=111164","og_locale":"es_MX","og_type":"article","og_title":"El Quehacer Pol\u00edtico en la Cultura a trav\u00e9s del Enfoque\/\/\/Litza Deniss Dur\u00e1n Espinosa\/\/\/Cultura Comunitaria te invita a participar en el Verano convitero -","og_description":"Por Litza Deniss Dur\u00e1n Espinosa Analista El programa Cultura Comunitaria de la Secretar\u00eda de Cultura...","og_url":"https:\/\/quehacerpolitico.mx\/?p=111164","article_published_time":"2024-07-05T18:34:04+00:00","article_modified_time":"2024-07-05T18:34:07+00:00","og_image":[{"width":963,"height":493,"url":"https:\/\/quehacerpolitico.mx\/wp-content\/uploads\/2024\/07\/f97f131b-617d-4d33-b7a7-a2e9689dd2f7-2.jpeg","type":"image\/jpeg"}],"author":"Redacci\u00f3n QP","twitter_card":"summary_large_image","twitter_misc":{"Escrito por":"Redacci\u00f3n QP","Tiempo de lectura":"2 minutos"},"schema":{"@context":"https:\/\/schema.org","@graph":[{"@type":"Article","@id":"https:\/\/quehacerpolitico.mx\/?p=111164#article","isPartOf":{"@id":"https:\/\/quehacerpolitico.mx\/?p=111164"},"author":{"name":"Redacci\u00f3n QP","@id":"https:\/\/quehacerpolitico.mx\/#\/schema\/person\/496d8ad2d1d3f8036101dca7ee39e585"},"headline":"El Quehacer Pol\u00edtico en la Cultura a trav\u00e9s del Enfoque\/\/\/Litza Deniss Dur\u00e1n Espinosa\/\/\/Cultura Comunitaria te invita a participar en el Verano convitero","datePublished":"2024-07-05T18:34:04+00:00","dateModified":"2024-07-05T18:34:07+00:00","mainEntityOfPage":{"@id":"https:\/\/quehacerpolitico.mx\/?p=111164"},"wordCount":438,"commentCount":0,"image":{"@id":"https:\/\/quehacerpolitico.mx\/?p=111164#primaryimage"},"thumbnailUrl":"https:\/\/quehacerpolitico.mx\/wp-content\/uploads\/2024\/07\/f97f131b-617d-4d33-b7a7-a2e9689dd2f7-2.jpeg","articleSection":["Cultura y Entretenimiento"],"inLanguage":"es","potentialAction":[{"@type":"CommentAction","name":"Comment","target":["https:\/\/quehacerpolitico.mx\/?p=111164#respond"]}]},{"@type":"WebPage","@id":"https:\/\/quehacerpolitico.mx\/?p=111164","url":"https:\/\/quehacerpolitico.mx\/?p=111164","name":"El Quehacer Pol\u00edtico en la Cultura a trav\u00e9s del Enfoque\/\/\/Litza Deniss Dur\u00e1n Espinosa\/\/\/Cultura Comunitaria te invita a participar en el Verano convitero -","isPartOf":{"@id":"https:\/\/quehacerpolitico.mx\/#website"},"primaryImageOfPage":{"@id":"https:\/\/quehacerpolitico.mx\/?p=111164#primaryimage"},"image":{"@id":"https:\/\/quehacerpolitico.mx\/?p=111164#primaryimage"},"thumbnailUrl":"https:\/\/quehacerpolitico.mx\/wp-content\/uploads\/2024\/07\/f97f131b-617d-4d33-b7a7-a2e9689dd2f7-2.jpeg","datePublished":"2024-07-05T18:34:04+00:00","dateModified":"2024-07-05T18:34:07+00:00","author":{"@id":"https:\/\/quehacerpolitico.mx\/#\/schema\/person\/496d8ad2d1d3f8036101dca7ee39e585"},"breadcrumb":{"@id":"https:\/\/quehacerpolitico.mx\/?p=111164#breadcrumb"},"inLanguage":"es","potentialAction":[{"@type":"ReadAction","target":["https:\/\/quehacerpolitico.mx\/?p=111164"]}]},{"@type":"ImageObject","inLanguage":"es","@id":"https:\/\/quehacerpolitico.mx\/?p=111164#primaryimage","url":"https:\/\/quehacerpolitico.mx\/wp-content\/uploads\/2024\/07\/f97f131b-617d-4d33-b7a7-a2e9689dd2f7-2.jpeg","contentUrl":"https:\/\/quehacerpolitico.mx\/wp-content\/uploads\/2024\/07\/f97f131b-617d-4d33-b7a7-a2e9689dd2f7-2.jpeg","width":963,"height":493},{"@type":"BreadcrumbList","@id":"https:\/\/quehacerpolitico.mx\/?p=111164#breadcrumb","itemListElement":[{"@type":"ListItem","position":1,"name":"Inicio","item":"https:\/\/quehacerpolitico.mx\/"},{"@type":"ListItem","position":2,"name":"El Quehacer Pol\u00edtico en la Cultura a trav\u00e9s del Enfoque\/\/\/Litza Deniss Dur\u00e1n Espinosa\/\/\/Cultura Comunitaria te invita a participar en el Verano convitero"}]},{"@type":"WebSite","@id":"https:\/\/quehacerpolitico.mx\/#website","url":"https:\/\/quehacerpolitico.mx\/","name":"","description":"","potentialAction":[{"@type":"SearchAction","target":{"@type":"EntryPoint","urlTemplate":"https:\/\/quehacerpolitico.mx\/?s={search_term_string}"},"query-input":{"@type":"PropertyValueSpecification","valueRequired":true,"valueName":"search_term_string"}}],"inLanguage":"es"},{"@type":"Person","@id":"https:\/\/quehacerpolitico.mx\/#\/schema\/person\/496d8ad2d1d3f8036101dca7ee39e585","name":"Redacci\u00f3n QP","image":{"@type":"ImageObject","inLanguage":"es","@id":"https:\/\/secure.gravatar.com\/avatar\/c7164ed6fdec453195284ad24a5ae5b6e1eed2b848477fa2a4787ba9adf39a41?s=96&d=mm&r=g","url":"https:\/\/secure.gravatar.com\/avatar\/c7164ed6fdec453195284ad24a5ae5b6e1eed2b848477fa2a4787ba9adf39a41?s=96&d=mm&r=g","contentUrl":"https:\/\/secure.gravatar.com\/avatar\/c7164ed6fdec453195284ad24a5ae5b6e1eed2b848477fa2a4787ba9adf39a41?s=96&d=mm&r=g","caption":"Redacci\u00f3n QP"},"url":"https:\/\/quehacerpolitico.mx\/?author=2"}]}},"featured_image_urls":{"full":["https:\/\/quehacerpolitico.mx\/wp-content\/uploads\/2024\/07\/f97f131b-617d-4d33-b7a7-a2e9689dd2f7-2.jpeg",963,493,false],"thumbnail":["https:\/\/quehacerpolitico.mx\/wp-content\/uploads\/2024\/07\/f97f131b-617d-4d33-b7a7-a2e9689dd2f7-2-150x150.jpeg",150,150,true],"medium":["https:\/\/quehacerpolitico.mx\/wp-content\/uploads\/2024\/07\/f97f131b-617d-4d33-b7a7-a2e9689dd2f7-2-300x154.jpeg",300,154,true],"medium_large":["https:\/\/quehacerpolitico.mx\/wp-content\/uploads\/2024\/07\/f97f131b-617d-4d33-b7a7-a2e9689dd2f7-2-768x393.jpeg",640,328,true],"large":["https:\/\/quehacerpolitico.mx\/wp-content\/uploads\/2024\/07\/f97f131b-617d-4d33-b7a7-a2e9689dd2f7-2.jpeg",640,328,false],"1536x1536":["https:\/\/quehacerpolitico.mx\/wp-content\/uploads\/2024\/07\/f97f131b-617d-4d33-b7a7-a2e9689dd2f7-2.jpeg",963,493,false],"2048x2048":["https:\/\/quehacerpolitico.mx\/wp-content\/uploads\/2024\/07\/f97f131b-617d-4d33-b7a7-a2e9689dd2f7-2.jpeg",963,493,false],"covernews-featured":["https:\/\/quehacerpolitico.mx\/wp-content\/uploads\/2024\/07\/f97f131b-617d-4d33-b7a7-a2e9689dd2f7-2.jpeg",963,493,false],"covernews-medium":["https:\/\/quehacerpolitico.mx\/wp-content\/uploads\/2024\/07\/f97f131b-617d-4d33-b7a7-a2e9689dd2f7-2.jpeg",540,276,false]},"author_info":{"display_name":"Redacci\u00f3n QP","author_link":"https:\/\/quehacerpolitico.mx\/?author=2"},"category_info":"<a href=\"https:\/\/quehacerpolitico.mx\/?cat=58\" rel=\"category\">Cultura y Entretenimiento<\/a>","tag_info":"Cultura y Entretenimiento","comment_count":"0","_links":{"self":[{"href":"https:\/\/quehacerpolitico.mx\/index.php?rest_route=\/wp\/v2\/posts\/111164","targetHints":{"allow":["GET"]}}],"collection":[{"href":"https:\/\/quehacerpolitico.mx\/index.php?rest_route=\/wp\/v2\/posts"}],"about":[{"href":"https:\/\/quehacerpolitico.mx\/index.php?rest_route=\/wp\/v2\/types\/post"}],"author":[{"embeddable":true,"href":"https:\/\/quehacerpolitico.mx\/index.php?rest_route=\/wp\/v2\/users\/2"}],"replies":[{"embeddable":true,"href":"https:\/\/quehacerpolitico.mx\/index.php?rest_route=%2Fwp%2Fv2%2Fcomments&post=111164"}],"version-history":[{"count":1,"href":"https:\/\/quehacerpolitico.mx\/index.php?rest_route=\/wp\/v2\/posts\/111164\/revisions"}],"predecessor-version":[{"id":111171,"href":"https:\/\/quehacerpolitico.mx\/index.php?rest_route=\/wp\/v2\/posts\/111164\/revisions\/111171"}],"wp:featuredmedia":[{"embeddable":true,"href":"https:\/\/quehacerpolitico.mx\/index.php?rest_route=\/wp\/v2\/media\/111169"}],"wp:attachment":[{"href":"https:\/\/quehacerpolitico.mx\/index.php?rest_route=%2Fwp%2Fv2%2Fmedia&parent=111164"}],"wp:term":[{"taxonomy":"category","embeddable":true,"href":"https:\/\/quehacerpolitico.mx\/index.php?rest_route=%2Fwp%2Fv2%2Fcategories&post=111164"},{"taxonomy":"post_tag","embeddable":true,"href":"https:\/\/quehacerpolitico.mx\/index.php?rest_route=%2Fwp%2Fv2%2Ftags&post=111164"}],"curies":[{"name":"wp","href":"https:\/\/api.w.org\/{rel}","templated":true}]}}