{"id":111158,"date":"2024-07-05T17:52:11","date_gmt":"2024-07-05T17:52:11","guid":{"rendered":"https:\/\/quehacerpolitico.mx\/?p=111158"},"modified":"2024-07-05T17:52:15","modified_gmt":"2024-07-05T17:52:15","slug":"clara-brugada-expreso-su-respaldo-a-la-excandidata-de-morena-a-la-alcaldia-cuauhtemoc-caty-monreal-y-aseguro-que-luchara-contra-el-fraude-electoral","status":"publish","type":"post","link":"https:\/\/quehacerpolitico.mx\/?p=111158","title":{"rendered":"Clara Brugada expres\u00f3 su respaldo a la excandidata de Morena a la alcald\u00eda Cuauht\u00e9moc, Caty Monreal; y asegur\u00f3 que luchar\u00e1 contra el \u201cfraude electoral\u201d"},"content":{"rendered":"\n<p>Por Redacci\u00f3n QP<\/p>\n\n\n\n<p>Clara Brugada Molina, jefa de Gobierno de la Ciudad de M\u00e9xico (CDMX) electa, expres\u00f3 su respaldo a la excandidata de Morena a la alcald\u00eda Cuauht\u00e9moc, Caty Monreal; y asegur\u00f3 que luchar\u00e1 contra el \u201cfraude electoral\u201d que hubo en esa demarcaci\u00f3n en las elecciones pasadas.<\/p>\n\n\n\n<h3 class=\"wp-block-heading\"><strong>Clara Brugada respalda a Caty Monreal; luchar\u00e1 contra el \u201cfraude electoral\u201d en la Cuauht\u00e9moc, dice<\/strong><\/h3>\n\n\n\n<p>La jefa de Gobierno electa se\u00f1al\u00f3 que esperar\u00e1n los resultados tras la impugnaci\u00f3n que presentaron ante el Tribunal Electoral de la CDMX.<\/p>\n\n\n\n<p>\u201cVamos para adelante con toda la militancia de Morena, avancemos bajo estas dos grandes tareas: gobernar la CDMX cumpliendo los compromisos y luchando contra el fraude electoral en Cuauht\u00e9moc\u201d, dijo Brugada Molina.<\/p>\n\n\n\n<figure class=\"wp-block-embed is-type-rich is-provider-twitter wp-block-embed-twitter\"><div class=\"wp-block-embed__wrapper\">\n<blockquote class=\"twitter-tweet\" data-width=\"550\" data-dnt=\"true\"><p lang=\"es\" dir=\"ltr\">Visit\u00e9 la <a href=\"https:\/\/twitter.com\/hashtag\/Cuauht%C3%A9moc?src=hash&amp;ref_src=twsrc%5Etfw\">#Cuauht\u00e9moc<\/a> para reunirme con <a href=\"https:\/\/twitter.com\/catymonreal_?ref_src=twsrc%5Etfw\">@catymonreal_<\/a>, dirigentes y l\u00edderes sociales de la demarcaci\u00f3n. Vamos a luchar para que se respete la voluntad del pueblo y cumplir todos los compromisos para seguir transformando la Ciudad de M\u00e9xico.<br><br>\u00a1No les vamos a fallar!\u2026 <a href=\"https:\/\/t.co\/IXbjvZotEz\">pic.twitter.com\/IXbjvZotEz<\/a><\/p>&mdash; Clara Brugada Molina (@ClaraBrugadaM) <a href=\"https:\/\/twitter.com\/ClaraBrugadaM\/status\/1809040703743480208?ref_src=twsrc%5Etfw\">July 5, 2024<\/a><\/blockquote><script async src=\"https:\/\/platform.twitter.com\/widgets.js\" charset=\"utf-8\"><\/script>\n<\/div><\/figure>\n\n\n\n<p>Asimismo, Clara Brugada reiter\u00f3 su compromiso de cumplir todos los compromisos que hizo para la alcald\u00eda Cuauht\u00e9moc en cuanto a programas,<\/p>\n\n\n\n<p>Y tambi\u00e9n atender los asuntos pendientes como la regulaci\u00f3n de unidades habitacionales y servicios faltantes.<\/p>\n\n\n\n<p>\u201cHubo anomal\u00edas tremendas en la elecci\u00f3n de la alcald\u00eda, pero la lucha contin\u00faa y nuestros gobiernos son de los que siempre siguen adelante y nunca se estacionan, que transforman y que est\u00e1n en constante movimiento\u201d, afirm\u00f3.<\/p>\n\n\n\n<p>Cabe recordar que Caty Monreal, hija de Ricardo Monreal, perdi\u00f3 la elecci\u00f3n ante Alessandra Rojo de la Vega, quien es actualmente la alcaldesa electa de la Cuauht\u00e9moc.<\/p>\n","protected":false},"excerpt":{"rendered":"<p>Por Redacci\u00f3n QP Clara Brugada Molina, jefa de Gobierno de la Ciudad de M\u00e9xico (CDMX)&#8230;<\/p>\n","protected":false},"author":2,"featured_media":111159,"comment_status":"open","ping_status":"open","sticky":false,"template":"","format":"standard","meta":{"_monsterinsights_skip_tracking":false,"_monsterinsights_sitenote_active":false,"_monsterinsights_sitenote_note":"","_monsterinsights_sitenote_category":0,"footnotes":""},"categories":[55],"tags":[],"class_list":["post-111158","post","type-post","status-publish","format-standard","has-post-thumbnail","hentry","category-cdmx"],"yoast_head":"<!-- This site is optimized with the Yoast SEO plugin v27.3 - https:\/\/yoast.com\/product\/yoast-seo-wordpress\/ -->\n<title>Clara Brugada expres\u00f3 su respaldo a la excandidata de Morena a la alcald\u00eda Cuauht\u00e9moc, Caty Monreal; y asegur\u00f3 que luchar\u00e1 contra el \u201cfraude electoral\u201d -<\/title>\n<meta name=\"robots\" content=\"index, follow, max-snippet:-1, max-image-preview:large, max-video-preview:-1\" \/>\n<link rel=\"canonical\" href=\"https:\/\/quehacerpolitico.mx\/?p=111158\" \/>\n<meta property=\"og:locale\" content=\"es_MX\" \/>\n<meta property=\"og:type\" content=\"article\" \/>\n<meta property=\"og:title\" content=\"Clara Brugada expres\u00f3 su respaldo a la excandidata de Morena a la alcald\u00eda Cuauht\u00e9moc, Caty Monreal; y asegur\u00f3 que luchar\u00e1 contra el \u201cfraude electoral\u201d -\" \/>\n<meta property=\"og:description\" content=\"Por Redacci\u00f3n QP Clara Brugada Molina, jefa de Gobierno de la Ciudad de M\u00e9xico (CDMX)...\" \/>\n<meta property=\"og:url\" content=\"https:\/\/quehacerpolitico.mx\/?p=111158\" \/>\n<meta property=\"article:published_time\" content=\"2024-07-05T17:52:11+00:00\" \/>\n<meta property=\"article:modified_time\" content=\"2024-07-05T17:52:15+00:00\" \/>\n<meta property=\"og:image\" content=\"https:\/\/quehacerpolitico.mx\/wp-content\/uploads\/2024\/07\/IMG_6552.jpeg\" \/>\n\t<meta property=\"og:image:width\" content=\"2048\" \/>\n\t<meta property=\"og:image:height\" content=\"1365\" \/>\n\t<meta property=\"og:image:type\" content=\"image\/jpeg\" \/>\n<meta name=\"author\" content=\"Redacci\u00f3n QP\" \/>\n<meta name=\"twitter:card\" content=\"summary_large_image\" \/>\n<meta name=\"twitter:label1\" content=\"Escrito por\" \/>\n\t<meta name=\"twitter:data1\" content=\"Redacci\u00f3n QP\" \/>\n\t<meta name=\"twitter:label2\" content=\"Tiempo de lectura\" \/>\n\t<meta name=\"twitter:data2\" content=\"1 minuto\" \/>\n<script type=\"application\/ld+json\" class=\"yoast-schema-graph\">{\"@context\":\"https:\\\/\\\/schema.org\",\"@graph\":[{\"@type\":\"Article\",\"@id\":\"https:\\\/\\\/quehacerpolitico.mx\\\/?p=111158#article\",\"isPartOf\":{\"@id\":\"https:\\\/\\\/quehacerpolitico.mx\\\/?p=111158\"},\"author\":{\"name\":\"Redacci\u00f3n QP\",\"@id\":\"https:\\\/\\\/quehacerpolitico.mx\\\/#\\\/schema\\\/person\\\/496d8ad2d1d3f8036101dca7ee39e585\"},\"headline\":\"Clara Brugada expres\u00f3 su respaldo a la excandidata de Morena a la alcald\u00eda Cuauht\u00e9moc, Caty Monreal; y asegur\u00f3 que luchar\u00e1 contra el \u201cfraude electoral\u201d\",\"datePublished\":\"2024-07-05T17:52:11+00:00\",\"dateModified\":\"2024-07-05T17:52:15+00:00\",\"mainEntityOfPage\":{\"@id\":\"https:\\\/\\\/quehacerpolitico.mx\\\/?p=111158\"},\"wordCount\":273,\"commentCount\":0,\"image\":{\"@id\":\"https:\\\/\\\/quehacerpolitico.mx\\\/?p=111158#primaryimage\"},\"thumbnailUrl\":\"https:\\\/\\\/quehacerpolitico.mx\\\/wp-content\\\/uploads\\\/2024\\\/07\\\/IMG_6552.jpeg\",\"articleSection\":[\"CDMX\"],\"inLanguage\":\"es\",\"potentialAction\":[{\"@type\":\"CommentAction\",\"name\":\"Comment\",\"target\":[\"https:\\\/\\\/quehacerpolitico.mx\\\/?p=111158#respond\"]}]},{\"@type\":\"WebPage\",\"@id\":\"https:\\\/\\\/quehacerpolitico.mx\\\/?p=111158\",\"url\":\"https:\\\/\\\/quehacerpolitico.mx\\\/?p=111158\",\"name\":\"Clara Brugada expres\u00f3 su respaldo a la excandidata de Morena a la alcald\u00eda Cuauht\u00e9moc, Caty Monreal; y asegur\u00f3 que luchar\u00e1 contra el \u201cfraude electoral\u201d -\",\"isPartOf\":{\"@id\":\"https:\\\/\\\/quehacerpolitico.mx\\\/#website\"},\"primaryImageOfPage\":{\"@id\":\"https:\\\/\\\/quehacerpolitico.mx\\\/?p=111158#primaryimage\"},\"image\":{\"@id\":\"https:\\\/\\\/quehacerpolitico.mx\\\/?p=111158#primaryimage\"},\"thumbnailUrl\":\"https:\\\/\\\/quehacerpolitico.mx\\\/wp-content\\\/uploads\\\/2024\\\/07\\\/IMG_6552.jpeg\",\"datePublished\":\"2024-07-05T17:52:11+00:00\",\"dateModified\":\"2024-07-05T17:52:15+00:00\",\"author\":{\"@id\":\"https:\\\/\\\/quehacerpolitico.mx\\\/#\\\/schema\\\/person\\\/496d8ad2d1d3f8036101dca7ee39e585\"},\"breadcrumb\":{\"@id\":\"https:\\\/\\\/quehacerpolitico.mx\\\/?p=111158#breadcrumb\"},\"inLanguage\":\"es\",\"potentialAction\":[{\"@type\":\"ReadAction\",\"target\":[\"https:\\\/\\\/quehacerpolitico.mx\\\/?p=111158\"]}]},{\"@type\":\"ImageObject\",\"inLanguage\":\"es\",\"@id\":\"https:\\\/\\\/quehacerpolitico.mx\\\/?p=111158#primaryimage\",\"url\":\"https:\\\/\\\/quehacerpolitico.mx\\\/wp-content\\\/uploads\\\/2024\\\/07\\\/IMG_6552.jpeg\",\"contentUrl\":\"https:\\\/\\\/quehacerpolitico.mx\\\/wp-content\\\/uploads\\\/2024\\\/07\\\/IMG_6552.jpeg\",\"width\":2048,\"height\":1365},{\"@type\":\"BreadcrumbList\",\"@id\":\"https:\\\/\\\/quehacerpolitico.mx\\\/?p=111158#breadcrumb\",\"itemListElement\":[{\"@type\":\"ListItem\",\"position\":1,\"name\":\"Inicio\",\"item\":\"https:\\\/\\\/quehacerpolitico.mx\\\/\"},{\"@type\":\"ListItem\",\"position\":2,\"name\":\"Clara Brugada expres\u00f3 su respaldo a la excandidata de Morena a la alcald\u00eda Cuauht\u00e9moc, Caty Monreal; y asegur\u00f3 que luchar\u00e1 contra el \u201cfraude electoral\u201d\"}]},{\"@type\":\"WebSite\",\"@id\":\"https:\\\/\\\/quehacerpolitico.mx\\\/#website\",\"url\":\"https:\\\/\\\/quehacerpolitico.mx\\\/\",\"name\":\"\",\"description\":\"\",\"potentialAction\":[{\"@type\":\"SearchAction\",\"target\":{\"@type\":\"EntryPoint\",\"urlTemplate\":\"https:\\\/\\\/quehacerpolitico.mx\\\/?s={search_term_string}\"},\"query-input\":{\"@type\":\"PropertyValueSpecification\",\"valueRequired\":true,\"valueName\":\"search_term_string\"}}],\"inLanguage\":\"es\"},{\"@type\":\"Person\",\"@id\":\"https:\\\/\\\/quehacerpolitico.mx\\\/#\\\/schema\\\/person\\\/496d8ad2d1d3f8036101dca7ee39e585\",\"name\":\"Redacci\u00f3n QP\",\"image\":{\"@type\":\"ImageObject\",\"inLanguage\":\"es\",\"@id\":\"https:\\\/\\\/secure.gravatar.com\\\/avatar\\\/c7164ed6fdec453195284ad24a5ae5b6e1eed2b848477fa2a4787ba9adf39a41?s=96&d=mm&r=g\",\"url\":\"https:\\\/\\\/secure.gravatar.com\\\/avatar\\\/c7164ed6fdec453195284ad24a5ae5b6e1eed2b848477fa2a4787ba9adf39a41?s=96&d=mm&r=g\",\"contentUrl\":\"https:\\\/\\\/secure.gravatar.com\\\/avatar\\\/c7164ed6fdec453195284ad24a5ae5b6e1eed2b848477fa2a4787ba9adf39a41?s=96&d=mm&r=g\",\"caption\":\"Redacci\u00f3n QP\"},\"url\":\"https:\\\/\\\/quehacerpolitico.mx\\\/?author=2\"}]}<\/script>\n<!-- \/ Yoast SEO plugin. -->","yoast_head_json":{"title":"Clara Brugada expres\u00f3 su respaldo a la excandidata de Morena a la alcald\u00eda Cuauht\u00e9moc, Caty Monreal; y asegur\u00f3 que luchar\u00e1 contra el \u201cfraude electoral\u201d -","robots":{"index":"index","follow":"follow","max-snippet":"max-snippet:-1","max-image-preview":"max-image-preview:large","max-video-preview":"max-video-preview:-1"},"canonical":"https:\/\/quehacerpolitico.mx\/?p=111158","og_locale":"es_MX","og_type":"article","og_title":"Clara Brugada expres\u00f3 su respaldo a la excandidata de Morena a la alcald\u00eda Cuauht\u00e9moc, Caty Monreal; y asegur\u00f3 que luchar\u00e1 contra el \u201cfraude electoral\u201d -","og_description":"Por Redacci\u00f3n QP Clara Brugada Molina, jefa de Gobierno de la Ciudad de M\u00e9xico (CDMX)...","og_url":"https:\/\/quehacerpolitico.mx\/?p=111158","article_published_time":"2024-07-05T17:52:11+00:00","article_modified_time":"2024-07-05T17:52:15+00:00","og_image":[{"width":2048,"height":1365,"url":"https:\/\/quehacerpolitico.mx\/wp-content\/uploads\/2024\/07\/IMG_6552.jpeg","type":"image\/jpeg"}],"author":"Redacci\u00f3n QP","twitter_card":"summary_large_image","twitter_misc":{"Escrito por":"Redacci\u00f3n QP","Tiempo de lectura":"1 minuto"},"schema":{"@context":"https:\/\/schema.org","@graph":[{"@type":"Article","@id":"https:\/\/quehacerpolitico.mx\/?p=111158#article","isPartOf":{"@id":"https:\/\/quehacerpolitico.mx\/?p=111158"},"author":{"name":"Redacci\u00f3n QP","@id":"https:\/\/quehacerpolitico.mx\/#\/schema\/person\/496d8ad2d1d3f8036101dca7ee39e585"},"headline":"Clara Brugada expres\u00f3 su respaldo a la excandidata de Morena a la alcald\u00eda Cuauht\u00e9moc, Caty Monreal; y asegur\u00f3 que luchar\u00e1 contra el \u201cfraude electoral\u201d","datePublished":"2024-07-05T17:52:11+00:00","dateModified":"2024-07-05T17:52:15+00:00","mainEntityOfPage":{"@id":"https:\/\/quehacerpolitico.mx\/?p=111158"},"wordCount":273,"commentCount":0,"image":{"@id":"https:\/\/quehacerpolitico.mx\/?p=111158#primaryimage"},"thumbnailUrl":"https:\/\/quehacerpolitico.mx\/wp-content\/uploads\/2024\/07\/IMG_6552.jpeg","articleSection":["CDMX"],"inLanguage":"es","potentialAction":[{"@type":"CommentAction","name":"Comment","target":["https:\/\/quehacerpolitico.mx\/?p=111158#respond"]}]},{"@type":"WebPage","@id":"https:\/\/quehacerpolitico.mx\/?p=111158","url":"https:\/\/quehacerpolitico.mx\/?p=111158","name":"Clara Brugada expres\u00f3 su respaldo a la excandidata de Morena a la alcald\u00eda Cuauht\u00e9moc, Caty Monreal; y asegur\u00f3 que luchar\u00e1 contra el \u201cfraude electoral\u201d -","isPartOf":{"@id":"https:\/\/quehacerpolitico.mx\/#website"},"primaryImageOfPage":{"@id":"https:\/\/quehacerpolitico.mx\/?p=111158#primaryimage"},"image":{"@id":"https:\/\/quehacerpolitico.mx\/?p=111158#primaryimage"},"thumbnailUrl":"https:\/\/quehacerpolitico.mx\/wp-content\/uploads\/2024\/07\/IMG_6552.jpeg","datePublished":"2024-07-05T17:52:11+00:00","dateModified":"2024-07-05T17:52:15+00:00","author":{"@id":"https:\/\/quehacerpolitico.mx\/#\/schema\/person\/496d8ad2d1d3f8036101dca7ee39e585"},"breadcrumb":{"@id":"https:\/\/quehacerpolitico.mx\/?p=111158#breadcrumb"},"inLanguage":"es","potentialAction":[{"@type":"ReadAction","target":["https:\/\/quehacerpolitico.mx\/?p=111158"]}]},{"@type":"ImageObject","inLanguage":"es","@id":"https:\/\/quehacerpolitico.mx\/?p=111158#primaryimage","url":"https:\/\/quehacerpolitico.mx\/wp-content\/uploads\/2024\/07\/IMG_6552.jpeg","contentUrl":"https:\/\/quehacerpolitico.mx\/wp-content\/uploads\/2024\/07\/IMG_6552.jpeg","width":2048,"height":1365},{"@type":"BreadcrumbList","@id":"https:\/\/quehacerpolitico.mx\/?p=111158#breadcrumb","itemListElement":[{"@type":"ListItem","position":1,"name":"Inicio","item":"https:\/\/quehacerpolitico.mx\/"},{"@type":"ListItem","position":2,"name":"Clara Brugada expres\u00f3 su respaldo a la excandidata de Morena a la alcald\u00eda Cuauht\u00e9moc, Caty Monreal; y asegur\u00f3 que luchar\u00e1 contra el \u201cfraude electoral\u201d"}]},{"@type":"WebSite","@id":"https:\/\/quehacerpolitico.mx\/#website","url":"https:\/\/quehacerpolitico.mx\/","name":"","description":"","potentialAction":[{"@type":"SearchAction","target":{"@type":"EntryPoint","urlTemplate":"https:\/\/quehacerpolitico.mx\/?s={search_term_string}"},"query-input":{"@type":"PropertyValueSpecification","valueRequired":true,"valueName":"search_term_string"}}],"inLanguage":"es"},{"@type":"Person","@id":"https:\/\/quehacerpolitico.mx\/#\/schema\/person\/496d8ad2d1d3f8036101dca7ee39e585","name":"Redacci\u00f3n QP","image":{"@type":"ImageObject","inLanguage":"es","@id":"https:\/\/secure.gravatar.com\/avatar\/c7164ed6fdec453195284ad24a5ae5b6e1eed2b848477fa2a4787ba9adf39a41?s=96&d=mm&r=g","url":"https:\/\/secure.gravatar.com\/avatar\/c7164ed6fdec453195284ad24a5ae5b6e1eed2b848477fa2a4787ba9adf39a41?s=96&d=mm&r=g","contentUrl":"https:\/\/secure.gravatar.com\/avatar\/c7164ed6fdec453195284ad24a5ae5b6e1eed2b848477fa2a4787ba9adf39a41?s=96&d=mm&r=g","caption":"Redacci\u00f3n QP"},"url":"https:\/\/quehacerpolitico.mx\/?author=2"}]}},"featured_image_urls":{"full":["https:\/\/quehacerpolitico.mx\/wp-content\/uploads\/2024\/07\/IMG_6552.jpeg",2048,1365,false],"thumbnail":["https:\/\/quehacerpolitico.mx\/wp-content\/uploads\/2024\/07\/IMG_6552-150x150.jpeg",150,150,true],"medium":["https:\/\/quehacerpolitico.mx\/wp-content\/uploads\/2024\/07\/IMG_6552-300x200.jpeg",300,200,true],"medium_large":["https:\/\/quehacerpolitico.mx\/wp-content\/uploads\/2024\/07\/IMG_6552-768x512.jpeg",640,427,true],"large":["https:\/\/quehacerpolitico.mx\/wp-content\/uploads\/2024\/07\/IMG_6552-1024x683.jpeg",640,427,true],"1536x1536":["https:\/\/quehacerpolitico.mx\/wp-content\/uploads\/2024\/07\/IMG_6552-1536x1024.jpeg",1536,1024,true],"2048x2048":["https:\/\/quehacerpolitico.mx\/wp-content\/uploads\/2024\/07\/IMG_6552.jpeg",2048,1365,false],"covernews-featured":["https:\/\/quehacerpolitico.mx\/wp-content\/uploads\/2024\/07\/IMG_6552.jpeg",1024,683,false],"covernews-medium":["https:\/\/quehacerpolitico.mx\/wp-content\/uploads\/2024\/07\/IMG_6552.jpeg",510,340,false]},"author_info":{"display_name":"Redacci\u00f3n QP","author_link":"https:\/\/quehacerpolitico.mx\/?author=2"},"category_info":"<a href=\"https:\/\/quehacerpolitico.mx\/?cat=55\" rel=\"category\">CDMX<\/a>","tag_info":"CDMX","comment_count":"0","_links":{"self":[{"href":"https:\/\/quehacerpolitico.mx\/index.php?rest_route=\/wp\/v2\/posts\/111158","targetHints":{"allow":["GET"]}}],"collection":[{"href":"https:\/\/quehacerpolitico.mx\/index.php?rest_route=\/wp\/v2\/posts"}],"about":[{"href":"https:\/\/quehacerpolitico.mx\/index.php?rest_route=\/wp\/v2\/types\/post"}],"author":[{"embeddable":true,"href":"https:\/\/quehacerpolitico.mx\/index.php?rest_route=\/wp\/v2\/users\/2"}],"replies":[{"embeddable":true,"href":"https:\/\/quehacerpolitico.mx\/index.php?rest_route=%2Fwp%2Fv2%2Fcomments&post=111158"}],"version-history":[{"count":1,"href":"https:\/\/quehacerpolitico.mx\/index.php?rest_route=\/wp\/v2\/posts\/111158\/revisions"}],"predecessor-version":[{"id":111160,"href":"https:\/\/quehacerpolitico.mx\/index.php?rest_route=\/wp\/v2\/posts\/111158\/revisions\/111160"}],"wp:featuredmedia":[{"embeddable":true,"href":"https:\/\/quehacerpolitico.mx\/index.php?rest_route=\/wp\/v2\/media\/111159"}],"wp:attachment":[{"href":"https:\/\/quehacerpolitico.mx\/index.php?rest_route=%2Fwp%2Fv2%2Fmedia&parent=111158"}],"wp:term":[{"taxonomy":"category","embeddable":true,"href":"https:\/\/quehacerpolitico.mx\/index.php?rest_route=%2Fwp%2Fv2%2Fcategories&post=111158"},{"taxonomy":"post_tag","embeddable":true,"href":"https:\/\/quehacerpolitico.mx\/index.php?rest_route=%2Fwp%2Fv2%2Ftags&post=111158"}],"curies":[{"name":"wp","href":"https:\/\/api.w.org\/{rel}","templated":true}]}}