{"id":111107,"date":"2024-07-02T21:35:18","date_gmt":"2024-07-02T21:35:18","guid":{"rendered":"https:\/\/quehacerpolitico.mx\/?p=111107"},"modified":"2024-07-02T21:35:20","modified_gmt":"2024-07-02T21:35:20","slug":"sheinbaum-critica-al-juez-rodrigo-de-la-peza-tras-ordenar-al-tribunal-electoral-nombrar-a-dos-magistrados-faltantes-es-un-juez-que-actua-politicamente-dice","status":"publish","type":"post","link":"https:\/\/quehacerpolitico.mx\/?p=111107","title":{"rendered":"Sheinbaum critica al juez Rodrigo de la Peza tras ordenar al Tribunal Electoral nombrar a dos magistrados faltantes es \u201cun juez que act\u00faa pol\u00edticamente&#8221;, dice"},"content":{"rendered":"\n<p>Por Redacci\u00f3n QP<\/p>\n\n\n\n<p><strong>Claudia Sheinbaum<\/strong>, virtual presidenta electa, concedi\u00f3 la raz\u00f3n a&nbsp;<strong>Luisa Mar\u00eda Alcalde<\/strong>, secretaria de Gobernaci\u00f3n, para solicitar un juicio pol\u00edtico contra Rodrigo de la Peza L\u00f3pez Figueroa, Juez Noveno de Distrito en Materia Administrativa, por ordenar a la Sala Superior del Tribunal Electoral (<strong>TEPJF<\/strong>) nombrar a los dos<strong>&nbsp;magistrados&nbsp;<\/strong>que le faltan a fin de calificar las pasadas elecciones.<\/p>\n\n\n\n<p><strong>Sheinbaum\u00a0<\/strong>resalt\u00f3 que el juzgador federal no tiene esas facultades, adem\u00e1s de que no es la primera vez que emite una resoluci\u00f3n contra actos del Poder Legislativo y Ejecutivo, como cuando concedi\u00f3 suspensiones contra la reforma a Ley del Sistema El\u00e9ctrico Nacional.<\/p>\n\n\n\n<figure class=\"wp-block-embed is-type-rich is-provider-twitter wp-block-embed-twitter\"><div class=\"wp-block-embed__wrapper\">\n<blockquote class=\"twitter-tweet\" data-width=\"550\" data-dnt=\"true\"><p lang=\"es\" dir=\"ltr\">Sheinbaum critica al juez Rodrigo de la Peza tras ordenar al Tribunal Electoral nombrar a dos magistrados faltantes<br><br>Es &quot;un juez que act\u00faa pol\u00edticamente&quot;, dice <a href=\"https:\/\/t.co\/yqWAONs3U2\">pic.twitter.com\/yqWAONs3U2<\/a><\/p>&mdash; Manuel Lopez San Martin (@MLopezSanMartin) <a href=\"https:\/\/twitter.com\/MLopezSanMartin\/status\/1808241485046816942?ref_src=twsrc%5Etfw\">July 2, 2024<\/a><\/blockquote><script async src=\"https:\/\/platform.twitter.com\/widgets.js\" charset=\"utf-8\"><\/script>\n<\/div><\/figure>\n\n\n\n<p>\u201cLa Constituci\u00f3n claramente especifica que en el caso electoral el m\u00e1ximo organismo es el Tribunal Electoral y particularmente la&nbsp;<strong>Sala Superior<\/strong>&nbsp;del Tribunal Electoral del Poder Judicial de la Federaci\u00f3n\u201d.<\/p>\n\n\n\n<p>\u201c\u00bfQu\u00e9 tiene que hacer un juez exigiendo algo al tribunal superior de justicia de la Federaci\u00f3n en t\u00e9rminos electorales? Un juez que antes ya hab\u00eda actuado en contra de decisiones del<strong>Poder Legislativo<\/strong>, es decir, un juez que act\u00faa&nbsp;<strong>pol\u00edticamente<\/strong>\u201d, acus\u00f3.<\/p>\n\n\n\n<p>La morenista asegur\u00f3 que la ley tiene previstos mecanismos para que el&nbsp;<strong>TEPJF<\/strong>&nbsp;califique la elecci\u00f3n presidencial con los cinco magistrados que con los que hoy cuenta.<\/p>\n\n\n\n<p>En conferencia de prensa tras un encuentro con j\u00f3venes,&nbsp;<strong>Sheinbaum Pardo<\/strong>&nbsp;no descart\u00f3 que alguno de los hijos del presidente&nbsp;<strong>Andr\u00e9s Manuel L\u00f3pez Obrador<\/strong>&nbsp;se incorpore a su equipo de trabajo.<\/p>\n\n\n\n<p>Esto luego de que Javier May, gobernador electo de\u00a0<strong>Tabasco<\/strong>, nombrara a \u201cPep\u00edn\u201d L\u00f3pez Obrador para que sea su secretario de Gobierno.<\/p>\n\n\n\n<p>\u201cPor lo pronto no, no\u2026 F\u00edjense, todav\u00eda no terminamos de nombrar a los secretarios y las secretarias. Y, bueno,\u00a0<strong>Javier May<\/strong>\u00a0tiene todo el derecho de nombrar su gabinete. Ah\u00ed ayudaron a su campa\u00f1a y es una decisi\u00f3n del gobernador de\u00a0<strong>Tabasco\u00a0<\/strong>que, por cierto, es un gobernador que tiene casi 80 por ciento de apoyo popular\u201d, asegur\u00f3<a href=\"https:\/\/x.com\/Claudiashein\" target=\"_blank\" rel=\"noreferrer noopener\">.<\/a><\/p>\n","protected":false},"excerpt":{"rendered":"<p>Por Redacci\u00f3n QP Claudia Sheinbaum, virtual presidenta electa, concedi\u00f3 la raz\u00f3n a&nbsp;Luisa Mar\u00eda Alcalde, secretaria&#8230;<\/p>\n","protected":false},"author":2,"featured_media":111108,"comment_status":"open","ping_status":"open","sticky":false,"template":"","format":"standard","meta":{"_monsterinsights_skip_tracking":false,"_monsterinsights_sitenote_active":false,"_monsterinsights_sitenote_note":"","_monsterinsights_sitenote_category":0,"footnotes":""},"categories":[2],"tags":[],"class_list":["post-111107","post","type-post","status-publish","format-standard","has-post-thumbnail","hentry","category-noticias"],"yoast_head":"<!-- This site is optimized with the Yoast SEO plugin v27.3 - https:\/\/yoast.com\/product\/yoast-seo-wordpress\/ -->\n<title>Sheinbaum critica al juez Rodrigo de la Peza tras ordenar al Tribunal Electoral nombrar a dos magistrados faltantes es \u201cun juez que act\u00faa pol\u00edticamente&quot;, dice -<\/title>\n<meta name=\"robots\" content=\"index, follow, max-snippet:-1, max-image-preview:large, max-video-preview:-1\" \/>\n<link rel=\"canonical\" href=\"https:\/\/quehacerpolitico.mx\/?p=111107\" \/>\n<meta property=\"og:locale\" content=\"es_MX\" \/>\n<meta property=\"og:type\" content=\"article\" \/>\n<meta property=\"og:title\" content=\"Sheinbaum critica al juez Rodrigo de la Peza tras ordenar al Tribunal Electoral nombrar a dos magistrados faltantes es \u201cun juez que act\u00faa pol\u00edticamente&quot;, dice -\" \/>\n<meta property=\"og:description\" content=\"Por Redacci\u00f3n QP Claudia Sheinbaum, virtual presidenta electa, concedi\u00f3 la raz\u00f3n a&nbsp;Luisa Mar\u00eda Alcalde, secretaria...\" \/>\n<meta property=\"og:url\" content=\"https:\/\/quehacerpolitico.mx\/?p=111107\" \/>\n<meta property=\"article:published_time\" content=\"2024-07-02T21:35:18+00:00\" \/>\n<meta property=\"article:modified_time\" content=\"2024-07-02T21:35:20+00:00\" \/>\n<meta property=\"og:image\" content=\"https:\/\/quehacerpolitico.mx\/wp-content\/uploads\/2024\/07\/IMG_6525.jpeg\" \/>\n\t<meta property=\"og:image:width\" content=\"1261\" \/>\n\t<meta property=\"og:image:height\" content=\"692\" \/>\n\t<meta property=\"og:image:type\" content=\"image\/jpeg\" \/>\n<meta name=\"author\" content=\"Redacci\u00f3n QP\" \/>\n<meta name=\"twitter:card\" content=\"summary_large_image\" \/>\n<meta name=\"twitter:label1\" content=\"Escrito por\" \/>\n\t<meta name=\"twitter:data1\" content=\"Redacci\u00f3n QP\" \/>\n\t<meta name=\"twitter:label2\" content=\"Tiempo de lectura\" \/>\n\t<meta name=\"twitter:data2\" content=\"2 minutos\" \/>\n<script type=\"application\/ld+json\" class=\"yoast-schema-graph\">{\"@context\":\"https:\\\/\\\/schema.org\",\"@graph\":[{\"@type\":\"Article\",\"@id\":\"https:\\\/\\\/quehacerpolitico.mx\\\/?p=111107#article\",\"isPartOf\":{\"@id\":\"https:\\\/\\\/quehacerpolitico.mx\\\/?p=111107\"},\"author\":{\"name\":\"Redacci\u00f3n QP\",\"@id\":\"https:\\\/\\\/quehacerpolitico.mx\\\/#\\\/schema\\\/person\\\/496d8ad2d1d3f8036101dca7ee39e585\"},\"headline\":\"Sheinbaum critica al juez Rodrigo de la Peza tras ordenar al Tribunal Electoral nombrar a dos magistrados faltantes es \u201cun juez que act\u00faa pol\u00edticamente&#8221;, dice\",\"datePublished\":\"2024-07-02T21:35:18+00:00\",\"dateModified\":\"2024-07-02T21:35:20+00:00\",\"mainEntityOfPage\":{\"@id\":\"https:\\\/\\\/quehacerpolitico.mx\\\/?p=111107\"},\"wordCount\":388,\"commentCount\":0,\"image\":{\"@id\":\"https:\\\/\\\/quehacerpolitico.mx\\\/?p=111107#primaryimage\"},\"thumbnailUrl\":\"https:\\\/\\\/quehacerpolitico.mx\\\/wp-content\\\/uploads\\\/2024\\\/07\\\/IMG_6525.jpeg\",\"articleSection\":[\"Noticias\"],\"inLanguage\":\"es\",\"potentialAction\":[{\"@type\":\"CommentAction\",\"name\":\"Comment\",\"target\":[\"https:\\\/\\\/quehacerpolitico.mx\\\/?p=111107#respond\"]}]},{\"@type\":\"WebPage\",\"@id\":\"https:\\\/\\\/quehacerpolitico.mx\\\/?p=111107\",\"url\":\"https:\\\/\\\/quehacerpolitico.mx\\\/?p=111107\",\"name\":\"Sheinbaum critica al juez Rodrigo de la Peza tras ordenar al Tribunal Electoral nombrar a dos magistrados faltantes es \u201cun juez que act\u00faa pol\u00edticamente\\\", dice -\",\"isPartOf\":{\"@id\":\"https:\\\/\\\/quehacerpolitico.mx\\\/#website\"},\"primaryImageOfPage\":{\"@id\":\"https:\\\/\\\/quehacerpolitico.mx\\\/?p=111107#primaryimage\"},\"image\":{\"@id\":\"https:\\\/\\\/quehacerpolitico.mx\\\/?p=111107#primaryimage\"},\"thumbnailUrl\":\"https:\\\/\\\/quehacerpolitico.mx\\\/wp-content\\\/uploads\\\/2024\\\/07\\\/IMG_6525.jpeg\",\"datePublished\":\"2024-07-02T21:35:18+00:00\",\"dateModified\":\"2024-07-02T21:35:20+00:00\",\"author\":{\"@id\":\"https:\\\/\\\/quehacerpolitico.mx\\\/#\\\/schema\\\/person\\\/496d8ad2d1d3f8036101dca7ee39e585\"},\"breadcrumb\":{\"@id\":\"https:\\\/\\\/quehacerpolitico.mx\\\/?p=111107#breadcrumb\"},\"inLanguage\":\"es\",\"potentialAction\":[{\"@type\":\"ReadAction\",\"target\":[\"https:\\\/\\\/quehacerpolitico.mx\\\/?p=111107\"]}]},{\"@type\":\"ImageObject\",\"inLanguage\":\"es\",\"@id\":\"https:\\\/\\\/quehacerpolitico.mx\\\/?p=111107#primaryimage\",\"url\":\"https:\\\/\\\/quehacerpolitico.mx\\\/wp-content\\\/uploads\\\/2024\\\/07\\\/IMG_6525.jpeg\",\"contentUrl\":\"https:\\\/\\\/quehacerpolitico.mx\\\/wp-content\\\/uploads\\\/2024\\\/07\\\/IMG_6525.jpeg\",\"width\":1261,\"height\":692,\"caption\":\"Screenshot\"},{\"@type\":\"BreadcrumbList\",\"@id\":\"https:\\\/\\\/quehacerpolitico.mx\\\/?p=111107#breadcrumb\",\"itemListElement\":[{\"@type\":\"ListItem\",\"position\":1,\"name\":\"Inicio\",\"item\":\"https:\\\/\\\/quehacerpolitico.mx\\\/\"},{\"@type\":\"ListItem\",\"position\":2,\"name\":\"Sheinbaum critica al juez Rodrigo de la Peza tras ordenar al Tribunal Electoral nombrar a dos magistrados faltantes es \u201cun juez que act\u00faa pol\u00edticamente&#8221;, dice\"}]},{\"@type\":\"WebSite\",\"@id\":\"https:\\\/\\\/quehacerpolitico.mx\\\/#website\",\"url\":\"https:\\\/\\\/quehacerpolitico.mx\\\/\",\"name\":\"\",\"description\":\"\",\"potentialAction\":[{\"@type\":\"SearchAction\",\"target\":{\"@type\":\"EntryPoint\",\"urlTemplate\":\"https:\\\/\\\/quehacerpolitico.mx\\\/?s={search_term_string}\"},\"query-input\":{\"@type\":\"PropertyValueSpecification\",\"valueRequired\":true,\"valueName\":\"search_term_string\"}}],\"inLanguage\":\"es\"},{\"@type\":\"Person\",\"@id\":\"https:\\\/\\\/quehacerpolitico.mx\\\/#\\\/schema\\\/person\\\/496d8ad2d1d3f8036101dca7ee39e585\",\"name\":\"Redacci\u00f3n QP\",\"image\":{\"@type\":\"ImageObject\",\"inLanguage\":\"es\",\"@id\":\"https:\\\/\\\/secure.gravatar.com\\\/avatar\\\/c7164ed6fdec453195284ad24a5ae5b6e1eed2b848477fa2a4787ba9adf39a41?s=96&d=mm&r=g\",\"url\":\"https:\\\/\\\/secure.gravatar.com\\\/avatar\\\/c7164ed6fdec453195284ad24a5ae5b6e1eed2b848477fa2a4787ba9adf39a41?s=96&d=mm&r=g\",\"contentUrl\":\"https:\\\/\\\/secure.gravatar.com\\\/avatar\\\/c7164ed6fdec453195284ad24a5ae5b6e1eed2b848477fa2a4787ba9adf39a41?s=96&d=mm&r=g\",\"caption\":\"Redacci\u00f3n QP\"},\"url\":\"https:\\\/\\\/quehacerpolitico.mx\\\/?author=2\"}]}<\/script>\n<!-- \/ Yoast SEO plugin. -->","yoast_head_json":{"title":"Sheinbaum critica al juez Rodrigo de la Peza tras ordenar al Tribunal Electoral nombrar a dos magistrados faltantes es \u201cun juez que act\u00faa pol\u00edticamente\", dice -","robots":{"index":"index","follow":"follow","max-snippet":"max-snippet:-1","max-image-preview":"max-image-preview:large","max-video-preview":"max-video-preview:-1"},"canonical":"https:\/\/quehacerpolitico.mx\/?p=111107","og_locale":"es_MX","og_type":"article","og_title":"Sheinbaum critica al juez Rodrigo de la Peza tras ordenar al Tribunal Electoral nombrar a dos magistrados faltantes es \u201cun juez que act\u00faa pol\u00edticamente\", dice -","og_description":"Por Redacci\u00f3n QP Claudia Sheinbaum, virtual presidenta electa, concedi\u00f3 la raz\u00f3n a&nbsp;Luisa Mar\u00eda Alcalde, secretaria...","og_url":"https:\/\/quehacerpolitico.mx\/?p=111107","article_published_time":"2024-07-02T21:35:18+00:00","article_modified_time":"2024-07-02T21:35:20+00:00","og_image":[{"width":1261,"height":692,"url":"https:\/\/quehacerpolitico.mx\/wp-content\/uploads\/2024\/07\/IMG_6525.jpeg","type":"image\/jpeg"}],"author":"Redacci\u00f3n QP","twitter_card":"summary_large_image","twitter_misc":{"Escrito por":"Redacci\u00f3n QP","Tiempo de lectura":"2 minutos"},"schema":{"@context":"https:\/\/schema.org","@graph":[{"@type":"Article","@id":"https:\/\/quehacerpolitico.mx\/?p=111107#article","isPartOf":{"@id":"https:\/\/quehacerpolitico.mx\/?p=111107"},"author":{"name":"Redacci\u00f3n QP","@id":"https:\/\/quehacerpolitico.mx\/#\/schema\/person\/496d8ad2d1d3f8036101dca7ee39e585"},"headline":"Sheinbaum critica al juez Rodrigo de la Peza tras ordenar al Tribunal Electoral nombrar a dos magistrados faltantes es \u201cun juez que act\u00faa pol\u00edticamente&#8221;, dice","datePublished":"2024-07-02T21:35:18+00:00","dateModified":"2024-07-02T21:35:20+00:00","mainEntityOfPage":{"@id":"https:\/\/quehacerpolitico.mx\/?p=111107"},"wordCount":388,"commentCount":0,"image":{"@id":"https:\/\/quehacerpolitico.mx\/?p=111107#primaryimage"},"thumbnailUrl":"https:\/\/quehacerpolitico.mx\/wp-content\/uploads\/2024\/07\/IMG_6525.jpeg","articleSection":["Noticias"],"inLanguage":"es","potentialAction":[{"@type":"CommentAction","name":"Comment","target":["https:\/\/quehacerpolitico.mx\/?p=111107#respond"]}]},{"@type":"WebPage","@id":"https:\/\/quehacerpolitico.mx\/?p=111107","url":"https:\/\/quehacerpolitico.mx\/?p=111107","name":"Sheinbaum critica al juez Rodrigo de la Peza tras ordenar al Tribunal Electoral nombrar a dos magistrados faltantes es \u201cun juez que act\u00faa pol\u00edticamente\", dice -","isPartOf":{"@id":"https:\/\/quehacerpolitico.mx\/#website"},"primaryImageOfPage":{"@id":"https:\/\/quehacerpolitico.mx\/?p=111107#primaryimage"},"image":{"@id":"https:\/\/quehacerpolitico.mx\/?p=111107#primaryimage"},"thumbnailUrl":"https:\/\/quehacerpolitico.mx\/wp-content\/uploads\/2024\/07\/IMG_6525.jpeg","datePublished":"2024-07-02T21:35:18+00:00","dateModified":"2024-07-02T21:35:20+00:00","author":{"@id":"https:\/\/quehacerpolitico.mx\/#\/schema\/person\/496d8ad2d1d3f8036101dca7ee39e585"},"breadcrumb":{"@id":"https:\/\/quehacerpolitico.mx\/?p=111107#breadcrumb"},"inLanguage":"es","potentialAction":[{"@type":"ReadAction","target":["https:\/\/quehacerpolitico.mx\/?p=111107"]}]},{"@type":"ImageObject","inLanguage":"es","@id":"https:\/\/quehacerpolitico.mx\/?p=111107#primaryimage","url":"https:\/\/quehacerpolitico.mx\/wp-content\/uploads\/2024\/07\/IMG_6525.jpeg","contentUrl":"https:\/\/quehacerpolitico.mx\/wp-content\/uploads\/2024\/07\/IMG_6525.jpeg","width":1261,"height":692,"caption":"Screenshot"},{"@type":"BreadcrumbList","@id":"https:\/\/quehacerpolitico.mx\/?p=111107#breadcrumb","itemListElement":[{"@type":"ListItem","position":1,"name":"Inicio","item":"https:\/\/quehacerpolitico.mx\/"},{"@type":"ListItem","position":2,"name":"Sheinbaum critica al juez Rodrigo de la Peza tras ordenar al Tribunal Electoral nombrar a dos magistrados faltantes es \u201cun juez que act\u00faa pol\u00edticamente&#8221;, dice"}]},{"@type":"WebSite","@id":"https:\/\/quehacerpolitico.mx\/#website","url":"https:\/\/quehacerpolitico.mx\/","name":"","description":"","potentialAction":[{"@type":"SearchAction","target":{"@type":"EntryPoint","urlTemplate":"https:\/\/quehacerpolitico.mx\/?s={search_term_string}"},"query-input":{"@type":"PropertyValueSpecification","valueRequired":true,"valueName":"search_term_string"}}],"inLanguage":"es"},{"@type":"Person","@id":"https:\/\/quehacerpolitico.mx\/#\/schema\/person\/496d8ad2d1d3f8036101dca7ee39e585","name":"Redacci\u00f3n QP","image":{"@type":"ImageObject","inLanguage":"es","@id":"https:\/\/secure.gravatar.com\/avatar\/c7164ed6fdec453195284ad24a5ae5b6e1eed2b848477fa2a4787ba9adf39a41?s=96&d=mm&r=g","url":"https:\/\/secure.gravatar.com\/avatar\/c7164ed6fdec453195284ad24a5ae5b6e1eed2b848477fa2a4787ba9adf39a41?s=96&d=mm&r=g","contentUrl":"https:\/\/secure.gravatar.com\/avatar\/c7164ed6fdec453195284ad24a5ae5b6e1eed2b848477fa2a4787ba9adf39a41?s=96&d=mm&r=g","caption":"Redacci\u00f3n QP"},"url":"https:\/\/quehacerpolitico.mx\/?author=2"}]}},"featured_image_urls":{"full":["https:\/\/quehacerpolitico.mx\/wp-content\/uploads\/2024\/07\/IMG_6525.jpeg",1261,692,false],"thumbnail":["https:\/\/quehacerpolitico.mx\/wp-content\/uploads\/2024\/07\/IMG_6525-150x150.jpeg",150,150,true],"medium":["https:\/\/quehacerpolitico.mx\/wp-content\/uploads\/2024\/07\/IMG_6525-300x165.jpeg",300,165,true],"medium_large":["https:\/\/quehacerpolitico.mx\/wp-content\/uploads\/2024\/07\/IMG_6525-768x421.jpeg",640,351,true],"large":["https:\/\/quehacerpolitico.mx\/wp-content\/uploads\/2024\/07\/IMG_6525-1024x562.jpeg",640,351,true],"1536x1536":["https:\/\/quehacerpolitico.mx\/wp-content\/uploads\/2024\/07\/IMG_6525.jpeg",1261,692,false],"2048x2048":["https:\/\/quehacerpolitico.mx\/wp-content\/uploads\/2024\/07\/IMG_6525.jpeg",1261,692,false],"covernews-featured":["https:\/\/quehacerpolitico.mx\/wp-content\/uploads\/2024\/07\/IMG_6525.jpeg",1024,562,false],"covernews-medium":["https:\/\/quehacerpolitico.mx\/wp-content\/uploads\/2024\/07\/IMG_6525.jpeg",540,296,false]},"author_info":{"display_name":"Redacci\u00f3n QP","author_link":"https:\/\/quehacerpolitico.mx\/?author=2"},"category_info":"<a href=\"https:\/\/quehacerpolitico.mx\/?cat=2\" rel=\"category\">Noticias<\/a>","tag_info":"Noticias","comment_count":"0","_links":{"self":[{"href":"https:\/\/quehacerpolitico.mx\/index.php?rest_route=\/wp\/v2\/posts\/111107","targetHints":{"allow":["GET"]}}],"collection":[{"href":"https:\/\/quehacerpolitico.mx\/index.php?rest_route=\/wp\/v2\/posts"}],"about":[{"href":"https:\/\/quehacerpolitico.mx\/index.php?rest_route=\/wp\/v2\/types\/post"}],"author":[{"embeddable":true,"href":"https:\/\/quehacerpolitico.mx\/index.php?rest_route=\/wp\/v2\/users\/2"}],"replies":[{"embeddable":true,"href":"https:\/\/quehacerpolitico.mx\/index.php?rest_route=%2Fwp%2Fv2%2Fcomments&post=111107"}],"version-history":[{"count":1,"href":"https:\/\/quehacerpolitico.mx\/index.php?rest_route=\/wp\/v2\/posts\/111107\/revisions"}],"predecessor-version":[{"id":111109,"href":"https:\/\/quehacerpolitico.mx\/index.php?rest_route=\/wp\/v2\/posts\/111107\/revisions\/111109"}],"wp:featuredmedia":[{"embeddable":true,"href":"https:\/\/quehacerpolitico.mx\/index.php?rest_route=\/wp\/v2\/media\/111108"}],"wp:attachment":[{"href":"https:\/\/quehacerpolitico.mx\/index.php?rest_route=%2Fwp%2Fv2%2Fmedia&parent=111107"}],"wp:term":[{"taxonomy":"category","embeddable":true,"href":"https:\/\/quehacerpolitico.mx\/index.php?rest_route=%2Fwp%2Fv2%2Fcategories&post=111107"},{"taxonomy":"post_tag","embeddable":true,"href":"https:\/\/quehacerpolitico.mx\/index.php?rest_route=%2Fwp%2Fv2%2Ftags&post=111107"}],"curies":[{"name":"wp","href":"https:\/\/api.w.org\/{rel}","templated":true}]}}