{"id":111104,"date":"2024-07-02T21:00:38","date_gmt":"2024-07-02T21:00:38","guid":{"rendered":"https:\/\/quehacerpolitico.mx\/?p=111104"},"modified":"2024-07-02T21:00:41","modified_gmt":"2024-07-02T21:00:41","slug":"inicia-tengo-un-sueno-oaxaca-2024","status":"publish","type":"post","link":"https:\/\/quehacerpolitico.mx\/?p=111104","title":{"rendered":"Inicia Tengo un sue\u00f1o Oaxaca 2024"},"content":{"rendered":"\n<p>Por Redacci\u00f3n QP<\/p>\n\n\n\n<p><strong>Participar\u00e1n ni\u00f1as, ni\u00f1os y j\u00f3venes de Semilleros Creativos en el estado<\/strong><\/p>\n\n\n\n<p>Este 5 de julio, dar\u00e1 inicio Tengo un sue\u00f1o Oaxaca 2024 \u201cHerencia viva en Oaxaca\u201d, uno de los 27 eventos estatales y biestatales en el pa\u00eds que forman parte del Festival Tengo un sue\u00f1o 2024.<\/p>\n\n\n\n<p>Este evento es organizado por la Secretar\u00eda de Cultura del Gobierno de M\u00e9xico, a trav\u00e9s del programa Cultura Comunitaria, en colaboraci\u00f3n con el gobierno de Oaxaca y sus municipios. En \u00e9l se compartir\u00e1n los alcances y la capacidad creativa de ni\u00f1as, ni\u00f1os y j\u00f3venes de los Semilleros Creativos de la entidad, para mostrar su contexto y la diversidad de expresiones y manifestaciones culturales y art\u00edsticas del estado.<\/p>\n\n\n\n<p>Los Semilleros Creativos son grupos de formaci\u00f3n art\u00edstica gratuita para la ni\u00f1ez y las juventudes del pa\u00eds, donde se promueve su participaci\u00f3n en la vida art\u00edstica, el pensamiento cr\u00edtico y su posicionamiento como agentes culturales.<\/p>\n\n\n\n<p>Como parte de las actividades, a partir de las 12:30 h, se llevar\u00e1 a cabo la exposici\u00f3n \u201cRa\u00edces oaxaque\u00f1as: una mirada a nuestra cultura\u201d, compuesta por 60 obras realizadas por participantes de Semilleros Creativos en las disciplinas de pintura, dibujo, grabado, fotograf\u00eda, video y serigraf\u00eda. La cita es en la Biblioteca Margarita Maza de Ju\u00e1rez, ubicada en&nbsp;<a href=\"https:\/\/www.google.com\/maps\/search\/Av.+Jos%C3%A9+Mar%C3%ADa+Morelos+200,+Ruta+Independencia,+Centro,+Oaxaca+de+Ju%C3%A1rez?entry=gmail&amp;source=g\">Av. Jos\u00e9 Mar\u00eda Morelos 200, Ruta Independencia, Centro, Oaxaca de Ju\u00e1rez<\/a>.<\/p>\n\n\n\n<p>De igual forma, en el Teatro Macedonio Alcal\u00e1, se realizar\u00e1 una presentaci\u00f3n esc\u00e9nica en donde se podr\u00e1 apreciar un rap en lengua&nbsp;<em>Tu&#8217;un savi<\/em>, y en espa\u00f1ol, a cargo del Semillero Creativo de Lengua Tu&#8217;un savi en la Heroica Ciudad de Tlaxiaco; tambi\u00e9n habr\u00e1 presentaciones de danza, bailes tradicionales, pasarela de textiles, y un extenso repertorio musical a cargo de una selecci\u00f3n de ni\u00f1as, ni\u00f1os y j\u00f3venes integrantes de 21 Semilleros Creativos de M\u00fasica, quienes interpretar\u00e1n m\u00fasica tradicional como sones y jarabes entre los que destacan,&nbsp;<em>Canci\u00f3n mixteca<\/em>&nbsp;(Jos\u00e9 L\u00f3pez Alavez),&nbsp;<em>La Sandunga<\/em>&nbsp;(arreglo de C\u00e1ndido Jim\u00e9nez),&nbsp;<em>Flor de pi\u00f1a&nbsp;<\/em>(Felipe Mat\u00edas Velasco)&nbsp;<em>Sones y Jarabes Mixes<\/em>&nbsp;(Rito Marcelino Rivorosa) y la pieza que es considerada como segundo himno de Oaxaca,&nbsp;<em>Dios nunca muere<\/em>, de Macedonio Alcal\u00e1.<\/p>\n\n\n\n<p>Tengo un sue\u00f1o Oaxaca 2024 permitir\u00e1 generar conexiones e intercambios creativos entre los distintos Semilleros ubicados en una misma zona geogr\u00e1fica, adem\u00e1s de invitar al p\u00fablico a conocer estos grupos como una alternativa viable y accesible para la convivencia arm\u00f3nica, a partir de pol\u00edticas culturales de base comunitaria.<\/p>\n\n\n\n<p>La programaci\u00f3n es gratuita y abierta al p\u00fablico; se puede consultar en la p\u00e1gina de Cultura Comunitaria:&nbsp;<a href=\"http:\/\/culturacomunitaria.gob.mx\/\" target=\"_blank\" rel=\"noreferrer noopener\">culturacomunitaria.gob.mx<\/a>, y mediante las redes sociales de la Direcci\u00f3n General de Vinculaci\u00f3n Cultural (Facebook y X@VinculaCultura) y el Sistema Nacional de Fomento Musical (Facebook y X, @FomentoMusical).<\/p>\n\n\n\n<p>Con estas acciones, la Secretar\u00eda de Cultura apoya estrategias que contribuyen al ejercicio efectivo de los derechos culturales de ni\u00f1as, ni\u00f1os y j\u00f3venes en las 32 entidades federativas del pa\u00eds y con ello fomenta una cultura de paz.<\/p>\n","protected":false},"excerpt":{"rendered":"<p>Por Redacci\u00f3n QP Participar\u00e1n ni\u00f1as, ni\u00f1os y j\u00f3venes de Semilleros Creativos en el estado Este&#8230;<\/p>\n","protected":false},"author":2,"featured_media":111105,"comment_status":"open","ping_status":"open","sticky":false,"template":"","format":"standard","meta":{"_monsterinsights_skip_tracking":false,"_monsterinsights_sitenote_active":false,"_monsterinsights_sitenote_note":"","_monsterinsights_sitenote_category":0,"footnotes":""},"categories":[58],"tags":[],"class_list":["post-111104","post","type-post","status-publish","format-standard","has-post-thumbnail","hentry","category-cultura"],"yoast_head":"<!-- This site is optimized with the Yoast SEO plugin v27.3 - https:\/\/yoast.com\/product\/yoast-seo-wordpress\/ -->\n<title>Inicia Tengo un sue\u00f1o Oaxaca 2024 -<\/title>\n<meta name=\"robots\" content=\"index, follow, max-snippet:-1, max-image-preview:large, max-video-preview:-1\" \/>\n<link rel=\"canonical\" href=\"https:\/\/quehacerpolitico.mx\/?p=111104\" \/>\n<meta property=\"og:locale\" content=\"es_MX\" \/>\n<meta property=\"og:type\" content=\"article\" \/>\n<meta property=\"og:title\" content=\"Inicia Tengo un sue\u00f1o Oaxaca 2024 -\" \/>\n<meta property=\"og:description\" content=\"Por Redacci\u00f3n QP Participar\u00e1n ni\u00f1as, ni\u00f1os y j\u00f3venes de Semilleros Creativos en el estado Este...\" \/>\n<meta property=\"og:url\" content=\"https:\/\/quehacerpolitico.mx\/?p=111104\" \/>\n<meta property=\"article:published_time\" content=\"2024-07-02T21:00:38+00:00\" \/>\n<meta property=\"article:modified_time\" content=\"2024-07-02T21:00:41+00:00\" \/>\n<meta property=\"og:image\" content=\"https:\/\/quehacerpolitico.mx\/wp-content\/uploads\/2024\/07\/IMG_6524.jpeg\" \/>\n\t<meta property=\"og:image:width\" content=\"713\" \/>\n\t<meta property=\"og:image:height\" content=\"430\" \/>\n\t<meta property=\"og:image:type\" content=\"image\/jpeg\" \/>\n<meta name=\"author\" content=\"Redacci\u00f3n QP\" \/>\n<meta name=\"twitter:card\" content=\"summary_large_image\" \/>\n<meta name=\"twitter:label1\" content=\"Escrito por\" \/>\n\t<meta name=\"twitter:data1\" content=\"Redacci\u00f3n QP\" \/>\n\t<meta name=\"twitter:label2\" content=\"Tiempo de lectura\" \/>\n\t<meta name=\"twitter:data2\" content=\"3 minutos\" \/>\n<script type=\"application\/ld+json\" class=\"yoast-schema-graph\">{\"@context\":\"https:\\\/\\\/schema.org\",\"@graph\":[{\"@type\":\"Article\",\"@id\":\"https:\\\/\\\/quehacerpolitico.mx\\\/?p=111104#article\",\"isPartOf\":{\"@id\":\"https:\\\/\\\/quehacerpolitico.mx\\\/?p=111104\"},\"author\":{\"name\":\"Redacci\u00f3n QP\",\"@id\":\"https:\\\/\\\/quehacerpolitico.mx\\\/#\\\/schema\\\/person\\\/496d8ad2d1d3f8036101dca7ee39e585\"},\"headline\":\"Inicia Tengo un sue\u00f1o Oaxaca 2024\",\"datePublished\":\"2024-07-02T21:00:38+00:00\",\"dateModified\":\"2024-07-02T21:00:41+00:00\",\"mainEntityOfPage\":{\"@id\":\"https:\\\/\\\/quehacerpolitico.mx\\\/?p=111104\"},\"wordCount\":554,\"commentCount\":0,\"image\":{\"@id\":\"https:\\\/\\\/quehacerpolitico.mx\\\/?p=111104#primaryimage\"},\"thumbnailUrl\":\"https:\\\/\\\/quehacerpolitico.mx\\\/wp-content\\\/uploads\\\/2024\\\/07\\\/IMG_6524.jpeg\",\"articleSection\":[\"Cultura y Entretenimiento\"],\"inLanguage\":\"es\",\"potentialAction\":[{\"@type\":\"CommentAction\",\"name\":\"Comment\",\"target\":[\"https:\\\/\\\/quehacerpolitico.mx\\\/?p=111104#respond\"]}]},{\"@type\":\"WebPage\",\"@id\":\"https:\\\/\\\/quehacerpolitico.mx\\\/?p=111104\",\"url\":\"https:\\\/\\\/quehacerpolitico.mx\\\/?p=111104\",\"name\":\"Inicia Tengo un sue\u00f1o Oaxaca 2024 -\",\"isPartOf\":{\"@id\":\"https:\\\/\\\/quehacerpolitico.mx\\\/#website\"},\"primaryImageOfPage\":{\"@id\":\"https:\\\/\\\/quehacerpolitico.mx\\\/?p=111104#primaryimage\"},\"image\":{\"@id\":\"https:\\\/\\\/quehacerpolitico.mx\\\/?p=111104#primaryimage\"},\"thumbnailUrl\":\"https:\\\/\\\/quehacerpolitico.mx\\\/wp-content\\\/uploads\\\/2024\\\/07\\\/IMG_6524.jpeg\",\"datePublished\":\"2024-07-02T21:00:38+00:00\",\"dateModified\":\"2024-07-02T21:00:41+00:00\",\"author\":{\"@id\":\"https:\\\/\\\/quehacerpolitico.mx\\\/#\\\/schema\\\/person\\\/496d8ad2d1d3f8036101dca7ee39e585\"},\"breadcrumb\":{\"@id\":\"https:\\\/\\\/quehacerpolitico.mx\\\/?p=111104#breadcrumb\"},\"inLanguage\":\"es\",\"potentialAction\":[{\"@type\":\"ReadAction\",\"target\":[\"https:\\\/\\\/quehacerpolitico.mx\\\/?p=111104\"]}]},{\"@type\":\"ImageObject\",\"inLanguage\":\"es\",\"@id\":\"https:\\\/\\\/quehacerpolitico.mx\\\/?p=111104#primaryimage\",\"url\":\"https:\\\/\\\/quehacerpolitico.mx\\\/wp-content\\\/uploads\\\/2024\\\/07\\\/IMG_6524.jpeg\",\"contentUrl\":\"https:\\\/\\\/quehacerpolitico.mx\\\/wp-content\\\/uploads\\\/2024\\\/07\\\/IMG_6524.jpeg\",\"width\":713,\"height\":430},{\"@type\":\"BreadcrumbList\",\"@id\":\"https:\\\/\\\/quehacerpolitico.mx\\\/?p=111104#breadcrumb\",\"itemListElement\":[{\"@type\":\"ListItem\",\"position\":1,\"name\":\"Inicio\",\"item\":\"https:\\\/\\\/quehacerpolitico.mx\\\/\"},{\"@type\":\"ListItem\",\"position\":2,\"name\":\"Inicia Tengo un sue\u00f1o Oaxaca 2024\"}]},{\"@type\":\"WebSite\",\"@id\":\"https:\\\/\\\/quehacerpolitico.mx\\\/#website\",\"url\":\"https:\\\/\\\/quehacerpolitico.mx\\\/\",\"name\":\"\",\"description\":\"\",\"potentialAction\":[{\"@type\":\"SearchAction\",\"target\":{\"@type\":\"EntryPoint\",\"urlTemplate\":\"https:\\\/\\\/quehacerpolitico.mx\\\/?s={search_term_string}\"},\"query-input\":{\"@type\":\"PropertyValueSpecification\",\"valueRequired\":true,\"valueName\":\"search_term_string\"}}],\"inLanguage\":\"es\"},{\"@type\":\"Person\",\"@id\":\"https:\\\/\\\/quehacerpolitico.mx\\\/#\\\/schema\\\/person\\\/496d8ad2d1d3f8036101dca7ee39e585\",\"name\":\"Redacci\u00f3n QP\",\"image\":{\"@type\":\"ImageObject\",\"inLanguage\":\"es\",\"@id\":\"https:\\\/\\\/secure.gravatar.com\\\/avatar\\\/c7164ed6fdec453195284ad24a5ae5b6e1eed2b848477fa2a4787ba9adf39a41?s=96&d=mm&r=g\",\"url\":\"https:\\\/\\\/secure.gravatar.com\\\/avatar\\\/c7164ed6fdec453195284ad24a5ae5b6e1eed2b848477fa2a4787ba9adf39a41?s=96&d=mm&r=g\",\"contentUrl\":\"https:\\\/\\\/secure.gravatar.com\\\/avatar\\\/c7164ed6fdec453195284ad24a5ae5b6e1eed2b848477fa2a4787ba9adf39a41?s=96&d=mm&r=g\",\"caption\":\"Redacci\u00f3n QP\"},\"url\":\"https:\\\/\\\/quehacerpolitico.mx\\\/?author=2\"}]}<\/script>\n<!-- \/ Yoast SEO plugin. -->","yoast_head_json":{"title":"Inicia Tengo un sue\u00f1o Oaxaca 2024 -","robots":{"index":"index","follow":"follow","max-snippet":"max-snippet:-1","max-image-preview":"max-image-preview:large","max-video-preview":"max-video-preview:-1"},"canonical":"https:\/\/quehacerpolitico.mx\/?p=111104","og_locale":"es_MX","og_type":"article","og_title":"Inicia Tengo un sue\u00f1o Oaxaca 2024 -","og_description":"Por Redacci\u00f3n QP Participar\u00e1n ni\u00f1as, ni\u00f1os y j\u00f3venes de Semilleros Creativos en el estado Este...","og_url":"https:\/\/quehacerpolitico.mx\/?p=111104","article_published_time":"2024-07-02T21:00:38+00:00","article_modified_time":"2024-07-02T21:00:41+00:00","og_image":[{"width":713,"height":430,"url":"https:\/\/quehacerpolitico.mx\/wp-content\/uploads\/2024\/07\/IMG_6524.jpeg","type":"image\/jpeg"}],"author":"Redacci\u00f3n QP","twitter_card":"summary_large_image","twitter_misc":{"Escrito por":"Redacci\u00f3n QP","Tiempo de lectura":"3 minutos"},"schema":{"@context":"https:\/\/schema.org","@graph":[{"@type":"Article","@id":"https:\/\/quehacerpolitico.mx\/?p=111104#article","isPartOf":{"@id":"https:\/\/quehacerpolitico.mx\/?p=111104"},"author":{"name":"Redacci\u00f3n QP","@id":"https:\/\/quehacerpolitico.mx\/#\/schema\/person\/496d8ad2d1d3f8036101dca7ee39e585"},"headline":"Inicia Tengo un sue\u00f1o Oaxaca 2024","datePublished":"2024-07-02T21:00:38+00:00","dateModified":"2024-07-02T21:00:41+00:00","mainEntityOfPage":{"@id":"https:\/\/quehacerpolitico.mx\/?p=111104"},"wordCount":554,"commentCount":0,"image":{"@id":"https:\/\/quehacerpolitico.mx\/?p=111104#primaryimage"},"thumbnailUrl":"https:\/\/quehacerpolitico.mx\/wp-content\/uploads\/2024\/07\/IMG_6524.jpeg","articleSection":["Cultura y Entretenimiento"],"inLanguage":"es","potentialAction":[{"@type":"CommentAction","name":"Comment","target":["https:\/\/quehacerpolitico.mx\/?p=111104#respond"]}]},{"@type":"WebPage","@id":"https:\/\/quehacerpolitico.mx\/?p=111104","url":"https:\/\/quehacerpolitico.mx\/?p=111104","name":"Inicia Tengo un sue\u00f1o Oaxaca 2024 -","isPartOf":{"@id":"https:\/\/quehacerpolitico.mx\/#website"},"primaryImageOfPage":{"@id":"https:\/\/quehacerpolitico.mx\/?p=111104#primaryimage"},"image":{"@id":"https:\/\/quehacerpolitico.mx\/?p=111104#primaryimage"},"thumbnailUrl":"https:\/\/quehacerpolitico.mx\/wp-content\/uploads\/2024\/07\/IMG_6524.jpeg","datePublished":"2024-07-02T21:00:38+00:00","dateModified":"2024-07-02T21:00:41+00:00","author":{"@id":"https:\/\/quehacerpolitico.mx\/#\/schema\/person\/496d8ad2d1d3f8036101dca7ee39e585"},"breadcrumb":{"@id":"https:\/\/quehacerpolitico.mx\/?p=111104#breadcrumb"},"inLanguage":"es","potentialAction":[{"@type":"ReadAction","target":["https:\/\/quehacerpolitico.mx\/?p=111104"]}]},{"@type":"ImageObject","inLanguage":"es","@id":"https:\/\/quehacerpolitico.mx\/?p=111104#primaryimage","url":"https:\/\/quehacerpolitico.mx\/wp-content\/uploads\/2024\/07\/IMG_6524.jpeg","contentUrl":"https:\/\/quehacerpolitico.mx\/wp-content\/uploads\/2024\/07\/IMG_6524.jpeg","width":713,"height":430},{"@type":"BreadcrumbList","@id":"https:\/\/quehacerpolitico.mx\/?p=111104#breadcrumb","itemListElement":[{"@type":"ListItem","position":1,"name":"Inicio","item":"https:\/\/quehacerpolitico.mx\/"},{"@type":"ListItem","position":2,"name":"Inicia Tengo un sue\u00f1o Oaxaca 2024"}]},{"@type":"WebSite","@id":"https:\/\/quehacerpolitico.mx\/#website","url":"https:\/\/quehacerpolitico.mx\/","name":"","description":"","potentialAction":[{"@type":"SearchAction","target":{"@type":"EntryPoint","urlTemplate":"https:\/\/quehacerpolitico.mx\/?s={search_term_string}"},"query-input":{"@type":"PropertyValueSpecification","valueRequired":true,"valueName":"search_term_string"}}],"inLanguage":"es"},{"@type":"Person","@id":"https:\/\/quehacerpolitico.mx\/#\/schema\/person\/496d8ad2d1d3f8036101dca7ee39e585","name":"Redacci\u00f3n QP","image":{"@type":"ImageObject","inLanguage":"es","@id":"https:\/\/secure.gravatar.com\/avatar\/c7164ed6fdec453195284ad24a5ae5b6e1eed2b848477fa2a4787ba9adf39a41?s=96&d=mm&r=g","url":"https:\/\/secure.gravatar.com\/avatar\/c7164ed6fdec453195284ad24a5ae5b6e1eed2b848477fa2a4787ba9adf39a41?s=96&d=mm&r=g","contentUrl":"https:\/\/secure.gravatar.com\/avatar\/c7164ed6fdec453195284ad24a5ae5b6e1eed2b848477fa2a4787ba9adf39a41?s=96&d=mm&r=g","caption":"Redacci\u00f3n QP"},"url":"https:\/\/quehacerpolitico.mx\/?author=2"}]}},"featured_image_urls":{"full":["https:\/\/quehacerpolitico.mx\/wp-content\/uploads\/2024\/07\/IMG_6524.jpeg",713,430,false],"thumbnail":["https:\/\/quehacerpolitico.mx\/wp-content\/uploads\/2024\/07\/IMG_6524-150x150.jpeg",150,150,true],"medium":["https:\/\/quehacerpolitico.mx\/wp-content\/uploads\/2024\/07\/IMG_6524-300x181.jpeg",300,181,true],"medium_large":["https:\/\/quehacerpolitico.mx\/wp-content\/uploads\/2024\/07\/IMG_6524.jpeg",640,386,false],"large":["https:\/\/quehacerpolitico.mx\/wp-content\/uploads\/2024\/07\/IMG_6524.jpeg",640,386,false],"1536x1536":["https:\/\/quehacerpolitico.mx\/wp-content\/uploads\/2024\/07\/IMG_6524.jpeg",713,430,false],"2048x2048":["https:\/\/quehacerpolitico.mx\/wp-content\/uploads\/2024\/07\/IMG_6524.jpeg",713,430,false],"covernews-featured":["https:\/\/quehacerpolitico.mx\/wp-content\/uploads\/2024\/07\/IMG_6524.jpeg",713,430,false],"covernews-medium":["https:\/\/quehacerpolitico.mx\/wp-content\/uploads\/2024\/07\/IMG_6524.jpeg",540,326,false]},"author_info":{"display_name":"Redacci\u00f3n QP","author_link":"https:\/\/quehacerpolitico.mx\/?author=2"},"category_info":"<a href=\"https:\/\/quehacerpolitico.mx\/?cat=58\" rel=\"category\">Cultura y Entretenimiento<\/a>","tag_info":"Cultura y Entretenimiento","comment_count":"0","_links":{"self":[{"href":"https:\/\/quehacerpolitico.mx\/index.php?rest_route=\/wp\/v2\/posts\/111104","targetHints":{"allow":["GET"]}}],"collection":[{"href":"https:\/\/quehacerpolitico.mx\/index.php?rest_route=\/wp\/v2\/posts"}],"about":[{"href":"https:\/\/quehacerpolitico.mx\/index.php?rest_route=\/wp\/v2\/types\/post"}],"author":[{"embeddable":true,"href":"https:\/\/quehacerpolitico.mx\/index.php?rest_route=\/wp\/v2\/users\/2"}],"replies":[{"embeddable":true,"href":"https:\/\/quehacerpolitico.mx\/index.php?rest_route=%2Fwp%2Fv2%2Fcomments&post=111104"}],"version-history":[{"count":1,"href":"https:\/\/quehacerpolitico.mx\/index.php?rest_route=\/wp\/v2\/posts\/111104\/revisions"}],"predecessor-version":[{"id":111106,"href":"https:\/\/quehacerpolitico.mx\/index.php?rest_route=\/wp\/v2\/posts\/111104\/revisions\/111106"}],"wp:featuredmedia":[{"embeddable":true,"href":"https:\/\/quehacerpolitico.mx\/index.php?rest_route=\/wp\/v2\/media\/111105"}],"wp:attachment":[{"href":"https:\/\/quehacerpolitico.mx\/index.php?rest_route=%2Fwp%2Fv2%2Fmedia&parent=111104"}],"wp:term":[{"taxonomy":"category","embeddable":true,"href":"https:\/\/quehacerpolitico.mx\/index.php?rest_route=%2Fwp%2Fv2%2Fcategories&post=111104"},{"taxonomy":"post_tag","embeddable":true,"href":"https:\/\/quehacerpolitico.mx\/index.php?rest_route=%2Fwp%2Fv2%2Ftags&post=111104"}],"curies":[{"name":"wp","href":"https:\/\/api.w.org\/{rel}","templated":true}]}}