{"id":111085,"date":"2024-07-02T00:33:10","date_gmt":"2024-07-02T00:33:10","guid":{"rendered":"https:\/\/quehacerpolitico.mx\/?p=111085"},"modified":"2024-07-02T00:33:12","modified_gmt":"2024-07-02T00:33:12","slug":"sheinbaum-propone-fecha-conmemorativa-para-victoria-de-lopez-obrador","status":"publish","type":"post","link":"https:\/\/quehacerpolitico.mx\/?p=111085","title":{"rendered":"Sheinbaum propone fecha conmemorativa para victoria de L\u00f3pez Obrador"},"content":{"rendered":"\n<p>Por Redacci\u00f3n QP<\/p>\n\n\n\n<p>En el margen del sexto aniversario en la presidencia de L\u00f3pez Obrador, Sheinbaum propone establecer fecha conmemorativa<\/p>\n\n\n\n<p><mark>Este lunes,&nbsp;<strong>Claudia Sheinbaum<\/strong>, Presidenta electa de M\u00e9xico, propuso declarar el 1 de julio como una fecha conmemorativa, ya que en ese d\u00eda, pero del a\u00f1o 2018, Andr\u00e9s Manuel L\u00f3pez Obrador obten\u00eda la presidencia del pa\u00eds.<\/mark><\/p>\n\n\n\n<p>&#8220;D\u00eda de la revoluci\u00f3n de las conciencias&#8221;, &#8220;D\u00eda del triunfo del pueblo&#8221; y &#8220;D\u00eda de la verdadera democracia&#8221; son los nombres que Ex Jefa de Gobierno de la Ciudad de M\u00e9xico sugiri\u00f3 para denominar al d\u00eda.<\/p>\n\n\n\n<p><mark>Sheinbaum comenz\u00f3 su discurso celebrando los seis a\u00f1os de presidencia del actual mandatario del pa\u00eds, en un evento organizado por su partido<\/mark>, el\u00a0<strong>Movimiento Regeneraci\u00f3n Nacional<\/strong>\u00a0(<strong>Morena<\/strong>) en el Complejo Cultural Los Pinos, lugar donde sol\u00edan residir los presidentes de M\u00e9xico hasta que Obrador decidi\u00f3 trasladar la residencia al hist\u00f3rico Palacio Nacional.<\/p>\n\n\n\n<p><mark>&#8220;A este primero de julio hay que ponerle un nombre porque es una fecha hist\u00f3rica ya&#8221;<\/mark>, declar\u00f3 Sheinbaum, quien adem\u00e1s subray\u00f3 que el triunfo de las lecciones del 2018 implic\u00f3 dejar atr\u00e1s el &#8220;viejo modelo neoliberal&#8221;.<\/p>\n\n\n\n<figure class=\"wp-block-embed is-type-rich is-provider-twitter wp-block-embed-twitter\"><div class=\"wp-block-embed__wrapper\">\n<blockquote class=\"twitter-tweet\" data-width=\"550\" data-dnt=\"true\"><p lang=\"es\" dir=\"ltr\">&quot;Triunfo de AMLO ha sido uno de los momentos m\u00e1s felices del pueblo de M\u00e9xico&quot;, dice <a href=\"https:\/\/twitter.com\/Claudiashein?ref_src=twsrc%5Etfw\">@Claudiashein<\/a><br><br>Propone una consulta y 3 opciones para nombrar al 1 de julio:<br><br>-El d\u00eda de la revoluci\u00f3n de las conciencias <br>-El d\u00eda del triunfo del pueblo<br>-El d\u00eda de la verdadera democracia <a href=\"https:\/\/t.co\/fxyVWKdRYl\">pic.twitter.com\/fxyVWKdRYl<\/a><\/p>&mdash; Manuel Lopez San Martin (@MLopezSanMartin) <a href=\"https:\/\/twitter.com\/MLopezSanMartin\/status\/1807837241215009149?ref_src=twsrc%5Etfw\">July 1, 2024<\/a><\/blockquote><script async src=\"https:\/\/platform.twitter.com\/widgets.js\" charset=\"utf-8\"><\/script>\n<\/div><\/figure>\n\n\n\n<p>La futura Presidenta del pa\u00eds, quien asumir\u00e1 el cargo junto a su gabinete el pr\u00f3ximo 1 de octubre,\u00a0<mark>se refiri\u00f3 a las elecciones del 2 de junio del 2024, en las que su coalici\u00f3n consigui\u00f3 una aplastante victoria, como &#8220;la mejor celebraci\u00f3n al primero de julio de 2018, porque el pueblo de M\u00e9xico dijo que sigue la cuarta transformaci\u00f3n&#8221;.<\/mark><\/p>\n\n\n\n<p>&#8220;<strong>No va a haber regreso al pasado<\/strong>&#8220;, prometi\u00f3 Sheinbaum, quien prometi\u00f3 guardar el legado dejado por su antecesor durante el mandato que encabezar\u00e1 en los pr\u00f3ximos seis a\u00f1os.<\/p>\n\n\n\n<p>La gobernante electa se refiri\u00f3 a los logros conseguidos durante el mandato de L\u00f3pez Obrador, entre los que destac\u00f3 la<mark>&nbsp;pensi\u00f3n universal para las personas mayores de 68 a\u00f1os, el apoyo a las personas con discapacidad o las becas para j\u00f3venes en preparatoria, estudios previos a la universidad.<\/mark><\/p>\n\n\n\n<p>&#8220;<strong>Tenemos que seguir luchando<\/strong>&#8220;, afirm\u00f3 la pol\u00edtica de Morena en referencia a la labor que tiene por delante su gobierno en el siguiente sexenio.<\/p>\n\n\n\n<p><mark>Asimismo, destac\u00f3 la importancia de informar al pueblo sobre la reforma judicial, una de las m\u00e1s importantes enmiendas constitucionales propuestas por su antecesor que Sheinbaum ha prometido seguir impulsando.<\/mark><br>La mandataria tambi\u00e9n se refiri\u00f3 a uno de los proyectos estrellas de la legislatura de Obrador, el Tren Maya, al que defini\u00f3 como &#8220;s\u00edmbolo de lo que significa progreso con justicia&#8221;.<\/p>\n\n\n\n<p><strong>El Tren Maya<\/strong>, un proyecto que contempla m\u00e1s de 1.500 kil\u00f3metros de v\u00eda f\u00e9rrea para transporte de carga, turistas y pasajeros locales en el sureste del pa\u00eds, fue de esta forma ensalzado por Sheinbaum, qui\u00e9n adem\u00e1s\u00a0<strong>prometi\u00f3 aumentar los kil\u00f3metros de tren en el pa\u00eds durante los pr\u00f3ximos 6 a\u00f1os hasta los 3.000 kil\u00f3metros<\/strong>.<\/p>\n\n\n\n<p>Con informaci\u00f3n de EFE<\/p>\n","protected":false},"excerpt":{"rendered":"<p>Por Redacci\u00f3n QP En el margen del sexto aniversario en la presidencia de L\u00f3pez Obrador,&#8230;<\/p>\n","protected":false},"author":2,"featured_media":111086,"comment_status":"open","ping_status":"open","sticky":false,"template":"","format":"standard","meta":{"_monsterinsights_skip_tracking":false,"_monsterinsights_sitenote_active":false,"_monsterinsights_sitenote_note":"","_monsterinsights_sitenote_category":0,"footnotes":""},"categories":[2],"tags":[],"class_list":["post-111085","post","type-post","status-publish","format-standard","has-post-thumbnail","hentry","category-noticias"],"yoast_head":"<!-- This site is optimized with the Yoast SEO plugin v27.3 - https:\/\/yoast.com\/product\/yoast-seo-wordpress\/ -->\n<title>Sheinbaum propone fecha conmemorativa para victoria de L\u00f3pez Obrador -<\/title>\n<meta name=\"robots\" content=\"index, follow, max-snippet:-1, max-image-preview:large, max-video-preview:-1\" \/>\n<link rel=\"canonical\" href=\"https:\/\/quehacerpolitico.mx\/?p=111085\" \/>\n<meta property=\"og:locale\" content=\"es_MX\" \/>\n<meta property=\"og:type\" content=\"article\" \/>\n<meta property=\"og:title\" content=\"Sheinbaum propone fecha conmemorativa para victoria de L\u00f3pez Obrador -\" \/>\n<meta property=\"og:description\" content=\"Por Redacci\u00f3n QP En el margen del sexto aniversario en la presidencia de L\u00f3pez Obrador,...\" \/>\n<meta property=\"og:url\" content=\"https:\/\/quehacerpolitico.mx\/?p=111085\" \/>\n<meta property=\"article:published_time\" content=\"2024-07-02T00:33:10+00:00\" \/>\n<meta property=\"article:modified_time\" content=\"2024-07-02T00:33:12+00:00\" \/>\n<meta property=\"og:image\" content=\"https:\/\/quehacerpolitico.mx\/wp-content\/uploads\/2024\/07\/IMG_6516.jpeg\" \/>\n\t<meta property=\"og:image:width\" content=\"2048\" \/>\n\t<meta property=\"og:image:height\" content=\"1366\" \/>\n\t<meta property=\"og:image:type\" content=\"image\/jpeg\" \/>\n<meta name=\"author\" content=\"Redacci\u00f3n QP\" \/>\n<meta name=\"twitter:card\" content=\"summary_large_image\" \/>\n<meta name=\"twitter:label1\" content=\"Escrito por\" \/>\n\t<meta name=\"twitter:data1\" content=\"Redacci\u00f3n QP\" \/>\n\t<meta name=\"twitter:label2\" content=\"Tiempo de lectura\" \/>\n\t<meta name=\"twitter:data2\" content=\"3 minutos\" \/>\n<script type=\"application\/ld+json\" class=\"yoast-schema-graph\">{\"@context\":\"https:\\\/\\\/schema.org\",\"@graph\":[{\"@type\":\"Article\",\"@id\":\"https:\\\/\\\/quehacerpolitico.mx\\\/?p=111085#article\",\"isPartOf\":{\"@id\":\"https:\\\/\\\/quehacerpolitico.mx\\\/?p=111085\"},\"author\":{\"name\":\"Redacci\u00f3n QP\",\"@id\":\"https:\\\/\\\/quehacerpolitico.mx\\\/#\\\/schema\\\/person\\\/496d8ad2d1d3f8036101dca7ee39e585\"},\"headline\":\"Sheinbaum propone fecha conmemorativa para victoria de L\u00f3pez Obrador\",\"datePublished\":\"2024-07-02T00:33:10+00:00\",\"dateModified\":\"2024-07-02T00:33:12+00:00\",\"mainEntityOfPage\":{\"@id\":\"https:\\\/\\\/quehacerpolitico.mx\\\/?p=111085\"},\"wordCount\":522,\"commentCount\":0,\"image\":{\"@id\":\"https:\\\/\\\/quehacerpolitico.mx\\\/?p=111085#primaryimage\"},\"thumbnailUrl\":\"https:\\\/\\\/quehacerpolitico.mx\\\/wp-content\\\/uploads\\\/2024\\\/07\\\/IMG_6516.jpeg\",\"articleSection\":[\"Noticias\"],\"inLanguage\":\"es\",\"potentialAction\":[{\"@type\":\"CommentAction\",\"name\":\"Comment\",\"target\":[\"https:\\\/\\\/quehacerpolitico.mx\\\/?p=111085#respond\"]}]},{\"@type\":\"WebPage\",\"@id\":\"https:\\\/\\\/quehacerpolitico.mx\\\/?p=111085\",\"url\":\"https:\\\/\\\/quehacerpolitico.mx\\\/?p=111085\",\"name\":\"Sheinbaum propone fecha conmemorativa para victoria de L\u00f3pez Obrador -\",\"isPartOf\":{\"@id\":\"https:\\\/\\\/quehacerpolitico.mx\\\/#website\"},\"primaryImageOfPage\":{\"@id\":\"https:\\\/\\\/quehacerpolitico.mx\\\/?p=111085#primaryimage\"},\"image\":{\"@id\":\"https:\\\/\\\/quehacerpolitico.mx\\\/?p=111085#primaryimage\"},\"thumbnailUrl\":\"https:\\\/\\\/quehacerpolitico.mx\\\/wp-content\\\/uploads\\\/2024\\\/07\\\/IMG_6516.jpeg\",\"datePublished\":\"2024-07-02T00:33:10+00:00\",\"dateModified\":\"2024-07-02T00:33:12+00:00\",\"author\":{\"@id\":\"https:\\\/\\\/quehacerpolitico.mx\\\/#\\\/schema\\\/person\\\/496d8ad2d1d3f8036101dca7ee39e585\"},\"breadcrumb\":{\"@id\":\"https:\\\/\\\/quehacerpolitico.mx\\\/?p=111085#breadcrumb\"},\"inLanguage\":\"es\",\"potentialAction\":[{\"@type\":\"ReadAction\",\"target\":[\"https:\\\/\\\/quehacerpolitico.mx\\\/?p=111085\"]}]},{\"@type\":\"ImageObject\",\"inLanguage\":\"es\",\"@id\":\"https:\\\/\\\/quehacerpolitico.mx\\\/?p=111085#primaryimage\",\"url\":\"https:\\\/\\\/quehacerpolitico.mx\\\/wp-content\\\/uploads\\\/2024\\\/07\\\/IMG_6516.jpeg\",\"contentUrl\":\"https:\\\/\\\/quehacerpolitico.mx\\\/wp-content\\\/uploads\\\/2024\\\/07\\\/IMG_6516.jpeg\",\"width\":2048,\"height\":1366},{\"@type\":\"BreadcrumbList\",\"@id\":\"https:\\\/\\\/quehacerpolitico.mx\\\/?p=111085#breadcrumb\",\"itemListElement\":[{\"@type\":\"ListItem\",\"position\":1,\"name\":\"Inicio\",\"item\":\"https:\\\/\\\/quehacerpolitico.mx\\\/\"},{\"@type\":\"ListItem\",\"position\":2,\"name\":\"Sheinbaum propone fecha conmemorativa para victoria de L\u00f3pez Obrador\"}]},{\"@type\":\"WebSite\",\"@id\":\"https:\\\/\\\/quehacerpolitico.mx\\\/#website\",\"url\":\"https:\\\/\\\/quehacerpolitico.mx\\\/\",\"name\":\"\",\"description\":\"\",\"potentialAction\":[{\"@type\":\"SearchAction\",\"target\":{\"@type\":\"EntryPoint\",\"urlTemplate\":\"https:\\\/\\\/quehacerpolitico.mx\\\/?s={search_term_string}\"},\"query-input\":{\"@type\":\"PropertyValueSpecification\",\"valueRequired\":true,\"valueName\":\"search_term_string\"}}],\"inLanguage\":\"es\"},{\"@type\":\"Person\",\"@id\":\"https:\\\/\\\/quehacerpolitico.mx\\\/#\\\/schema\\\/person\\\/496d8ad2d1d3f8036101dca7ee39e585\",\"name\":\"Redacci\u00f3n QP\",\"image\":{\"@type\":\"ImageObject\",\"inLanguage\":\"es\",\"@id\":\"https:\\\/\\\/secure.gravatar.com\\\/avatar\\\/c7164ed6fdec453195284ad24a5ae5b6e1eed2b848477fa2a4787ba9adf39a41?s=96&d=mm&r=g\",\"url\":\"https:\\\/\\\/secure.gravatar.com\\\/avatar\\\/c7164ed6fdec453195284ad24a5ae5b6e1eed2b848477fa2a4787ba9adf39a41?s=96&d=mm&r=g\",\"contentUrl\":\"https:\\\/\\\/secure.gravatar.com\\\/avatar\\\/c7164ed6fdec453195284ad24a5ae5b6e1eed2b848477fa2a4787ba9adf39a41?s=96&d=mm&r=g\",\"caption\":\"Redacci\u00f3n QP\"},\"url\":\"https:\\\/\\\/quehacerpolitico.mx\\\/?author=2\"}]}<\/script>\n<!-- \/ Yoast SEO plugin. -->","yoast_head_json":{"title":"Sheinbaum propone fecha conmemorativa para victoria de L\u00f3pez Obrador -","robots":{"index":"index","follow":"follow","max-snippet":"max-snippet:-1","max-image-preview":"max-image-preview:large","max-video-preview":"max-video-preview:-1"},"canonical":"https:\/\/quehacerpolitico.mx\/?p=111085","og_locale":"es_MX","og_type":"article","og_title":"Sheinbaum propone fecha conmemorativa para victoria de L\u00f3pez Obrador -","og_description":"Por Redacci\u00f3n QP En el margen del sexto aniversario en la presidencia de L\u00f3pez Obrador,...","og_url":"https:\/\/quehacerpolitico.mx\/?p=111085","article_published_time":"2024-07-02T00:33:10+00:00","article_modified_time":"2024-07-02T00:33:12+00:00","og_image":[{"width":2048,"height":1366,"url":"https:\/\/quehacerpolitico.mx\/wp-content\/uploads\/2024\/07\/IMG_6516.jpeg","type":"image\/jpeg"}],"author":"Redacci\u00f3n QP","twitter_card":"summary_large_image","twitter_misc":{"Escrito por":"Redacci\u00f3n QP","Tiempo de lectura":"3 minutos"},"schema":{"@context":"https:\/\/schema.org","@graph":[{"@type":"Article","@id":"https:\/\/quehacerpolitico.mx\/?p=111085#article","isPartOf":{"@id":"https:\/\/quehacerpolitico.mx\/?p=111085"},"author":{"name":"Redacci\u00f3n QP","@id":"https:\/\/quehacerpolitico.mx\/#\/schema\/person\/496d8ad2d1d3f8036101dca7ee39e585"},"headline":"Sheinbaum propone fecha conmemorativa para victoria de L\u00f3pez Obrador","datePublished":"2024-07-02T00:33:10+00:00","dateModified":"2024-07-02T00:33:12+00:00","mainEntityOfPage":{"@id":"https:\/\/quehacerpolitico.mx\/?p=111085"},"wordCount":522,"commentCount":0,"image":{"@id":"https:\/\/quehacerpolitico.mx\/?p=111085#primaryimage"},"thumbnailUrl":"https:\/\/quehacerpolitico.mx\/wp-content\/uploads\/2024\/07\/IMG_6516.jpeg","articleSection":["Noticias"],"inLanguage":"es","potentialAction":[{"@type":"CommentAction","name":"Comment","target":["https:\/\/quehacerpolitico.mx\/?p=111085#respond"]}]},{"@type":"WebPage","@id":"https:\/\/quehacerpolitico.mx\/?p=111085","url":"https:\/\/quehacerpolitico.mx\/?p=111085","name":"Sheinbaum propone fecha conmemorativa para victoria de L\u00f3pez Obrador -","isPartOf":{"@id":"https:\/\/quehacerpolitico.mx\/#website"},"primaryImageOfPage":{"@id":"https:\/\/quehacerpolitico.mx\/?p=111085#primaryimage"},"image":{"@id":"https:\/\/quehacerpolitico.mx\/?p=111085#primaryimage"},"thumbnailUrl":"https:\/\/quehacerpolitico.mx\/wp-content\/uploads\/2024\/07\/IMG_6516.jpeg","datePublished":"2024-07-02T00:33:10+00:00","dateModified":"2024-07-02T00:33:12+00:00","author":{"@id":"https:\/\/quehacerpolitico.mx\/#\/schema\/person\/496d8ad2d1d3f8036101dca7ee39e585"},"breadcrumb":{"@id":"https:\/\/quehacerpolitico.mx\/?p=111085#breadcrumb"},"inLanguage":"es","potentialAction":[{"@type":"ReadAction","target":["https:\/\/quehacerpolitico.mx\/?p=111085"]}]},{"@type":"ImageObject","inLanguage":"es","@id":"https:\/\/quehacerpolitico.mx\/?p=111085#primaryimage","url":"https:\/\/quehacerpolitico.mx\/wp-content\/uploads\/2024\/07\/IMG_6516.jpeg","contentUrl":"https:\/\/quehacerpolitico.mx\/wp-content\/uploads\/2024\/07\/IMG_6516.jpeg","width":2048,"height":1366},{"@type":"BreadcrumbList","@id":"https:\/\/quehacerpolitico.mx\/?p=111085#breadcrumb","itemListElement":[{"@type":"ListItem","position":1,"name":"Inicio","item":"https:\/\/quehacerpolitico.mx\/"},{"@type":"ListItem","position":2,"name":"Sheinbaum propone fecha conmemorativa para victoria de L\u00f3pez Obrador"}]},{"@type":"WebSite","@id":"https:\/\/quehacerpolitico.mx\/#website","url":"https:\/\/quehacerpolitico.mx\/","name":"","description":"","potentialAction":[{"@type":"SearchAction","target":{"@type":"EntryPoint","urlTemplate":"https:\/\/quehacerpolitico.mx\/?s={search_term_string}"},"query-input":{"@type":"PropertyValueSpecification","valueRequired":true,"valueName":"search_term_string"}}],"inLanguage":"es"},{"@type":"Person","@id":"https:\/\/quehacerpolitico.mx\/#\/schema\/person\/496d8ad2d1d3f8036101dca7ee39e585","name":"Redacci\u00f3n QP","image":{"@type":"ImageObject","inLanguage":"es","@id":"https:\/\/secure.gravatar.com\/avatar\/c7164ed6fdec453195284ad24a5ae5b6e1eed2b848477fa2a4787ba9adf39a41?s=96&d=mm&r=g","url":"https:\/\/secure.gravatar.com\/avatar\/c7164ed6fdec453195284ad24a5ae5b6e1eed2b848477fa2a4787ba9adf39a41?s=96&d=mm&r=g","contentUrl":"https:\/\/secure.gravatar.com\/avatar\/c7164ed6fdec453195284ad24a5ae5b6e1eed2b848477fa2a4787ba9adf39a41?s=96&d=mm&r=g","caption":"Redacci\u00f3n QP"},"url":"https:\/\/quehacerpolitico.mx\/?author=2"}]}},"featured_image_urls":{"full":["https:\/\/quehacerpolitico.mx\/wp-content\/uploads\/2024\/07\/IMG_6516.jpeg",2048,1366,false],"thumbnail":["https:\/\/quehacerpolitico.mx\/wp-content\/uploads\/2024\/07\/IMG_6516-150x150.jpeg",150,150,true],"medium":["https:\/\/quehacerpolitico.mx\/wp-content\/uploads\/2024\/07\/IMG_6516-300x200.jpeg",300,200,true],"medium_large":["https:\/\/quehacerpolitico.mx\/wp-content\/uploads\/2024\/07\/IMG_6516-768x512.jpeg",640,427,true],"large":["https:\/\/quehacerpolitico.mx\/wp-content\/uploads\/2024\/07\/IMG_6516-1024x683.jpeg",640,427,true],"1536x1536":["https:\/\/quehacerpolitico.mx\/wp-content\/uploads\/2024\/07\/IMG_6516-1536x1025.jpeg",1536,1025,true],"2048x2048":["https:\/\/quehacerpolitico.mx\/wp-content\/uploads\/2024\/07\/IMG_6516.jpeg",2048,1366,false],"covernews-featured":["https:\/\/quehacerpolitico.mx\/wp-content\/uploads\/2024\/07\/IMG_6516.jpeg",1024,683,false],"covernews-medium":["https:\/\/quehacerpolitico.mx\/wp-content\/uploads\/2024\/07\/IMG_6516.jpeg",510,340,false]},"author_info":{"display_name":"Redacci\u00f3n QP","author_link":"https:\/\/quehacerpolitico.mx\/?author=2"},"category_info":"<a href=\"https:\/\/quehacerpolitico.mx\/?cat=2\" rel=\"category\">Noticias<\/a>","tag_info":"Noticias","comment_count":"0","_links":{"self":[{"href":"https:\/\/quehacerpolitico.mx\/index.php?rest_route=\/wp\/v2\/posts\/111085","targetHints":{"allow":["GET"]}}],"collection":[{"href":"https:\/\/quehacerpolitico.mx\/index.php?rest_route=\/wp\/v2\/posts"}],"about":[{"href":"https:\/\/quehacerpolitico.mx\/index.php?rest_route=\/wp\/v2\/types\/post"}],"author":[{"embeddable":true,"href":"https:\/\/quehacerpolitico.mx\/index.php?rest_route=\/wp\/v2\/users\/2"}],"replies":[{"embeddable":true,"href":"https:\/\/quehacerpolitico.mx\/index.php?rest_route=%2Fwp%2Fv2%2Fcomments&post=111085"}],"version-history":[{"count":1,"href":"https:\/\/quehacerpolitico.mx\/index.php?rest_route=\/wp\/v2\/posts\/111085\/revisions"}],"predecessor-version":[{"id":111087,"href":"https:\/\/quehacerpolitico.mx\/index.php?rest_route=\/wp\/v2\/posts\/111085\/revisions\/111087"}],"wp:featuredmedia":[{"embeddable":true,"href":"https:\/\/quehacerpolitico.mx\/index.php?rest_route=\/wp\/v2\/media\/111086"}],"wp:attachment":[{"href":"https:\/\/quehacerpolitico.mx\/index.php?rest_route=%2Fwp%2Fv2%2Fmedia&parent=111085"}],"wp:term":[{"taxonomy":"category","embeddable":true,"href":"https:\/\/quehacerpolitico.mx\/index.php?rest_route=%2Fwp%2Fv2%2Fcategories&post=111085"},{"taxonomy":"post_tag","embeddable":true,"href":"https:\/\/quehacerpolitico.mx\/index.php?rest_route=%2Fwp%2Fv2%2Ftags&post=111085"}],"curies":[{"name":"wp","href":"https:\/\/api.w.org\/{rel}","templated":true}]}}