{"id":111057,"date":"2024-07-01T18:39:57","date_gmt":"2024-07-01T18:39:57","guid":{"rendered":"https:\/\/quehacerpolitico.mx\/?p=111057"},"modified":"2024-07-01T18:40:00","modified_gmt":"2024-07-01T18:40:00","slug":"el-quehacer-politico-a-traves-de-la-opinion-israel-aram-guerrero-la-politica-publica-despues-del-2-de-junio","status":"publish","type":"post","link":"https:\/\/quehacerpolitico.mx\/?p=111057","title":{"rendered":"El Quehacer Pol\u00edtico a trav\u00e9s de la Opini\u00f3n\/\/\/Israel Aram Guerrero\/\/\/La\u00a0pol\u00edtica p\u00fablica\u00a0despu\u00e9s del 2 de junio"},"content":{"rendered":"\n<p>Por Israel Aram Guerrero<\/p>\n\n\n\n<p>Analista<\/p>\n\n\n\n<p><em><br>Ojal\u00e1 llegue el d\u00eda en que \u201cnosotros\u201d seamos todos.<\/em><\/p>\n\n\n\n<p>A un mes de los resultados electorales de uno de los procesos m\u00e1s significativos vividos en nuestro pa\u00eds, nos toca mirar hacia adelante.<\/p>\n\n\n\n<p>El pa\u00eds no es otro, pero es diferente. Su gente ha cambiado, pero sus sue\u00f1os no. Se han cubierto muchas necesidades, pero han surgido nuevos retos.<\/p>\n\n\n\n<p>Nunca antes las pol\u00edticas p\u00fablicas de un Estado&nbsp;dependieron tanto de&nbsp;un calendario electoral.&nbsp;Por un lado, se dijo que se eliminar\u00edan los programas sociales, por el otro que era obvio que ten\u00edan que continuar, pero eso no deber\u00eda&nbsp;ni debi\u00f3&nbsp;ser el debate, la pol\u00edtica p\u00fablica hoy debe abordar cu\u00e1l y c\u00f3mo debe darse la mejor implementaci\u00f3n, debe involucrarse de lleno a la ciudadan\u00eda que conf\u00edo poder y representaci\u00f3n a los gobernantes y congresistas electos.&nbsp;No quisi\u00e9ramos, por ejemplo, que las decisiones de contrataci\u00f3n de funcionarios se&nbsp;dieran bajo un apoyo directo o indirecto&nbsp;a unas elecciones,&nbsp;no en un marco de opacidad,&nbsp;tampoco que el gasto en obras p\u00fablicas se decida de acuerdo con ese&nbsp;resultado, ni que las decisiones dif\u00edciles se aplacen&nbsp;pasadas las&nbsp;elecciones.&nbsp;Tratando de evitar el uso electoral de los recursos y las decisiones p\u00fablicas, tenemos dise\u00f1os institucionales&nbsp;fuertes y&nbsp;hacemos Estado.<\/p>\n\n\n\n<p>A pesar de&nbsp;que cada quien tiene simpat\u00edas, grupos o incluso animadversiones se deben&nbsp;evitar en las decisiones de las pol\u00edticas p\u00fablicas,&nbsp;pues estas atienden las mayores necesidades con las mejores soluciones, en ellas transcurre y converge lo t\u00e9cnico con lo social, eso es lo que sigue, no se puede vivir en el pasado y tampoco en el futuro, un presente lleno de retos y de voluntades es lo que tenemos.<\/p>\n\n\n\n<p>Tal vez&nbsp;el&nbsp;acto de mayor desfachatez reciente en&nbsp;algunos grupos opositores ha sido cuestionar la democracia que&nbsp;desmorona peri\u00f3dicamente el poder en votos para rehacerlo&nbsp;y&nbsp;que es tan impredecible como inevitable, en su \u00e1nimo de conservar&nbsp;su poder al servicio de&nbsp;intereses&nbsp;propios&nbsp;muchos dirigentes no asumen responsabilidades ni generan nuevos compromisos de acci\u00f3n y de trabajo, el tiempo m\u00e1s temprano que tarde los pondr\u00e1 su sitio.<\/p>\n\n\n\n<p>Los d\u00edas y semanas venideras ser\u00e1n de suma importancia para saber que viene&nbsp;en el nuevo gobierno, se dar\u00e1 una transici\u00f3n como no hemos visto pues tendr\u00e1 como base los mismos programas, las mismas&nbsp;pol\u00edticas,&nbsp;pero nuevos actores, con m\u00e1s fuerza, con m\u00e1s experiencia y tambi\u00e9n con mayores compromisos, todo eso conlleva una expectativa para la mayor\u00eda y para otros una decepci\u00f3n, la responsabilidad es alt\u00edsima.<\/p>\n\n\n\n<p>Otro frente en&nbsp;el que se est\u00e1n<a><\/a>&nbsp;tomando decisiones en funci\u00f3n del resultado es el plano legislativo y de paso el ajuste o reajuste del Poder Judicial,&nbsp;como sociedad&nbsp;la discusi\u00f3n es bienvenida, ese c\u00e1lculo cortoplacista&nbsp;de algunos&nbsp;tiene un enorme costo, y tampoco podemos apostar a buenas voluntades que se recojan en una lucha encarnizada por el voto&nbsp;en las callespara llegar al juzgado, pongamos el di\u00e1logo de por medio, seguro as\u00ed encontremos una&nbsp;verdad&nbsp;juntos y que alcance para que pensemos en un nosotros como pa\u00eds y no en un ellos como gobierno.<\/p>\n\n\n\n<p><strong>#<\/strong><strong>SePuede<\/strong><strong>&nbsp;y #<\/strong><strong>SeDebe<\/strong><\/p>\n\n\n\n<p><strong>Israel Aram Guerrero&nbsp;<\/strong><\/p>\n\n\n\n<p><strong>Tw: @<\/strong><strong>israel_aram<\/strong><\/p>\n","protected":false},"excerpt":{"rendered":"<p>Por Israel Aram Guerrero Analista Ojal\u00e1 llegue el d\u00eda en que \u201cnosotros\u201d seamos todos. A&#8230;<\/p>\n","protected":false},"author":2,"featured_media":111058,"comment_status":"open","ping_status":"open","sticky":false,"template":"","format":"standard","meta":{"_monsterinsights_skip_tracking":false,"_monsterinsights_sitenote_active":false,"_monsterinsights_sitenote_note":"","_monsterinsights_sitenote_category":0,"footnotes":""},"categories":[2],"tags":[],"class_list":["post-111057","post","type-post","status-publish","format-standard","has-post-thumbnail","hentry","category-noticias"],"yoast_head":"<!-- This site is optimized with the Yoast SEO plugin v27.3 - https:\/\/yoast.com\/product\/yoast-seo-wordpress\/ -->\n<title>El Quehacer Pol\u00edtico a trav\u00e9s de la Opini\u00f3n\/\/\/Israel Aram Guerrero\/\/\/La\u00a0pol\u00edtica p\u00fablica\u00a0despu\u00e9s del 2 de junio -<\/title>\n<meta name=\"robots\" content=\"index, follow, max-snippet:-1, max-image-preview:large, max-video-preview:-1\" \/>\n<link rel=\"canonical\" href=\"https:\/\/quehacerpolitico.mx\/?p=111057\" \/>\n<meta property=\"og:locale\" content=\"es_MX\" \/>\n<meta property=\"og:type\" content=\"article\" \/>\n<meta property=\"og:title\" content=\"El Quehacer Pol\u00edtico a trav\u00e9s de la Opini\u00f3n\/\/\/Israel Aram Guerrero\/\/\/La\u00a0pol\u00edtica p\u00fablica\u00a0despu\u00e9s del 2 de junio -\" \/>\n<meta property=\"og:description\" content=\"Por Israel Aram Guerrero Analista Ojal\u00e1 llegue el d\u00eda en que \u201cnosotros\u201d seamos todos. A...\" \/>\n<meta property=\"og:url\" content=\"https:\/\/quehacerpolitico.mx\/?p=111057\" \/>\n<meta property=\"article:published_time\" content=\"2024-07-01T18:39:57+00:00\" \/>\n<meta property=\"article:modified_time\" content=\"2024-07-01T18:40:00+00:00\" \/>\n<meta property=\"og:image\" content=\"https:\/\/quehacerpolitico.mx\/wp-content\/uploads\/2024\/07\/c4411319-bfd6-47d2-ad49-f0d54a87f4d7.jpeg\" \/>\n\t<meta property=\"og:image:width\" content=\"963\" \/>\n\t<meta property=\"og:image:height\" content=\"493\" \/>\n\t<meta property=\"og:image:type\" content=\"image\/jpeg\" \/>\n<meta name=\"author\" content=\"Redacci\u00f3n QP\" \/>\n<meta name=\"twitter:card\" content=\"summary_large_image\" \/>\n<meta name=\"twitter:label1\" content=\"Escrito por\" \/>\n\t<meta name=\"twitter:data1\" content=\"Redacci\u00f3n QP\" \/>\n\t<meta name=\"twitter:label2\" content=\"Tiempo de lectura\" \/>\n\t<meta name=\"twitter:data2\" content=\"3 minutos\" \/>\n<script type=\"application\/ld+json\" class=\"yoast-schema-graph\">{\"@context\":\"https:\\\/\\\/schema.org\",\"@graph\":[{\"@type\":\"Article\",\"@id\":\"https:\\\/\\\/quehacerpolitico.mx\\\/?p=111057#article\",\"isPartOf\":{\"@id\":\"https:\\\/\\\/quehacerpolitico.mx\\\/?p=111057\"},\"author\":{\"name\":\"Redacci\u00f3n QP\",\"@id\":\"https:\\\/\\\/quehacerpolitico.mx\\\/#\\\/schema\\\/person\\\/496d8ad2d1d3f8036101dca7ee39e585\"},\"headline\":\"El Quehacer Pol\u00edtico a trav\u00e9s de la Opini\u00f3n\\\/\\\/\\\/Israel Aram Guerrero\\\/\\\/\\\/La\u00a0pol\u00edtica p\u00fablica\u00a0despu\u00e9s del 2 de junio\",\"datePublished\":\"2024-07-01T18:39:57+00:00\",\"dateModified\":\"2024-07-01T18:40:00+00:00\",\"mainEntityOfPage\":{\"@id\":\"https:\\\/\\\/quehacerpolitico.mx\\\/?p=111057\"},\"wordCount\":635,\"commentCount\":0,\"image\":{\"@id\":\"https:\\\/\\\/quehacerpolitico.mx\\\/?p=111057#primaryimage\"},\"thumbnailUrl\":\"https:\\\/\\\/quehacerpolitico.mx\\\/wp-content\\\/uploads\\\/2024\\\/07\\\/c4411319-bfd6-47d2-ad49-f0d54a87f4d7.jpeg\",\"articleSection\":[\"Noticias\"],\"inLanguage\":\"es\",\"potentialAction\":[{\"@type\":\"CommentAction\",\"name\":\"Comment\",\"target\":[\"https:\\\/\\\/quehacerpolitico.mx\\\/?p=111057#respond\"]}]},{\"@type\":\"WebPage\",\"@id\":\"https:\\\/\\\/quehacerpolitico.mx\\\/?p=111057\",\"url\":\"https:\\\/\\\/quehacerpolitico.mx\\\/?p=111057\",\"name\":\"El Quehacer Pol\u00edtico a trav\u00e9s de la Opini\u00f3n\\\/\\\/\\\/Israel Aram Guerrero\\\/\\\/\\\/La\u00a0pol\u00edtica p\u00fablica\u00a0despu\u00e9s del 2 de junio -\",\"isPartOf\":{\"@id\":\"https:\\\/\\\/quehacerpolitico.mx\\\/#website\"},\"primaryImageOfPage\":{\"@id\":\"https:\\\/\\\/quehacerpolitico.mx\\\/?p=111057#primaryimage\"},\"image\":{\"@id\":\"https:\\\/\\\/quehacerpolitico.mx\\\/?p=111057#primaryimage\"},\"thumbnailUrl\":\"https:\\\/\\\/quehacerpolitico.mx\\\/wp-content\\\/uploads\\\/2024\\\/07\\\/c4411319-bfd6-47d2-ad49-f0d54a87f4d7.jpeg\",\"datePublished\":\"2024-07-01T18:39:57+00:00\",\"dateModified\":\"2024-07-01T18:40:00+00:00\",\"author\":{\"@id\":\"https:\\\/\\\/quehacerpolitico.mx\\\/#\\\/schema\\\/person\\\/496d8ad2d1d3f8036101dca7ee39e585\"},\"breadcrumb\":{\"@id\":\"https:\\\/\\\/quehacerpolitico.mx\\\/?p=111057#breadcrumb\"},\"inLanguage\":\"es\",\"potentialAction\":[{\"@type\":\"ReadAction\",\"target\":[\"https:\\\/\\\/quehacerpolitico.mx\\\/?p=111057\"]}]},{\"@type\":\"ImageObject\",\"inLanguage\":\"es\",\"@id\":\"https:\\\/\\\/quehacerpolitico.mx\\\/?p=111057#primaryimage\",\"url\":\"https:\\\/\\\/quehacerpolitico.mx\\\/wp-content\\\/uploads\\\/2024\\\/07\\\/c4411319-bfd6-47d2-ad49-f0d54a87f4d7.jpeg\",\"contentUrl\":\"https:\\\/\\\/quehacerpolitico.mx\\\/wp-content\\\/uploads\\\/2024\\\/07\\\/c4411319-bfd6-47d2-ad49-f0d54a87f4d7.jpeg\",\"width\":963,\"height\":493},{\"@type\":\"BreadcrumbList\",\"@id\":\"https:\\\/\\\/quehacerpolitico.mx\\\/?p=111057#breadcrumb\",\"itemListElement\":[{\"@type\":\"ListItem\",\"position\":1,\"name\":\"Inicio\",\"item\":\"https:\\\/\\\/quehacerpolitico.mx\\\/\"},{\"@type\":\"ListItem\",\"position\":2,\"name\":\"El Quehacer Pol\u00edtico a trav\u00e9s de la Opini\u00f3n\\\/\\\/\\\/Israel Aram Guerrero\\\/\\\/\\\/La\u00a0pol\u00edtica p\u00fablica\u00a0despu\u00e9s del 2 de junio\"}]},{\"@type\":\"WebSite\",\"@id\":\"https:\\\/\\\/quehacerpolitico.mx\\\/#website\",\"url\":\"https:\\\/\\\/quehacerpolitico.mx\\\/\",\"name\":\"\",\"description\":\"\",\"potentialAction\":[{\"@type\":\"SearchAction\",\"target\":{\"@type\":\"EntryPoint\",\"urlTemplate\":\"https:\\\/\\\/quehacerpolitico.mx\\\/?s={search_term_string}\"},\"query-input\":{\"@type\":\"PropertyValueSpecification\",\"valueRequired\":true,\"valueName\":\"search_term_string\"}}],\"inLanguage\":\"es\"},{\"@type\":\"Person\",\"@id\":\"https:\\\/\\\/quehacerpolitico.mx\\\/#\\\/schema\\\/person\\\/496d8ad2d1d3f8036101dca7ee39e585\",\"name\":\"Redacci\u00f3n QP\",\"image\":{\"@type\":\"ImageObject\",\"inLanguage\":\"es\",\"@id\":\"https:\\\/\\\/secure.gravatar.com\\\/avatar\\\/c7164ed6fdec453195284ad24a5ae5b6e1eed2b848477fa2a4787ba9adf39a41?s=96&d=mm&r=g\",\"url\":\"https:\\\/\\\/secure.gravatar.com\\\/avatar\\\/c7164ed6fdec453195284ad24a5ae5b6e1eed2b848477fa2a4787ba9adf39a41?s=96&d=mm&r=g\",\"contentUrl\":\"https:\\\/\\\/secure.gravatar.com\\\/avatar\\\/c7164ed6fdec453195284ad24a5ae5b6e1eed2b848477fa2a4787ba9adf39a41?s=96&d=mm&r=g\",\"caption\":\"Redacci\u00f3n QP\"},\"url\":\"https:\\\/\\\/quehacerpolitico.mx\\\/?author=2\"}]}<\/script>\n<!-- \/ Yoast SEO plugin. -->","yoast_head_json":{"title":"El Quehacer Pol\u00edtico a trav\u00e9s de la Opini\u00f3n\/\/\/Israel Aram Guerrero\/\/\/La\u00a0pol\u00edtica p\u00fablica\u00a0despu\u00e9s del 2 de junio -","robots":{"index":"index","follow":"follow","max-snippet":"max-snippet:-1","max-image-preview":"max-image-preview:large","max-video-preview":"max-video-preview:-1"},"canonical":"https:\/\/quehacerpolitico.mx\/?p=111057","og_locale":"es_MX","og_type":"article","og_title":"El Quehacer Pol\u00edtico a trav\u00e9s de la Opini\u00f3n\/\/\/Israel Aram Guerrero\/\/\/La\u00a0pol\u00edtica p\u00fablica\u00a0despu\u00e9s del 2 de junio -","og_description":"Por Israel Aram Guerrero Analista Ojal\u00e1 llegue el d\u00eda en que \u201cnosotros\u201d seamos todos. A...","og_url":"https:\/\/quehacerpolitico.mx\/?p=111057","article_published_time":"2024-07-01T18:39:57+00:00","article_modified_time":"2024-07-01T18:40:00+00:00","og_image":[{"width":963,"height":493,"url":"https:\/\/quehacerpolitico.mx\/wp-content\/uploads\/2024\/07\/c4411319-bfd6-47d2-ad49-f0d54a87f4d7.jpeg","type":"image\/jpeg"}],"author":"Redacci\u00f3n QP","twitter_card":"summary_large_image","twitter_misc":{"Escrito por":"Redacci\u00f3n QP","Tiempo de lectura":"3 minutos"},"schema":{"@context":"https:\/\/schema.org","@graph":[{"@type":"Article","@id":"https:\/\/quehacerpolitico.mx\/?p=111057#article","isPartOf":{"@id":"https:\/\/quehacerpolitico.mx\/?p=111057"},"author":{"name":"Redacci\u00f3n QP","@id":"https:\/\/quehacerpolitico.mx\/#\/schema\/person\/496d8ad2d1d3f8036101dca7ee39e585"},"headline":"El Quehacer Pol\u00edtico a trav\u00e9s de la Opini\u00f3n\/\/\/Israel Aram Guerrero\/\/\/La\u00a0pol\u00edtica p\u00fablica\u00a0despu\u00e9s del 2 de junio","datePublished":"2024-07-01T18:39:57+00:00","dateModified":"2024-07-01T18:40:00+00:00","mainEntityOfPage":{"@id":"https:\/\/quehacerpolitico.mx\/?p=111057"},"wordCount":635,"commentCount":0,"image":{"@id":"https:\/\/quehacerpolitico.mx\/?p=111057#primaryimage"},"thumbnailUrl":"https:\/\/quehacerpolitico.mx\/wp-content\/uploads\/2024\/07\/c4411319-bfd6-47d2-ad49-f0d54a87f4d7.jpeg","articleSection":["Noticias"],"inLanguage":"es","potentialAction":[{"@type":"CommentAction","name":"Comment","target":["https:\/\/quehacerpolitico.mx\/?p=111057#respond"]}]},{"@type":"WebPage","@id":"https:\/\/quehacerpolitico.mx\/?p=111057","url":"https:\/\/quehacerpolitico.mx\/?p=111057","name":"El Quehacer Pol\u00edtico a trav\u00e9s de la Opini\u00f3n\/\/\/Israel Aram Guerrero\/\/\/La\u00a0pol\u00edtica p\u00fablica\u00a0despu\u00e9s del 2 de junio -","isPartOf":{"@id":"https:\/\/quehacerpolitico.mx\/#website"},"primaryImageOfPage":{"@id":"https:\/\/quehacerpolitico.mx\/?p=111057#primaryimage"},"image":{"@id":"https:\/\/quehacerpolitico.mx\/?p=111057#primaryimage"},"thumbnailUrl":"https:\/\/quehacerpolitico.mx\/wp-content\/uploads\/2024\/07\/c4411319-bfd6-47d2-ad49-f0d54a87f4d7.jpeg","datePublished":"2024-07-01T18:39:57+00:00","dateModified":"2024-07-01T18:40:00+00:00","author":{"@id":"https:\/\/quehacerpolitico.mx\/#\/schema\/person\/496d8ad2d1d3f8036101dca7ee39e585"},"breadcrumb":{"@id":"https:\/\/quehacerpolitico.mx\/?p=111057#breadcrumb"},"inLanguage":"es","potentialAction":[{"@type":"ReadAction","target":["https:\/\/quehacerpolitico.mx\/?p=111057"]}]},{"@type":"ImageObject","inLanguage":"es","@id":"https:\/\/quehacerpolitico.mx\/?p=111057#primaryimage","url":"https:\/\/quehacerpolitico.mx\/wp-content\/uploads\/2024\/07\/c4411319-bfd6-47d2-ad49-f0d54a87f4d7.jpeg","contentUrl":"https:\/\/quehacerpolitico.mx\/wp-content\/uploads\/2024\/07\/c4411319-bfd6-47d2-ad49-f0d54a87f4d7.jpeg","width":963,"height":493},{"@type":"BreadcrumbList","@id":"https:\/\/quehacerpolitico.mx\/?p=111057#breadcrumb","itemListElement":[{"@type":"ListItem","position":1,"name":"Inicio","item":"https:\/\/quehacerpolitico.mx\/"},{"@type":"ListItem","position":2,"name":"El Quehacer Pol\u00edtico a trav\u00e9s de la Opini\u00f3n\/\/\/Israel Aram Guerrero\/\/\/La\u00a0pol\u00edtica p\u00fablica\u00a0despu\u00e9s del 2 de junio"}]},{"@type":"WebSite","@id":"https:\/\/quehacerpolitico.mx\/#website","url":"https:\/\/quehacerpolitico.mx\/","name":"","description":"","potentialAction":[{"@type":"SearchAction","target":{"@type":"EntryPoint","urlTemplate":"https:\/\/quehacerpolitico.mx\/?s={search_term_string}"},"query-input":{"@type":"PropertyValueSpecification","valueRequired":true,"valueName":"search_term_string"}}],"inLanguage":"es"},{"@type":"Person","@id":"https:\/\/quehacerpolitico.mx\/#\/schema\/person\/496d8ad2d1d3f8036101dca7ee39e585","name":"Redacci\u00f3n QP","image":{"@type":"ImageObject","inLanguage":"es","@id":"https:\/\/secure.gravatar.com\/avatar\/c7164ed6fdec453195284ad24a5ae5b6e1eed2b848477fa2a4787ba9adf39a41?s=96&d=mm&r=g","url":"https:\/\/secure.gravatar.com\/avatar\/c7164ed6fdec453195284ad24a5ae5b6e1eed2b848477fa2a4787ba9adf39a41?s=96&d=mm&r=g","contentUrl":"https:\/\/secure.gravatar.com\/avatar\/c7164ed6fdec453195284ad24a5ae5b6e1eed2b848477fa2a4787ba9adf39a41?s=96&d=mm&r=g","caption":"Redacci\u00f3n QP"},"url":"https:\/\/quehacerpolitico.mx\/?author=2"}]}},"featured_image_urls":{"full":["https:\/\/quehacerpolitico.mx\/wp-content\/uploads\/2024\/07\/c4411319-bfd6-47d2-ad49-f0d54a87f4d7.jpeg",963,493,false],"thumbnail":["https:\/\/quehacerpolitico.mx\/wp-content\/uploads\/2024\/07\/c4411319-bfd6-47d2-ad49-f0d54a87f4d7-150x150.jpeg",150,150,true],"medium":["https:\/\/quehacerpolitico.mx\/wp-content\/uploads\/2024\/07\/c4411319-bfd6-47d2-ad49-f0d54a87f4d7-300x154.jpeg",300,154,true],"medium_large":["https:\/\/quehacerpolitico.mx\/wp-content\/uploads\/2024\/07\/c4411319-bfd6-47d2-ad49-f0d54a87f4d7-768x393.jpeg",640,328,true],"large":["https:\/\/quehacerpolitico.mx\/wp-content\/uploads\/2024\/07\/c4411319-bfd6-47d2-ad49-f0d54a87f4d7.jpeg",640,328,false],"1536x1536":["https:\/\/quehacerpolitico.mx\/wp-content\/uploads\/2024\/07\/c4411319-bfd6-47d2-ad49-f0d54a87f4d7.jpeg",963,493,false],"2048x2048":["https:\/\/quehacerpolitico.mx\/wp-content\/uploads\/2024\/07\/c4411319-bfd6-47d2-ad49-f0d54a87f4d7.jpeg",963,493,false],"covernews-featured":["https:\/\/quehacerpolitico.mx\/wp-content\/uploads\/2024\/07\/c4411319-bfd6-47d2-ad49-f0d54a87f4d7.jpeg",963,493,false],"covernews-medium":["https:\/\/quehacerpolitico.mx\/wp-content\/uploads\/2024\/07\/c4411319-bfd6-47d2-ad49-f0d54a87f4d7.jpeg",540,276,false]},"author_info":{"display_name":"Redacci\u00f3n QP","author_link":"https:\/\/quehacerpolitico.mx\/?author=2"},"category_info":"<a href=\"https:\/\/quehacerpolitico.mx\/?cat=2\" rel=\"category\">Noticias<\/a>","tag_info":"Noticias","comment_count":"0","_links":{"self":[{"href":"https:\/\/quehacerpolitico.mx\/index.php?rest_route=\/wp\/v2\/posts\/111057","targetHints":{"allow":["GET"]}}],"collection":[{"href":"https:\/\/quehacerpolitico.mx\/index.php?rest_route=\/wp\/v2\/posts"}],"about":[{"href":"https:\/\/quehacerpolitico.mx\/index.php?rest_route=\/wp\/v2\/types\/post"}],"author":[{"embeddable":true,"href":"https:\/\/quehacerpolitico.mx\/index.php?rest_route=\/wp\/v2\/users\/2"}],"replies":[{"embeddable":true,"href":"https:\/\/quehacerpolitico.mx\/index.php?rest_route=%2Fwp%2Fv2%2Fcomments&post=111057"}],"version-history":[{"count":1,"href":"https:\/\/quehacerpolitico.mx\/index.php?rest_route=\/wp\/v2\/posts\/111057\/revisions"}],"predecessor-version":[{"id":111059,"href":"https:\/\/quehacerpolitico.mx\/index.php?rest_route=\/wp\/v2\/posts\/111057\/revisions\/111059"}],"wp:featuredmedia":[{"embeddable":true,"href":"https:\/\/quehacerpolitico.mx\/index.php?rest_route=\/wp\/v2\/media\/111058"}],"wp:attachment":[{"href":"https:\/\/quehacerpolitico.mx\/index.php?rest_route=%2Fwp%2Fv2%2Fmedia&parent=111057"}],"wp:term":[{"taxonomy":"category","embeddable":true,"href":"https:\/\/quehacerpolitico.mx\/index.php?rest_route=%2Fwp%2Fv2%2Fcategories&post=111057"},{"taxonomy":"post_tag","embeddable":true,"href":"https:\/\/quehacerpolitico.mx\/index.php?rest_route=%2Fwp%2Fv2%2Ftags&post=111057"}],"curies":[{"name":"wp","href":"https:\/\/api.w.org\/{rel}","templated":true}]}}