{"id":111054,"date":"2024-07-01T18:28:52","date_gmt":"2024-07-01T18:28:52","guid":{"rendered":"https:\/\/quehacerpolitico.mx\/?p=111054"},"modified":"2024-07-01T18:28:54","modified_gmt":"2024-07-01T18:28:54","slug":"el-quehacer-politico-internacional-a-traves-carolina-alonso-romei-un-nuevo-frente-en-la-geopolitica-global-la-alianza-rusia-corea-del-norte","status":"publish","type":"post","link":"https:\/\/quehacerpolitico.mx\/?p=111054","title":{"rendered":"El Quehacer Pol\u00edtico Internacional a trav\u00e9s\/\/\/Carolina Alonso Romei\/\/\/Un nuevo frente en la geopol\u00edtica global: la alianza Rusia-Corea del Norte\u00a0"},"content":{"rendered":"\n<p>Por Carolina Alonso Romei<\/p>\n\n\n\n<p>Internacionalista <\/p>\n\n\n\n<p>El pasado 19 de junio, el&nbsp;presidente&nbsp;ruso Vladimir Putin y el l\u00edder de Corea del Norte, Kim Jong-un, revivieron un compromiso de defensa&nbsp;conjunta&nbsp;de&nbsp;los tiempos de&nbsp;la Guerra Fr\u00eda, firmando un nuevo convenio que compromete a sus pa\u00edses a apoyarse de manera mutua en caso de&nbsp;la existencia de&nbsp;una \u00a8agresi\u00f3n\u00a8 contra&nbsp;cualquiera de las dos naciones; que como era de esperar, ha provocado una mayor tensi\u00f3n en el escenario geopol\u00edtico global.&nbsp;<\/p>\n\n\n\n<p>Los mandatarios firmaron un acuerdo de \u00a8asociaci\u00f3n estrat\u00e9gica\u00a8 con una cl\u00e1usula de defensa&nbsp;bilateral&nbsp;en caso de agresi\u00f3n. Este documento permite a ambos Estados poner en marcha mecanismos de \u00a8asistencia&nbsp;rec\u00edproca&nbsp;ante posibles agresiones&nbsp;contra cualquiera de las partes firmantes\u00a8, explic\u00f3 Putin en una rueda de prensa tras el encuentro.&nbsp;El mandatario no aclar\u00f3 si dicha asistencia requerir\u00eda una intervenci\u00f3n militar inmediata y en toda regla en caso de ataque, como especificaba el extinto tratado de 1961. Pero s\u00ed afirm\u00f3 que Rusia no descarta el desarrollo de cooperaci\u00f3n t\u00e9cnico-militar con Corea del Norte de conformidad con el nuevo acuerdo. &nbsp;<\/p>\n\n\n\n<p>Putin, quien realiz\u00f3 su primer&nbsp;viaje a Corea del Norte en 24 a\u00f1os, fue citado en los medios de comunicaci\u00f3n oficiales afirmando que ambas naciones quieren cooperar estrechamente para superar las sanciones lideradas por Estados Unidos y desarrollar activamente su asociaci\u00f3n. Tambi\u00e9n dijo que apreciaba el firme apoyo de Corea del Norte a sus acciones militares en Ucrania.&nbsp;Pyongyang y Mosc\u00fa han aumentado de manera paulatina sus relaciones diplom\u00e1ticas y en materia de seguridad, especialmente a medida que aumenta la tensi\u00f3n en la pen\u00ednsula de Corea y a ra\u00edz de la invasi\u00f3n rusa de Ucrania, la cual comenz\u00f3 en febrero de 2022.<\/p>\n\n\n\n<p>Pero, \u00bfpor qu\u00e9 es tan pol\u00e9mico este nuevo acuerdo?&nbsp;El dirigente ruso justific\u00f3 la necesidad de este nuevo pacto haciendo alusi\u00f3n a las \u00faltimas declaraciones de los l\u00edderes de pa\u00edses miembros de la Organizaci\u00f3n del Tratado del Atl\u00e1ntico Norte&nbsp;(OTAN)&nbsp;sobra la posibilidad de entregar armas a Ucrania y, tambi\u00e9n, avalar el uso de las mismas para atacar objetivos en territorio ruso.En concreto, es el art\u00edculo 5 en donde se estipula que si uno de los miembros de la OTAN sufre un ataque, el resto lo apoyar\u00e1 tomando las medidas que juzguen necesarias, incluyendo, por supuesto, el empleo de la fuerza armada.&nbsp;<\/p>\n\n\n\n<p>Es un principio b\u00e1sico del derecho internacional que los Estados tienen estrictamente prohibido usar la fuerza para resolver conflictos internos o externos. En teor\u00eda, solo puede ser aprobado por el Consejo de Seguridad de las Naciones Unidas, \u00f3rgano que est\u00e1 compuesto&nbsp;de forma permanente por cinco pa\u00edses con grandes diferencias y discrepancias entre ellos: Estados Unidos, China, Alemania, Francia y Rusia, lo que le da derecho a estas naciones para poder vetar cualquier resoluci\u00f3n que se quiera aprobar en el organismo.&nbsp;<\/p>\n\n\n\n<p>Vladimir Putin tambi\u00e9n insisti\u00f3 en \u00a8examinar\u00a8 el r\u00e9gimen de sanciones impuesto por las Naciones Unidas contra Corea del Norte. El presidente ruso asegur\u00f3 que su pa\u00eds&nbsp;sigue dispuesto a continuar realizando esfuerzos pol\u00edticos y diplom\u00e1ticos para contrarrestar la amenaza de una reanudaci\u00f3n del conflicto armado en la pen\u00ednsula de Corea.&nbsp;Putin denunci\u00f3 a Estados Unidos por ampliar su infraestructura militar en la regi\u00f3n y realizar maniobras con Corea del Sur y Jap\u00f3n. Rechaz\u00f3 contundentemente lo que calific\u00f3 de intentos de culpar del deterioro de la situaci\u00f3n de seguridad a Corea del Norte, que ha realizado seis explosiones nucleares de prueba desde 2006 y ensayos bal\u00edsticos intercontinentales que podr\u00edan alcanzar a Estados Unidos.<\/p>\n\n\n\n<p>Sin duda alguna, el pacto es una de las recompensas m\u00e1s visibles que Kim ha obtenido de Mosc\u00fa a cambio de las decenas de misiles bal\u00edsticos y m\u00e1s de 11,000 contenedores de municiones que, seg\u00fan Washington, Corea del Norte ha suministrado en los \u00faltimos meses para contribuir a la guerra de Putin en Ucrania.&nbsp;Asimismo represent\u00f3 lo m\u00e1s lejos que ha llegado el Kremlin en su apoyo a Corea del Norte, tras a\u00f1os de cooperaci\u00f3n con Estados Unidos en las Naciones Unidas para frenar el programa nuclear y misiles de Pyongyang.<\/p>\n\n\n\n<p>Era de esperarse la&nbsp;reacci\u00f3n de parte de Occidente sobre esta reuni\u00f3n,&nbsp;especialmente por parte de&nbsp;Estados Unidos.&nbsp;El d\u00eda&nbsp;anterior a la junta entre ambos mandatarios, Antony Blinken, prometi\u00f3 que su gobierno seguir\u00eda haciendo todo lo posible para obstaculizar el apoyo que estos dos pa\u00edses se est\u00e1n dando. Adem\u00e1s hizo hincapi\u00e9 en que Rusia est\u00e1 buscando de manera desesperada desarrollar y reforzar sus relaciones con pa\u00edses que puedan brindarle este tipo de asistencia para avanzar en el frente ucraniano y ha criticado el apoyo de China a la industria militar rusa.&nbsp;<\/p>\n\n\n\n<p>Occidente afirma que esta situaci\u00f3n les preocupa mucho, ya&nbsp;que, seg\u00fan ellos, esta realidad&nbsp;es la que propicia que la guerra contin\u00fae. Aseveran tambi\u00e9n que Pek\u00edn est\u00e1 \u00a8echando m\u00e1s&nbsp;le\u00f1a al fuego\u00a8, en un contexto que suponen, es la mayor amenaza para Europa desde el final de la Guerra Fr\u00eda.&nbsp;<\/p>\n\n\n\n<p>Este&nbsp;nuevo frente en la geopol\u00edtica global,&nbsp;en palabras del mismo l\u00edder coreano, un \u00a8acuerdo de lo m\u00e1s poderoso\u00a8. Sin duda alguna&nbsp;es una relaci\u00f3n que preocupa no solo a Estados Unidos sino a Occidente entero, y tendr\u00e1n los ojos puestos sobre los pr\u00f3ximos pasos que lleven a cabo ambas naciones. Dos enemigos ac\u00e9rrimos del gobierno estadounidense se han unido con la completa intenci\u00f3n de hacerle frente a las decisiones y apoyo que ha demostrado el presidente Joe Biden hacia Ucrania en los \u00faltimos dos a\u00f1os. Ya veremos c\u00f3mo termina esta historia&nbsp;de lucha de poder, en donde definitivamente solo puede haber un gran ganador.<\/p>\n","protected":false},"excerpt":{"rendered":"<p>Por Carolina Alonso Romei Internacionalista El pasado 19 de junio, el&nbsp;presidente&nbsp;ruso Vladimir Putin y el&#8230;<\/p>\n","protected":false},"author":2,"featured_media":111055,"comment_status":"open","ping_status":"open","sticky":false,"template":"","format":"standard","meta":{"_monsterinsights_skip_tracking":false,"_monsterinsights_sitenote_active":false,"_monsterinsights_sitenote_note":"","_monsterinsights_sitenote_category":0,"footnotes":""},"categories":[1],"tags":[],"class_list":["post-111054","post","type-post","status-publish","format-standard","has-post-thumbnail","hentry","category-sin-categoria"],"yoast_head":"<!-- This site is optimized with the Yoast SEO plugin v27.3 - https:\/\/yoast.com\/product\/yoast-seo-wordpress\/ -->\n<title>El Quehacer Pol\u00edtico Internacional a trav\u00e9s\/\/\/Carolina Alonso Romei\/\/\/Un nuevo frente en la geopol\u00edtica global: la alianza Rusia-Corea del Norte\u00a0 -<\/title>\n<meta name=\"robots\" content=\"index, follow, max-snippet:-1, max-image-preview:large, max-video-preview:-1\" \/>\n<link rel=\"canonical\" href=\"https:\/\/quehacerpolitico.mx\/?p=111054\" \/>\n<meta property=\"og:locale\" content=\"es_MX\" \/>\n<meta property=\"og:type\" content=\"article\" \/>\n<meta property=\"og:title\" content=\"El Quehacer Pol\u00edtico Internacional a trav\u00e9s\/\/\/Carolina Alonso Romei\/\/\/Un nuevo frente en la geopol\u00edtica global: la alianza Rusia-Corea del Norte\u00a0 -\" \/>\n<meta property=\"og:description\" content=\"Por Carolina Alonso Romei Internacionalista El pasado 19 de junio, el&nbsp;presidente&nbsp;ruso Vladimir Putin y el...\" \/>\n<meta property=\"og:url\" content=\"https:\/\/quehacerpolitico.mx\/?p=111054\" \/>\n<meta property=\"article:published_time\" content=\"2024-07-01T18:28:52+00:00\" \/>\n<meta property=\"article:modified_time\" content=\"2024-07-01T18:28:54+00:00\" \/>\n<meta property=\"og:image\" content=\"https:\/\/quehacerpolitico.mx\/wp-content\/uploads\/2024\/07\/03fa6135-c3fe-44b7-8e96-c6ca323ffebb.jpeg\" \/>\n\t<meta property=\"og:image:width\" content=\"963\" \/>\n\t<meta property=\"og:image:height\" content=\"493\" \/>\n\t<meta property=\"og:image:type\" content=\"image\/jpeg\" \/>\n<meta name=\"author\" content=\"Redacci\u00f3n QP\" \/>\n<meta name=\"twitter:card\" content=\"summary_large_image\" \/>\n<meta name=\"twitter:label1\" content=\"Escrito por\" \/>\n\t<meta name=\"twitter:data1\" content=\"Redacci\u00f3n QP\" \/>\n\t<meta name=\"twitter:label2\" content=\"Tiempo de lectura\" \/>\n\t<meta name=\"twitter:data2\" content=\"5 minutos\" \/>\n<script type=\"application\/ld+json\" class=\"yoast-schema-graph\">{\"@context\":\"https:\\\/\\\/schema.org\",\"@graph\":[{\"@type\":\"Article\",\"@id\":\"https:\\\/\\\/quehacerpolitico.mx\\\/?p=111054#article\",\"isPartOf\":{\"@id\":\"https:\\\/\\\/quehacerpolitico.mx\\\/?p=111054\"},\"author\":{\"name\":\"Redacci\u00f3n QP\",\"@id\":\"https:\\\/\\\/quehacerpolitico.mx\\\/#\\\/schema\\\/person\\\/496d8ad2d1d3f8036101dca7ee39e585\"},\"headline\":\"El Quehacer Pol\u00edtico Internacional a trav\u00e9s\\\/\\\/\\\/Carolina Alonso Romei\\\/\\\/\\\/Un nuevo frente en la geopol\u00edtica global: la alianza Rusia-Corea del Norte\u00a0\",\"datePublished\":\"2024-07-01T18:28:52+00:00\",\"dateModified\":\"2024-07-01T18:28:54+00:00\",\"mainEntityOfPage\":{\"@id\":\"https:\\\/\\\/quehacerpolitico.mx\\\/?p=111054\"},\"wordCount\":1055,\"commentCount\":0,\"image\":{\"@id\":\"https:\\\/\\\/quehacerpolitico.mx\\\/?p=111054#primaryimage\"},\"thumbnailUrl\":\"https:\\\/\\\/quehacerpolitico.mx\\\/wp-content\\\/uploads\\\/2024\\\/07\\\/03fa6135-c3fe-44b7-8e96-c6ca323ffebb.jpeg\",\"articleSection\":[\"Internacionales\"],\"inLanguage\":\"es\",\"potentialAction\":[{\"@type\":\"CommentAction\",\"name\":\"Comment\",\"target\":[\"https:\\\/\\\/quehacerpolitico.mx\\\/?p=111054#respond\"]}]},{\"@type\":\"WebPage\",\"@id\":\"https:\\\/\\\/quehacerpolitico.mx\\\/?p=111054\",\"url\":\"https:\\\/\\\/quehacerpolitico.mx\\\/?p=111054\",\"name\":\"El Quehacer Pol\u00edtico Internacional a trav\u00e9s\\\/\\\/\\\/Carolina Alonso Romei\\\/\\\/\\\/Un nuevo frente en la geopol\u00edtica global: la alianza Rusia-Corea del Norte\u00a0 -\",\"isPartOf\":{\"@id\":\"https:\\\/\\\/quehacerpolitico.mx\\\/#website\"},\"primaryImageOfPage\":{\"@id\":\"https:\\\/\\\/quehacerpolitico.mx\\\/?p=111054#primaryimage\"},\"image\":{\"@id\":\"https:\\\/\\\/quehacerpolitico.mx\\\/?p=111054#primaryimage\"},\"thumbnailUrl\":\"https:\\\/\\\/quehacerpolitico.mx\\\/wp-content\\\/uploads\\\/2024\\\/07\\\/03fa6135-c3fe-44b7-8e96-c6ca323ffebb.jpeg\",\"datePublished\":\"2024-07-01T18:28:52+00:00\",\"dateModified\":\"2024-07-01T18:28:54+00:00\",\"author\":{\"@id\":\"https:\\\/\\\/quehacerpolitico.mx\\\/#\\\/schema\\\/person\\\/496d8ad2d1d3f8036101dca7ee39e585\"},\"breadcrumb\":{\"@id\":\"https:\\\/\\\/quehacerpolitico.mx\\\/?p=111054#breadcrumb\"},\"inLanguage\":\"es\",\"potentialAction\":[{\"@type\":\"ReadAction\",\"target\":[\"https:\\\/\\\/quehacerpolitico.mx\\\/?p=111054\"]}]},{\"@type\":\"ImageObject\",\"inLanguage\":\"es\",\"@id\":\"https:\\\/\\\/quehacerpolitico.mx\\\/?p=111054#primaryimage\",\"url\":\"https:\\\/\\\/quehacerpolitico.mx\\\/wp-content\\\/uploads\\\/2024\\\/07\\\/03fa6135-c3fe-44b7-8e96-c6ca323ffebb.jpeg\",\"contentUrl\":\"https:\\\/\\\/quehacerpolitico.mx\\\/wp-content\\\/uploads\\\/2024\\\/07\\\/03fa6135-c3fe-44b7-8e96-c6ca323ffebb.jpeg\",\"width\":963,\"height\":493},{\"@type\":\"BreadcrumbList\",\"@id\":\"https:\\\/\\\/quehacerpolitico.mx\\\/?p=111054#breadcrumb\",\"itemListElement\":[{\"@type\":\"ListItem\",\"position\":1,\"name\":\"Inicio\",\"item\":\"https:\\\/\\\/quehacerpolitico.mx\\\/\"},{\"@type\":\"ListItem\",\"position\":2,\"name\":\"El Quehacer Pol\u00edtico Internacional a trav\u00e9s\\\/\\\/\\\/Carolina Alonso Romei\\\/\\\/\\\/Un nuevo frente en la geopol\u00edtica global: la alianza Rusia-Corea del Norte\u00a0\"}]},{\"@type\":\"WebSite\",\"@id\":\"https:\\\/\\\/quehacerpolitico.mx\\\/#website\",\"url\":\"https:\\\/\\\/quehacerpolitico.mx\\\/\",\"name\":\"\",\"description\":\"\",\"potentialAction\":[{\"@type\":\"SearchAction\",\"target\":{\"@type\":\"EntryPoint\",\"urlTemplate\":\"https:\\\/\\\/quehacerpolitico.mx\\\/?s={search_term_string}\"},\"query-input\":{\"@type\":\"PropertyValueSpecification\",\"valueRequired\":true,\"valueName\":\"search_term_string\"}}],\"inLanguage\":\"es\"},{\"@type\":\"Person\",\"@id\":\"https:\\\/\\\/quehacerpolitico.mx\\\/#\\\/schema\\\/person\\\/496d8ad2d1d3f8036101dca7ee39e585\",\"name\":\"Redacci\u00f3n QP\",\"image\":{\"@type\":\"ImageObject\",\"inLanguage\":\"es\",\"@id\":\"https:\\\/\\\/secure.gravatar.com\\\/avatar\\\/c7164ed6fdec453195284ad24a5ae5b6e1eed2b848477fa2a4787ba9adf39a41?s=96&d=mm&r=g\",\"url\":\"https:\\\/\\\/secure.gravatar.com\\\/avatar\\\/c7164ed6fdec453195284ad24a5ae5b6e1eed2b848477fa2a4787ba9adf39a41?s=96&d=mm&r=g\",\"contentUrl\":\"https:\\\/\\\/secure.gravatar.com\\\/avatar\\\/c7164ed6fdec453195284ad24a5ae5b6e1eed2b848477fa2a4787ba9adf39a41?s=96&d=mm&r=g\",\"caption\":\"Redacci\u00f3n QP\"},\"url\":\"https:\\\/\\\/quehacerpolitico.mx\\\/?author=2\"}]}<\/script>\n<!-- \/ Yoast SEO plugin. -->","yoast_head_json":{"title":"El Quehacer Pol\u00edtico Internacional a trav\u00e9s\/\/\/Carolina Alonso Romei\/\/\/Un nuevo frente en la geopol\u00edtica global: la alianza Rusia-Corea del Norte\u00a0 -","robots":{"index":"index","follow":"follow","max-snippet":"max-snippet:-1","max-image-preview":"max-image-preview:large","max-video-preview":"max-video-preview:-1"},"canonical":"https:\/\/quehacerpolitico.mx\/?p=111054","og_locale":"es_MX","og_type":"article","og_title":"El Quehacer Pol\u00edtico Internacional a trav\u00e9s\/\/\/Carolina Alonso Romei\/\/\/Un nuevo frente en la geopol\u00edtica global: la alianza Rusia-Corea del Norte\u00a0 -","og_description":"Por Carolina Alonso Romei Internacionalista El pasado 19 de junio, el&nbsp;presidente&nbsp;ruso Vladimir Putin y el...","og_url":"https:\/\/quehacerpolitico.mx\/?p=111054","article_published_time":"2024-07-01T18:28:52+00:00","article_modified_time":"2024-07-01T18:28:54+00:00","og_image":[{"width":963,"height":493,"url":"https:\/\/quehacerpolitico.mx\/wp-content\/uploads\/2024\/07\/03fa6135-c3fe-44b7-8e96-c6ca323ffebb.jpeg","type":"image\/jpeg"}],"author":"Redacci\u00f3n QP","twitter_card":"summary_large_image","twitter_misc":{"Escrito por":"Redacci\u00f3n QP","Tiempo de lectura":"5 minutos"},"schema":{"@context":"https:\/\/schema.org","@graph":[{"@type":"Article","@id":"https:\/\/quehacerpolitico.mx\/?p=111054#article","isPartOf":{"@id":"https:\/\/quehacerpolitico.mx\/?p=111054"},"author":{"name":"Redacci\u00f3n QP","@id":"https:\/\/quehacerpolitico.mx\/#\/schema\/person\/496d8ad2d1d3f8036101dca7ee39e585"},"headline":"El Quehacer Pol\u00edtico Internacional a trav\u00e9s\/\/\/Carolina Alonso Romei\/\/\/Un nuevo frente en la geopol\u00edtica global: la alianza Rusia-Corea del Norte\u00a0","datePublished":"2024-07-01T18:28:52+00:00","dateModified":"2024-07-01T18:28:54+00:00","mainEntityOfPage":{"@id":"https:\/\/quehacerpolitico.mx\/?p=111054"},"wordCount":1055,"commentCount":0,"image":{"@id":"https:\/\/quehacerpolitico.mx\/?p=111054#primaryimage"},"thumbnailUrl":"https:\/\/quehacerpolitico.mx\/wp-content\/uploads\/2024\/07\/03fa6135-c3fe-44b7-8e96-c6ca323ffebb.jpeg","articleSection":["Internacionales"],"inLanguage":"es","potentialAction":[{"@type":"CommentAction","name":"Comment","target":["https:\/\/quehacerpolitico.mx\/?p=111054#respond"]}]},{"@type":"WebPage","@id":"https:\/\/quehacerpolitico.mx\/?p=111054","url":"https:\/\/quehacerpolitico.mx\/?p=111054","name":"El Quehacer Pol\u00edtico Internacional a trav\u00e9s\/\/\/Carolina Alonso Romei\/\/\/Un nuevo frente en la geopol\u00edtica global: la alianza Rusia-Corea del Norte\u00a0 -","isPartOf":{"@id":"https:\/\/quehacerpolitico.mx\/#website"},"primaryImageOfPage":{"@id":"https:\/\/quehacerpolitico.mx\/?p=111054#primaryimage"},"image":{"@id":"https:\/\/quehacerpolitico.mx\/?p=111054#primaryimage"},"thumbnailUrl":"https:\/\/quehacerpolitico.mx\/wp-content\/uploads\/2024\/07\/03fa6135-c3fe-44b7-8e96-c6ca323ffebb.jpeg","datePublished":"2024-07-01T18:28:52+00:00","dateModified":"2024-07-01T18:28:54+00:00","author":{"@id":"https:\/\/quehacerpolitico.mx\/#\/schema\/person\/496d8ad2d1d3f8036101dca7ee39e585"},"breadcrumb":{"@id":"https:\/\/quehacerpolitico.mx\/?p=111054#breadcrumb"},"inLanguage":"es","potentialAction":[{"@type":"ReadAction","target":["https:\/\/quehacerpolitico.mx\/?p=111054"]}]},{"@type":"ImageObject","inLanguage":"es","@id":"https:\/\/quehacerpolitico.mx\/?p=111054#primaryimage","url":"https:\/\/quehacerpolitico.mx\/wp-content\/uploads\/2024\/07\/03fa6135-c3fe-44b7-8e96-c6ca323ffebb.jpeg","contentUrl":"https:\/\/quehacerpolitico.mx\/wp-content\/uploads\/2024\/07\/03fa6135-c3fe-44b7-8e96-c6ca323ffebb.jpeg","width":963,"height":493},{"@type":"BreadcrumbList","@id":"https:\/\/quehacerpolitico.mx\/?p=111054#breadcrumb","itemListElement":[{"@type":"ListItem","position":1,"name":"Inicio","item":"https:\/\/quehacerpolitico.mx\/"},{"@type":"ListItem","position":2,"name":"El Quehacer Pol\u00edtico Internacional a trav\u00e9s\/\/\/Carolina Alonso Romei\/\/\/Un nuevo frente en la geopol\u00edtica global: la alianza Rusia-Corea del Norte\u00a0"}]},{"@type":"WebSite","@id":"https:\/\/quehacerpolitico.mx\/#website","url":"https:\/\/quehacerpolitico.mx\/","name":"","description":"","potentialAction":[{"@type":"SearchAction","target":{"@type":"EntryPoint","urlTemplate":"https:\/\/quehacerpolitico.mx\/?s={search_term_string}"},"query-input":{"@type":"PropertyValueSpecification","valueRequired":true,"valueName":"search_term_string"}}],"inLanguage":"es"},{"@type":"Person","@id":"https:\/\/quehacerpolitico.mx\/#\/schema\/person\/496d8ad2d1d3f8036101dca7ee39e585","name":"Redacci\u00f3n QP","image":{"@type":"ImageObject","inLanguage":"es","@id":"https:\/\/secure.gravatar.com\/avatar\/c7164ed6fdec453195284ad24a5ae5b6e1eed2b848477fa2a4787ba9adf39a41?s=96&d=mm&r=g","url":"https:\/\/secure.gravatar.com\/avatar\/c7164ed6fdec453195284ad24a5ae5b6e1eed2b848477fa2a4787ba9adf39a41?s=96&d=mm&r=g","contentUrl":"https:\/\/secure.gravatar.com\/avatar\/c7164ed6fdec453195284ad24a5ae5b6e1eed2b848477fa2a4787ba9adf39a41?s=96&d=mm&r=g","caption":"Redacci\u00f3n QP"},"url":"https:\/\/quehacerpolitico.mx\/?author=2"}]}},"featured_image_urls":{"full":["https:\/\/quehacerpolitico.mx\/wp-content\/uploads\/2024\/07\/03fa6135-c3fe-44b7-8e96-c6ca323ffebb.jpeg",963,493,false],"thumbnail":["https:\/\/quehacerpolitico.mx\/wp-content\/uploads\/2024\/07\/03fa6135-c3fe-44b7-8e96-c6ca323ffebb-150x150.jpeg",150,150,true],"medium":["https:\/\/quehacerpolitico.mx\/wp-content\/uploads\/2024\/07\/03fa6135-c3fe-44b7-8e96-c6ca323ffebb-300x154.jpeg",300,154,true],"medium_large":["https:\/\/quehacerpolitico.mx\/wp-content\/uploads\/2024\/07\/03fa6135-c3fe-44b7-8e96-c6ca323ffebb-768x393.jpeg",640,328,true],"large":["https:\/\/quehacerpolitico.mx\/wp-content\/uploads\/2024\/07\/03fa6135-c3fe-44b7-8e96-c6ca323ffebb.jpeg",640,328,false],"1536x1536":["https:\/\/quehacerpolitico.mx\/wp-content\/uploads\/2024\/07\/03fa6135-c3fe-44b7-8e96-c6ca323ffebb.jpeg",963,493,false],"2048x2048":["https:\/\/quehacerpolitico.mx\/wp-content\/uploads\/2024\/07\/03fa6135-c3fe-44b7-8e96-c6ca323ffebb.jpeg",963,493,false],"covernews-featured":["https:\/\/quehacerpolitico.mx\/wp-content\/uploads\/2024\/07\/03fa6135-c3fe-44b7-8e96-c6ca323ffebb.jpeg",963,493,false],"covernews-medium":["https:\/\/quehacerpolitico.mx\/wp-content\/uploads\/2024\/07\/03fa6135-c3fe-44b7-8e96-c6ca323ffebb.jpeg",540,276,false]},"author_info":{"display_name":"Redacci\u00f3n QP","author_link":"https:\/\/quehacerpolitico.mx\/?author=2"},"category_info":"<a href=\"https:\/\/quehacerpolitico.mx\/?cat=1\" rel=\"category\">Internacionales<\/a>","tag_info":"Internacionales","comment_count":"0","_links":{"self":[{"href":"https:\/\/quehacerpolitico.mx\/index.php?rest_route=\/wp\/v2\/posts\/111054","targetHints":{"allow":["GET"]}}],"collection":[{"href":"https:\/\/quehacerpolitico.mx\/index.php?rest_route=\/wp\/v2\/posts"}],"about":[{"href":"https:\/\/quehacerpolitico.mx\/index.php?rest_route=\/wp\/v2\/types\/post"}],"author":[{"embeddable":true,"href":"https:\/\/quehacerpolitico.mx\/index.php?rest_route=\/wp\/v2\/users\/2"}],"replies":[{"embeddable":true,"href":"https:\/\/quehacerpolitico.mx\/index.php?rest_route=%2Fwp%2Fv2%2Fcomments&post=111054"}],"version-history":[{"count":1,"href":"https:\/\/quehacerpolitico.mx\/index.php?rest_route=\/wp\/v2\/posts\/111054\/revisions"}],"predecessor-version":[{"id":111056,"href":"https:\/\/quehacerpolitico.mx\/index.php?rest_route=\/wp\/v2\/posts\/111054\/revisions\/111056"}],"wp:featuredmedia":[{"embeddable":true,"href":"https:\/\/quehacerpolitico.mx\/index.php?rest_route=\/wp\/v2\/media\/111055"}],"wp:attachment":[{"href":"https:\/\/quehacerpolitico.mx\/index.php?rest_route=%2Fwp%2Fv2%2Fmedia&parent=111054"}],"wp:term":[{"taxonomy":"category","embeddable":true,"href":"https:\/\/quehacerpolitico.mx\/index.php?rest_route=%2Fwp%2Fv2%2Fcategories&post=111054"},{"taxonomy":"post_tag","embeddable":true,"href":"https:\/\/quehacerpolitico.mx\/index.php?rest_route=%2Fwp%2Fv2%2Ftags&post=111054"}],"curies":[{"name":"wp","href":"https:\/\/api.w.org\/{rel}","templated":true}]}}