{"id":111051,"date":"2024-07-01T18:19:32","date_gmt":"2024-07-01T18:19:32","guid":{"rendered":"https:\/\/quehacerpolitico.mx\/?p=111051"},"modified":"2024-07-01T18:19:34","modified_gmt":"2024-07-01T18:19:34","slug":"el-quehacer-politico-a-traves-del-tintero-edgar-cataneda-conciliacion-entre-fuerzas-del-orden-y-sociedad","status":"publish","type":"post","link":"https:\/\/quehacerpolitico.mx\/?p=111051","title":{"rendered":"El Quehacer Pol\u00edtico a trav\u00e9s del Tintero\/\/\/Edgar Cataneda\/\/\/Conciliaci\u00f3n entre fuerzas del orden y sociedad"},"content":{"rendered":"\n<p>Por Edgar Castaneda <\/p>\n\n\n\n<p>Director Regional Parra Estados Unidos y Canad\u00e1 <\/p>\n\n\n\n<p>NO S\u00d3LO ESO, AHORA ES COM\u00daN OBSERVAR EN REDES SOCIALES A LA SOCIEDAD CIVIL ATACANDO VERBAL Y F\u00cdSICAMENTE A AGENTES POLICIALES Y CASTRENSES, DENIGRANDO A\u00daN M\u00c1S A LA INSTITUCI\u00d3N CON MENOR CONFIABILIDAD, DESPU\u00c9S DE LOS DIPUTADOS Y LOS PARTIDOS POL\u00cdTICOS.<\/p>\n\n\n\n<p>Uno de los elementos que dan raz\u00f3n de ser a un Esta- do es el monopolio leg\u00edtimo de la violencia f\u00edsica, mediante insti- tuciones coercitivas, tales como las polic\u00edas y las fuerzas armadas, que tienen como objeto garantizar la se- guridad, el orden y el cumplimiento de las normas que implica vivir en esa instituci\u00f3n jur\u00eddico-pol\u00edtica lla- mada Estado. Sin embargo, la historia de la hu- manidad nos ha ense\u00f1ado que, desde diversos tiempos y lugares del mundo, el Estado, mediante di- chas instituciones, ha incurrido en abusos en contra de la sociedad ci- vil, haciendo un uso faccioso de las fuerzas policiales y armadas. En nuestro pa\u00eds, en efecto, esa es la historia de los siglos XIX, XX y XXI con los ej\u00e9rcitos insurgentes del si- glo XIX, la polic\u00eda rural en tiempos del porfiriato, el ej\u00e9rcito posrevo- lucionario , el ej\u00e9rcito y las polic\u00edas que participaron en hechos de per- secuci\u00f3n, represi\u00f3n y desaparici\u00f3n forzada, tales como las matanzas de Tlatelolco en el 68, la del jueves de Corpus Christi (el halconazo) en el 71, la de Aguas Blancas en el 95, la de Acteal en el 97, hasta llegar a los casos de Ayotzinapa y Tlatlaya en el a\u00f1o 2014. Desde luego estos han sido los casos m\u00e1s emblem\u00e1ticos, sin em- bargo, las fuerzas del orden han estado involucradas en otros cien- tos de casos de abuso de autoridad, extorsi\u00f3n, secuestro y, ahora tam- bi\u00e9n, delincuencia organizada. Ante este panorama es natural que prevalezca una situaci\u00f3n de desconfianza de la sociedad hacia las instituciones del orden p\u00fablico, principalmente hacia las polic\u00edas de todos los niveles de gobierno. Y no es para menos, pues &#8220;todos los d\u00edas&#8221; observamos actos al margen de la ley por parte de los servidores p\u00fablicos. Ante este panorama de crisis en materia de seguridad p\u00fablica y na- cional han surgido tambi\u00e9n instru- mentos de protecci\u00f3n para la socie- dad (tanto en la Constituci\u00f3n como en los Tratados Internacionales), as\u00ed como instituciones de Derechos Humanos (estatales, nacionales, in- teramericanas, etc.) que vigilan y sancionan el actuar de los agentes del Estado, cuando \u00e9stos vulneran las ga- rant\u00edas individuales y colectivas. Ahora bien, a pesar de dichos avances, en los \u00faltimos a\u00f1os segui- mos siendo testigos de innumera- bles casos de abusos de autoridad, extorsiones, desapariciones forza- das y ejecuciones extrajudiciales por parte de las polic\u00edas, los militares y los marinos, lo que, naturalmente, como no puede ser de otro modo, nos debe indignar y obligar a exigir justicia. Sin embargo, en los \u00faltimos a\u00f1os tambi\u00e9n se han documentado ame- nazas, masacres, emboscadas y des- apariciones de polic\u00edas, militares y marinos; tan s\u00f3lo en lo que va del a\u00f1o, de acuerdo con la activista so- cial Mar\u00eda Elena Morera, se han con- tabilizado por lo menos 161 agentes asesinados. Y, desafortunadamente, rara vez escuchamos que la sociedad civil levante la voz. No s\u00f3lo eso, ahora es com\u00fan ob- servar en redes sociales a la sociedad civil atacando verbal y f\u00edsicamente a agentes policiales y castrenses, deni- grando a\u00fan m\u00e1s a la instituci\u00f3n con menor confiabilidad, despu\u00e9s de los diputados y los partidos pol\u00edticos. En este sentido, el mayor reto que tenemos es reconciliar a las fuerzas coercitivas con la sociedad. No po- demos exigir una polic\u00eda -en senti- do figurado- &#8220;de primera&#8221; con una sociedad &#8220;de tercera&#8221;. No podemos exigir instituciones incorruptibles, limpias y profesionales cuando la sociedad es la primera en violentar las normas de convivencia y mucho menos cuando la sociedad no da un voto de confianza. Por lo tanto, la discusi\u00f3n no debe girar \u00fanicamente en torno a las instituciones que queremos o de- seamos (por ejemplo, polic\u00edas con formaci\u00f3n acad\u00e9mica, con salarios dignos, con jornadas laborales no mayores a 12 horas, con constante formaci\u00f3n, etc.), sino en las institu- ciones que necesitamos y podemos tener, considerando el tipo de socie- dad y lo que ofrecemos a quienes se encargan de la seguridad p\u00fablica y nacional. De no modificar dichas conductas corremos el riesgo de afirmar que, as\u00ed como tenemos a los pol\u00edticos que nos merecemos, lo mismo ocurre con nuestras polic\u00edas y fuerzas ar- madas, pues ciertamente, nos guste o no, la cultura pol\u00edtica y c\u00edvica de la sociedad mexicana no necesaria- mente es la del respeto hac\u00eda dichas instituciones.<\/p>\n\n\n\n<p>As\u00ed el Quehacer Pol\u00edtico desde el tintero del Lic Edgar Castaneda, inquiriendo en la pol\u00edtica de M\u00e9xico, cuestionando, exponiendo, revelando y razonando.Es cuanto.<\/p>\n","protected":false},"excerpt":{"rendered":"<p>Por Edgar Castaneda Director Regional Parra Estados Unidos y Canad\u00e1 NO S\u00d3LO ESO, AHORA ES&#8230;<\/p>\n","protected":false},"author":2,"featured_media":111052,"comment_status":"open","ping_status":"open","sticky":false,"template":"","format":"standard","meta":{"_monsterinsights_skip_tracking":false,"_monsterinsights_sitenote_active":false,"_monsterinsights_sitenote_note":"","_monsterinsights_sitenote_category":0,"footnotes":""},"categories":[2],"tags":[],"class_list":["post-111051","post","type-post","status-publish","format-standard","has-post-thumbnail","hentry","category-noticias"],"yoast_head":"<!-- This site is optimized with the Yoast SEO plugin v27.3 - https:\/\/yoast.com\/product\/yoast-seo-wordpress\/ -->\n<title>El Quehacer Pol\u00edtico a trav\u00e9s del Tintero\/\/\/Edgar Cataneda\/\/\/Conciliaci\u00f3n entre fuerzas del orden y sociedad -<\/title>\n<meta name=\"robots\" content=\"index, follow, max-snippet:-1, max-image-preview:large, max-video-preview:-1\" \/>\n<link rel=\"canonical\" href=\"https:\/\/quehacerpolitico.mx\/?p=111051\" \/>\n<meta property=\"og:locale\" content=\"es_MX\" \/>\n<meta property=\"og:type\" content=\"article\" \/>\n<meta property=\"og:title\" content=\"El Quehacer Pol\u00edtico a trav\u00e9s del Tintero\/\/\/Edgar Cataneda\/\/\/Conciliaci\u00f3n entre fuerzas del orden y sociedad -\" \/>\n<meta property=\"og:description\" content=\"Por Edgar Castaneda Director Regional Parra Estados Unidos y Canad\u00e1 NO S\u00d3LO ESO, AHORA ES...\" \/>\n<meta property=\"og:url\" content=\"https:\/\/quehacerpolitico.mx\/?p=111051\" \/>\n<meta property=\"article:published_time\" content=\"2024-07-01T18:19:32+00:00\" \/>\n<meta property=\"article:modified_time\" content=\"2024-07-01T18:19:34+00:00\" \/>\n<meta property=\"og:image\" content=\"https:\/\/quehacerpolitico.mx\/wp-content\/uploads\/2024\/07\/e7b32ca4-b0f2-40f8-b531-b3f6209528c6.jpeg\" \/>\n\t<meta property=\"og:image:width\" content=\"963\" \/>\n\t<meta property=\"og:image:height\" content=\"493\" \/>\n\t<meta property=\"og:image:type\" content=\"image\/jpeg\" \/>\n<meta name=\"author\" content=\"Redacci\u00f3n QP\" \/>\n<meta name=\"twitter:card\" content=\"summary_large_image\" \/>\n<meta name=\"twitter:label1\" content=\"Escrito por\" \/>\n\t<meta name=\"twitter:data1\" content=\"Redacci\u00f3n QP\" \/>\n\t<meta name=\"twitter:label2\" content=\"Tiempo de lectura\" \/>\n\t<meta name=\"twitter:data2\" content=\"4 minutos\" \/>\n<script type=\"application\/ld+json\" class=\"yoast-schema-graph\">{\"@context\":\"https:\\\/\\\/schema.org\",\"@graph\":[{\"@type\":\"Article\",\"@id\":\"https:\\\/\\\/quehacerpolitico.mx\\\/?p=111051#article\",\"isPartOf\":{\"@id\":\"https:\\\/\\\/quehacerpolitico.mx\\\/?p=111051\"},\"author\":{\"name\":\"Redacci\u00f3n QP\",\"@id\":\"https:\\\/\\\/quehacerpolitico.mx\\\/#\\\/schema\\\/person\\\/496d8ad2d1d3f8036101dca7ee39e585\"},\"headline\":\"El Quehacer Pol\u00edtico a trav\u00e9s del Tintero\\\/\\\/\\\/Edgar Cataneda\\\/\\\/\\\/Conciliaci\u00f3n entre fuerzas del orden y sociedad\",\"datePublished\":\"2024-07-01T18:19:32+00:00\",\"dateModified\":\"2024-07-01T18:19:34+00:00\",\"mainEntityOfPage\":{\"@id\":\"https:\\\/\\\/quehacerpolitico.mx\\\/?p=111051\"},\"wordCount\":865,\"commentCount\":0,\"image\":{\"@id\":\"https:\\\/\\\/quehacerpolitico.mx\\\/?p=111051#primaryimage\"},\"thumbnailUrl\":\"https:\\\/\\\/quehacerpolitico.mx\\\/wp-content\\\/uploads\\\/2024\\\/07\\\/e7b32ca4-b0f2-40f8-b531-b3f6209528c6.jpeg\",\"articleSection\":[\"Noticias\"],\"inLanguage\":\"es\",\"potentialAction\":[{\"@type\":\"CommentAction\",\"name\":\"Comment\",\"target\":[\"https:\\\/\\\/quehacerpolitico.mx\\\/?p=111051#respond\"]}]},{\"@type\":\"WebPage\",\"@id\":\"https:\\\/\\\/quehacerpolitico.mx\\\/?p=111051\",\"url\":\"https:\\\/\\\/quehacerpolitico.mx\\\/?p=111051\",\"name\":\"El Quehacer Pol\u00edtico a trav\u00e9s del Tintero\\\/\\\/\\\/Edgar Cataneda\\\/\\\/\\\/Conciliaci\u00f3n entre fuerzas del orden y sociedad -\",\"isPartOf\":{\"@id\":\"https:\\\/\\\/quehacerpolitico.mx\\\/#website\"},\"primaryImageOfPage\":{\"@id\":\"https:\\\/\\\/quehacerpolitico.mx\\\/?p=111051#primaryimage\"},\"image\":{\"@id\":\"https:\\\/\\\/quehacerpolitico.mx\\\/?p=111051#primaryimage\"},\"thumbnailUrl\":\"https:\\\/\\\/quehacerpolitico.mx\\\/wp-content\\\/uploads\\\/2024\\\/07\\\/e7b32ca4-b0f2-40f8-b531-b3f6209528c6.jpeg\",\"datePublished\":\"2024-07-01T18:19:32+00:00\",\"dateModified\":\"2024-07-01T18:19:34+00:00\",\"author\":{\"@id\":\"https:\\\/\\\/quehacerpolitico.mx\\\/#\\\/schema\\\/person\\\/496d8ad2d1d3f8036101dca7ee39e585\"},\"breadcrumb\":{\"@id\":\"https:\\\/\\\/quehacerpolitico.mx\\\/?p=111051#breadcrumb\"},\"inLanguage\":\"es\",\"potentialAction\":[{\"@type\":\"ReadAction\",\"target\":[\"https:\\\/\\\/quehacerpolitico.mx\\\/?p=111051\"]}]},{\"@type\":\"ImageObject\",\"inLanguage\":\"es\",\"@id\":\"https:\\\/\\\/quehacerpolitico.mx\\\/?p=111051#primaryimage\",\"url\":\"https:\\\/\\\/quehacerpolitico.mx\\\/wp-content\\\/uploads\\\/2024\\\/07\\\/e7b32ca4-b0f2-40f8-b531-b3f6209528c6.jpeg\",\"contentUrl\":\"https:\\\/\\\/quehacerpolitico.mx\\\/wp-content\\\/uploads\\\/2024\\\/07\\\/e7b32ca4-b0f2-40f8-b531-b3f6209528c6.jpeg\",\"width\":963,\"height\":493},{\"@type\":\"BreadcrumbList\",\"@id\":\"https:\\\/\\\/quehacerpolitico.mx\\\/?p=111051#breadcrumb\",\"itemListElement\":[{\"@type\":\"ListItem\",\"position\":1,\"name\":\"Inicio\",\"item\":\"https:\\\/\\\/quehacerpolitico.mx\\\/\"},{\"@type\":\"ListItem\",\"position\":2,\"name\":\"El Quehacer Pol\u00edtico a trav\u00e9s del Tintero\\\/\\\/\\\/Edgar Cataneda\\\/\\\/\\\/Conciliaci\u00f3n entre fuerzas del orden y sociedad\"}]},{\"@type\":\"WebSite\",\"@id\":\"https:\\\/\\\/quehacerpolitico.mx\\\/#website\",\"url\":\"https:\\\/\\\/quehacerpolitico.mx\\\/\",\"name\":\"\",\"description\":\"\",\"potentialAction\":[{\"@type\":\"SearchAction\",\"target\":{\"@type\":\"EntryPoint\",\"urlTemplate\":\"https:\\\/\\\/quehacerpolitico.mx\\\/?s={search_term_string}\"},\"query-input\":{\"@type\":\"PropertyValueSpecification\",\"valueRequired\":true,\"valueName\":\"search_term_string\"}}],\"inLanguage\":\"es\"},{\"@type\":\"Person\",\"@id\":\"https:\\\/\\\/quehacerpolitico.mx\\\/#\\\/schema\\\/person\\\/496d8ad2d1d3f8036101dca7ee39e585\",\"name\":\"Redacci\u00f3n QP\",\"image\":{\"@type\":\"ImageObject\",\"inLanguage\":\"es\",\"@id\":\"https:\\\/\\\/secure.gravatar.com\\\/avatar\\\/c7164ed6fdec453195284ad24a5ae5b6e1eed2b848477fa2a4787ba9adf39a41?s=96&d=mm&r=g\",\"url\":\"https:\\\/\\\/secure.gravatar.com\\\/avatar\\\/c7164ed6fdec453195284ad24a5ae5b6e1eed2b848477fa2a4787ba9adf39a41?s=96&d=mm&r=g\",\"contentUrl\":\"https:\\\/\\\/secure.gravatar.com\\\/avatar\\\/c7164ed6fdec453195284ad24a5ae5b6e1eed2b848477fa2a4787ba9adf39a41?s=96&d=mm&r=g\",\"caption\":\"Redacci\u00f3n QP\"},\"url\":\"https:\\\/\\\/quehacerpolitico.mx\\\/?author=2\"}]}<\/script>\n<!-- \/ Yoast SEO plugin. -->","yoast_head_json":{"title":"El Quehacer Pol\u00edtico a trav\u00e9s del Tintero\/\/\/Edgar Cataneda\/\/\/Conciliaci\u00f3n entre fuerzas del orden y sociedad -","robots":{"index":"index","follow":"follow","max-snippet":"max-snippet:-1","max-image-preview":"max-image-preview:large","max-video-preview":"max-video-preview:-1"},"canonical":"https:\/\/quehacerpolitico.mx\/?p=111051","og_locale":"es_MX","og_type":"article","og_title":"El Quehacer Pol\u00edtico a trav\u00e9s del Tintero\/\/\/Edgar Cataneda\/\/\/Conciliaci\u00f3n entre fuerzas del orden y sociedad -","og_description":"Por Edgar Castaneda Director Regional Parra Estados Unidos y Canad\u00e1 NO S\u00d3LO ESO, AHORA ES...","og_url":"https:\/\/quehacerpolitico.mx\/?p=111051","article_published_time":"2024-07-01T18:19:32+00:00","article_modified_time":"2024-07-01T18:19:34+00:00","og_image":[{"width":963,"height":493,"url":"https:\/\/quehacerpolitico.mx\/wp-content\/uploads\/2024\/07\/e7b32ca4-b0f2-40f8-b531-b3f6209528c6.jpeg","type":"image\/jpeg"}],"author":"Redacci\u00f3n QP","twitter_card":"summary_large_image","twitter_misc":{"Escrito por":"Redacci\u00f3n QP","Tiempo de lectura":"4 minutos"},"schema":{"@context":"https:\/\/schema.org","@graph":[{"@type":"Article","@id":"https:\/\/quehacerpolitico.mx\/?p=111051#article","isPartOf":{"@id":"https:\/\/quehacerpolitico.mx\/?p=111051"},"author":{"name":"Redacci\u00f3n QP","@id":"https:\/\/quehacerpolitico.mx\/#\/schema\/person\/496d8ad2d1d3f8036101dca7ee39e585"},"headline":"El Quehacer Pol\u00edtico a trav\u00e9s del Tintero\/\/\/Edgar Cataneda\/\/\/Conciliaci\u00f3n entre fuerzas del orden y sociedad","datePublished":"2024-07-01T18:19:32+00:00","dateModified":"2024-07-01T18:19:34+00:00","mainEntityOfPage":{"@id":"https:\/\/quehacerpolitico.mx\/?p=111051"},"wordCount":865,"commentCount":0,"image":{"@id":"https:\/\/quehacerpolitico.mx\/?p=111051#primaryimage"},"thumbnailUrl":"https:\/\/quehacerpolitico.mx\/wp-content\/uploads\/2024\/07\/e7b32ca4-b0f2-40f8-b531-b3f6209528c6.jpeg","articleSection":["Noticias"],"inLanguage":"es","potentialAction":[{"@type":"CommentAction","name":"Comment","target":["https:\/\/quehacerpolitico.mx\/?p=111051#respond"]}]},{"@type":"WebPage","@id":"https:\/\/quehacerpolitico.mx\/?p=111051","url":"https:\/\/quehacerpolitico.mx\/?p=111051","name":"El Quehacer Pol\u00edtico a trav\u00e9s del Tintero\/\/\/Edgar Cataneda\/\/\/Conciliaci\u00f3n entre fuerzas del orden y sociedad -","isPartOf":{"@id":"https:\/\/quehacerpolitico.mx\/#website"},"primaryImageOfPage":{"@id":"https:\/\/quehacerpolitico.mx\/?p=111051#primaryimage"},"image":{"@id":"https:\/\/quehacerpolitico.mx\/?p=111051#primaryimage"},"thumbnailUrl":"https:\/\/quehacerpolitico.mx\/wp-content\/uploads\/2024\/07\/e7b32ca4-b0f2-40f8-b531-b3f6209528c6.jpeg","datePublished":"2024-07-01T18:19:32+00:00","dateModified":"2024-07-01T18:19:34+00:00","author":{"@id":"https:\/\/quehacerpolitico.mx\/#\/schema\/person\/496d8ad2d1d3f8036101dca7ee39e585"},"breadcrumb":{"@id":"https:\/\/quehacerpolitico.mx\/?p=111051#breadcrumb"},"inLanguage":"es","potentialAction":[{"@type":"ReadAction","target":["https:\/\/quehacerpolitico.mx\/?p=111051"]}]},{"@type":"ImageObject","inLanguage":"es","@id":"https:\/\/quehacerpolitico.mx\/?p=111051#primaryimage","url":"https:\/\/quehacerpolitico.mx\/wp-content\/uploads\/2024\/07\/e7b32ca4-b0f2-40f8-b531-b3f6209528c6.jpeg","contentUrl":"https:\/\/quehacerpolitico.mx\/wp-content\/uploads\/2024\/07\/e7b32ca4-b0f2-40f8-b531-b3f6209528c6.jpeg","width":963,"height":493},{"@type":"BreadcrumbList","@id":"https:\/\/quehacerpolitico.mx\/?p=111051#breadcrumb","itemListElement":[{"@type":"ListItem","position":1,"name":"Inicio","item":"https:\/\/quehacerpolitico.mx\/"},{"@type":"ListItem","position":2,"name":"El Quehacer Pol\u00edtico a trav\u00e9s del Tintero\/\/\/Edgar Cataneda\/\/\/Conciliaci\u00f3n entre fuerzas del orden y sociedad"}]},{"@type":"WebSite","@id":"https:\/\/quehacerpolitico.mx\/#website","url":"https:\/\/quehacerpolitico.mx\/","name":"","description":"","potentialAction":[{"@type":"SearchAction","target":{"@type":"EntryPoint","urlTemplate":"https:\/\/quehacerpolitico.mx\/?s={search_term_string}"},"query-input":{"@type":"PropertyValueSpecification","valueRequired":true,"valueName":"search_term_string"}}],"inLanguage":"es"},{"@type":"Person","@id":"https:\/\/quehacerpolitico.mx\/#\/schema\/person\/496d8ad2d1d3f8036101dca7ee39e585","name":"Redacci\u00f3n QP","image":{"@type":"ImageObject","inLanguage":"es","@id":"https:\/\/secure.gravatar.com\/avatar\/c7164ed6fdec453195284ad24a5ae5b6e1eed2b848477fa2a4787ba9adf39a41?s=96&d=mm&r=g","url":"https:\/\/secure.gravatar.com\/avatar\/c7164ed6fdec453195284ad24a5ae5b6e1eed2b848477fa2a4787ba9adf39a41?s=96&d=mm&r=g","contentUrl":"https:\/\/secure.gravatar.com\/avatar\/c7164ed6fdec453195284ad24a5ae5b6e1eed2b848477fa2a4787ba9adf39a41?s=96&d=mm&r=g","caption":"Redacci\u00f3n QP"},"url":"https:\/\/quehacerpolitico.mx\/?author=2"}]}},"featured_image_urls":{"full":["https:\/\/quehacerpolitico.mx\/wp-content\/uploads\/2024\/07\/e7b32ca4-b0f2-40f8-b531-b3f6209528c6.jpeg",963,493,false],"thumbnail":["https:\/\/quehacerpolitico.mx\/wp-content\/uploads\/2024\/07\/e7b32ca4-b0f2-40f8-b531-b3f6209528c6-150x150.jpeg",150,150,true],"medium":["https:\/\/quehacerpolitico.mx\/wp-content\/uploads\/2024\/07\/e7b32ca4-b0f2-40f8-b531-b3f6209528c6-300x154.jpeg",300,154,true],"medium_large":["https:\/\/quehacerpolitico.mx\/wp-content\/uploads\/2024\/07\/e7b32ca4-b0f2-40f8-b531-b3f6209528c6-768x393.jpeg",640,328,true],"large":["https:\/\/quehacerpolitico.mx\/wp-content\/uploads\/2024\/07\/e7b32ca4-b0f2-40f8-b531-b3f6209528c6.jpeg",640,328,false],"1536x1536":["https:\/\/quehacerpolitico.mx\/wp-content\/uploads\/2024\/07\/e7b32ca4-b0f2-40f8-b531-b3f6209528c6.jpeg",963,493,false],"2048x2048":["https:\/\/quehacerpolitico.mx\/wp-content\/uploads\/2024\/07\/e7b32ca4-b0f2-40f8-b531-b3f6209528c6.jpeg",963,493,false],"covernews-featured":["https:\/\/quehacerpolitico.mx\/wp-content\/uploads\/2024\/07\/e7b32ca4-b0f2-40f8-b531-b3f6209528c6.jpeg",963,493,false],"covernews-medium":["https:\/\/quehacerpolitico.mx\/wp-content\/uploads\/2024\/07\/e7b32ca4-b0f2-40f8-b531-b3f6209528c6.jpeg",540,276,false]},"author_info":{"display_name":"Redacci\u00f3n QP","author_link":"https:\/\/quehacerpolitico.mx\/?author=2"},"category_info":"<a href=\"https:\/\/quehacerpolitico.mx\/?cat=2\" rel=\"category\">Noticias<\/a>","tag_info":"Noticias","comment_count":"0","_links":{"self":[{"href":"https:\/\/quehacerpolitico.mx\/index.php?rest_route=\/wp\/v2\/posts\/111051","targetHints":{"allow":["GET"]}}],"collection":[{"href":"https:\/\/quehacerpolitico.mx\/index.php?rest_route=\/wp\/v2\/posts"}],"about":[{"href":"https:\/\/quehacerpolitico.mx\/index.php?rest_route=\/wp\/v2\/types\/post"}],"author":[{"embeddable":true,"href":"https:\/\/quehacerpolitico.mx\/index.php?rest_route=\/wp\/v2\/users\/2"}],"replies":[{"embeddable":true,"href":"https:\/\/quehacerpolitico.mx\/index.php?rest_route=%2Fwp%2Fv2%2Fcomments&post=111051"}],"version-history":[{"count":1,"href":"https:\/\/quehacerpolitico.mx\/index.php?rest_route=\/wp\/v2\/posts\/111051\/revisions"}],"predecessor-version":[{"id":111053,"href":"https:\/\/quehacerpolitico.mx\/index.php?rest_route=\/wp\/v2\/posts\/111051\/revisions\/111053"}],"wp:featuredmedia":[{"embeddable":true,"href":"https:\/\/quehacerpolitico.mx\/index.php?rest_route=\/wp\/v2\/media\/111052"}],"wp:attachment":[{"href":"https:\/\/quehacerpolitico.mx\/index.php?rest_route=%2Fwp%2Fv2%2Fmedia&parent=111051"}],"wp:term":[{"taxonomy":"category","embeddable":true,"href":"https:\/\/quehacerpolitico.mx\/index.php?rest_route=%2Fwp%2Fv2%2Fcategories&post=111051"},{"taxonomy":"post_tag","embeddable":true,"href":"https:\/\/quehacerpolitico.mx\/index.php?rest_route=%2Fwp%2Fv2%2Ftags&post=111051"}],"curies":[{"name":"wp","href":"https:\/\/api.w.org\/{rel}","templated":true}]}}