{"id":111018,"date":"2024-06-27T20:15:41","date_gmt":"2024-06-27T20:15:41","guid":{"rendered":"https:\/\/quehacerpolitico.mx\/?p=111018"},"modified":"2024-06-27T20:15:44","modified_gmt":"2024-06-27T20:15:44","slug":"el-quehacer-politico-en-la-cultura-a-traves-del-enfoque-litza-deniss-duran-espinosa-disfruta-de-carmina-burana-en-version-para-dos-pianos-percusiones-y-coro-con-grupos-artisticos-de-fo","status":"publish","type":"post","link":"https:\/\/quehacerpolitico.mx\/?p=111018","title":{"rendered":"El Quehacer Pol\u00edtico en la Cultura a trav\u00e9s del Enfoque\/\/\/Litza Deniss Dur\u00e1n Espinosa\/\/\/Disfruta de\u00a0Carmina Burana\u00a0en versi\u00f3n para dos pianos, percusiones y coro, con grupos art\u00edsticos de Fomento Musical"},"content":{"rendered":"\n<p>Por Litza Deniss Dur\u00e1n Espinosa<\/p>\n\n\n\n<ul class=\"wp-block-list\">\n<li><strong>La cita es el s\u00e1bado 29 de junio de 2024, a las 13:30 h en el Auditorio Blas Galindo, del Centro Nacional de las Artes. Entrada libre<\/strong><\/li>\n<\/ul>\n\n\n\n<p>Agrupaciones musicales impulsadas por el Sistema Nacional de Fomento Musical (SNFM), como son el Coro Sinf\u00f3nico y el Octeto de maestros de esta misma agrupaci\u00f3n; el Ensamble de percusiones de la Orquesta Escuela Carlos Ch\u00e1vez (OECCh), y el Semillero Coro de Selecci\u00f3n Ni\u00f1os Cantores del Faro de Oriente presentar\u00e1n el pr\u00f3ximo s\u00e1bado un programa de alta envergadura musical: la versi\u00f3n para dos pianos, percusiones y coro de\u00a0<em>Carmina Burana,\u00a0<\/em>de Carl Orff, en la cual compartir\u00e1n el escenario con los pianistas Luis Castro Flores y James Carl Pull\u00e9s G\u00fcitr\u00f3n; el Coro de ni\u00f1os de la Escuela Superior de M\u00fasica, la soprano Azareel Ortega, el contratenor Lorenzo de Altamira y el bar\u00edtono Rub\u00e9n Luque.<\/p>\n\n\n\n<figure class=\"wp-block-image size-large\"><img loading=\"lazy\" decoding=\"async\" width=\"1024\" height=\"683\" src=\"https:\/\/quehacerpolitico.mx\/wp-content\/uploads\/2024\/06\/image-27-1024x683.jpeg\" alt=\"\" class=\"wp-image-111021\" srcset=\"https:\/\/quehacerpolitico.mx\/wp-content\/uploads\/2024\/06\/image-27-1024x683.jpeg 1024w, https:\/\/quehacerpolitico.mx\/wp-content\/uploads\/2024\/06\/image-27-300x200.jpeg 300w, https:\/\/quehacerpolitico.mx\/wp-content\/uploads\/2024\/06\/image-27-768x512.jpeg 768w, https:\/\/quehacerpolitico.mx\/wp-content\/uploads\/2024\/06\/image-27-1536x1024.jpeg 1536w, https:\/\/quehacerpolitico.mx\/wp-content\/uploads\/2024\/06\/image-27-2048x1365.jpeg 2048w, https:\/\/quehacerpolitico.mx\/wp-content\/uploads\/2024\/06\/image-27-219x146.jpeg 219w, https:\/\/quehacerpolitico.mx\/wp-content\/uploads\/2024\/06\/image-27-50x33.jpeg 50w, https:\/\/quehacerpolitico.mx\/wp-content\/uploads\/2024\/06\/image-27-113x75.jpeg 113w\" sizes=\"auto, (max-width: 1024px) 100vw, 1024px\" \/><\/figure>\n\n\n\n<figure class=\"wp-block-image size-large\"><img loading=\"lazy\" decoding=\"async\" width=\"1024\" height=\"683\" src=\"https:\/\/quehacerpolitico.mx\/wp-content\/uploads\/2024\/06\/image-26-1024x683.jpeg\" alt=\"\" class=\"wp-image-111020\" srcset=\"https:\/\/quehacerpolitico.mx\/wp-content\/uploads\/2024\/06\/image-26-1024x683.jpeg 1024w, https:\/\/quehacerpolitico.mx\/wp-content\/uploads\/2024\/06\/image-26-300x200.jpeg 300w, https:\/\/quehacerpolitico.mx\/wp-content\/uploads\/2024\/06\/image-26-768x512.jpeg 768w, https:\/\/quehacerpolitico.mx\/wp-content\/uploads\/2024\/06\/image-26-1536x1024.jpeg 1536w, https:\/\/quehacerpolitico.mx\/wp-content\/uploads\/2024\/06\/image-26-219x146.jpeg 219w, https:\/\/quehacerpolitico.mx\/wp-content\/uploads\/2024\/06\/image-26-50x33.jpeg 50w, https:\/\/quehacerpolitico.mx\/wp-content\/uploads\/2024\/06\/image-26-113x75.jpeg 113w, https:\/\/quehacerpolitico.mx\/wp-content\/uploads\/2024\/06\/image-26.jpeg 2048w\" sizes=\"auto, (max-width: 1024px) 100vw, 1024px\" \/><\/figure>\n\n\n\n<p>El Auditorio Blas Galindo del Centro Nacional de las Artes ser\u00e1 la sede de esta presentaci\u00f3n musical en la que el vaiv\u00e9n de la vida y la fortuna se percibir\u00e1 desde la ejecuci\u00f3n de las primeras notas, las cuales recrear\u00e1n el gozo por el ser y existir; el inter\u00e9s y alabanza de los placeres terrenales, especialmente del amor carnal y del gozo de la naturaleza. Motivos y emociones inmersos en los 24 versos sustra\u00eddos<em>del Codex Buranus<\/em>(C\u00f3dice Buranus), encontrado en 1803, en un monasterio de Benediktbeuern, municipio de Baviera, Alemania, y que fueron escritos por los monjes goliardos, t\u00e9rmino usado en la Edad Media para referirse a estudiantes de teolog\u00eda, sacerdotes o exsacerdotes que desertaron a sus \u00f3rdenes religiosas para entregarse a una vida vagabunda.<\/p>\n\n\n\n<p>Esta propuesta musical, que revela el di\u00e1logo art\u00edstico que de manera peri\u00f3dica sostienen las agrupaciones del SNFM, instituci\u00f3n de la Secretar\u00eda de Cultura del Gobierno de M\u00e9xico, como la OECCh, los Semilleros Creativos de m\u00fasica del programa Cultura Comunitaria, y agrupaciones musicales de adultos como es el Coro Sinf\u00f3nico, ser\u00e1 guiada por la batuta de Alejandro Le\u00f3n Islas, que evocar\u00e1 la atm\u00f3sfera medieval a la que alude&nbsp;<em>Carmina Burana,<\/em>&nbsp;una obra musical que ha establecido una conexi\u00f3n emotiva con el p\u00fablico desde su estreno el 8 de junio de 1937, en la&nbsp;<a href=\"https:\/\/es.wikipedia.org\/wiki\/Alte_Oper\" target=\"_blank\" rel=\"noreferrer noopener\">Alte Oper<\/a>&nbsp;de Fr\u00e1ncfort del Meno, Alemania.<\/p>\n\n\n\n<p>Al respecto, el tambi\u00e9n director del Coro Sinf\u00f3nico comenta que esta versi\u00f3n para dos pianos de concierto, coro y percusiones de\u00a0<em>Carmina Burana\u00a0<\/em>no es reducida, ni simplista: \u201cSu\u00a0<em>leitmotive\u00a0<\/em>se enfoca en el dramatismo y emotividad que emerge de las voces corales \u2014muy al estilo de los cantos gregorianos: simples y mon\u00f3dicos\u2014 que ponderan el deliberado gusto de Orff por los ritmos, melod\u00edas y texturas primitivas, basadas principalmente en\u00a0<em>ostinato,\u00a0<\/em>una t\u00e9cnica de composici\u00f3n que repite invariablemente patrones r\u00edtmicos apoyados principalmente por el sonido de las percusiones\u201d.<\/p>\n\n\n\n<figure class=\"wp-block-image size-large\"><img loading=\"lazy\" decoding=\"async\" width=\"1024\" height=\"582\" src=\"https:\/\/quehacerpolitico.mx\/wp-content\/uploads\/2024\/06\/image-29-1024x582.jpeg\" alt=\"\" class=\"wp-image-111023\" srcset=\"https:\/\/quehacerpolitico.mx\/wp-content\/uploads\/2024\/06\/image-29-1024x582.jpeg 1024w, https:\/\/quehacerpolitico.mx\/wp-content\/uploads\/2024\/06\/image-29-300x170.jpeg 300w, https:\/\/quehacerpolitico.mx\/wp-content\/uploads\/2024\/06\/image-29-768x436.jpeg 768w, https:\/\/quehacerpolitico.mx\/wp-content\/uploads\/2024\/06\/image-29-257x146.jpeg 257w, https:\/\/quehacerpolitico.mx\/wp-content\/uploads\/2024\/06\/image-29-50x28.jpeg 50w, https:\/\/quehacerpolitico.mx\/wp-content\/uploads\/2024\/06\/image-29-132x75.jpeg 132w, https:\/\/quehacerpolitico.mx\/wp-content\/uploads\/2024\/06\/image-29.jpeg 1280w\" sizes=\"auto, (max-width: 1024px) 100vw, 1024px\" \/><\/figure>\n\n\n\n<figure class=\"wp-block-image size-large\"><img loading=\"lazy\" decoding=\"async\" width=\"1024\" height=\"576\" src=\"https:\/\/quehacerpolitico.mx\/wp-content\/uploads\/2024\/06\/image-28-1024x576.jpeg\" alt=\"\" class=\"wp-image-111022\" srcset=\"https:\/\/quehacerpolitico.mx\/wp-content\/uploads\/2024\/06\/image-28-1024x576.jpeg 1024w, https:\/\/quehacerpolitico.mx\/wp-content\/uploads\/2024\/06\/image-28-300x169.jpeg 300w, https:\/\/quehacerpolitico.mx\/wp-content\/uploads\/2024\/06\/image-28-768x432.jpeg 768w, https:\/\/quehacerpolitico.mx\/wp-content\/uploads\/2024\/06\/image-28-1536x864.jpeg 1536w, https:\/\/quehacerpolitico.mx\/wp-content\/uploads\/2024\/06\/image-28-2048x1152.jpeg 2048w, https:\/\/quehacerpolitico.mx\/wp-content\/uploads\/2024\/06\/image-28-260x146.jpeg 260w, https:\/\/quehacerpolitico.mx\/wp-content\/uploads\/2024\/06\/image-28-50x28.jpeg 50w, https:\/\/quehacerpolitico.mx\/wp-content\/uploads\/2024\/06\/image-28-133x75.jpeg 133w, https:\/\/quehacerpolitico.mx\/wp-content\/uploads\/2024\/06\/image-28-1200x675.jpeg 1200w\" sizes=\"auto, (max-width: 1024px) 100vw, 1024px\" \/><\/figure>\n\n\n\n<p>Asimismo, subraya que la parte de la orquesta ser\u00e1 ejecutada por los dos pianistas, Luis Castro Flores y James Carl Pull\u00e9s G\u00fcitr\u00f3. El p\u00fablico escuchar\u00e1 todos los movimientos pues las intervenciones del coro y las percusiones son las mismas que marca la partitura original de Orff. La orquestaci\u00f3n es la que se modifica, toda vez que la parte de la orquesta recae en la sonoridad de los dos pianos.<\/p>\n\n\n\n<p>Por su parte, el director del Ensamble de percusiones de la OECCh, Roberto Zerquera, explica que esta versi\u00f3n de<em>Carmina Burana<\/em>&nbsp;implica un reto importante para Isis \u00c1lvarez Vega, Zaid Uriel Cuamatzin Flores, Miriam Ang\u00e9licaEl\u00edas L\u00f3pez, Rodrigo Jeh\u00fa Espinosa Jacobo, Nicol\u00e1s Garrido Flores, Arturo Alejandro Jim\u00e9nez Ramos, Raziel Dumah P\u00e9rez Pedroza y Mois\u00e9s Uziel Ulloa Ram\u00edrez, integrantes de este ensamble, porque el objetivo es conjugar el sonido del coro, los pianos y las percusiones para respetar el estilo de la obra.<\/p>\n\n\n\n<p>\u201cEl reto para ellos es adecuar y encontrar el balance en las articulaciones \u2014 la forma en que se produce la transici\u00f3n de un sonido a otro o bien sobre la misma nota\u2014 porque en esta versi\u00f3n, las percusiones est\u00e1n mucho m\u00e1s presentes, m\u00e1s cerca del escenario, a diferencia de cuando estamos dentro de la orquesta. Y aqu\u00ed dos pianos no suenan con la misma potencia que una orquesta, entonces los instrumentistas tienen que controlar la fuerza con la que hacen sonar las percusiones, sin perder el vigor e intensidad del sonido que marca la partitura, porque estar\u00edamos rompiendo el estilo de esta obra que es muy conocida y reconocida por el p\u00fablico por la explosividad e intensidad sonora y el p\u00fablico dir\u00e1 \u00bfqu\u00e9 vine a escuchar?\u201d.<\/p>\n\n\n\n<figure class=\"wp-block-image size-large\"><img loading=\"lazy\" decoding=\"async\" width=\"1024\" height=\"654\" src=\"https:\/\/quehacerpolitico.mx\/wp-content\/uploads\/2024\/06\/image-30-1024x654.jpeg\" alt=\"\" class=\"wp-image-111024\" srcset=\"https:\/\/quehacerpolitico.mx\/wp-content\/uploads\/2024\/06\/image-30-1024x654.jpeg 1024w, https:\/\/quehacerpolitico.mx\/wp-content\/uploads\/2024\/06\/image-30-300x192.jpeg 300w, https:\/\/quehacerpolitico.mx\/wp-content\/uploads\/2024\/06\/image-30-768x491.jpeg 768w, https:\/\/quehacerpolitico.mx\/wp-content\/uploads\/2024\/06\/image-30-228x146.jpeg 228w, https:\/\/quehacerpolitico.mx\/wp-content\/uploads\/2024\/06\/image-30-50x32.jpeg 50w, https:\/\/quehacerpolitico.mx\/wp-content\/uploads\/2024\/06\/image-30-117x75.jpeg 117w, https:\/\/quehacerpolitico.mx\/wp-content\/uploads\/2024\/06\/image-30.jpeg 1280w\" sizes=\"auto, (max-width: 1024px) 100vw, 1024px\" \/><\/figure>\n\n\n\n<p>Catalogada por los expertos como profana y pegajosa, esta obra ha trascendidolas fronteras geogr\u00e1ficas y del tiempo porque muestra un panorama de la Europa medieval y la vida en el siglo XIII, con toda su belleza y fealdad.&nbsp;<em>Carmina Burana&nbsp;<\/em>es parte de una trilog\u00eda a la que Orff titul\u00f3<em>Triunfos<\/em>&nbsp;e incluye dos cantatas m\u00e1s,&nbsp;<em>Catulli Carmina<\/em>&nbsp;y&nbsp;<em>El triunfo de Afrodita, y&nbsp;<\/em>su versi\u00f3n para dos pianos, percusiones y coro se presentar\u00e1 en el Auditorio Blas Galindo del Centro Nacional de las Artes el s\u00e1bado 29 de junio de 2024, a las 13:30 h. La entrada es libre en funci\u00f3n al aforo del recinto.<\/p>\n\n\n\n<p>Para mayores informes consulta la cartelera en&nbsp;<a href=\"http:\/\/mexicoescultura.com\/\" target=\"_blank\" rel=\"noreferrer noopener\">mexicoescultura.com<\/a>&nbsp;y&nbsp;<a href=\"http:\/\/fomentomusical.cultura.gob.mx\/\" target=\"_blank\" rel=\"noreferrer noopener\">fomentomusical.cultura.gob.mx<\/a>.<\/p>\n","protected":false},"excerpt":{"rendered":"<p>Por Litza Deniss Dur\u00e1n Espinosa Agrupaciones musicales impulsadas por el Sistema Nacional de Fomento Musical&#8230;<\/p>\n","protected":false},"author":2,"featured_media":111019,"comment_status":"open","ping_status":"open","sticky":false,"template":"","format":"standard","meta":{"_monsterinsights_skip_tracking":false,"_monsterinsights_sitenote_active":false,"_monsterinsights_sitenote_note":"","_monsterinsights_sitenote_category":0,"footnotes":""},"categories":[58],"tags":[],"class_list":["post-111018","post","type-post","status-publish","format-standard","has-post-thumbnail","hentry","category-cultura"],"yoast_head":"<!-- This site is optimized with the Yoast SEO plugin v27.3 - https:\/\/yoast.com\/product\/yoast-seo-wordpress\/ -->\n<title>El Quehacer Pol\u00edtico en la Cultura a trav\u00e9s del Enfoque\/\/\/Litza Deniss Dur\u00e1n Espinosa\/\/\/Disfruta de\u00a0Carmina Burana\u00a0en versi\u00f3n para dos pianos, percusiones y coro, con grupos art\u00edsticos de Fomento Musical -<\/title>\n<meta name=\"robots\" content=\"index, follow, max-snippet:-1, max-image-preview:large, max-video-preview:-1\" \/>\n<link rel=\"canonical\" href=\"https:\/\/quehacerpolitico.mx\/?p=111018\" \/>\n<meta property=\"og:locale\" content=\"es_MX\" \/>\n<meta property=\"og:type\" content=\"article\" \/>\n<meta property=\"og:title\" content=\"El Quehacer Pol\u00edtico en la Cultura a trav\u00e9s del Enfoque\/\/\/Litza Deniss Dur\u00e1n Espinosa\/\/\/Disfruta de\u00a0Carmina Burana\u00a0en versi\u00f3n para dos pianos, percusiones y coro, con grupos art\u00edsticos de Fomento Musical -\" \/>\n<meta property=\"og:description\" content=\"Por Litza Deniss Dur\u00e1n Espinosa Agrupaciones musicales impulsadas por el Sistema Nacional de Fomento Musical...\" \/>\n<meta property=\"og:url\" content=\"https:\/\/quehacerpolitico.mx\/?p=111018\" \/>\n<meta property=\"article:published_time\" content=\"2024-06-27T20:15:41+00:00\" \/>\n<meta property=\"article:modified_time\" content=\"2024-06-27T20:15:44+00:00\" \/>\n<meta property=\"og:image\" content=\"https:\/\/quehacerpolitico.mx\/wp-content\/uploads\/2024\/06\/f97f131b-617d-4d33-b7a7-a2e9689dd2f7-4.jpeg\" \/>\n\t<meta property=\"og:image:width\" content=\"963\" \/>\n\t<meta property=\"og:image:height\" content=\"493\" \/>\n\t<meta property=\"og:image:type\" content=\"image\/jpeg\" \/>\n<meta name=\"author\" content=\"Redacci\u00f3n QP\" \/>\n<meta name=\"twitter:card\" content=\"summary_large_image\" \/>\n<meta name=\"twitter:label1\" content=\"Escrito por\" \/>\n\t<meta name=\"twitter:data1\" content=\"Redacci\u00f3n QP\" \/>\n\t<meta name=\"twitter:label2\" content=\"Tiempo de lectura\" \/>\n\t<meta name=\"twitter:data2\" content=\"5 minutos\" \/>\n<script type=\"application\/ld+json\" class=\"yoast-schema-graph\">{\"@context\":\"https:\\\/\\\/schema.org\",\"@graph\":[{\"@type\":\"Article\",\"@id\":\"https:\\\/\\\/quehacerpolitico.mx\\\/?p=111018#article\",\"isPartOf\":{\"@id\":\"https:\\\/\\\/quehacerpolitico.mx\\\/?p=111018\"},\"author\":{\"name\":\"Redacci\u00f3n QP\",\"@id\":\"https:\\\/\\\/quehacerpolitico.mx\\\/#\\\/schema\\\/person\\\/496d8ad2d1d3f8036101dca7ee39e585\"},\"headline\":\"El Quehacer Pol\u00edtico en la Cultura a trav\u00e9s del Enfoque\\\/\\\/\\\/Litza Deniss Dur\u00e1n Espinosa\\\/\\\/\\\/Disfruta de\u00a0Carmina Burana\u00a0en versi\u00f3n para dos pianos, percusiones y coro, con grupos art\u00edsticos de Fomento Musical\",\"datePublished\":\"2024-06-27T20:15:41+00:00\",\"dateModified\":\"2024-06-27T20:15:44+00:00\",\"mainEntityOfPage\":{\"@id\":\"https:\\\/\\\/quehacerpolitico.mx\\\/?p=111018\"},\"wordCount\":970,\"commentCount\":0,\"image\":{\"@id\":\"https:\\\/\\\/quehacerpolitico.mx\\\/?p=111018#primaryimage\"},\"thumbnailUrl\":\"https:\\\/\\\/quehacerpolitico.mx\\\/wp-content\\\/uploads\\\/2024\\\/06\\\/f97f131b-617d-4d33-b7a7-a2e9689dd2f7-4.jpeg\",\"articleSection\":[\"Cultura y Entretenimiento\"],\"inLanguage\":\"es\",\"potentialAction\":[{\"@type\":\"CommentAction\",\"name\":\"Comment\",\"target\":[\"https:\\\/\\\/quehacerpolitico.mx\\\/?p=111018#respond\"]}]},{\"@type\":\"WebPage\",\"@id\":\"https:\\\/\\\/quehacerpolitico.mx\\\/?p=111018\",\"url\":\"https:\\\/\\\/quehacerpolitico.mx\\\/?p=111018\",\"name\":\"El Quehacer Pol\u00edtico en la Cultura a trav\u00e9s del Enfoque\\\/\\\/\\\/Litza Deniss Dur\u00e1n Espinosa\\\/\\\/\\\/Disfruta de\u00a0Carmina Burana\u00a0en versi\u00f3n para dos pianos, percusiones y coro, con grupos art\u00edsticos de Fomento Musical -\",\"isPartOf\":{\"@id\":\"https:\\\/\\\/quehacerpolitico.mx\\\/#website\"},\"primaryImageOfPage\":{\"@id\":\"https:\\\/\\\/quehacerpolitico.mx\\\/?p=111018#primaryimage\"},\"image\":{\"@id\":\"https:\\\/\\\/quehacerpolitico.mx\\\/?p=111018#primaryimage\"},\"thumbnailUrl\":\"https:\\\/\\\/quehacerpolitico.mx\\\/wp-content\\\/uploads\\\/2024\\\/06\\\/f97f131b-617d-4d33-b7a7-a2e9689dd2f7-4.jpeg\",\"datePublished\":\"2024-06-27T20:15:41+00:00\",\"dateModified\":\"2024-06-27T20:15:44+00:00\",\"author\":{\"@id\":\"https:\\\/\\\/quehacerpolitico.mx\\\/#\\\/schema\\\/person\\\/496d8ad2d1d3f8036101dca7ee39e585\"},\"breadcrumb\":{\"@id\":\"https:\\\/\\\/quehacerpolitico.mx\\\/?p=111018#breadcrumb\"},\"inLanguage\":\"es\",\"potentialAction\":[{\"@type\":\"ReadAction\",\"target\":[\"https:\\\/\\\/quehacerpolitico.mx\\\/?p=111018\"]}]},{\"@type\":\"ImageObject\",\"inLanguage\":\"es\",\"@id\":\"https:\\\/\\\/quehacerpolitico.mx\\\/?p=111018#primaryimage\",\"url\":\"https:\\\/\\\/quehacerpolitico.mx\\\/wp-content\\\/uploads\\\/2024\\\/06\\\/f97f131b-617d-4d33-b7a7-a2e9689dd2f7-4.jpeg\",\"contentUrl\":\"https:\\\/\\\/quehacerpolitico.mx\\\/wp-content\\\/uploads\\\/2024\\\/06\\\/f97f131b-617d-4d33-b7a7-a2e9689dd2f7-4.jpeg\",\"width\":963,\"height\":493},{\"@type\":\"BreadcrumbList\",\"@id\":\"https:\\\/\\\/quehacerpolitico.mx\\\/?p=111018#breadcrumb\",\"itemListElement\":[{\"@type\":\"ListItem\",\"position\":1,\"name\":\"Inicio\",\"item\":\"https:\\\/\\\/quehacerpolitico.mx\\\/\"},{\"@type\":\"ListItem\",\"position\":2,\"name\":\"El Quehacer Pol\u00edtico en la Cultura a trav\u00e9s del Enfoque\\\/\\\/\\\/Litza Deniss Dur\u00e1n Espinosa\\\/\\\/\\\/Disfruta de\u00a0Carmina Burana\u00a0en versi\u00f3n para dos pianos, percusiones y coro, con grupos art\u00edsticos de Fomento Musical\"}]},{\"@type\":\"WebSite\",\"@id\":\"https:\\\/\\\/quehacerpolitico.mx\\\/#website\",\"url\":\"https:\\\/\\\/quehacerpolitico.mx\\\/\",\"name\":\"\",\"description\":\"\",\"potentialAction\":[{\"@type\":\"SearchAction\",\"target\":{\"@type\":\"EntryPoint\",\"urlTemplate\":\"https:\\\/\\\/quehacerpolitico.mx\\\/?s={search_term_string}\"},\"query-input\":{\"@type\":\"PropertyValueSpecification\",\"valueRequired\":true,\"valueName\":\"search_term_string\"}}],\"inLanguage\":\"es\"},{\"@type\":\"Person\",\"@id\":\"https:\\\/\\\/quehacerpolitico.mx\\\/#\\\/schema\\\/person\\\/496d8ad2d1d3f8036101dca7ee39e585\",\"name\":\"Redacci\u00f3n QP\",\"image\":{\"@type\":\"ImageObject\",\"inLanguage\":\"es\",\"@id\":\"https:\\\/\\\/secure.gravatar.com\\\/avatar\\\/c7164ed6fdec453195284ad24a5ae5b6e1eed2b848477fa2a4787ba9adf39a41?s=96&d=mm&r=g\",\"url\":\"https:\\\/\\\/secure.gravatar.com\\\/avatar\\\/c7164ed6fdec453195284ad24a5ae5b6e1eed2b848477fa2a4787ba9adf39a41?s=96&d=mm&r=g\",\"contentUrl\":\"https:\\\/\\\/secure.gravatar.com\\\/avatar\\\/c7164ed6fdec453195284ad24a5ae5b6e1eed2b848477fa2a4787ba9adf39a41?s=96&d=mm&r=g\",\"caption\":\"Redacci\u00f3n QP\"},\"url\":\"https:\\\/\\\/quehacerpolitico.mx\\\/?author=2\"}]}<\/script>\n<!-- \/ Yoast SEO plugin. -->","yoast_head_json":{"title":"El Quehacer Pol\u00edtico en la Cultura a trav\u00e9s del Enfoque\/\/\/Litza Deniss Dur\u00e1n Espinosa\/\/\/Disfruta de\u00a0Carmina Burana\u00a0en versi\u00f3n para dos pianos, percusiones y coro, con grupos art\u00edsticos de Fomento Musical -","robots":{"index":"index","follow":"follow","max-snippet":"max-snippet:-1","max-image-preview":"max-image-preview:large","max-video-preview":"max-video-preview:-1"},"canonical":"https:\/\/quehacerpolitico.mx\/?p=111018","og_locale":"es_MX","og_type":"article","og_title":"El Quehacer Pol\u00edtico en la Cultura a trav\u00e9s del Enfoque\/\/\/Litza Deniss Dur\u00e1n Espinosa\/\/\/Disfruta de\u00a0Carmina Burana\u00a0en versi\u00f3n para dos pianos, percusiones y coro, con grupos art\u00edsticos de Fomento Musical -","og_description":"Por Litza Deniss Dur\u00e1n Espinosa Agrupaciones musicales impulsadas por el Sistema Nacional de Fomento Musical...","og_url":"https:\/\/quehacerpolitico.mx\/?p=111018","article_published_time":"2024-06-27T20:15:41+00:00","article_modified_time":"2024-06-27T20:15:44+00:00","og_image":[{"width":963,"height":493,"url":"https:\/\/quehacerpolitico.mx\/wp-content\/uploads\/2024\/06\/f97f131b-617d-4d33-b7a7-a2e9689dd2f7-4.jpeg","type":"image\/jpeg"}],"author":"Redacci\u00f3n QP","twitter_card":"summary_large_image","twitter_misc":{"Escrito por":"Redacci\u00f3n QP","Tiempo de lectura":"5 minutos"},"schema":{"@context":"https:\/\/schema.org","@graph":[{"@type":"Article","@id":"https:\/\/quehacerpolitico.mx\/?p=111018#article","isPartOf":{"@id":"https:\/\/quehacerpolitico.mx\/?p=111018"},"author":{"name":"Redacci\u00f3n QP","@id":"https:\/\/quehacerpolitico.mx\/#\/schema\/person\/496d8ad2d1d3f8036101dca7ee39e585"},"headline":"El Quehacer Pol\u00edtico en la Cultura a trav\u00e9s del Enfoque\/\/\/Litza Deniss Dur\u00e1n Espinosa\/\/\/Disfruta de\u00a0Carmina Burana\u00a0en versi\u00f3n para dos pianos, percusiones y coro, con grupos art\u00edsticos de Fomento Musical","datePublished":"2024-06-27T20:15:41+00:00","dateModified":"2024-06-27T20:15:44+00:00","mainEntityOfPage":{"@id":"https:\/\/quehacerpolitico.mx\/?p=111018"},"wordCount":970,"commentCount":0,"image":{"@id":"https:\/\/quehacerpolitico.mx\/?p=111018#primaryimage"},"thumbnailUrl":"https:\/\/quehacerpolitico.mx\/wp-content\/uploads\/2024\/06\/f97f131b-617d-4d33-b7a7-a2e9689dd2f7-4.jpeg","articleSection":["Cultura y Entretenimiento"],"inLanguage":"es","potentialAction":[{"@type":"CommentAction","name":"Comment","target":["https:\/\/quehacerpolitico.mx\/?p=111018#respond"]}]},{"@type":"WebPage","@id":"https:\/\/quehacerpolitico.mx\/?p=111018","url":"https:\/\/quehacerpolitico.mx\/?p=111018","name":"El Quehacer Pol\u00edtico en la Cultura a trav\u00e9s del Enfoque\/\/\/Litza Deniss Dur\u00e1n Espinosa\/\/\/Disfruta de\u00a0Carmina Burana\u00a0en versi\u00f3n para dos pianos, percusiones y coro, con grupos art\u00edsticos de Fomento Musical -","isPartOf":{"@id":"https:\/\/quehacerpolitico.mx\/#website"},"primaryImageOfPage":{"@id":"https:\/\/quehacerpolitico.mx\/?p=111018#primaryimage"},"image":{"@id":"https:\/\/quehacerpolitico.mx\/?p=111018#primaryimage"},"thumbnailUrl":"https:\/\/quehacerpolitico.mx\/wp-content\/uploads\/2024\/06\/f97f131b-617d-4d33-b7a7-a2e9689dd2f7-4.jpeg","datePublished":"2024-06-27T20:15:41+00:00","dateModified":"2024-06-27T20:15:44+00:00","author":{"@id":"https:\/\/quehacerpolitico.mx\/#\/schema\/person\/496d8ad2d1d3f8036101dca7ee39e585"},"breadcrumb":{"@id":"https:\/\/quehacerpolitico.mx\/?p=111018#breadcrumb"},"inLanguage":"es","potentialAction":[{"@type":"ReadAction","target":["https:\/\/quehacerpolitico.mx\/?p=111018"]}]},{"@type":"ImageObject","inLanguage":"es","@id":"https:\/\/quehacerpolitico.mx\/?p=111018#primaryimage","url":"https:\/\/quehacerpolitico.mx\/wp-content\/uploads\/2024\/06\/f97f131b-617d-4d33-b7a7-a2e9689dd2f7-4.jpeg","contentUrl":"https:\/\/quehacerpolitico.mx\/wp-content\/uploads\/2024\/06\/f97f131b-617d-4d33-b7a7-a2e9689dd2f7-4.jpeg","width":963,"height":493},{"@type":"BreadcrumbList","@id":"https:\/\/quehacerpolitico.mx\/?p=111018#breadcrumb","itemListElement":[{"@type":"ListItem","position":1,"name":"Inicio","item":"https:\/\/quehacerpolitico.mx\/"},{"@type":"ListItem","position":2,"name":"El Quehacer Pol\u00edtico en la Cultura a trav\u00e9s del Enfoque\/\/\/Litza Deniss Dur\u00e1n Espinosa\/\/\/Disfruta de\u00a0Carmina Burana\u00a0en versi\u00f3n para dos pianos, percusiones y coro, con grupos art\u00edsticos de Fomento Musical"}]},{"@type":"WebSite","@id":"https:\/\/quehacerpolitico.mx\/#website","url":"https:\/\/quehacerpolitico.mx\/","name":"","description":"","potentialAction":[{"@type":"SearchAction","target":{"@type":"EntryPoint","urlTemplate":"https:\/\/quehacerpolitico.mx\/?s={search_term_string}"},"query-input":{"@type":"PropertyValueSpecification","valueRequired":true,"valueName":"search_term_string"}}],"inLanguage":"es"},{"@type":"Person","@id":"https:\/\/quehacerpolitico.mx\/#\/schema\/person\/496d8ad2d1d3f8036101dca7ee39e585","name":"Redacci\u00f3n QP","image":{"@type":"ImageObject","inLanguage":"es","@id":"https:\/\/secure.gravatar.com\/avatar\/c7164ed6fdec453195284ad24a5ae5b6e1eed2b848477fa2a4787ba9adf39a41?s=96&d=mm&r=g","url":"https:\/\/secure.gravatar.com\/avatar\/c7164ed6fdec453195284ad24a5ae5b6e1eed2b848477fa2a4787ba9adf39a41?s=96&d=mm&r=g","contentUrl":"https:\/\/secure.gravatar.com\/avatar\/c7164ed6fdec453195284ad24a5ae5b6e1eed2b848477fa2a4787ba9adf39a41?s=96&d=mm&r=g","caption":"Redacci\u00f3n QP"},"url":"https:\/\/quehacerpolitico.mx\/?author=2"}]}},"featured_image_urls":{"full":["https:\/\/quehacerpolitico.mx\/wp-content\/uploads\/2024\/06\/f97f131b-617d-4d33-b7a7-a2e9689dd2f7-4.jpeg",963,493,false],"thumbnail":["https:\/\/quehacerpolitico.mx\/wp-content\/uploads\/2024\/06\/f97f131b-617d-4d33-b7a7-a2e9689dd2f7-4-150x150.jpeg",150,150,true],"medium":["https:\/\/quehacerpolitico.mx\/wp-content\/uploads\/2024\/06\/f97f131b-617d-4d33-b7a7-a2e9689dd2f7-4-300x154.jpeg",300,154,true],"medium_large":["https:\/\/quehacerpolitico.mx\/wp-content\/uploads\/2024\/06\/f97f131b-617d-4d33-b7a7-a2e9689dd2f7-4-768x393.jpeg",640,328,true],"large":["https:\/\/quehacerpolitico.mx\/wp-content\/uploads\/2024\/06\/f97f131b-617d-4d33-b7a7-a2e9689dd2f7-4.jpeg",640,328,false],"1536x1536":["https:\/\/quehacerpolitico.mx\/wp-content\/uploads\/2024\/06\/f97f131b-617d-4d33-b7a7-a2e9689dd2f7-4.jpeg",963,493,false],"2048x2048":["https:\/\/quehacerpolitico.mx\/wp-content\/uploads\/2024\/06\/f97f131b-617d-4d33-b7a7-a2e9689dd2f7-4.jpeg",963,493,false],"covernews-featured":["https:\/\/quehacerpolitico.mx\/wp-content\/uploads\/2024\/06\/f97f131b-617d-4d33-b7a7-a2e9689dd2f7-4.jpeg",963,493,false],"covernews-medium":["https:\/\/quehacerpolitico.mx\/wp-content\/uploads\/2024\/06\/f97f131b-617d-4d33-b7a7-a2e9689dd2f7-4.jpeg",540,276,false]},"author_info":{"display_name":"Redacci\u00f3n QP","author_link":"https:\/\/quehacerpolitico.mx\/?author=2"},"category_info":"<a href=\"https:\/\/quehacerpolitico.mx\/?cat=58\" rel=\"category\">Cultura y Entretenimiento<\/a>","tag_info":"Cultura y Entretenimiento","comment_count":"0","_links":{"self":[{"href":"https:\/\/quehacerpolitico.mx\/index.php?rest_route=\/wp\/v2\/posts\/111018","targetHints":{"allow":["GET"]}}],"collection":[{"href":"https:\/\/quehacerpolitico.mx\/index.php?rest_route=\/wp\/v2\/posts"}],"about":[{"href":"https:\/\/quehacerpolitico.mx\/index.php?rest_route=\/wp\/v2\/types\/post"}],"author":[{"embeddable":true,"href":"https:\/\/quehacerpolitico.mx\/index.php?rest_route=\/wp\/v2\/users\/2"}],"replies":[{"embeddable":true,"href":"https:\/\/quehacerpolitico.mx\/index.php?rest_route=%2Fwp%2Fv2%2Fcomments&post=111018"}],"version-history":[{"count":1,"href":"https:\/\/quehacerpolitico.mx\/index.php?rest_route=\/wp\/v2\/posts\/111018\/revisions"}],"predecessor-version":[{"id":111025,"href":"https:\/\/quehacerpolitico.mx\/index.php?rest_route=\/wp\/v2\/posts\/111018\/revisions\/111025"}],"wp:featuredmedia":[{"embeddable":true,"href":"https:\/\/quehacerpolitico.mx\/index.php?rest_route=\/wp\/v2\/media\/111019"}],"wp:attachment":[{"href":"https:\/\/quehacerpolitico.mx\/index.php?rest_route=%2Fwp%2Fv2%2Fmedia&parent=111018"}],"wp:term":[{"taxonomy":"category","embeddable":true,"href":"https:\/\/quehacerpolitico.mx\/index.php?rest_route=%2Fwp%2Fv2%2Fcategories&post=111018"},{"taxonomy":"post_tag","embeddable":true,"href":"https:\/\/quehacerpolitico.mx\/index.php?rest_route=%2Fwp%2Fv2%2Ftags&post=111018"}],"curies":[{"name":"wp","href":"https:\/\/api.w.org\/{rel}","templated":true}]}}