{"id":111009,"date":"2024-06-27T19:08:02","date_gmt":"2024-06-27T19:08:02","guid":{"rendered":"https:\/\/quehacerpolitico.mx\/?p=111009"},"modified":"2024-06-27T19:08:05","modified_gmt":"2024-06-27T19:08:05","slug":"la-tasa-de-desempleo-en-mexico-llego-en-mayo-pasado-al-2-6-por-ciento-de-la-poblacion-economicamente-activa-pea","status":"publish","type":"post","link":"https:\/\/quehacerpolitico.mx\/?p=111009","title":{"rendered":"La tasa de\u00a0desempleo\u00a0en\u00a0M\u00e9xico\u00a0lleg\u00f3 en\u00a0mayo\u00a0pasado al 2.6 por ciento de la poblaci\u00f3n econ\u00f3micamente activa (PEA)"},"content":{"rendered":"\n<p>Por Redacci\u00f3n QP<\/p>\n\n\n\n<p>El dato sobre desempleo del Inegi es menor al \u00edndice del 2.9 por ciento del mismo mes de 2023, aunque es igual al de abril pasado<\/p>\n\n\n\n<p>La tasa de\u00a0<strong>desempleo<\/strong>\u00a0en\u00a0<strong>M\u00e9xico<\/strong>\u00a0lleg\u00f3 en\u00a0<strong>mayo<\/strong>\u00a0pasado al 2.6 por ciento de la poblaci\u00f3n econ\u00f3micamente activa (PEA), inform\u00f3 este jueves el Instituto Nacional de Estad\u00edstica y Geograf\u00eda (<strong>Inegi<\/strong>).<\/p>\n\n\n\n<figure class=\"wp-block-embed is-type-rich is-provider-twitter wp-block-embed-twitter\"><div class=\"wp-block-embed__wrapper\">\n<blockquote class=\"twitter-tweet\" data-width=\"550\" data-dnt=\"true\"><p lang=\"es\" dir=\"ltr\">La poblaci\u00f3n desocupada represent\u00f3 el 2.6% de la <a href=\"https:\/\/twitter.com\/hashtag\/PEA?src=hash&amp;ref_src=twsrc%5Etfw\">#PEA<\/a>, es decir, 1.6 millones de personas buscaron activamente empleo.<br><br>La poblaci\u00f3n subocupada (que declar\u00f3 tener necesidad y disponibilidad de trabajar m\u00e1s horas) fue de 4.4 millones de personas, 7.4% de la <a href=\"https:\/\/twitter.com\/hashtag\/PO?src=hash&amp;ref_src=twsrc%5Etfw\">#PO<\/a>.<br><br>(2\/3) <a href=\"https:\/\/t.co\/9QmPf8cnPL\">pic.twitter.com\/9QmPf8cnPL<\/a><\/p>&mdash; INEGI INFORMA (@INEGI_INFORMA) <a href=\"https:\/\/twitter.com\/INEGI_INFORMA\/status\/1806296800149586364?ref_src=twsrc%5Etfw\">June 27, 2024<\/a><\/blockquote><script async src=\"https:\/\/platform.twitter.com\/widgets.js\" charset=\"utf-8\"><\/script>\n<\/div><\/figure>\n\n\n\n<p>El dato es menor al \u00edndice del 2.9 por ciento del mismo mes de 2023, aunque es igual al de abril pasado, precis\u00f3 el organismo aut\u00f3nomo en su reporte.<\/p>\n\n\n\n<p>La poblaci\u00f3n desocupada fue de 1,6 millones de personas y la tasa de desocupaci\u00f3n (TD), de 2.6 por ciento de la PEA. Respecto a mayo de 2023, la poblaci\u00f3n desocupada disminuy\u00f3 en 149.000 personas y la TD fue menor en 0.3 puntos porcentuales.\u201d, detall\u00f3 el Inegi.<\/p>\n\n\n\n<p>La PEA del quinto mes del a\u00f1o lleg\u00f3 a 61.4 millones de personas de 15 a\u00f1os y m\u00e1s, lo que represent\u00f3 una tasa de participaci\u00f3n de 60.5 por ciento y una poblaci\u00f3n activa superior en 1,4 millones de personas a la de mayo de 2023.<\/p>\n\n\n\n<p>De la PEA, 59.8 millones de personas estuvieron ocupadas, 51 mil m\u00e1s que en mayo de un a\u00f1o antes.<\/p>\n\n\n\n<p>Las personas subocupadas, es decir, quienes declararon tener necesidad y disponibilidad para trabajar m\u00e1s horas, fueron 4.4 millones, el 7.4 por ciento de la poblaci\u00f3n ocupada, un decrecimiento de 272 mil personas ante mayo de 2023.<\/p>\n\n\n\n<h3 class=\"wp-block-heading\">Por sectores e informalidad<\/h3>\n\n\n\n<p>Los trabajadores informales en mayo totalizaron 32.6 millones, lo que redujo 0.7 puntos la tasa de informalidad al 54.4 por ciento.<\/p>\n\n\n\n<p>La poblaci\u00f3n ocupada por sector de actividad se distribuy\u00f3 con 43.5 por ciento del total en servicios, en comercio 19.7 %, en manufacturas el 16.8 por ciento, en actividades agropecuarias 10.4 % y en construcci\u00f3n 8.2 por ciento.<\/p>\n\n\n\n<p>Mientras que en \u2018otras actividades econ\u00f3micas\u2019, que incluyen miner\u00eda, electricidad, agua y suministro de gas, estuvo ocupada el 0.7 por ciento, y otro 0.6 % no especific\u00f3 actividad.<\/p>\n\n\n\n<p>Las cifras reflejan el comportamiento econ\u00f3mico de M\u00e9xico, que en el primer trimestre de 2024 creci\u00f3 un 1.6 por ciento interanual y un 0.3 % trimestral, seg\u00fan los datos definitivos del Inegi.<\/p>\n\n\n\n<p>Con informaci\u00f3n de EFE<\/p>\n","protected":false},"excerpt":{"rendered":"<p>Por Redacci\u00f3n QP El dato sobre desempleo del Inegi es menor al \u00edndice del 2.9&#8230;<\/p>\n","protected":false},"author":2,"featured_media":111010,"comment_status":"open","ping_status":"open","sticky":false,"template":"","format":"standard","meta":{"_monsterinsights_skip_tracking":false,"_monsterinsights_sitenote_active":false,"_monsterinsights_sitenote_note":"","_monsterinsights_sitenote_category":0,"footnotes":""},"categories":[56],"tags":[],"class_list":["post-111009","post","type-post","status-publish","format-standard","has-post-thumbnail","hentry","category-economia"],"yoast_head":"<!-- This site is optimized with the Yoast SEO plugin v27.3 - https:\/\/yoast.com\/product\/yoast-seo-wordpress\/ -->\n<title>La tasa de\u00a0desempleo\u00a0en\u00a0M\u00e9xico\u00a0lleg\u00f3 en\u00a0mayo\u00a0pasado al 2.6 por ciento de la poblaci\u00f3n econ\u00f3micamente activa (PEA) -<\/title>\n<meta name=\"robots\" content=\"index, follow, max-snippet:-1, max-image-preview:large, max-video-preview:-1\" \/>\n<link rel=\"canonical\" href=\"https:\/\/quehacerpolitico.mx\/?p=111009\" \/>\n<meta property=\"og:locale\" content=\"es_MX\" \/>\n<meta property=\"og:type\" content=\"article\" \/>\n<meta property=\"og:title\" content=\"La tasa de\u00a0desempleo\u00a0en\u00a0M\u00e9xico\u00a0lleg\u00f3 en\u00a0mayo\u00a0pasado al 2.6 por ciento de la poblaci\u00f3n econ\u00f3micamente activa (PEA) -\" \/>\n<meta property=\"og:description\" content=\"Por Redacci\u00f3n QP El dato sobre desempleo del Inegi es menor al \u00edndice del 2.9...\" \/>\n<meta property=\"og:url\" content=\"https:\/\/quehacerpolitico.mx\/?p=111009\" \/>\n<meta property=\"article:published_time\" content=\"2024-06-27T19:08:02+00:00\" \/>\n<meta property=\"article:modified_time\" content=\"2024-06-27T19:08:05+00:00\" \/>\n<meta property=\"og:image\" content=\"https:\/\/quehacerpolitico.mx\/wp-content\/uploads\/2024\/06\/IMG_6457.jpeg\" \/>\n\t<meta property=\"og:image:width\" content=\"630\" \/>\n\t<meta property=\"og:image:height\" content=\"330\" \/>\n\t<meta property=\"og:image:type\" content=\"image\/jpeg\" \/>\n<meta name=\"author\" content=\"Redacci\u00f3n QP\" \/>\n<meta name=\"twitter:card\" content=\"summary_large_image\" \/>\n<meta name=\"twitter:label1\" content=\"Escrito por\" \/>\n\t<meta name=\"twitter:data1\" content=\"Redacci\u00f3n QP\" \/>\n\t<meta name=\"twitter:label2\" content=\"Tiempo de lectura\" \/>\n\t<meta name=\"twitter:data2\" content=\"2 minutos\" \/>\n<script type=\"application\/ld+json\" class=\"yoast-schema-graph\">{\"@context\":\"https:\\\/\\\/schema.org\",\"@graph\":[{\"@type\":\"Article\",\"@id\":\"https:\\\/\\\/quehacerpolitico.mx\\\/?p=111009#article\",\"isPartOf\":{\"@id\":\"https:\\\/\\\/quehacerpolitico.mx\\\/?p=111009\"},\"author\":{\"name\":\"Redacci\u00f3n QP\",\"@id\":\"https:\\\/\\\/quehacerpolitico.mx\\\/#\\\/schema\\\/person\\\/496d8ad2d1d3f8036101dca7ee39e585\"},\"headline\":\"La tasa de\u00a0desempleo\u00a0en\u00a0M\u00e9xico\u00a0lleg\u00f3 en\u00a0mayo\u00a0pasado al 2.6 por ciento de la poblaci\u00f3n econ\u00f3micamente activa (PEA)\",\"datePublished\":\"2024-06-27T19:08:02+00:00\",\"dateModified\":\"2024-06-27T19:08:05+00:00\",\"mainEntityOfPage\":{\"@id\":\"https:\\\/\\\/quehacerpolitico.mx\\\/?p=111009\"},\"wordCount\":385,\"commentCount\":0,\"image\":{\"@id\":\"https:\\\/\\\/quehacerpolitico.mx\\\/?p=111009#primaryimage\"},\"thumbnailUrl\":\"https:\\\/\\\/quehacerpolitico.mx\\\/wp-content\\\/uploads\\\/2024\\\/06\\\/IMG_6457.jpeg\",\"articleSection\":[\"Econom\u00eda\"],\"inLanguage\":\"es\",\"potentialAction\":[{\"@type\":\"CommentAction\",\"name\":\"Comment\",\"target\":[\"https:\\\/\\\/quehacerpolitico.mx\\\/?p=111009#respond\"]}]},{\"@type\":\"WebPage\",\"@id\":\"https:\\\/\\\/quehacerpolitico.mx\\\/?p=111009\",\"url\":\"https:\\\/\\\/quehacerpolitico.mx\\\/?p=111009\",\"name\":\"La tasa de\u00a0desempleo\u00a0en\u00a0M\u00e9xico\u00a0lleg\u00f3 en\u00a0mayo\u00a0pasado al 2.6 por ciento de la poblaci\u00f3n econ\u00f3micamente activa (PEA) -\",\"isPartOf\":{\"@id\":\"https:\\\/\\\/quehacerpolitico.mx\\\/#website\"},\"primaryImageOfPage\":{\"@id\":\"https:\\\/\\\/quehacerpolitico.mx\\\/?p=111009#primaryimage\"},\"image\":{\"@id\":\"https:\\\/\\\/quehacerpolitico.mx\\\/?p=111009#primaryimage\"},\"thumbnailUrl\":\"https:\\\/\\\/quehacerpolitico.mx\\\/wp-content\\\/uploads\\\/2024\\\/06\\\/IMG_6457.jpeg\",\"datePublished\":\"2024-06-27T19:08:02+00:00\",\"dateModified\":\"2024-06-27T19:08:05+00:00\",\"author\":{\"@id\":\"https:\\\/\\\/quehacerpolitico.mx\\\/#\\\/schema\\\/person\\\/496d8ad2d1d3f8036101dca7ee39e585\"},\"breadcrumb\":{\"@id\":\"https:\\\/\\\/quehacerpolitico.mx\\\/?p=111009#breadcrumb\"},\"inLanguage\":\"es\",\"potentialAction\":[{\"@type\":\"ReadAction\",\"target\":[\"https:\\\/\\\/quehacerpolitico.mx\\\/?p=111009\"]}]},{\"@type\":\"ImageObject\",\"inLanguage\":\"es\",\"@id\":\"https:\\\/\\\/quehacerpolitico.mx\\\/?p=111009#primaryimage\",\"url\":\"https:\\\/\\\/quehacerpolitico.mx\\\/wp-content\\\/uploads\\\/2024\\\/06\\\/IMG_6457.jpeg\",\"contentUrl\":\"https:\\\/\\\/quehacerpolitico.mx\\\/wp-content\\\/uploads\\\/2024\\\/06\\\/IMG_6457.jpeg\",\"width\":630,\"height\":330},{\"@type\":\"BreadcrumbList\",\"@id\":\"https:\\\/\\\/quehacerpolitico.mx\\\/?p=111009#breadcrumb\",\"itemListElement\":[{\"@type\":\"ListItem\",\"position\":1,\"name\":\"Inicio\",\"item\":\"https:\\\/\\\/quehacerpolitico.mx\\\/\"},{\"@type\":\"ListItem\",\"position\":2,\"name\":\"La tasa de\u00a0desempleo\u00a0en\u00a0M\u00e9xico\u00a0lleg\u00f3 en\u00a0mayo\u00a0pasado al 2.6 por ciento de la poblaci\u00f3n econ\u00f3micamente activa (PEA)\"}]},{\"@type\":\"WebSite\",\"@id\":\"https:\\\/\\\/quehacerpolitico.mx\\\/#website\",\"url\":\"https:\\\/\\\/quehacerpolitico.mx\\\/\",\"name\":\"\",\"description\":\"\",\"potentialAction\":[{\"@type\":\"SearchAction\",\"target\":{\"@type\":\"EntryPoint\",\"urlTemplate\":\"https:\\\/\\\/quehacerpolitico.mx\\\/?s={search_term_string}\"},\"query-input\":{\"@type\":\"PropertyValueSpecification\",\"valueRequired\":true,\"valueName\":\"search_term_string\"}}],\"inLanguage\":\"es\"},{\"@type\":\"Person\",\"@id\":\"https:\\\/\\\/quehacerpolitico.mx\\\/#\\\/schema\\\/person\\\/496d8ad2d1d3f8036101dca7ee39e585\",\"name\":\"Redacci\u00f3n QP\",\"image\":{\"@type\":\"ImageObject\",\"inLanguage\":\"es\",\"@id\":\"https:\\\/\\\/secure.gravatar.com\\\/avatar\\\/c7164ed6fdec453195284ad24a5ae5b6e1eed2b848477fa2a4787ba9adf39a41?s=96&d=mm&r=g\",\"url\":\"https:\\\/\\\/secure.gravatar.com\\\/avatar\\\/c7164ed6fdec453195284ad24a5ae5b6e1eed2b848477fa2a4787ba9adf39a41?s=96&d=mm&r=g\",\"contentUrl\":\"https:\\\/\\\/secure.gravatar.com\\\/avatar\\\/c7164ed6fdec453195284ad24a5ae5b6e1eed2b848477fa2a4787ba9adf39a41?s=96&d=mm&r=g\",\"caption\":\"Redacci\u00f3n QP\"},\"url\":\"https:\\\/\\\/quehacerpolitico.mx\\\/?author=2\"}]}<\/script>\n<!-- \/ Yoast SEO plugin. -->","yoast_head_json":{"title":"La tasa de\u00a0desempleo\u00a0en\u00a0M\u00e9xico\u00a0lleg\u00f3 en\u00a0mayo\u00a0pasado al 2.6 por ciento de la poblaci\u00f3n econ\u00f3micamente activa (PEA) -","robots":{"index":"index","follow":"follow","max-snippet":"max-snippet:-1","max-image-preview":"max-image-preview:large","max-video-preview":"max-video-preview:-1"},"canonical":"https:\/\/quehacerpolitico.mx\/?p=111009","og_locale":"es_MX","og_type":"article","og_title":"La tasa de\u00a0desempleo\u00a0en\u00a0M\u00e9xico\u00a0lleg\u00f3 en\u00a0mayo\u00a0pasado al 2.6 por ciento de la poblaci\u00f3n econ\u00f3micamente activa (PEA) -","og_description":"Por Redacci\u00f3n QP El dato sobre desempleo del Inegi es menor al \u00edndice del 2.9...","og_url":"https:\/\/quehacerpolitico.mx\/?p=111009","article_published_time":"2024-06-27T19:08:02+00:00","article_modified_time":"2024-06-27T19:08:05+00:00","og_image":[{"width":630,"height":330,"url":"https:\/\/quehacerpolitico.mx\/wp-content\/uploads\/2024\/06\/IMG_6457.jpeg","type":"image\/jpeg"}],"author":"Redacci\u00f3n QP","twitter_card":"summary_large_image","twitter_misc":{"Escrito por":"Redacci\u00f3n QP","Tiempo de lectura":"2 minutos"},"schema":{"@context":"https:\/\/schema.org","@graph":[{"@type":"Article","@id":"https:\/\/quehacerpolitico.mx\/?p=111009#article","isPartOf":{"@id":"https:\/\/quehacerpolitico.mx\/?p=111009"},"author":{"name":"Redacci\u00f3n QP","@id":"https:\/\/quehacerpolitico.mx\/#\/schema\/person\/496d8ad2d1d3f8036101dca7ee39e585"},"headline":"La tasa de\u00a0desempleo\u00a0en\u00a0M\u00e9xico\u00a0lleg\u00f3 en\u00a0mayo\u00a0pasado al 2.6 por ciento de la poblaci\u00f3n econ\u00f3micamente activa (PEA)","datePublished":"2024-06-27T19:08:02+00:00","dateModified":"2024-06-27T19:08:05+00:00","mainEntityOfPage":{"@id":"https:\/\/quehacerpolitico.mx\/?p=111009"},"wordCount":385,"commentCount":0,"image":{"@id":"https:\/\/quehacerpolitico.mx\/?p=111009#primaryimage"},"thumbnailUrl":"https:\/\/quehacerpolitico.mx\/wp-content\/uploads\/2024\/06\/IMG_6457.jpeg","articleSection":["Econom\u00eda"],"inLanguage":"es","potentialAction":[{"@type":"CommentAction","name":"Comment","target":["https:\/\/quehacerpolitico.mx\/?p=111009#respond"]}]},{"@type":"WebPage","@id":"https:\/\/quehacerpolitico.mx\/?p=111009","url":"https:\/\/quehacerpolitico.mx\/?p=111009","name":"La tasa de\u00a0desempleo\u00a0en\u00a0M\u00e9xico\u00a0lleg\u00f3 en\u00a0mayo\u00a0pasado al 2.6 por ciento de la poblaci\u00f3n econ\u00f3micamente activa (PEA) -","isPartOf":{"@id":"https:\/\/quehacerpolitico.mx\/#website"},"primaryImageOfPage":{"@id":"https:\/\/quehacerpolitico.mx\/?p=111009#primaryimage"},"image":{"@id":"https:\/\/quehacerpolitico.mx\/?p=111009#primaryimage"},"thumbnailUrl":"https:\/\/quehacerpolitico.mx\/wp-content\/uploads\/2024\/06\/IMG_6457.jpeg","datePublished":"2024-06-27T19:08:02+00:00","dateModified":"2024-06-27T19:08:05+00:00","author":{"@id":"https:\/\/quehacerpolitico.mx\/#\/schema\/person\/496d8ad2d1d3f8036101dca7ee39e585"},"breadcrumb":{"@id":"https:\/\/quehacerpolitico.mx\/?p=111009#breadcrumb"},"inLanguage":"es","potentialAction":[{"@type":"ReadAction","target":["https:\/\/quehacerpolitico.mx\/?p=111009"]}]},{"@type":"ImageObject","inLanguage":"es","@id":"https:\/\/quehacerpolitico.mx\/?p=111009#primaryimage","url":"https:\/\/quehacerpolitico.mx\/wp-content\/uploads\/2024\/06\/IMG_6457.jpeg","contentUrl":"https:\/\/quehacerpolitico.mx\/wp-content\/uploads\/2024\/06\/IMG_6457.jpeg","width":630,"height":330},{"@type":"BreadcrumbList","@id":"https:\/\/quehacerpolitico.mx\/?p=111009#breadcrumb","itemListElement":[{"@type":"ListItem","position":1,"name":"Inicio","item":"https:\/\/quehacerpolitico.mx\/"},{"@type":"ListItem","position":2,"name":"La tasa de\u00a0desempleo\u00a0en\u00a0M\u00e9xico\u00a0lleg\u00f3 en\u00a0mayo\u00a0pasado al 2.6 por ciento de la poblaci\u00f3n econ\u00f3micamente activa (PEA)"}]},{"@type":"WebSite","@id":"https:\/\/quehacerpolitico.mx\/#website","url":"https:\/\/quehacerpolitico.mx\/","name":"","description":"","potentialAction":[{"@type":"SearchAction","target":{"@type":"EntryPoint","urlTemplate":"https:\/\/quehacerpolitico.mx\/?s={search_term_string}"},"query-input":{"@type":"PropertyValueSpecification","valueRequired":true,"valueName":"search_term_string"}}],"inLanguage":"es"},{"@type":"Person","@id":"https:\/\/quehacerpolitico.mx\/#\/schema\/person\/496d8ad2d1d3f8036101dca7ee39e585","name":"Redacci\u00f3n QP","image":{"@type":"ImageObject","inLanguage":"es","@id":"https:\/\/secure.gravatar.com\/avatar\/c7164ed6fdec453195284ad24a5ae5b6e1eed2b848477fa2a4787ba9adf39a41?s=96&d=mm&r=g","url":"https:\/\/secure.gravatar.com\/avatar\/c7164ed6fdec453195284ad24a5ae5b6e1eed2b848477fa2a4787ba9adf39a41?s=96&d=mm&r=g","contentUrl":"https:\/\/secure.gravatar.com\/avatar\/c7164ed6fdec453195284ad24a5ae5b6e1eed2b848477fa2a4787ba9adf39a41?s=96&d=mm&r=g","caption":"Redacci\u00f3n QP"},"url":"https:\/\/quehacerpolitico.mx\/?author=2"}]}},"featured_image_urls":{"full":["https:\/\/quehacerpolitico.mx\/wp-content\/uploads\/2024\/06\/IMG_6457.jpeg",630,330,false],"thumbnail":["https:\/\/quehacerpolitico.mx\/wp-content\/uploads\/2024\/06\/IMG_6457-150x150.jpeg",150,150,true],"medium":["https:\/\/quehacerpolitico.mx\/wp-content\/uploads\/2024\/06\/IMG_6457-300x157.jpeg",300,157,true],"medium_large":["https:\/\/quehacerpolitico.mx\/wp-content\/uploads\/2024\/06\/IMG_6457.jpeg",630,330,false],"large":["https:\/\/quehacerpolitico.mx\/wp-content\/uploads\/2024\/06\/IMG_6457.jpeg",630,330,false],"1536x1536":["https:\/\/quehacerpolitico.mx\/wp-content\/uploads\/2024\/06\/IMG_6457.jpeg",630,330,false],"2048x2048":["https:\/\/quehacerpolitico.mx\/wp-content\/uploads\/2024\/06\/IMG_6457.jpeg",630,330,false],"covernews-featured":["https:\/\/quehacerpolitico.mx\/wp-content\/uploads\/2024\/06\/IMG_6457.jpeg",630,330,false],"covernews-medium":["https:\/\/quehacerpolitico.mx\/wp-content\/uploads\/2024\/06\/IMG_6457.jpeg",540,283,false]},"author_info":{"display_name":"Redacci\u00f3n QP","author_link":"https:\/\/quehacerpolitico.mx\/?author=2"},"category_info":"<a href=\"https:\/\/quehacerpolitico.mx\/?cat=56\" rel=\"category\">Econom\u00eda<\/a>","tag_info":"Econom\u00eda","comment_count":"0","_links":{"self":[{"href":"https:\/\/quehacerpolitico.mx\/index.php?rest_route=\/wp\/v2\/posts\/111009","targetHints":{"allow":["GET"]}}],"collection":[{"href":"https:\/\/quehacerpolitico.mx\/index.php?rest_route=\/wp\/v2\/posts"}],"about":[{"href":"https:\/\/quehacerpolitico.mx\/index.php?rest_route=\/wp\/v2\/types\/post"}],"author":[{"embeddable":true,"href":"https:\/\/quehacerpolitico.mx\/index.php?rest_route=\/wp\/v2\/users\/2"}],"replies":[{"embeddable":true,"href":"https:\/\/quehacerpolitico.mx\/index.php?rest_route=%2Fwp%2Fv2%2Fcomments&post=111009"}],"version-history":[{"count":1,"href":"https:\/\/quehacerpolitico.mx\/index.php?rest_route=\/wp\/v2\/posts\/111009\/revisions"}],"predecessor-version":[{"id":111011,"href":"https:\/\/quehacerpolitico.mx\/index.php?rest_route=\/wp\/v2\/posts\/111009\/revisions\/111011"}],"wp:featuredmedia":[{"embeddable":true,"href":"https:\/\/quehacerpolitico.mx\/index.php?rest_route=\/wp\/v2\/media\/111010"}],"wp:attachment":[{"href":"https:\/\/quehacerpolitico.mx\/index.php?rest_route=%2Fwp%2Fv2%2Fmedia&parent=111009"}],"wp:term":[{"taxonomy":"category","embeddable":true,"href":"https:\/\/quehacerpolitico.mx\/index.php?rest_route=%2Fwp%2Fv2%2Fcategories&post=111009"},{"taxonomy":"post_tag","embeddable":true,"href":"https:\/\/quehacerpolitico.mx\/index.php?rest_route=%2Fwp%2Fv2%2Ftags&post=111009"}],"curies":[{"name":"wp","href":"https:\/\/api.w.org\/{rel}","templated":true}]}}