{"id":111006,"date":"2024-06-27T18:36:17","date_gmt":"2024-06-27T18:36:17","guid":{"rendered":"https:\/\/quehacerpolitico.mx\/?p=111006"},"modified":"2024-06-27T18:36:19","modified_gmt":"2024-06-27T18:36:19","slug":"lopez-obrador-pide-a-trump-y-biden-no-culpar-a-mexico-por-el-problema-migratorio-y-asegura-que-no-hay-un-problema-grave","status":"publish","type":"post","link":"https:\/\/quehacerpolitico.mx\/?p=111006","title":{"rendered":"L\u00f3pez Obrador pide a Trump y Biden no culpar a M\u00e9xico por el problema migratorio y asegura que \u201cno hay un problema grave\u201d"},"content":{"rendered":"\n<p>Por Redacci\u00f3n QP<\/p>\n\n\n\n<p>El presidente de M\u00e9xico,&nbsp;<strong>Andr\u00e9s Manuel L\u00f3pez Obrador<\/strong>, pidi\u00f3 \u201cno culpar a M\u00e9xico\u201d de la migraci\u00f3n en el debate que tendr\u00e1n este jueves el mandatario de Estados Unidos, Joe Biden, y su rival, Donald Trump, al afirmar que \u201cno hay un problema grave\u201d.<\/p>\n\n\n\n<p>\u201cQue sepan c\u00f3mo est\u00e1 la\u00a0<strong>situaci\u00f3n migratoria\u00a0<\/strong>hoy en la frontera norte para que no se use de excusa de pretexto el tema migratorio, con el af\u00e1n nada m\u00e1s de culpar por culpar a M\u00e9xico y querer quedar bien con los ciudadanos de Estados Unidos, con todo respeto a los dos candidatos\u201d, dijo en su conferencia matutina.<\/p>\n\n\n\n<figure class=\"wp-block-embed is-type-rich is-provider-twitter wp-block-embed-twitter\"><div class=\"wp-block-embed__wrapper\">\n<blockquote class=\"twitter-tweet\" data-width=\"550\" data-dnt=\"true\"><p lang=\"es\" dir=\"ltr\">Previo al debate Trump-Biden \ud83c\uddfa\ud83c\uddf8, pide AMLO que el tema migratorio no se use para &quot;culpar por culpar a M\u00e9xico&quot; \ud83c\uddf2\ud83c\uddfd <a href=\"https:\/\/t.co\/ID6uexC1fU\">pic.twitter.com\/ID6uexC1fU<\/a><\/p>&mdash; Manuel Lopez San Martin (@MLopezSanMartin) <a href=\"https:\/\/twitter.com\/MLopezSanMartin\/status\/1806353042171707853?ref_src=twsrc%5Etfw\">June 27, 2024<\/a><\/blockquote><script async src=\"https:\/\/platform.twitter.com\/widgets.js\" charset=\"utf-8\"><\/script>\n<\/div><\/figure>\n\n\n\n<p>Sus declaraciones se producen horas antes del&nbsp;<strong>debate<\/strong>&nbsp;que transmitir\u00e1&nbsp;<em>CNN<\/em>&nbsp;que no tiene precedente porque ocurre antes de las convenciones de ambos partidos, que oficializan las nominaciones a la carrera presidencial, no estar\u00e1 organizado por la Comisi\u00f3n de Debates Presidenciales y no tendr\u00e1 p\u00fablico.<\/p>\n\n\n\n<p>El gobernante mexicano previ\u00f3 que uno de los temas centrales ser\u00e1 la&nbsp;<strong>migraci\u00f3n<\/strong>, pero pidi\u00f3 considerar que los arrestos de migrantes en la<strong>frontera de Estados Unidos con M\u00e9xico&nbsp;<\/strong>han ca\u00eddo m\u00e1s del 72%, hasta 3 mil 479 el 25 de junio, desde los 12 mil 498 del 18 de diciembre, el punto m\u00e1s \u00e1lgido del a\u00f1o pasado.<\/p>\n\n\n\n<p>\u201cSi se trata el&nbsp;<strong>tema migratorio<\/strong>, que se act\u00fae con objetividad y con apego a la verdad. Actualmente no hay un problema grave en lo migratorio y los dos, tanto el expresidente Trump como el presidente Biden, saben que nosotros hemos insistido en atender las causas de la migraci\u00f3n y hemos estado haciendo lo que nos corresponde\u201d, dijo.<\/p>\n\n\n\n<p><strong>L\u00f3pez Obrador<\/strong>\u00a0argument\u00f3 que la migraci\u00f3n ha disminuido porque su gobierno ha llegado a acuerdos con pa\u00edses expulsores como Ecuador, Venezuela, Cuba y Hayti<\/p>\n\n\n\n<p>Tambi\u00e9n asever\u00f3 que la migraci\u00f3n de mexicanos ha ca\u00eddo porque Estados Unidos tiene una tasa de desempleo del 3.9% y M\u00e9xico una de 2.7%, seg\u00fan sus datos, por lo que \u201cya no van tantos\u201d.<\/p>\n\n\n\n<p>\u201c<strong>M\u00e9xico<\/strong>&nbsp;colabora porque queremos tener una relaci\u00f3n de buena vecindad con Estados Unidos y lo hemos logrado, pero como vienen los debates, s\u00ed hay la tentaci\u00f3n de culpar, pero esta es la realidad\u201d, sostuvo.<\/p>\n\n\n\n<p>El encuentro ocurrir\u00e1 a poco m\u00e1s de cuatro meses de que sean las&nbsp;<strong>elecciones de Estados Unidos<\/strong>, en las que la migraci\u00f3n en la frontera con M\u00e9xico es un tema central y el ganador tratar\u00e1 con la pr\u00f3xima mandataria mexicana,&nbsp;<strong>Claudia Sheinbaum<\/strong>, quien asumir\u00e1 el 1 de octubre con la promesa de continuar la pol\u00edtica de L\u00f3pez Obrador.<\/p>\n\n\n\n<p>\u201cEs muy importante ver el debate, aunque se trata de Estados Unidos, son nuestros vecinos, viven 40 millones de mexicanos en Estados Unidos, somos los principales socios comerciales en el mundo, compartimos muchos kil\u00f3metros de frontera\u201d, concluy\u00f3.<\/p>\n\n\n\n<p>Con informaci\u00f3n de EFE<\/p>\n","protected":false},"excerpt":{"rendered":"<p>Por Redacci\u00f3n QP El presidente de M\u00e9xico,&nbsp;Andr\u00e9s Manuel L\u00f3pez Obrador, pidi\u00f3 \u201cno culpar a M\u00e9xico\u201d&#8230;<\/p>\n","protected":false},"author":2,"featured_media":111007,"comment_status":"open","ping_status":"open","sticky":false,"template":"","format":"standard","meta":{"_monsterinsights_skip_tracking":false,"_monsterinsights_sitenote_active":false,"_monsterinsights_sitenote_note":"","_monsterinsights_sitenote_category":0,"footnotes":""},"categories":[2],"tags":[],"class_list":["post-111006","post","type-post","status-publish","format-standard","has-post-thumbnail","hentry","category-noticias"],"yoast_head":"<!-- This site is optimized with the Yoast SEO plugin v27.3 - https:\/\/yoast.com\/product\/yoast-seo-wordpress\/ -->\n<title>L\u00f3pez Obrador pide a Trump y Biden no culpar a M\u00e9xico por el problema migratorio y asegura que \u201cno hay un problema grave\u201d -<\/title>\n<meta name=\"robots\" content=\"index, follow, max-snippet:-1, max-image-preview:large, max-video-preview:-1\" \/>\n<link rel=\"canonical\" href=\"https:\/\/quehacerpolitico.mx\/?p=111006\" \/>\n<meta property=\"og:locale\" content=\"es_MX\" \/>\n<meta property=\"og:type\" content=\"article\" \/>\n<meta property=\"og:title\" content=\"L\u00f3pez Obrador pide a Trump y Biden no culpar a M\u00e9xico por el problema migratorio y asegura que \u201cno hay un problema grave\u201d -\" \/>\n<meta property=\"og:description\" content=\"Por Redacci\u00f3n QP El presidente de M\u00e9xico,&nbsp;Andr\u00e9s Manuel L\u00f3pez Obrador, pidi\u00f3 \u201cno culpar a M\u00e9xico\u201d...\" \/>\n<meta property=\"og:url\" content=\"https:\/\/quehacerpolitico.mx\/?p=111006\" \/>\n<meta property=\"article:published_time\" content=\"2024-06-27T18:36:17+00:00\" \/>\n<meta property=\"article:modified_time\" content=\"2024-06-27T18:36:19+00:00\" \/>\n<meta property=\"og:image\" content=\"https:\/\/quehacerpolitico.mx\/wp-content\/uploads\/2024\/06\/IMG_6456.jpeg\" \/>\n\t<meta property=\"og:image:width\" content=\"1284\" \/>\n\t<meta property=\"og:image:height\" content=\"703\" \/>\n\t<meta property=\"og:image:type\" content=\"image\/jpeg\" \/>\n<meta name=\"author\" content=\"Redacci\u00f3n QP\" \/>\n<meta name=\"twitter:card\" content=\"summary_large_image\" \/>\n<meta name=\"twitter:label1\" content=\"Escrito por\" \/>\n\t<meta name=\"twitter:data1\" content=\"Redacci\u00f3n QP\" \/>\n\t<meta name=\"twitter:label2\" content=\"Tiempo de lectura\" \/>\n\t<meta name=\"twitter:data2\" content=\"3 minutos\" \/>\n<script type=\"application\/ld+json\" class=\"yoast-schema-graph\">{\"@context\":\"https:\\\/\\\/schema.org\",\"@graph\":[{\"@type\":\"Article\",\"@id\":\"https:\\\/\\\/quehacerpolitico.mx\\\/?p=111006#article\",\"isPartOf\":{\"@id\":\"https:\\\/\\\/quehacerpolitico.mx\\\/?p=111006\"},\"author\":{\"name\":\"Redacci\u00f3n QP\",\"@id\":\"https:\\\/\\\/quehacerpolitico.mx\\\/#\\\/schema\\\/person\\\/496d8ad2d1d3f8036101dca7ee39e585\"},\"headline\":\"L\u00f3pez Obrador pide a Trump y Biden no culpar a M\u00e9xico por el problema migratorio y asegura que \u201cno hay un problema grave\u201d\",\"datePublished\":\"2024-06-27T18:36:17+00:00\",\"dateModified\":\"2024-06-27T18:36:19+00:00\",\"mainEntityOfPage\":{\"@id\":\"https:\\\/\\\/quehacerpolitico.mx\\\/?p=111006\"},\"wordCount\":531,\"commentCount\":0,\"image\":{\"@id\":\"https:\\\/\\\/quehacerpolitico.mx\\\/?p=111006#primaryimage\"},\"thumbnailUrl\":\"https:\\\/\\\/quehacerpolitico.mx\\\/wp-content\\\/uploads\\\/2024\\\/06\\\/IMG_6456.jpeg\",\"articleSection\":[\"Noticias\"],\"inLanguage\":\"es\",\"potentialAction\":[{\"@type\":\"CommentAction\",\"name\":\"Comment\",\"target\":[\"https:\\\/\\\/quehacerpolitico.mx\\\/?p=111006#respond\"]}]},{\"@type\":\"WebPage\",\"@id\":\"https:\\\/\\\/quehacerpolitico.mx\\\/?p=111006\",\"url\":\"https:\\\/\\\/quehacerpolitico.mx\\\/?p=111006\",\"name\":\"L\u00f3pez Obrador pide a Trump y Biden no culpar a M\u00e9xico por el problema migratorio y asegura que \u201cno hay un problema grave\u201d -\",\"isPartOf\":{\"@id\":\"https:\\\/\\\/quehacerpolitico.mx\\\/#website\"},\"primaryImageOfPage\":{\"@id\":\"https:\\\/\\\/quehacerpolitico.mx\\\/?p=111006#primaryimage\"},\"image\":{\"@id\":\"https:\\\/\\\/quehacerpolitico.mx\\\/?p=111006#primaryimage\"},\"thumbnailUrl\":\"https:\\\/\\\/quehacerpolitico.mx\\\/wp-content\\\/uploads\\\/2024\\\/06\\\/IMG_6456.jpeg\",\"datePublished\":\"2024-06-27T18:36:17+00:00\",\"dateModified\":\"2024-06-27T18:36:19+00:00\",\"author\":{\"@id\":\"https:\\\/\\\/quehacerpolitico.mx\\\/#\\\/schema\\\/person\\\/496d8ad2d1d3f8036101dca7ee39e585\"},\"breadcrumb\":{\"@id\":\"https:\\\/\\\/quehacerpolitico.mx\\\/?p=111006#breadcrumb\"},\"inLanguage\":\"es\",\"potentialAction\":[{\"@type\":\"ReadAction\",\"target\":[\"https:\\\/\\\/quehacerpolitico.mx\\\/?p=111006\"]}]},{\"@type\":\"ImageObject\",\"inLanguage\":\"es\",\"@id\":\"https:\\\/\\\/quehacerpolitico.mx\\\/?p=111006#primaryimage\",\"url\":\"https:\\\/\\\/quehacerpolitico.mx\\\/wp-content\\\/uploads\\\/2024\\\/06\\\/IMG_6456.jpeg\",\"contentUrl\":\"https:\\\/\\\/quehacerpolitico.mx\\\/wp-content\\\/uploads\\\/2024\\\/06\\\/IMG_6456.jpeg\",\"width\":1284,\"height\":703,\"caption\":\"Screenshot\"},{\"@type\":\"BreadcrumbList\",\"@id\":\"https:\\\/\\\/quehacerpolitico.mx\\\/?p=111006#breadcrumb\",\"itemListElement\":[{\"@type\":\"ListItem\",\"position\":1,\"name\":\"Inicio\",\"item\":\"https:\\\/\\\/quehacerpolitico.mx\\\/\"},{\"@type\":\"ListItem\",\"position\":2,\"name\":\"L\u00f3pez Obrador pide a Trump y Biden no culpar a M\u00e9xico por el problema migratorio y asegura que \u201cno hay un problema grave\u201d\"}]},{\"@type\":\"WebSite\",\"@id\":\"https:\\\/\\\/quehacerpolitico.mx\\\/#website\",\"url\":\"https:\\\/\\\/quehacerpolitico.mx\\\/\",\"name\":\"\",\"description\":\"\",\"potentialAction\":[{\"@type\":\"SearchAction\",\"target\":{\"@type\":\"EntryPoint\",\"urlTemplate\":\"https:\\\/\\\/quehacerpolitico.mx\\\/?s={search_term_string}\"},\"query-input\":{\"@type\":\"PropertyValueSpecification\",\"valueRequired\":true,\"valueName\":\"search_term_string\"}}],\"inLanguage\":\"es\"},{\"@type\":\"Person\",\"@id\":\"https:\\\/\\\/quehacerpolitico.mx\\\/#\\\/schema\\\/person\\\/496d8ad2d1d3f8036101dca7ee39e585\",\"name\":\"Redacci\u00f3n QP\",\"image\":{\"@type\":\"ImageObject\",\"inLanguage\":\"es\",\"@id\":\"https:\\\/\\\/secure.gravatar.com\\\/avatar\\\/c7164ed6fdec453195284ad24a5ae5b6e1eed2b848477fa2a4787ba9adf39a41?s=96&d=mm&r=g\",\"url\":\"https:\\\/\\\/secure.gravatar.com\\\/avatar\\\/c7164ed6fdec453195284ad24a5ae5b6e1eed2b848477fa2a4787ba9adf39a41?s=96&d=mm&r=g\",\"contentUrl\":\"https:\\\/\\\/secure.gravatar.com\\\/avatar\\\/c7164ed6fdec453195284ad24a5ae5b6e1eed2b848477fa2a4787ba9adf39a41?s=96&d=mm&r=g\",\"caption\":\"Redacci\u00f3n QP\"},\"url\":\"https:\\\/\\\/quehacerpolitico.mx\\\/?author=2\"}]}<\/script>\n<!-- \/ Yoast SEO plugin. -->","yoast_head_json":{"title":"L\u00f3pez Obrador pide a Trump y Biden no culpar a M\u00e9xico por el problema migratorio y asegura que \u201cno hay un problema grave\u201d -","robots":{"index":"index","follow":"follow","max-snippet":"max-snippet:-1","max-image-preview":"max-image-preview:large","max-video-preview":"max-video-preview:-1"},"canonical":"https:\/\/quehacerpolitico.mx\/?p=111006","og_locale":"es_MX","og_type":"article","og_title":"L\u00f3pez Obrador pide a Trump y Biden no culpar a M\u00e9xico por el problema migratorio y asegura que \u201cno hay un problema grave\u201d -","og_description":"Por Redacci\u00f3n QP El presidente de M\u00e9xico,&nbsp;Andr\u00e9s Manuel L\u00f3pez Obrador, pidi\u00f3 \u201cno culpar a M\u00e9xico\u201d...","og_url":"https:\/\/quehacerpolitico.mx\/?p=111006","article_published_time":"2024-06-27T18:36:17+00:00","article_modified_time":"2024-06-27T18:36:19+00:00","og_image":[{"width":1284,"height":703,"url":"https:\/\/quehacerpolitico.mx\/wp-content\/uploads\/2024\/06\/IMG_6456.jpeg","type":"image\/jpeg"}],"author":"Redacci\u00f3n QP","twitter_card":"summary_large_image","twitter_misc":{"Escrito por":"Redacci\u00f3n QP","Tiempo de lectura":"3 minutos"},"schema":{"@context":"https:\/\/schema.org","@graph":[{"@type":"Article","@id":"https:\/\/quehacerpolitico.mx\/?p=111006#article","isPartOf":{"@id":"https:\/\/quehacerpolitico.mx\/?p=111006"},"author":{"name":"Redacci\u00f3n QP","@id":"https:\/\/quehacerpolitico.mx\/#\/schema\/person\/496d8ad2d1d3f8036101dca7ee39e585"},"headline":"L\u00f3pez Obrador pide a Trump y Biden no culpar a M\u00e9xico por el problema migratorio y asegura que \u201cno hay un problema grave\u201d","datePublished":"2024-06-27T18:36:17+00:00","dateModified":"2024-06-27T18:36:19+00:00","mainEntityOfPage":{"@id":"https:\/\/quehacerpolitico.mx\/?p=111006"},"wordCount":531,"commentCount":0,"image":{"@id":"https:\/\/quehacerpolitico.mx\/?p=111006#primaryimage"},"thumbnailUrl":"https:\/\/quehacerpolitico.mx\/wp-content\/uploads\/2024\/06\/IMG_6456.jpeg","articleSection":["Noticias"],"inLanguage":"es","potentialAction":[{"@type":"CommentAction","name":"Comment","target":["https:\/\/quehacerpolitico.mx\/?p=111006#respond"]}]},{"@type":"WebPage","@id":"https:\/\/quehacerpolitico.mx\/?p=111006","url":"https:\/\/quehacerpolitico.mx\/?p=111006","name":"L\u00f3pez Obrador pide a Trump y Biden no culpar a M\u00e9xico por el problema migratorio y asegura que \u201cno hay un problema grave\u201d -","isPartOf":{"@id":"https:\/\/quehacerpolitico.mx\/#website"},"primaryImageOfPage":{"@id":"https:\/\/quehacerpolitico.mx\/?p=111006#primaryimage"},"image":{"@id":"https:\/\/quehacerpolitico.mx\/?p=111006#primaryimage"},"thumbnailUrl":"https:\/\/quehacerpolitico.mx\/wp-content\/uploads\/2024\/06\/IMG_6456.jpeg","datePublished":"2024-06-27T18:36:17+00:00","dateModified":"2024-06-27T18:36:19+00:00","author":{"@id":"https:\/\/quehacerpolitico.mx\/#\/schema\/person\/496d8ad2d1d3f8036101dca7ee39e585"},"breadcrumb":{"@id":"https:\/\/quehacerpolitico.mx\/?p=111006#breadcrumb"},"inLanguage":"es","potentialAction":[{"@type":"ReadAction","target":["https:\/\/quehacerpolitico.mx\/?p=111006"]}]},{"@type":"ImageObject","inLanguage":"es","@id":"https:\/\/quehacerpolitico.mx\/?p=111006#primaryimage","url":"https:\/\/quehacerpolitico.mx\/wp-content\/uploads\/2024\/06\/IMG_6456.jpeg","contentUrl":"https:\/\/quehacerpolitico.mx\/wp-content\/uploads\/2024\/06\/IMG_6456.jpeg","width":1284,"height":703,"caption":"Screenshot"},{"@type":"BreadcrumbList","@id":"https:\/\/quehacerpolitico.mx\/?p=111006#breadcrumb","itemListElement":[{"@type":"ListItem","position":1,"name":"Inicio","item":"https:\/\/quehacerpolitico.mx\/"},{"@type":"ListItem","position":2,"name":"L\u00f3pez Obrador pide a Trump y Biden no culpar a M\u00e9xico por el problema migratorio y asegura que \u201cno hay un problema grave\u201d"}]},{"@type":"WebSite","@id":"https:\/\/quehacerpolitico.mx\/#website","url":"https:\/\/quehacerpolitico.mx\/","name":"","description":"","potentialAction":[{"@type":"SearchAction","target":{"@type":"EntryPoint","urlTemplate":"https:\/\/quehacerpolitico.mx\/?s={search_term_string}"},"query-input":{"@type":"PropertyValueSpecification","valueRequired":true,"valueName":"search_term_string"}}],"inLanguage":"es"},{"@type":"Person","@id":"https:\/\/quehacerpolitico.mx\/#\/schema\/person\/496d8ad2d1d3f8036101dca7ee39e585","name":"Redacci\u00f3n QP","image":{"@type":"ImageObject","inLanguage":"es","@id":"https:\/\/secure.gravatar.com\/avatar\/c7164ed6fdec453195284ad24a5ae5b6e1eed2b848477fa2a4787ba9adf39a41?s=96&d=mm&r=g","url":"https:\/\/secure.gravatar.com\/avatar\/c7164ed6fdec453195284ad24a5ae5b6e1eed2b848477fa2a4787ba9adf39a41?s=96&d=mm&r=g","contentUrl":"https:\/\/secure.gravatar.com\/avatar\/c7164ed6fdec453195284ad24a5ae5b6e1eed2b848477fa2a4787ba9adf39a41?s=96&d=mm&r=g","caption":"Redacci\u00f3n QP"},"url":"https:\/\/quehacerpolitico.mx\/?author=2"}]}},"featured_image_urls":{"full":["https:\/\/quehacerpolitico.mx\/wp-content\/uploads\/2024\/06\/IMG_6456.jpeg",1284,703,false],"thumbnail":["https:\/\/quehacerpolitico.mx\/wp-content\/uploads\/2024\/06\/IMG_6456-150x150.jpeg",150,150,true],"medium":["https:\/\/quehacerpolitico.mx\/wp-content\/uploads\/2024\/06\/IMG_6456-300x164.jpeg",300,164,true],"medium_large":["https:\/\/quehacerpolitico.mx\/wp-content\/uploads\/2024\/06\/IMG_6456-768x420.jpeg",640,350,true],"large":["https:\/\/quehacerpolitico.mx\/wp-content\/uploads\/2024\/06\/IMG_6456-1024x561.jpeg",640,351,true],"1536x1536":["https:\/\/quehacerpolitico.mx\/wp-content\/uploads\/2024\/06\/IMG_6456.jpeg",1284,703,false],"2048x2048":["https:\/\/quehacerpolitico.mx\/wp-content\/uploads\/2024\/06\/IMG_6456.jpeg",1284,703,false],"covernews-featured":["https:\/\/quehacerpolitico.mx\/wp-content\/uploads\/2024\/06\/IMG_6456.jpeg",1024,561,false],"covernews-medium":["https:\/\/quehacerpolitico.mx\/wp-content\/uploads\/2024\/06\/IMG_6456.jpeg",540,296,false]},"author_info":{"display_name":"Redacci\u00f3n QP","author_link":"https:\/\/quehacerpolitico.mx\/?author=2"},"category_info":"<a href=\"https:\/\/quehacerpolitico.mx\/?cat=2\" rel=\"category\">Noticias<\/a>","tag_info":"Noticias","comment_count":"0","_links":{"self":[{"href":"https:\/\/quehacerpolitico.mx\/index.php?rest_route=\/wp\/v2\/posts\/111006","targetHints":{"allow":["GET"]}}],"collection":[{"href":"https:\/\/quehacerpolitico.mx\/index.php?rest_route=\/wp\/v2\/posts"}],"about":[{"href":"https:\/\/quehacerpolitico.mx\/index.php?rest_route=\/wp\/v2\/types\/post"}],"author":[{"embeddable":true,"href":"https:\/\/quehacerpolitico.mx\/index.php?rest_route=\/wp\/v2\/users\/2"}],"replies":[{"embeddable":true,"href":"https:\/\/quehacerpolitico.mx\/index.php?rest_route=%2Fwp%2Fv2%2Fcomments&post=111006"}],"version-history":[{"count":1,"href":"https:\/\/quehacerpolitico.mx\/index.php?rest_route=\/wp\/v2\/posts\/111006\/revisions"}],"predecessor-version":[{"id":111008,"href":"https:\/\/quehacerpolitico.mx\/index.php?rest_route=\/wp\/v2\/posts\/111006\/revisions\/111008"}],"wp:featuredmedia":[{"embeddable":true,"href":"https:\/\/quehacerpolitico.mx\/index.php?rest_route=\/wp\/v2\/media\/111007"}],"wp:attachment":[{"href":"https:\/\/quehacerpolitico.mx\/index.php?rest_route=%2Fwp%2Fv2%2Fmedia&parent=111006"}],"wp:term":[{"taxonomy":"category","embeddable":true,"href":"https:\/\/quehacerpolitico.mx\/index.php?rest_route=%2Fwp%2Fv2%2Fcategories&post=111006"},{"taxonomy":"post_tag","embeddable":true,"href":"https:\/\/quehacerpolitico.mx\/index.php?rest_route=%2Fwp%2Fv2%2Ftags&post=111006"}],"curies":[{"name":"wp","href":"https:\/\/api.w.org\/{rel}","templated":true}]}}