{"id":111003,"date":"2024-06-27T18:09:31","date_gmt":"2024-06-27T18:09:31","guid":{"rendered":"https:\/\/quehacerpolitico.mx\/?p=111003"},"modified":"2024-06-27T18:09:32","modified_gmt":"2024-06-27T18:09:32","slug":"amlo-dijo-que-los-trabajadores-del-poder-judicial-no-se-veran-afectados-por-la-reforma-al-poder-judicial","status":"publish","type":"post","link":"https:\/\/quehacerpolitico.mx\/?p=111003","title":{"rendered":"AMLO dijo que los trabajadores del Poder Judicial no se ver\u00e1n afectados por la reforma al Poder Judicial"},"content":{"rendered":"\n<p>Por Redacci\u00f3n QP<\/p>\n\n\n\n<p>El mandatario\u00a0<strong>Andr\u00e9s Manuel L\u00f3pez Obrador<\/strong> dijo que los trabajadores del Poder Judicial no se ver\u00e1n afectados por la reforma que se impulsa en el\u00a0<strong>Congreso<\/strong>\u00a0y rechaz\u00f3 las declaraciones de la presidenta de la Suprema Corte de Justicia de la Naci\u00f3n (<strong>SCJN<\/strong>), Norma Pi\u00f1a, en el sentido de que defender\u00e1n sus derechos laborales.\u00a0<\/p>\n\n\n\n<p>\u201cQue no los est\u00e9n enga\u00f1ando\u201d, dijo el titular del Ejecutivo durante su conferencia matutina.<\/p>\n\n\n\n<p>El mandatario asegur\u00f3 este jueves que la reforma judicial, por el contrario, beneficiar\u00e1 a los\u00a0<strong>trabajadores<\/strong>\u00a0\u201cal eliminar el\u00a0<strong>influyentismo<\/strong>, nepotismo y corrupci\u00f3n\u201d. La reforma tiene que ver b\u00e1sicamente con la elecci\u00f3n por parte del pueblo de los jueces, magistrados y ministros, precis\u00f3.<\/p>\n\n\n\n<figure class=\"wp-block-embed is-type-rich is-provider-twitter wp-block-embed-twitter\"><div class=\"wp-block-embed__wrapper\">\n<blockquote class=\"twitter-tweet\" data-width=\"550\" data-dnt=\"true\"><p lang=\"es\" dir=\"ltr\">Ante la reforma al Poder Judicial, la ministra Norma Pi\u00f1a lanza un mensaje a los trabajadores del Poder Judicial y afirma que defender\u00e1n sus derechos laborales<br><br>Que no los est\u00e9n enga\u00f1ando, responde AMLO <a href=\"https:\/\/t.co\/BSvpjXFke2\">pic.twitter.com\/BSvpjXFke2<\/a><\/p>&mdash; Manuel Lopez San Martin (@MLopezSanMartin) <a href=\"https:\/\/twitter.com\/MLopezSanMartin\/status\/1806341441704317302?ref_src=twsrc%5Etfw\">June 27, 2024<\/a><\/blockquote><script async src=\"https:\/\/platform.twitter.com\/widgets.js\" charset=\"utf-8\"><\/script>\n<\/div><\/figure>\n\n\n\n<p>Tambi\u00e9n aclar\u00f3 que la cancelaci\u00f3n de&nbsp;<strong>fideicomisos<\/strong>, que suman aproximadamente 20 mil millones de pesos y que la propia Corte ech\u00f3 para atr\u00e1s, alimentan ilegalmente los&nbsp;<strong>privilegios<\/strong>&nbsp;de los ministros y altos funcionarios del Poder Judicial, violando la&nbsp;<strong>Constituci\u00f3n<\/strong>, que establece que nadie puede ganar m\u00e1s que el presidente.<\/p>\n\n\n\n<p>\u201cEllos ganan 45 veces m\u00e1s que lo que gana el&nbsp;<strong>presidente<\/strong>&nbsp;y hay cosas que se tienen que revisar y que est\u00e1n completamente&nbsp;<strong>ocultas<\/strong>\u201d, agreg\u00f3.<\/p>\n\n\n\n<p>L\u00f3pez Obrador sugiri\u00f3 que el Instituto Nacional de Transparencia, Acceso a la Informaci\u00f3n y Protecci\u00f3n de Datos Personales (<strong>INAI<\/strong>) investigue y d\u00e9 a conocer cu\u00e1ntos\u00a0<strong>ministros<\/strong>retirados reciben pensi\u00f3n y cu\u00e1nto\u00a0<strong>perciben<\/strong>. Dijo que algunos se retiraron tras s\u00f3lo\u00a0<strong>tres meses<\/strong>\u00a0con pensiones elevadas.<\/p>\n\n\n\n<p>Ayer, Norma Pi\u00f1a se dirigi\u00f3 a los trabajadores del Poder Judicial en un video en redes sociales en el que les asegura que se garantizar\u00e1n sus&nbsp;<strong>derechos laborales<\/strong>&nbsp;y los llama a demostrar que \u201ctrabajamos por M\u00e9xico\u201d.<\/p>\n\n\n\n<p>El mensaje de la ministra presidenta se dio luego de protestas que trabajadores del Poder Judicial federal llevaron a cabo en contra de la iniciativa de reforma que propuso<strong>\u00a0L\u00f3pez Obrador\u00a0<\/strong>y que tambi\u00e9n impulsa la virtual presidenta electa, Claudia Sheinbaum.<\/p>\n\n\n\n<p>Los trabajadores de 17\u00a0<strong>tribunales<\/strong>\u00a0<strong>laborales<\/strong> federales con sede en la Ciudad de M\u00e9xico convocaron a paro de labores para manifestarse en contra de la reforma.<\/p>\n","protected":false},"excerpt":{"rendered":"<p>Por Redacci\u00f3n QP El mandatario\u00a0Andr\u00e9s Manuel L\u00f3pez Obrador dijo que los trabajadores del Poder Judicial&#8230;<\/p>\n","protected":false},"author":2,"featured_media":111004,"comment_status":"open","ping_status":"open","sticky":false,"template":"","format":"standard","meta":{"_monsterinsights_skip_tracking":false,"_monsterinsights_sitenote_active":false,"_monsterinsights_sitenote_note":"","_monsterinsights_sitenote_category":0,"footnotes":""},"categories":[2],"tags":[],"class_list":["post-111003","post","type-post","status-publish","format-standard","has-post-thumbnail","hentry","category-noticias"],"yoast_head":"<!-- This site is optimized with the Yoast SEO plugin v27.3 - https:\/\/yoast.com\/product\/yoast-seo-wordpress\/ -->\n<title>AMLO dijo que los trabajadores del Poder Judicial no se ver\u00e1n afectados por la reforma al Poder Judicial -<\/title>\n<meta name=\"robots\" content=\"index, follow, max-snippet:-1, max-image-preview:large, max-video-preview:-1\" \/>\n<link rel=\"canonical\" href=\"https:\/\/quehacerpolitico.mx\/?p=111003\" \/>\n<meta property=\"og:locale\" content=\"es_MX\" \/>\n<meta property=\"og:type\" content=\"article\" \/>\n<meta property=\"og:title\" content=\"AMLO dijo que los trabajadores del Poder Judicial no se ver\u00e1n afectados por la reforma al Poder Judicial -\" \/>\n<meta property=\"og:description\" content=\"Por Redacci\u00f3n QP El mandatario\u00a0Andr\u00e9s Manuel L\u00f3pez Obrador dijo que los trabajadores del Poder Judicial...\" \/>\n<meta property=\"og:url\" content=\"https:\/\/quehacerpolitico.mx\/?p=111003\" \/>\n<meta property=\"article:published_time\" content=\"2024-06-27T18:09:31+00:00\" \/>\n<meta property=\"article:modified_time\" content=\"2024-06-27T18:09:32+00:00\" \/>\n<meta property=\"og:image\" content=\"https:\/\/quehacerpolitico.mx\/wp-content\/uploads\/2024\/06\/IMG_6455.jpeg\" \/>\n\t<meta property=\"og:image:width\" content=\"1284\" \/>\n\t<meta property=\"og:image:height\" content=\"694\" \/>\n\t<meta property=\"og:image:type\" content=\"image\/jpeg\" \/>\n<meta name=\"author\" content=\"Redacci\u00f3n QP\" \/>\n<meta name=\"twitter:card\" content=\"summary_large_image\" \/>\n<meta name=\"twitter:label1\" content=\"Escrito por\" \/>\n\t<meta name=\"twitter:data1\" content=\"Redacci\u00f3n QP\" \/>\n\t<meta name=\"twitter:label2\" content=\"Tiempo de lectura\" \/>\n\t<meta name=\"twitter:data2\" content=\"2 minutos\" \/>\n<script type=\"application\/ld+json\" class=\"yoast-schema-graph\">{\"@context\":\"https:\\\/\\\/schema.org\",\"@graph\":[{\"@type\":\"Article\",\"@id\":\"https:\\\/\\\/quehacerpolitico.mx\\\/?p=111003#article\",\"isPartOf\":{\"@id\":\"https:\\\/\\\/quehacerpolitico.mx\\\/?p=111003\"},\"author\":{\"name\":\"Redacci\u00f3n QP\",\"@id\":\"https:\\\/\\\/quehacerpolitico.mx\\\/#\\\/schema\\\/person\\\/496d8ad2d1d3f8036101dca7ee39e585\"},\"headline\":\"AMLO dijo que los trabajadores del Poder Judicial no se ver\u00e1n afectados por la reforma al Poder Judicial\",\"datePublished\":\"2024-06-27T18:09:31+00:00\",\"dateModified\":\"2024-06-27T18:09:32+00:00\",\"mainEntityOfPage\":{\"@id\":\"https:\\\/\\\/quehacerpolitico.mx\\\/?p=111003\"},\"wordCount\":403,\"commentCount\":0,\"image\":{\"@id\":\"https:\\\/\\\/quehacerpolitico.mx\\\/?p=111003#primaryimage\"},\"thumbnailUrl\":\"https:\\\/\\\/quehacerpolitico.mx\\\/wp-content\\\/uploads\\\/2024\\\/06\\\/IMG_6455.jpeg\",\"articleSection\":[\"Noticias\"],\"inLanguage\":\"es\",\"potentialAction\":[{\"@type\":\"CommentAction\",\"name\":\"Comment\",\"target\":[\"https:\\\/\\\/quehacerpolitico.mx\\\/?p=111003#respond\"]}]},{\"@type\":\"WebPage\",\"@id\":\"https:\\\/\\\/quehacerpolitico.mx\\\/?p=111003\",\"url\":\"https:\\\/\\\/quehacerpolitico.mx\\\/?p=111003\",\"name\":\"AMLO dijo que los trabajadores del Poder Judicial no se ver\u00e1n afectados por la reforma al Poder Judicial -\",\"isPartOf\":{\"@id\":\"https:\\\/\\\/quehacerpolitico.mx\\\/#website\"},\"primaryImageOfPage\":{\"@id\":\"https:\\\/\\\/quehacerpolitico.mx\\\/?p=111003#primaryimage\"},\"image\":{\"@id\":\"https:\\\/\\\/quehacerpolitico.mx\\\/?p=111003#primaryimage\"},\"thumbnailUrl\":\"https:\\\/\\\/quehacerpolitico.mx\\\/wp-content\\\/uploads\\\/2024\\\/06\\\/IMG_6455.jpeg\",\"datePublished\":\"2024-06-27T18:09:31+00:00\",\"dateModified\":\"2024-06-27T18:09:32+00:00\",\"author\":{\"@id\":\"https:\\\/\\\/quehacerpolitico.mx\\\/#\\\/schema\\\/person\\\/496d8ad2d1d3f8036101dca7ee39e585\"},\"breadcrumb\":{\"@id\":\"https:\\\/\\\/quehacerpolitico.mx\\\/?p=111003#breadcrumb\"},\"inLanguage\":\"es\",\"potentialAction\":[{\"@type\":\"ReadAction\",\"target\":[\"https:\\\/\\\/quehacerpolitico.mx\\\/?p=111003\"]}]},{\"@type\":\"ImageObject\",\"inLanguage\":\"es\",\"@id\":\"https:\\\/\\\/quehacerpolitico.mx\\\/?p=111003#primaryimage\",\"url\":\"https:\\\/\\\/quehacerpolitico.mx\\\/wp-content\\\/uploads\\\/2024\\\/06\\\/IMG_6455.jpeg\",\"contentUrl\":\"https:\\\/\\\/quehacerpolitico.mx\\\/wp-content\\\/uploads\\\/2024\\\/06\\\/IMG_6455.jpeg\",\"width\":1284,\"height\":694,\"caption\":\"Screenshot\"},{\"@type\":\"BreadcrumbList\",\"@id\":\"https:\\\/\\\/quehacerpolitico.mx\\\/?p=111003#breadcrumb\",\"itemListElement\":[{\"@type\":\"ListItem\",\"position\":1,\"name\":\"Inicio\",\"item\":\"https:\\\/\\\/quehacerpolitico.mx\\\/\"},{\"@type\":\"ListItem\",\"position\":2,\"name\":\"AMLO dijo que los trabajadores del Poder Judicial no se ver\u00e1n afectados por la reforma al Poder Judicial\"}]},{\"@type\":\"WebSite\",\"@id\":\"https:\\\/\\\/quehacerpolitico.mx\\\/#website\",\"url\":\"https:\\\/\\\/quehacerpolitico.mx\\\/\",\"name\":\"\",\"description\":\"\",\"potentialAction\":[{\"@type\":\"SearchAction\",\"target\":{\"@type\":\"EntryPoint\",\"urlTemplate\":\"https:\\\/\\\/quehacerpolitico.mx\\\/?s={search_term_string}\"},\"query-input\":{\"@type\":\"PropertyValueSpecification\",\"valueRequired\":true,\"valueName\":\"search_term_string\"}}],\"inLanguage\":\"es\"},{\"@type\":\"Person\",\"@id\":\"https:\\\/\\\/quehacerpolitico.mx\\\/#\\\/schema\\\/person\\\/496d8ad2d1d3f8036101dca7ee39e585\",\"name\":\"Redacci\u00f3n QP\",\"image\":{\"@type\":\"ImageObject\",\"inLanguage\":\"es\",\"@id\":\"https:\\\/\\\/secure.gravatar.com\\\/avatar\\\/c7164ed6fdec453195284ad24a5ae5b6e1eed2b848477fa2a4787ba9adf39a41?s=96&d=mm&r=g\",\"url\":\"https:\\\/\\\/secure.gravatar.com\\\/avatar\\\/c7164ed6fdec453195284ad24a5ae5b6e1eed2b848477fa2a4787ba9adf39a41?s=96&d=mm&r=g\",\"contentUrl\":\"https:\\\/\\\/secure.gravatar.com\\\/avatar\\\/c7164ed6fdec453195284ad24a5ae5b6e1eed2b848477fa2a4787ba9adf39a41?s=96&d=mm&r=g\",\"caption\":\"Redacci\u00f3n QP\"},\"url\":\"https:\\\/\\\/quehacerpolitico.mx\\\/?author=2\"}]}<\/script>\n<!-- \/ Yoast SEO plugin. -->","yoast_head_json":{"title":"AMLO dijo que los trabajadores del Poder Judicial no se ver\u00e1n afectados por la reforma al Poder Judicial -","robots":{"index":"index","follow":"follow","max-snippet":"max-snippet:-1","max-image-preview":"max-image-preview:large","max-video-preview":"max-video-preview:-1"},"canonical":"https:\/\/quehacerpolitico.mx\/?p=111003","og_locale":"es_MX","og_type":"article","og_title":"AMLO dijo que los trabajadores del Poder Judicial no se ver\u00e1n afectados por la reforma al Poder Judicial -","og_description":"Por Redacci\u00f3n QP El mandatario\u00a0Andr\u00e9s Manuel L\u00f3pez Obrador dijo que los trabajadores del Poder Judicial...","og_url":"https:\/\/quehacerpolitico.mx\/?p=111003","article_published_time":"2024-06-27T18:09:31+00:00","article_modified_time":"2024-06-27T18:09:32+00:00","og_image":[{"width":1284,"height":694,"url":"https:\/\/quehacerpolitico.mx\/wp-content\/uploads\/2024\/06\/IMG_6455.jpeg","type":"image\/jpeg"}],"author":"Redacci\u00f3n QP","twitter_card":"summary_large_image","twitter_misc":{"Escrito por":"Redacci\u00f3n QP","Tiempo de lectura":"2 minutos"},"schema":{"@context":"https:\/\/schema.org","@graph":[{"@type":"Article","@id":"https:\/\/quehacerpolitico.mx\/?p=111003#article","isPartOf":{"@id":"https:\/\/quehacerpolitico.mx\/?p=111003"},"author":{"name":"Redacci\u00f3n QP","@id":"https:\/\/quehacerpolitico.mx\/#\/schema\/person\/496d8ad2d1d3f8036101dca7ee39e585"},"headline":"AMLO dijo que los trabajadores del Poder Judicial no se ver\u00e1n afectados por la reforma al Poder Judicial","datePublished":"2024-06-27T18:09:31+00:00","dateModified":"2024-06-27T18:09:32+00:00","mainEntityOfPage":{"@id":"https:\/\/quehacerpolitico.mx\/?p=111003"},"wordCount":403,"commentCount":0,"image":{"@id":"https:\/\/quehacerpolitico.mx\/?p=111003#primaryimage"},"thumbnailUrl":"https:\/\/quehacerpolitico.mx\/wp-content\/uploads\/2024\/06\/IMG_6455.jpeg","articleSection":["Noticias"],"inLanguage":"es","potentialAction":[{"@type":"CommentAction","name":"Comment","target":["https:\/\/quehacerpolitico.mx\/?p=111003#respond"]}]},{"@type":"WebPage","@id":"https:\/\/quehacerpolitico.mx\/?p=111003","url":"https:\/\/quehacerpolitico.mx\/?p=111003","name":"AMLO dijo que los trabajadores del Poder Judicial no se ver\u00e1n afectados por la reforma al Poder Judicial -","isPartOf":{"@id":"https:\/\/quehacerpolitico.mx\/#website"},"primaryImageOfPage":{"@id":"https:\/\/quehacerpolitico.mx\/?p=111003#primaryimage"},"image":{"@id":"https:\/\/quehacerpolitico.mx\/?p=111003#primaryimage"},"thumbnailUrl":"https:\/\/quehacerpolitico.mx\/wp-content\/uploads\/2024\/06\/IMG_6455.jpeg","datePublished":"2024-06-27T18:09:31+00:00","dateModified":"2024-06-27T18:09:32+00:00","author":{"@id":"https:\/\/quehacerpolitico.mx\/#\/schema\/person\/496d8ad2d1d3f8036101dca7ee39e585"},"breadcrumb":{"@id":"https:\/\/quehacerpolitico.mx\/?p=111003#breadcrumb"},"inLanguage":"es","potentialAction":[{"@type":"ReadAction","target":["https:\/\/quehacerpolitico.mx\/?p=111003"]}]},{"@type":"ImageObject","inLanguage":"es","@id":"https:\/\/quehacerpolitico.mx\/?p=111003#primaryimage","url":"https:\/\/quehacerpolitico.mx\/wp-content\/uploads\/2024\/06\/IMG_6455.jpeg","contentUrl":"https:\/\/quehacerpolitico.mx\/wp-content\/uploads\/2024\/06\/IMG_6455.jpeg","width":1284,"height":694,"caption":"Screenshot"},{"@type":"BreadcrumbList","@id":"https:\/\/quehacerpolitico.mx\/?p=111003#breadcrumb","itemListElement":[{"@type":"ListItem","position":1,"name":"Inicio","item":"https:\/\/quehacerpolitico.mx\/"},{"@type":"ListItem","position":2,"name":"AMLO dijo que los trabajadores del Poder Judicial no se ver\u00e1n afectados por la reforma al Poder Judicial"}]},{"@type":"WebSite","@id":"https:\/\/quehacerpolitico.mx\/#website","url":"https:\/\/quehacerpolitico.mx\/","name":"","description":"","potentialAction":[{"@type":"SearchAction","target":{"@type":"EntryPoint","urlTemplate":"https:\/\/quehacerpolitico.mx\/?s={search_term_string}"},"query-input":{"@type":"PropertyValueSpecification","valueRequired":true,"valueName":"search_term_string"}}],"inLanguage":"es"},{"@type":"Person","@id":"https:\/\/quehacerpolitico.mx\/#\/schema\/person\/496d8ad2d1d3f8036101dca7ee39e585","name":"Redacci\u00f3n QP","image":{"@type":"ImageObject","inLanguage":"es","@id":"https:\/\/secure.gravatar.com\/avatar\/c7164ed6fdec453195284ad24a5ae5b6e1eed2b848477fa2a4787ba9adf39a41?s=96&d=mm&r=g","url":"https:\/\/secure.gravatar.com\/avatar\/c7164ed6fdec453195284ad24a5ae5b6e1eed2b848477fa2a4787ba9adf39a41?s=96&d=mm&r=g","contentUrl":"https:\/\/secure.gravatar.com\/avatar\/c7164ed6fdec453195284ad24a5ae5b6e1eed2b848477fa2a4787ba9adf39a41?s=96&d=mm&r=g","caption":"Redacci\u00f3n QP"},"url":"https:\/\/quehacerpolitico.mx\/?author=2"}]}},"featured_image_urls":{"full":["https:\/\/quehacerpolitico.mx\/wp-content\/uploads\/2024\/06\/IMG_6455.jpeg",1284,694,false],"thumbnail":["https:\/\/quehacerpolitico.mx\/wp-content\/uploads\/2024\/06\/IMG_6455-150x150.jpeg",150,150,true],"medium":["https:\/\/quehacerpolitico.mx\/wp-content\/uploads\/2024\/06\/IMG_6455-300x162.jpeg",300,162,true],"medium_large":["https:\/\/quehacerpolitico.mx\/wp-content\/uploads\/2024\/06\/IMG_6455-768x415.jpeg",640,346,true],"large":["https:\/\/quehacerpolitico.mx\/wp-content\/uploads\/2024\/06\/IMG_6455-1024x553.jpeg",640,346,true],"1536x1536":["https:\/\/quehacerpolitico.mx\/wp-content\/uploads\/2024\/06\/IMG_6455.jpeg",1284,694,false],"2048x2048":["https:\/\/quehacerpolitico.mx\/wp-content\/uploads\/2024\/06\/IMG_6455.jpeg",1284,694,false],"covernews-featured":["https:\/\/quehacerpolitico.mx\/wp-content\/uploads\/2024\/06\/IMG_6455.jpeg",1024,553,false],"covernews-medium":["https:\/\/quehacerpolitico.mx\/wp-content\/uploads\/2024\/06\/IMG_6455.jpeg",540,292,false]},"author_info":{"display_name":"Redacci\u00f3n QP","author_link":"https:\/\/quehacerpolitico.mx\/?author=2"},"category_info":"<a href=\"https:\/\/quehacerpolitico.mx\/?cat=2\" rel=\"category\">Noticias<\/a>","tag_info":"Noticias","comment_count":"0","_links":{"self":[{"href":"https:\/\/quehacerpolitico.mx\/index.php?rest_route=\/wp\/v2\/posts\/111003","targetHints":{"allow":["GET"]}}],"collection":[{"href":"https:\/\/quehacerpolitico.mx\/index.php?rest_route=\/wp\/v2\/posts"}],"about":[{"href":"https:\/\/quehacerpolitico.mx\/index.php?rest_route=\/wp\/v2\/types\/post"}],"author":[{"embeddable":true,"href":"https:\/\/quehacerpolitico.mx\/index.php?rest_route=\/wp\/v2\/users\/2"}],"replies":[{"embeddable":true,"href":"https:\/\/quehacerpolitico.mx\/index.php?rest_route=%2Fwp%2Fv2%2Fcomments&post=111003"}],"version-history":[{"count":1,"href":"https:\/\/quehacerpolitico.mx\/index.php?rest_route=\/wp\/v2\/posts\/111003\/revisions"}],"predecessor-version":[{"id":111005,"href":"https:\/\/quehacerpolitico.mx\/index.php?rest_route=\/wp\/v2\/posts\/111003\/revisions\/111005"}],"wp:featuredmedia":[{"embeddable":true,"href":"https:\/\/quehacerpolitico.mx\/index.php?rest_route=\/wp\/v2\/media\/111004"}],"wp:attachment":[{"href":"https:\/\/quehacerpolitico.mx\/index.php?rest_route=%2Fwp%2Fv2%2Fmedia&parent=111003"}],"wp:term":[{"taxonomy":"category","embeddable":true,"href":"https:\/\/quehacerpolitico.mx\/index.php?rest_route=%2Fwp%2Fv2%2Fcategories&post=111003"},{"taxonomy":"post_tag","embeddable":true,"href":"https:\/\/quehacerpolitico.mx\/index.php?rest_route=%2Fwp%2Fv2%2Ftags&post=111003"}],"curies":[{"name":"wp","href":"https:\/\/api.w.org\/{rel}","templated":true}]}}