{"id":110986,"date":"2024-06-27T15:06:09","date_gmt":"2024-06-27T15:06:09","guid":{"rendered":"https:\/\/quehacerpolitico.mx\/?p=110986"},"modified":"2024-06-27T15:43:55","modified_gmt":"2024-06-27T15:43:55","slug":"metro-cdmx-inundado-linea-a-brinda-servicio-provisional-desde-la-terminal-pantitlan-hasta-la-estacion-guelatao","status":"publish","type":"post","link":"https:\/\/quehacerpolitico.mx\/?p=110986","title":{"rendered":"Metro CDMX inundado L\u00ednea A brinda servicio provisional desde la terminal\u00a0Pantitl\u00e1n hasta la estaci\u00f3n\u00a0Guelatao"},"content":{"rendered":"\n<p>Por Redacci\u00f3n QP<\/p>\n\n\n\n<p>El Sistema de Transporte Colectivo (<strong>STC<\/strong>) Metro inform\u00f3 esta madrugada que la L\u00ednea A brinda servicio provisional desde la terminal&nbsp;<strong>Pantitl\u00e1n<\/strong> hasta la estaci\u00f3n&nbsp;<strong>Guelatao<\/strong>, mientras que este se encuentra suspendido con direcci\u00f3n a&nbsp;<strong>La Paz<\/strong>, debido a las&nbsp;<strong>inundaciones<\/strong>&nbsp;en la zona por las intensas lluvias.<\/p>\n\n\n\n<p>\u201cSe coordinan acciones con autoridades del\u00a0<strong>Estado de M\u00e9xico<\/strong>\u00a0para el\u00a0<strong>desazolve<\/strong>\u00a0en la zona, que permita las condiciones operativas para normalizar el\u00a0<strong>servicio<\/strong>\u201c, public\u00f3 el\u00a0<strong>Metro<\/strong>\u00a0en su cuenta de X.<\/p>\n\n\n\n<figure class=\"wp-block-embed is-type-rich is-provider-twitter wp-block-embed-twitter\"><div class=\"wp-block-embed__wrapper\">\n<blockquote class=\"twitter-tweet\" data-width=\"550\" data-dnt=\"true\"><p lang=\"es\" dir=\"ltr\">\u25b6\ufe0f Usuarios de la L\u00ednea A del <a href=\"https:\/\/twitter.com\/hashtag\/MetroCDMX?src=hash&amp;ref_src=twsrc%5Etfw\">#MetroCDMX<\/a> buscan alternativas de transporte ante la suspensi\u00f3n del servicio en 5 estaciones. <br><br>\ud83d\udcfa <a href=\"https:\/\/twitter.com\/hashtag\/TelediarioMatutino?src=hash&amp;ref_src=twsrc%5Etfw\">#TelediarioMatutino<\/a> con <a href=\"https:\/\/twitter.com\/anyalanis14?ref_src=twsrc%5Etfw\">@anyalanis14<\/a>, <a href=\"https:\/\/twitter.com\/liliana_sosa?ref_src=twsrc%5Etfw\">@liliana_sosa<\/a>, y <a href=\"https:\/\/twitter.com\/deividmedrano?ref_src=twsrc%5Etfw\">@deividmedrano<\/a> \u2b50 <a href=\"https:\/\/t.co\/TSMMjEzyB5\">pic.twitter.com\/TSMMjEzyB5<\/a><\/p>&mdash; @telediario (@telediario) <a href=\"https:\/\/twitter.com\/telediario\/status\/1806348070726082994?ref_src=twsrc%5Etfw\">June 27, 2024<\/a><\/blockquote><script async src=\"https:\/\/platform.twitter.com\/widgets.js\" charset=\"utf-8\"><\/script>\n<\/div><\/figure>\n\n\n\n<figure class=\"wp-block-embed is-type-rich is-provider-twitter wp-block-embed-twitter\"><div class=\"wp-block-embed__wrapper\">\n<blockquote class=\"twitter-tweet\" data-width=\"550\" data-dnt=\"true\"><p lang=\"es\" dir=\"ltr\">Tras suspenderse el servicio en la L\u00ednea A del <a href=\"https:\/\/twitter.com\/hashtag\/MetroCDMX?src=hash&amp;ref_src=twsrc%5Etfw\">#MetroCDMX<\/a>, debido a inundaciones por las lluvias, los autobuses de la RTP que ofrecen servicio provisional no se dan abasto por la cantidad de usuarios que necesitan trasladarse. <a href=\"https:\/\/twitter.com\/hashtag\/EstrictamentePersonal?src=hash&amp;ref_src=twsrc%5Etfw\">#EstrictamentePersonal<\/a> con <a href=\"https:\/\/twitter.com\/AnaOrdonana?ref_src=twsrc%5Etfw\">@AnaOrdonana<\/a> |\u2026 <a href=\"https:\/\/t.co\/rFMW8JIBdp\">pic.twitter.com\/rFMW8JIBdp<\/a><\/p>&mdash; N+ FORO (@nmasforo) <a href=\"https:\/\/twitter.com\/nmasforo\/status\/1806328810133975266?ref_src=twsrc%5Etfw\">June 27, 2024<\/a><\/blockquote><script async src=\"https:\/\/platform.twitter.com\/widgets.js\" charset=\"utf-8\"><\/script>\n<\/div><\/figure>\n\n\n\n<p>El Sistema de Transporte Colectivo (<strong>STC<\/strong>) agreg\u00f3 que personal de Instalaciones Hidr\u00e1ulicas y Mec\u00e1nicas se encuentra realizando un bombeo de\u00a0<strong>agua<\/strong>\u00a0en las v\u00edas y la descarga de aguas residuales hacia los registros.<\/p>\n\n\n\n<figure class=\"wp-block-embed is-type-rich is-provider-twitter wp-block-embed-twitter\"><div class=\"wp-block-embed__wrapper\">\n<blockquote class=\"twitter-tweet\" data-width=\"550\" data-dnt=\"true\"><p lang=\"es\" dir=\"ltr\"><a href=\"https:\/\/twitter.com\/hashtag\/AvisoMetro?src=hash&amp;ref_src=twsrc%5Etfw\">#AvisoMetro<\/a> El servicio es provisional de la terminal Pantitl\u00e1n a la estaci\u00f3n Guelatao de L\u00ednea A. No habr\u00e1 servicio de trenes de Guelatao hacia La Paz, derivado de las intensas lluvias. Se coordinan acciones con autoridades del Estado de M\u00e9xico para el desazolve en la zona, que\u2026<\/p>&mdash; MetroCDMX (@MetroCDMX) <a href=\"https:\/\/twitter.com\/MetroCDMX\/status\/1806281430894366982?ref_src=twsrc%5Etfw\">June 27, 2024<\/a><\/blockquote><script async src=\"https:\/\/platform.twitter.com\/widgets.js\" charset=\"utf-8\"><\/script>\n<\/div><\/figure>\n\n\n\n<figure class=\"wp-block-embed is-type-rich is-provider-twitter wp-block-embed-twitter\"><div class=\"wp-block-embed__wrapper\">\n<blockquote class=\"twitter-tweet\" data-width=\"550\" data-dnt=\"true\"><p lang=\"es\" dir=\"ltr\"><a href=\"https:\/\/twitter.com\/hashtag\/AvisoMetro?src=hash&amp;ref_src=twsrc%5Etfw\">#AvisoMetro<\/a> Al momento, el equipo de Instalaciones Hidr\u00e1ulicas del Metro ha desalojado aproximadamente mill\u00f3n y medio de litros de agua de la zona de v\u00edas de Santa Marta-Los Reyes. Contin\u00faan los trabajos para restablecer el servicio de la L\u00ednea A en su totalidad. <a href=\"https:\/\/t.co\/jryS0ORuQG\">pic.twitter.com\/jryS0ORuQG<\/a><\/p>&mdash; MetroCDMX (@MetroCDMX) <a href=\"https:\/\/twitter.com\/MetroCDMX\/status\/1806348058453778593?ref_src=twsrc%5Etfw\">June 27, 2024<\/a><\/blockquote><script async src=\"https:\/\/platform.twitter.com\/widgets.js\" charset=\"utf-8\"><\/script>\n<\/div><\/figure>\n\n\n\n<figure class=\"wp-block-embed is-type-rich is-provider-twitter wp-block-embed-twitter\"><div class=\"wp-block-embed__wrapper\">\n<blockquote class=\"twitter-tweet\" data-width=\"550\" data-dnt=\"true\"><p lang=\"es\" dir=\"ltr\"><a href=\"https:\/\/twitter.com\/hashtag\/AvisoMetro?src=hash&amp;ref_src=twsrc%5Etfw\">#AvisoMetro<\/a>: Unidades de <a href=\"https:\/\/twitter.com\/RTP_CiudadDeMex?ref_src=twsrc%5Etfw\">@RTP_ciudadDeMex<\/a> apoyan el traslado de usuarios de la estaci\u00f3n Guelatao a Santa Marta de L\u00ednea A, en ambos sentidos. Toma previsiones. <a href=\"https:\/\/t.co\/p7KoGfgz7O\">pic.twitter.com\/p7KoGfgz7O<\/a><\/p>&mdash; MetroCDMX (@MetroCDMX) <a href=\"https:\/\/twitter.com\/MetroCDMX\/status\/1806300313034334500?ref_src=twsrc%5Etfw\">June 27, 2024<\/a><\/blockquote><script async src=\"https:\/\/platform.twitter.com\/widgets.js\" charset=\"utf-8\"><\/script>\n<\/div><\/figure>\n\n\n\n<p>La Red de Transporte de Pasajeros (RTP) inform\u00f3 que brinda servicio de apoyo para el traslado de&nbsp;<strong>pasajeros<\/strong>&nbsp;desde la estaci\u00f3n&nbsp;<strong>Guelatao<\/strong>&nbsp;hasta&nbsp;<strong>Santa Marta<\/strong>, en ambos sentidos.<\/p>\n\n\n\n<p>Hasta las 8 de la ma\u00f1ana, el&nbsp;<strong>Metro<\/strong>&nbsp;reportaba un \u201cincidente en la l\u00ednea\u201d debido a los trabajos que se realizan y un avance de&nbsp;<strong>trenes<\/strong>&nbsp;de al menos 7 minutos en el tramo que se encuentra en&nbsp;<strong>servicio<\/strong>.<\/p>\n","protected":false},"excerpt":{"rendered":"<p>Por Redacci\u00f3n QP El Sistema de Transporte Colectivo (STC) Metro inform\u00f3 esta madrugada que la&#8230;<\/p>\n","protected":false},"author":2,"featured_media":110987,"comment_status":"open","ping_status":"open","sticky":false,"template":"","format":"standard","meta":{"_monsterinsights_skip_tracking":false,"_monsterinsights_sitenote_active":false,"_monsterinsights_sitenote_note":"","_monsterinsights_sitenote_category":0,"footnotes":""},"categories":[55],"tags":[],"class_list":["post-110986","post","type-post","status-publish","format-standard","has-post-thumbnail","hentry","category-cdmx"],"yoast_head":"<!-- This site is optimized with the Yoast SEO plugin v27.3 - https:\/\/yoast.com\/product\/yoast-seo-wordpress\/ -->\n<title>Metro CDMX inundado L\u00ednea A brinda servicio provisional desde la terminal\u00a0Pantitl\u00e1n hasta la estaci\u00f3n\u00a0Guelatao -<\/title>\n<meta name=\"robots\" content=\"index, follow, max-snippet:-1, max-image-preview:large, max-video-preview:-1\" \/>\n<link rel=\"canonical\" href=\"https:\/\/quehacerpolitico.mx\/?p=110986\" \/>\n<meta property=\"og:locale\" content=\"es_MX\" \/>\n<meta property=\"og:type\" content=\"article\" \/>\n<meta property=\"og:title\" content=\"Metro CDMX inundado L\u00ednea A brinda servicio provisional desde la terminal\u00a0Pantitl\u00e1n hasta la estaci\u00f3n\u00a0Guelatao -\" \/>\n<meta property=\"og:description\" content=\"Por Redacci\u00f3n QP El Sistema de Transporte Colectivo (STC) Metro inform\u00f3 esta madrugada que la...\" \/>\n<meta property=\"og:url\" content=\"https:\/\/quehacerpolitico.mx\/?p=110986\" \/>\n<meta property=\"article:published_time\" content=\"2024-06-27T15:06:09+00:00\" \/>\n<meta property=\"article:modified_time\" content=\"2024-06-27T15:43:55+00:00\" \/>\n<meta property=\"og:image\" content=\"https:\/\/quehacerpolitico.mx\/wp-content\/uploads\/2024\/06\/IMG_6447.jpeg\" \/>\n\t<meta property=\"og:image:width\" content=\"739\" \/>\n\t<meta property=\"og:image:height\" content=\"415\" \/>\n\t<meta property=\"og:image:type\" content=\"image\/jpeg\" \/>\n<meta name=\"author\" content=\"Redacci\u00f3n QP\" \/>\n<meta name=\"twitter:card\" content=\"summary_large_image\" \/>\n<meta name=\"twitter:label1\" content=\"Escrito por\" \/>\n\t<meta name=\"twitter:data1\" content=\"Redacci\u00f3n QP\" \/>\n\t<meta name=\"twitter:label2\" content=\"Tiempo de lectura\" \/>\n\t<meta name=\"twitter:data2\" content=\"1 minuto\" \/>\n<script type=\"application\/ld+json\" class=\"yoast-schema-graph\">{\"@context\":\"https:\\\/\\\/schema.org\",\"@graph\":[{\"@type\":\"Article\",\"@id\":\"https:\\\/\\\/quehacerpolitico.mx\\\/?p=110986#article\",\"isPartOf\":{\"@id\":\"https:\\\/\\\/quehacerpolitico.mx\\\/?p=110986\"},\"author\":{\"name\":\"Redacci\u00f3n QP\",\"@id\":\"https:\\\/\\\/quehacerpolitico.mx\\\/#\\\/schema\\\/person\\\/496d8ad2d1d3f8036101dca7ee39e585\"},\"headline\":\"Metro CDMX inundado L\u00ednea A brinda servicio provisional desde la terminal\u00a0Pantitl\u00e1n hasta la estaci\u00f3n\u00a0Guelatao\",\"datePublished\":\"2024-06-27T15:06:09+00:00\",\"dateModified\":\"2024-06-27T15:43:55+00:00\",\"mainEntityOfPage\":{\"@id\":\"https:\\\/\\\/quehacerpolitico.mx\\\/?p=110986\"},\"wordCount\":282,\"commentCount\":0,\"image\":{\"@id\":\"https:\\\/\\\/quehacerpolitico.mx\\\/?p=110986#primaryimage\"},\"thumbnailUrl\":\"https:\\\/\\\/quehacerpolitico.mx\\\/wp-content\\\/uploads\\\/2024\\\/06\\\/IMG_6447.jpeg\",\"articleSection\":[\"CDMX\"],\"inLanguage\":\"es\",\"potentialAction\":[{\"@type\":\"CommentAction\",\"name\":\"Comment\",\"target\":[\"https:\\\/\\\/quehacerpolitico.mx\\\/?p=110986#respond\"]}]},{\"@type\":\"WebPage\",\"@id\":\"https:\\\/\\\/quehacerpolitico.mx\\\/?p=110986\",\"url\":\"https:\\\/\\\/quehacerpolitico.mx\\\/?p=110986\",\"name\":\"Metro CDMX inundado L\u00ednea A brinda servicio provisional desde la terminal\u00a0Pantitl\u00e1n hasta la estaci\u00f3n\u00a0Guelatao -\",\"isPartOf\":{\"@id\":\"https:\\\/\\\/quehacerpolitico.mx\\\/#website\"},\"primaryImageOfPage\":{\"@id\":\"https:\\\/\\\/quehacerpolitico.mx\\\/?p=110986#primaryimage\"},\"image\":{\"@id\":\"https:\\\/\\\/quehacerpolitico.mx\\\/?p=110986#primaryimage\"},\"thumbnailUrl\":\"https:\\\/\\\/quehacerpolitico.mx\\\/wp-content\\\/uploads\\\/2024\\\/06\\\/IMG_6447.jpeg\",\"datePublished\":\"2024-06-27T15:06:09+00:00\",\"dateModified\":\"2024-06-27T15:43:55+00:00\",\"author\":{\"@id\":\"https:\\\/\\\/quehacerpolitico.mx\\\/#\\\/schema\\\/person\\\/496d8ad2d1d3f8036101dca7ee39e585\"},\"breadcrumb\":{\"@id\":\"https:\\\/\\\/quehacerpolitico.mx\\\/?p=110986#breadcrumb\"},\"inLanguage\":\"es\",\"potentialAction\":[{\"@type\":\"ReadAction\",\"target\":[\"https:\\\/\\\/quehacerpolitico.mx\\\/?p=110986\"]}]},{\"@type\":\"ImageObject\",\"inLanguage\":\"es\",\"@id\":\"https:\\\/\\\/quehacerpolitico.mx\\\/?p=110986#primaryimage\",\"url\":\"https:\\\/\\\/quehacerpolitico.mx\\\/wp-content\\\/uploads\\\/2024\\\/06\\\/IMG_6447.jpeg\",\"contentUrl\":\"https:\\\/\\\/quehacerpolitico.mx\\\/wp-content\\\/uploads\\\/2024\\\/06\\\/IMG_6447.jpeg\",\"width\":739,\"height\":415},{\"@type\":\"BreadcrumbList\",\"@id\":\"https:\\\/\\\/quehacerpolitico.mx\\\/?p=110986#breadcrumb\",\"itemListElement\":[{\"@type\":\"ListItem\",\"position\":1,\"name\":\"Inicio\",\"item\":\"https:\\\/\\\/quehacerpolitico.mx\\\/\"},{\"@type\":\"ListItem\",\"position\":2,\"name\":\"Metro CDMX inundado L\u00ednea A brinda servicio provisional desde la terminal\u00a0Pantitl\u00e1n hasta la estaci\u00f3n\u00a0Guelatao\"}]},{\"@type\":\"WebSite\",\"@id\":\"https:\\\/\\\/quehacerpolitico.mx\\\/#website\",\"url\":\"https:\\\/\\\/quehacerpolitico.mx\\\/\",\"name\":\"\",\"description\":\"\",\"potentialAction\":[{\"@type\":\"SearchAction\",\"target\":{\"@type\":\"EntryPoint\",\"urlTemplate\":\"https:\\\/\\\/quehacerpolitico.mx\\\/?s={search_term_string}\"},\"query-input\":{\"@type\":\"PropertyValueSpecification\",\"valueRequired\":true,\"valueName\":\"search_term_string\"}}],\"inLanguage\":\"es\"},{\"@type\":\"Person\",\"@id\":\"https:\\\/\\\/quehacerpolitico.mx\\\/#\\\/schema\\\/person\\\/496d8ad2d1d3f8036101dca7ee39e585\",\"name\":\"Redacci\u00f3n QP\",\"image\":{\"@type\":\"ImageObject\",\"inLanguage\":\"es\",\"@id\":\"https:\\\/\\\/secure.gravatar.com\\\/avatar\\\/c7164ed6fdec453195284ad24a5ae5b6e1eed2b848477fa2a4787ba9adf39a41?s=96&d=mm&r=g\",\"url\":\"https:\\\/\\\/secure.gravatar.com\\\/avatar\\\/c7164ed6fdec453195284ad24a5ae5b6e1eed2b848477fa2a4787ba9adf39a41?s=96&d=mm&r=g\",\"contentUrl\":\"https:\\\/\\\/secure.gravatar.com\\\/avatar\\\/c7164ed6fdec453195284ad24a5ae5b6e1eed2b848477fa2a4787ba9adf39a41?s=96&d=mm&r=g\",\"caption\":\"Redacci\u00f3n QP\"},\"url\":\"https:\\\/\\\/quehacerpolitico.mx\\\/?author=2\"}]}<\/script>\n<!-- \/ Yoast SEO plugin. -->","yoast_head_json":{"title":"Metro CDMX inundado L\u00ednea A brinda servicio provisional desde la terminal\u00a0Pantitl\u00e1n hasta la estaci\u00f3n\u00a0Guelatao -","robots":{"index":"index","follow":"follow","max-snippet":"max-snippet:-1","max-image-preview":"max-image-preview:large","max-video-preview":"max-video-preview:-1"},"canonical":"https:\/\/quehacerpolitico.mx\/?p=110986","og_locale":"es_MX","og_type":"article","og_title":"Metro CDMX inundado L\u00ednea A brinda servicio provisional desde la terminal\u00a0Pantitl\u00e1n hasta la estaci\u00f3n\u00a0Guelatao -","og_description":"Por Redacci\u00f3n QP El Sistema de Transporte Colectivo (STC) Metro inform\u00f3 esta madrugada que la...","og_url":"https:\/\/quehacerpolitico.mx\/?p=110986","article_published_time":"2024-06-27T15:06:09+00:00","article_modified_time":"2024-06-27T15:43:55+00:00","og_image":[{"width":739,"height":415,"url":"https:\/\/quehacerpolitico.mx\/wp-content\/uploads\/2024\/06\/IMG_6447.jpeg","type":"image\/jpeg"}],"author":"Redacci\u00f3n QP","twitter_card":"summary_large_image","twitter_misc":{"Escrito por":"Redacci\u00f3n QP","Tiempo de lectura":"1 minuto"},"schema":{"@context":"https:\/\/schema.org","@graph":[{"@type":"Article","@id":"https:\/\/quehacerpolitico.mx\/?p=110986#article","isPartOf":{"@id":"https:\/\/quehacerpolitico.mx\/?p=110986"},"author":{"name":"Redacci\u00f3n QP","@id":"https:\/\/quehacerpolitico.mx\/#\/schema\/person\/496d8ad2d1d3f8036101dca7ee39e585"},"headline":"Metro CDMX inundado L\u00ednea A brinda servicio provisional desde la terminal\u00a0Pantitl\u00e1n hasta la estaci\u00f3n\u00a0Guelatao","datePublished":"2024-06-27T15:06:09+00:00","dateModified":"2024-06-27T15:43:55+00:00","mainEntityOfPage":{"@id":"https:\/\/quehacerpolitico.mx\/?p=110986"},"wordCount":282,"commentCount":0,"image":{"@id":"https:\/\/quehacerpolitico.mx\/?p=110986#primaryimage"},"thumbnailUrl":"https:\/\/quehacerpolitico.mx\/wp-content\/uploads\/2024\/06\/IMG_6447.jpeg","articleSection":["CDMX"],"inLanguage":"es","potentialAction":[{"@type":"CommentAction","name":"Comment","target":["https:\/\/quehacerpolitico.mx\/?p=110986#respond"]}]},{"@type":"WebPage","@id":"https:\/\/quehacerpolitico.mx\/?p=110986","url":"https:\/\/quehacerpolitico.mx\/?p=110986","name":"Metro CDMX inundado L\u00ednea A brinda servicio provisional desde la terminal\u00a0Pantitl\u00e1n hasta la estaci\u00f3n\u00a0Guelatao -","isPartOf":{"@id":"https:\/\/quehacerpolitico.mx\/#website"},"primaryImageOfPage":{"@id":"https:\/\/quehacerpolitico.mx\/?p=110986#primaryimage"},"image":{"@id":"https:\/\/quehacerpolitico.mx\/?p=110986#primaryimage"},"thumbnailUrl":"https:\/\/quehacerpolitico.mx\/wp-content\/uploads\/2024\/06\/IMG_6447.jpeg","datePublished":"2024-06-27T15:06:09+00:00","dateModified":"2024-06-27T15:43:55+00:00","author":{"@id":"https:\/\/quehacerpolitico.mx\/#\/schema\/person\/496d8ad2d1d3f8036101dca7ee39e585"},"breadcrumb":{"@id":"https:\/\/quehacerpolitico.mx\/?p=110986#breadcrumb"},"inLanguage":"es","potentialAction":[{"@type":"ReadAction","target":["https:\/\/quehacerpolitico.mx\/?p=110986"]}]},{"@type":"ImageObject","inLanguage":"es","@id":"https:\/\/quehacerpolitico.mx\/?p=110986#primaryimage","url":"https:\/\/quehacerpolitico.mx\/wp-content\/uploads\/2024\/06\/IMG_6447.jpeg","contentUrl":"https:\/\/quehacerpolitico.mx\/wp-content\/uploads\/2024\/06\/IMG_6447.jpeg","width":739,"height":415},{"@type":"BreadcrumbList","@id":"https:\/\/quehacerpolitico.mx\/?p=110986#breadcrumb","itemListElement":[{"@type":"ListItem","position":1,"name":"Inicio","item":"https:\/\/quehacerpolitico.mx\/"},{"@type":"ListItem","position":2,"name":"Metro CDMX inundado L\u00ednea A brinda servicio provisional desde la terminal\u00a0Pantitl\u00e1n hasta la estaci\u00f3n\u00a0Guelatao"}]},{"@type":"WebSite","@id":"https:\/\/quehacerpolitico.mx\/#website","url":"https:\/\/quehacerpolitico.mx\/","name":"","description":"","potentialAction":[{"@type":"SearchAction","target":{"@type":"EntryPoint","urlTemplate":"https:\/\/quehacerpolitico.mx\/?s={search_term_string}"},"query-input":{"@type":"PropertyValueSpecification","valueRequired":true,"valueName":"search_term_string"}}],"inLanguage":"es"},{"@type":"Person","@id":"https:\/\/quehacerpolitico.mx\/#\/schema\/person\/496d8ad2d1d3f8036101dca7ee39e585","name":"Redacci\u00f3n QP","image":{"@type":"ImageObject","inLanguage":"es","@id":"https:\/\/secure.gravatar.com\/avatar\/c7164ed6fdec453195284ad24a5ae5b6e1eed2b848477fa2a4787ba9adf39a41?s=96&d=mm&r=g","url":"https:\/\/secure.gravatar.com\/avatar\/c7164ed6fdec453195284ad24a5ae5b6e1eed2b848477fa2a4787ba9adf39a41?s=96&d=mm&r=g","contentUrl":"https:\/\/secure.gravatar.com\/avatar\/c7164ed6fdec453195284ad24a5ae5b6e1eed2b848477fa2a4787ba9adf39a41?s=96&d=mm&r=g","caption":"Redacci\u00f3n QP"},"url":"https:\/\/quehacerpolitico.mx\/?author=2"}]}},"featured_image_urls":{"full":["https:\/\/quehacerpolitico.mx\/wp-content\/uploads\/2024\/06\/IMG_6447.jpeg",739,415,false],"thumbnail":["https:\/\/quehacerpolitico.mx\/wp-content\/uploads\/2024\/06\/IMG_6447-150x150.jpeg",150,150,true],"medium":["https:\/\/quehacerpolitico.mx\/wp-content\/uploads\/2024\/06\/IMG_6447-300x168.jpeg",300,168,true],"medium_large":["https:\/\/quehacerpolitico.mx\/wp-content\/uploads\/2024\/06\/IMG_6447.jpeg",640,359,false],"large":["https:\/\/quehacerpolitico.mx\/wp-content\/uploads\/2024\/06\/IMG_6447.jpeg",640,359,false],"1536x1536":["https:\/\/quehacerpolitico.mx\/wp-content\/uploads\/2024\/06\/IMG_6447.jpeg",739,415,false],"2048x2048":["https:\/\/quehacerpolitico.mx\/wp-content\/uploads\/2024\/06\/IMG_6447.jpeg",739,415,false],"covernews-featured":["https:\/\/quehacerpolitico.mx\/wp-content\/uploads\/2024\/06\/IMG_6447.jpeg",739,415,false],"covernews-medium":["https:\/\/quehacerpolitico.mx\/wp-content\/uploads\/2024\/06\/IMG_6447.jpeg",540,303,false]},"author_info":{"display_name":"Redacci\u00f3n QP","author_link":"https:\/\/quehacerpolitico.mx\/?author=2"},"category_info":"<a href=\"https:\/\/quehacerpolitico.mx\/?cat=55\" rel=\"category\">CDMX<\/a>","tag_info":"CDMX","comment_count":"0","_links":{"self":[{"href":"https:\/\/quehacerpolitico.mx\/index.php?rest_route=\/wp\/v2\/posts\/110986","targetHints":{"allow":["GET"]}}],"collection":[{"href":"https:\/\/quehacerpolitico.mx\/index.php?rest_route=\/wp\/v2\/posts"}],"about":[{"href":"https:\/\/quehacerpolitico.mx\/index.php?rest_route=\/wp\/v2\/types\/post"}],"author":[{"embeddable":true,"href":"https:\/\/quehacerpolitico.mx\/index.php?rest_route=\/wp\/v2\/users\/2"}],"replies":[{"embeddable":true,"href":"https:\/\/quehacerpolitico.mx\/index.php?rest_route=%2Fwp%2Fv2%2Fcomments&post=110986"}],"version-history":[{"count":2,"href":"https:\/\/quehacerpolitico.mx\/index.php?rest_route=\/wp\/v2\/posts\/110986\/revisions"}],"predecessor-version":[{"id":110993,"href":"https:\/\/quehacerpolitico.mx\/index.php?rest_route=\/wp\/v2\/posts\/110986\/revisions\/110993"}],"wp:featuredmedia":[{"embeddable":true,"href":"https:\/\/quehacerpolitico.mx\/index.php?rest_route=\/wp\/v2\/media\/110987"}],"wp:attachment":[{"href":"https:\/\/quehacerpolitico.mx\/index.php?rest_route=%2Fwp%2Fv2%2Fmedia&parent=110986"}],"wp:term":[{"taxonomy":"category","embeddable":true,"href":"https:\/\/quehacerpolitico.mx\/index.php?rest_route=%2Fwp%2Fv2%2Fcategories&post=110986"},{"taxonomy":"post_tag","embeddable":true,"href":"https:\/\/quehacerpolitico.mx\/index.php?rest_route=%2Fwp%2Fv2%2Ftags&post=110986"}],"curies":[{"name":"wp","href":"https:\/\/api.w.org\/{rel}","templated":true}]}}