{"id":110983,"date":"2024-06-26T15:59:58","date_gmt":"2024-06-26T15:59:58","guid":{"rendered":"https:\/\/quehacerpolitico.mx\/?p=110983"},"modified":"2024-06-26T16:00:00","modified_gmt":"2024-06-26T16:00:00","slug":"el-quehacer-politico-en-la-cultura-a-traves-del-enfoque-litza-deniss-duran-espinosa-quince-anos-despues-de-su-muerte-el-impacto-y-legado-de-michael-jackson-perduran-junto-a-las-acusaciones-de-abu","status":"publish","type":"post","link":"https:\/\/quehacerpolitico.mx\/?p=110983","title":{"rendered":"El Quehacer Pol\u00edtico en la Cultura a trav\u00e9s del enfoque\/\/\/Litza Deniss Dur\u00e1n Espinosa\/\/\/Quince a\u00f1os despu\u00e9s de su muerte, el impacto y legado de Michael Jackson perduran junto a las acusaciones de abuso infantil"},"content":{"rendered":"\n<p>Por Litza Deniss Dur\u00e1n Espinosa<\/p>\n\n\n\n<p>La huella de&nbsp;<strong>Michael<\/strong>&nbsp;<strong>Jackson<\/strong>&nbsp;como el indiscutible&nbsp;<strong>rey<\/strong>&nbsp;que cambi\u00f3 las reglas de la m\u00fasica&nbsp;<strong>pop<\/strong>&nbsp;sigue vigente a trav\u00e9s del tiempo, pero su imagen, 15 a\u00f1os despu\u00e9s de su muerte, arrastra las pol\u00e9micas acusaciones que enfrent\u00f3 por abuso infantil.<\/p>\n\n\n\n<p>La forma con la que presum\u00eda\u00a0<strong>bailar<\/strong>\u00a0los pasos m\u00e1s imposibles, su\u00a0<strong>voz<\/strong>\u00a0vers\u00e1til, los\u00a0<strong>guantes<\/strong>blancos y su af\u00e1n por el espect\u00e1culo forjaron la identidad de Jackson, que ser\u00eda reproducida por millones de personas incapaces de compararse al creador del\u00a0<strong>Moon<\/strong>\u00a0<strong>Walk<\/strong>, la inclinaci\u00f3n antigravedad o el agarre de la entrepierna.<\/p>\n\n\n\n<p>Con una carrera impecable, cosech\u00f3 \u00e9xitos que marcaron un hito musical como \u201c<strong>Thriller<\/strong>\u201d (1982), el \u00e1lbum m\u00e1s vendido de la historia, o canciones que definieron su marca como \u201c<strong>Beat<\/strong><strong>it<\/strong>\u201d (1982), \u201c<strong>Bad<\/strong>\u201d (1987) o \u201c<strong>Smooth<\/strong>&nbsp;<strong>Criminal<\/strong>\u201d (1988).<\/p>\n\n\n\n<p>Su vida, no obstante, estuvo rodeada de pol\u00e9micas y obst\u00e1culos: desde el cambio de&nbsp;<strong>color de piel<\/strong>, pasando por la paternidad de sus tres hijos hasta su situaci\u00f3n econ\u00f3mica, llegando a principios de los 2000 a rozar la bancarrota.<\/p>\n\n\n\n<p>Su muerte tampoco estuvo exenta de especulaciones. Falleci\u00f3 a los 50 a\u00f1os el 25 de junio de 2009 por&nbsp;<strong>sobredosis<\/strong>&nbsp;de anest\u00e9sicos en su mansi\u00f3n alquilada cerca de Bel Air, el exclusivo barrio de celebridades en&nbsp;<strong>Los<\/strong><strong>\u00c1ngeles<\/strong>.<\/p>\n\n\n\n<p>\u00bfSe suicid\u00f3 o su m\u00e9dico, que fue condenado y apresado por\u00a0<strong>homicidio<\/strong>\u00a0involuntario, le recet\u00f3 demasiados\u00a0<strong>medicamentos<\/strong>\u00a0a prop\u00f3sito?, se siguen preguntando muchos de sus fan\u00e1ticos.<\/p>\n\n\n\n<figure class=\"wp-block-embed is-type-video is-provider-youtube wp-block-embed-youtube wp-embed-aspect-16-9 wp-has-aspect-ratio\"><div class=\"wp-block-embed__wrapper\">\n<iframe loading=\"lazy\" title=\"\u00bfEST\u00c1 VIVO? As\u00ed OCULTAN la VERDAD de MICHAEL JACKSON | El Documental FILTRADO\" width=\"640\" height=\"360\" src=\"https:\/\/www.youtube.com\/embed\/4fSk1oyTZDE?feature=oembed\" frameborder=\"0\" allow=\"accelerometer; autoplay; clipboard-write; encrypted-media; gyroscope; picture-in-picture; web-share\" referrerpolicy=\"strict-origin-when-cross-origin\" allowfullscreen><\/iframe>\n<\/div><\/figure>\n\n\n\n<h2 class=\"wp-block-heading\" id=\"h-casos-de-abuso-infantil-flotando\">Casos de abuso infantil flotando<\/h2>\n\n\n\n<p>La controversia que m\u00e1s ha marcado al int\u00e9rprete estadounidense han sido las acusaciones de abuso infantil. El primer caso apareci\u00f3 en 1993 con\u00a0<strong>Jordan<\/strong>\u00a0<strong>Chandler<\/strong>, cuya familia cerr\u00f3 la investigaci\u00f3n tras un acuerdo de 23 millones de d\u00f3lares.<\/p>\n\n\n\n<p>Cinco d\u00edas despu\u00e9s de la muerte del&nbsp;<strong>Rey del Pop<\/strong>, Chandler revel\u00f3 que hab\u00eda&nbsp;<strong>mentido<\/strong>respecto al abuso y se suicid\u00f3 en noviembre de 2009.<\/p>\n\n\n\n<p>A este primer caso se sumaron el&nbsp;<strong>testimonio<\/strong>de varias familias que acusaban a Jackson de abusar sexualmente de sus hijos. Aunque nunca fue condenado por estas denuncias, artistas como el rapero&nbsp;<strong>Eminem<\/strong>&nbsp;ridiculizaron en sus v\u00eddeos musicales a la estrella del pop abordando esta controversia.<\/p>\n\n\n\n<p>Este asunto volvi\u00f3 a sonar en los medios en agosto del a\u00f1o pasado, cuando un tribunal de California acept\u00f3 que Wade Robson y James Safechuck llevaran adelante su&nbsp;<strong>demanda<\/strong>contra los negocios que le pertenecieron para ser compensados por abuso sexual.<\/p>\n\n\n\n<p>Ambos son protagonistas del documental \u201c<strong>Leaving<\/strong>&nbsp;<strong>Neverland<\/strong>\u201d (2019), en el que relatan sus experiencias como presuntas v\u00edctimas del cantante.<\/p>\n\n\n\n<h2 class=\"wp-block-heading\" id=\"h-la-gota-que-derramo-el-vaso-su-pelicula-biografica\">La gota que derram\u00f3 el vaso: su pel\u00edcula biogr\u00e1fica<\/h2>\n\n\n\n<p>En noviembre de 2019, el productor Graham King, impulsor de la cinta musical sobre la vida del cantante\u00a0<strong>Freddie<\/strong>\u00a0<strong>Mercury<\/strong>\u00a0\u201cBohemian Rhapsody\u201d, adquiri\u00f3 los derechos de Michael Jackson para realizar \u201c<strong>Michael<\/strong>\u201c, una nueva pel\u00edcula sobre el icono del pop.<\/p>\n\n\n\n<p>La obra fue acusada el pasado marzo de servir como oportunidad para que el entorno del&nbsp;<strong>\u00eddolo<\/strong>internacional pueda limpiar la turbia imagen del pasado.<\/p>\n\n\n\n<p>Aunque la producci\u00f3n de la cinta, dirigida por Antoine Fuqua, asegur\u00f3 haber recibido el visto bueno para abordar con&nbsp;<strong>libertad<\/strong>&nbsp;creativa su vida, esta historia est\u00e1 protagonizada por&nbsp;<strong>Jaafar<\/strong>&nbsp;<strong>Jackson<\/strong>, sobrino del cantante, con quien tiene un gran parecido f\u00edsico.<\/p>\n\n\n\n<p>Entre sus productores ejecutivos se encuentra el abogado del patrimonio del cantante, John Branca, y el coejecutor del mismo, John McClain. Adem\u00e1s, seg\u00fan contactos de la revista especializada\u00a0<em>Variety<\/em>, siempre hay un miembro de la familia\u00a0<strong>Jackson<\/strong>\u00a0en el set del filme, que prev\u00e9 su\u00a0<strong>estreno<\/strong>\u00a0en abril de 2025.<\/p>\n\n\n\n<p>Con informaci\u00f3n de EFE<\/p>\n","protected":false},"excerpt":{"rendered":"<p>Por Litza Deniss Dur\u00e1n Espinosa La huella de&nbsp;Michael&nbsp;Jackson&nbsp;como el indiscutible&nbsp;rey&nbsp;que cambi\u00f3 las reglas de la&#8230;<\/p>\n","protected":false},"author":2,"featured_media":110984,"comment_status":"open","ping_status":"open","sticky":false,"template":"","format":"standard","meta":{"_monsterinsights_skip_tracking":false,"_monsterinsights_sitenote_active":false,"_monsterinsights_sitenote_note":"","_monsterinsights_sitenote_category":0,"footnotes":""},"categories":[58],"tags":[],"class_list":["post-110983","post","type-post","status-publish","format-standard","has-post-thumbnail","hentry","category-cultura"],"yoast_head":"<!-- This site is optimized with the Yoast SEO plugin v27.3 - https:\/\/yoast.com\/product\/yoast-seo-wordpress\/ -->\n<title>El Quehacer Pol\u00edtico en la Cultura a trav\u00e9s del enfoque\/\/\/Litza Deniss Dur\u00e1n Espinosa\/\/\/Quince a\u00f1os despu\u00e9s de su muerte, el impacto y legado de Michael Jackson perduran junto a las acusaciones de abuso infantil -<\/title>\n<meta name=\"robots\" content=\"index, follow, max-snippet:-1, max-image-preview:large, max-video-preview:-1\" \/>\n<link rel=\"canonical\" href=\"https:\/\/quehacerpolitico.mx\/?p=110983\" \/>\n<meta property=\"og:locale\" content=\"es_MX\" \/>\n<meta property=\"og:type\" content=\"article\" \/>\n<meta property=\"og:title\" content=\"El Quehacer Pol\u00edtico en la Cultura a trav\u00e9s del enfoque\/\/\/Litza Deniss Dur\u00e1n Espinosa\/\/\/Quince a\u00f1os despu\u00e9s de su muerte, el impacto y legado de Michael Jackson perduran junto a las acusaciones de abuso infantil -\" \/>\n<meta property=\"og:description\" content=\"Por Litza Deniss Dur\u00e1n Espinosa La huella de&nbsp;Michael&nbsp;Jackson&nbsp;como el indiscutible&nbsp;rey&nbsp;que cambi\u00f3 las reglas de la...\" \/>\n<meta property=\"og:url\" content=\"https:\/\/quehacerpolitico.mx\/?p=110983\" \/>\n<meta property=\"article:published_time\" content=\"2024-06-26T15:59:58+00:00\" \/>\n<meta property=\"article:modified_time\" content=\"2024-06-26T16:00:00+00:00\" \/>\n<meta property=\"og:image\" content=\"https:\/\/quehacerpolitico.mx\/wp-content\/uploads\/2024\/06\/f97f131b-617d-4d33-b7a7-a2e9689dd2f7-2.jpeg\" \/>\n\t<meta property=\"og:image:width\" content=\"963\" \/>\n\t<meta property=\"og:image:height\" content=\"493\" \/>\n\t<meta property=\"og:image:type\" content=\"image\/jpeg\" \/>\n<meta name=\"author\" content=\"Redacci\u00f3n QP\" \/>\n<meta name=\"twitter:card\" content=\"summary_large_image\" \/>\n<meta name=\"twitter:label1\" content=\"Escrito por\" \/>\n\t<meta name=\"twitter:data1\" content=\"Redacci\u00f3n QP\" \/>\n\t<meta name=\"twitter:label2\" content=\"Tiempo de lectura\" \/>\n\t<meta name=\"twitter:data2\" content=\"3 minutos\" \/>\n<script type=\"application\/ld+json\" class=\"yoast-schema-graph\">{\"@context\":\"https:\\\/\\\/schema.org\",\"@graph\":[{\"@type\":\"Article\",\"@id\":\"https:\\\/\\\/quehacerpolitico.mx\\\/?p=110983#article\",\"isPartOf\":{\"@id\":\"https:\\\/\\\/quehacerpolitico.mx\\\/?p=110983\"},\"author\":{\"name\":\"Redacci\u00f3n QP\",\"@id\":\"https:\\\/\\\/quehacerpolitico.mx\\\/#\\\/schema\\\/person\\\/496d8ad2d1d3f8036101dca7ee39e585\"},\"headline\":\"El Quehacer Pol\u00edtico en la Cultura a trav\u00e9s del enfoque\\\/\\\/\\\/Litza Deniss Dur\u00e1n Espinosa\\\/\\\/\\\/Quince a\u00f1os despu\u00e9s de su muerte, el impacto y legado de Michael Jackson perduran junto a las acusaciones de abuso infantil\",\"datePublished\":\"2024-06-26T15:59:58+00:00\",\"dateModified\":\"2024-06-26T16:00:00+00:00\",\"mainEntityOfPage\":{\"@id\":\"https:\\\/\\\/quehacerpolitico.mx\\\/?p=110983\"},\"wordCount\":677,\"commentCount\":0,\"image\":{\"@id\":\"https:\\\/\\\/quehacerpolitico.mx\\\/?p=110983#primaryimage\"},\"thumbnailUrl\":\"https:\\\/\\\/quehacerpolitico.mx\\\/wp-content\\\/uploads\\\/2024\\\/06\\\/f97f131b-617d-4d33-b7a7-a2e9689dd2f7-2.jpeg\",\"articleSection\":[\"Cultura y Entretenimiento\"],\"inLanguage\":\"es\",\"potentialAction\":[{\"@type\":\"CommentAction\",\"name\":\"Comment\",\"target\":[\"https:\\\/\\\/quehacerpolitico.mx\\\/?p=110983#respond\"]}]},{\"@type\":\"WebPage\",\"@id\":\"https:\\\/\\\/quehacerpolitico.mx\\\/?p=110983\",\"url\":\"https:\\\/\\\/quehacerpolitico.mx\\\/?p=110983\",\"name\":\"El Quehacer Pol\u00edtico en la Cultura a trav\u00e9s del enfoque\\\/\\\/\\\/Litza Deniss Dur\u00e1n Espinosa\\\/\\\/\\\/Quince a\u00f1os despu\u00e9s de su muerte, el impacto y legado de Michael Jackson perduran junto a las acusaciones de abuso infantil -\",\"isPartOf\":{\"@id\":\"https:\\\/\\\/quehacerpolitico.mx\\\/#website\"},\"primaryImageOfPage\":{\"@id\":\"https:\\\/\\\/quehacerpolitico.mx\\\/?p=110983#primaryimage\"},\"image\":{\"@id\":\"https:\\\/\\\/quehacerpolitico.mx\\\/?p=110983#primaryimage\"},\"thumbnailUrl\":\"https:\\\/\\\/quehacerpolitico.mx\\\/wp-content\\\/uploads\\\/2024\\\/06\\\/f97f131b-617d-4d33-b7a7-a2e9689dd2f7-2.jpeg\",\"datePublished\":\"2024-06-26T15:59:58+00:00\",\"dateModified\":\"2024-06-26T16:00:00+00:00\",\"author\":{\"@id\":\"https:\\\/\\\/quehacerpolitico.mx\\\/#\\\/schema\\\/person\\\/496d8ad2d1d3f8036101dca7ee39e585\"},\"breadcrumb\":{\"@id\":\"https:\\\/\\\/quehacerpolitico.mx\\\/?p=110983#breadcrumb\"},\"inLanguage\":\"es\",\"potentialAction\":[{\"@type\":\"ReadAction\",\"target\":[\"https:\\\/\\\/quehacerpolitico.mx\\\/?p=110983\"]}]},{\"@type\":\"ImageObject\",\"inLanguage\":\"es\",\"@id\":\"https:\\\/\\\/quehacerpolitico.mx\\\/?p=110983#primaryimage\",\"url\":\"https:\\\/\\\/quehacerpolitico.mx\\\/wp-content\\\/uploads\\\/2024\\\/06\\\/f97f131b-617d-4d33-b7a7-a2e9689dd2f7-2.jpeg\",\"contentUrl\":\"https:\\\/\\\/quehacerpolitico.mx\\\/wp-content\\\/uploads\\\/2024\\\/06\\\/f97f131b-617d-4d33-b7a7-a2e9689dd2f7-2.jpeg\",\"width\":963,\"height\":493},{\"@type\":\"BreadcrumbList\",\"@id\":\"https:\\\/\\\/quehacerpolitico.mx\\\/?p=110983#breadcrumb\",\"itemListElement\":[{\"@type\":\"ListItem\",\"position\":1,\"name\":\"Inicio\",\"item\":\"https:\\\/\\\/quehacerpolitico.mx\\\/\"},{\"@type\":\"ListItem\",\"position\":2,\"name\":\"El Quehacer Pol\u00edtico en la Cultura a trav\u00e9s del enfoque\\\/\\\/\\\/Litza Deniss Dur\u00e1n Espinosa\\\/\\\/\\\/Quince a\u00f1os despu\u00e9s de su muerte, el impacto y legado de Michael Jackson perduran junto a las acusaciones de abuso infantil\"}]},{\"@type\":\"WebSite\",\"@id\":\"https:\\\/\\\/quehacerpolitico.mx\\\/#website\",\"url\":\"https:\\\/\\\/quehacerpolitico.mx\\\/\",\"name\":\"\",\"description\":\"\",\"potentialAction\":[{\"@type\":\"SearchAction\",\"target\":{\"@type\":\"EntryPoint\",\"urlTemplate\":\"https:\\\/\\\/quehacerpolitico.mx\\\/?s={search_term_string}\"},\"query-input\":{\"@type\":\"PropertyValueSpecification\",\"valueRequired\":true,\"valueName\":\"search_term_string\"}}],\"inLanguage\":\"es\"},{\"@type\":\"Person\",\"@id\":\"https:\\\/\\\/quehacerpolitico.mx\\\/#\\\/schema\\\/person\\\/496d8ad2d1d3f8036101dca7ee39e585\",\"name\":\"Redacci\u00f3n QP\",\"image\":{\"@type\":\"ImageObject\",\"inLanguage\":\"es\",\"@id\":\"https:\\\/\\\/secure.gravatar.com\\\/avatar\\\/c7164ed6fdec453195284ad24a5ae5b6e1eed2b848477fa2a4787ba9adf39a41?s=96&d=mm&r=g\",\"url\":\"https:\\\/\\\/secure.gravatar.com\\\/avatar\\\/c7164ed6fdec453195284ad24a5ae5b6e1eed2b848477fa2a4787ba9adf39a41?s=96&d=mm&r=g\",\"contentUrl\":\"https:\\\/\\\/secure.gravatar.com\\\/avatar\\\/c7164ed6fdec453195284ad24a5ae5b6e1eed2b848477fa2a4787ba9adf39a41?s=96&d=mm&r=g\",\"caption\":\"Redacci\u00f3n QP\"},\"url\":\"https:\\\/\\\/quehacerpolitico.mx\\\/?author=2\"}]}<\/script>\n<!-- \/ Yoast SEO plugin. -->","yoast_head_json":{"title":"El Quehacer Pol\u00edtico en la Cultura a trav\u00e9s del enfoque\/\/\/Litza Deniss Dur\u00e1n Espinosa\/\/\/Quince a\u00f1os despu\u00e9s de su muerte, el impacto y legado de Michael Jackson perduran junto a las acusaciones de abuso infantil -","robots":{"index":"index","follow":"follow","max-snippet":"max-snippet:-1","max-image-preview":"max-image-preview:large","max-video-preview":"max-video-preview:-1"},"canonical":"https:\/\/quehacerpolitico.mx\/?p=110983","og_locale":"es_MX","og_type":"article","og_title":"El Quehacer Pol\u00edtico en la Cultura a trav\u00e9s del enfoque\/\/\/Litza Deniss Dur\u00e1n Espinosa\/\/\/Quince a\u00f1os despu\u00e9s de su muerte, el impacto y legado de Michael Jackson perduran junto a las acusaciones de abuso infantil -","og_description":"Por Litza Deniss Dur\u00e1n Espinosa La huella de&nbsp;Michael&nbsp;Jackson&nbsp;como el indiscutible&nbsp;rey&nbsp;que cambi\u00f3 las reglas de la...","og_url":"https:\/\/quehacerpolitico.mx\/?p=110983","article_published_time":"2024-06-26T15:59:58+00:00","article_modified_time":"2024-06-26T16:00:00+00:00","og_image":[{"width":963,"height":493,"url":"https:\/\/quehacerpolitico.mx\/wp-content\/uploads\/2024\/06\/f97f131b-617d-4d33-b7a7-a2e9689dd2f7-2.jpeg","type":"image\/jpeg"}],"author":"Redacci\u00f3n QP","twitter_card":"summary_large_image","twitter_misc":{"Escrito por":"Redacci\u00f3n QP","Tiempo de lectura":"3 minutos"},"schema":{"@context":"https:\/\/schema.org","@graph":[{"@type":"Article","@id":"https:\/\/quehacerpolitico.mx\/?p=110983#article","isPartOf":{"@id":"https:\/\/quehacerpolitico.mx\/?p=110983"},"author":{"name":"Redacci\u00f3n QP","@id":"https:\/\/quehacerpolitico.mx\/#\/schema\/person\/496d8ad2d1d3f8036101dca7ee39e585"},"headline":"El Quehacer Pol\u00edtico en la Cultura a trav\u00e9s del enfoque\/\/\/Litza Deniss Dur\u00e1n Espinosa\/\/\/Quince a\u00f1os despu\u00e9s de su muerte, el impacto y legado de Michael Jackson perduran junto a las acusaciones de abuso infantil","datePublished":"2024-06-26T15:59:58+00:00","dateModified":"2024-06-26T16:00:00+00:00","mainEntityOfPage":{"@id":"https:\/\/quehacerpolitico.mx\/?p=110983"},"wordCount":677,"commentCount":0,"image":{"@id":"https:\/\/quehacerpolitico.mx\/?p=110983#primaryimage"},"thumbnailUrl":"https:\/\/quehacerpolitico.mx\/wp-content\/uploads\/2024\/06\/f97f131b-617d-4d33-b7a7-a2e9689dd2f7-2.jpeg","articleSection":["Cultura y Entretenimiento"],"inLanguage":"es","potentialAction":[{"@type":"CommentAction","name":"Comment","target":["https:\/\/quehacerpolitico.mx\/?p=110983#respond"]}]},{"@type":"WebPage","@id":"https:\/\/quehacerpolitico.mx\/?p=110983","url":"https:\/\/quehacerpolitico.mx\/?p=110983","name":"El Quehacer Pol\u00edtico en la Cultura a trav\u00e9s del enfoque\/\/\/Litza Deniss Dur\u00e1n Espinosa\/\/\/Quince a\u00f1os despu\u00e9s de su muerte, el impacto y legado de Michael Jackson perduran junto a las acusaciones de abuso infantil -","isPartOf":{"@id":"https:\/\/quehacerpolitico.mx\/#website"},"primaryImageOfPage":{"@id":"https:\/\/quehacerpolitico.mx\/?p=110983#primaryimage"},"image":{"@id":"https:\/\/quehacerpolitico.mx\/?p=110983#primaryimage"},"thumbnailUrl":"https:\/\/quehacerpolitico.mx\/wp-content\/uploads\/2024\/06\/f97f131b-617d-4d33-b7a7-a2e9689dd2f7-2.jpeg","datePublished":"2024-06-26T15:59:58+00:00","dateModified":"2024-06-26T16:00:00+00:00","author":{"@id":"https:\/\/quehacerpolitico.mx\/#\/schema\/person\/496d8ad2d1d3f8036101dca7ee39e585"},"breadcrumb":{"@id":"https:\/\/quehacerpolitico.mx\/?p=110983#breadcrumb"},"inLanguage":"es","potentialAction":[{"@type":"ReadAction","target":["https:\/\/quehacerpolitico.mx\/?p=110983"]}]},{"@type":"ImageObject","inLanguage":"es","@id":"https:\/\/quehacerpolitico.mx\/?p=110983#primaryimage","url":"https:\/\/quehacerpolitico.mx\/wp-content\/uploads\/2024\/06\/f97f131b-617d-4d33-b7a7-a2e9689dd2f7-2.jpeg","contentUrl":"https:\/\/quehacerpolitico.mx\/wp-content\/uploads\/2024\/06\/f97f131b-617d-4d33-b7a7-a2e9689dd2f7-2.jpeg","width":963,"height":493},{"@type":"BreadcrumbList","@id":"https:\/\/quehacerpolitico.mx\/?p=110983#breadcrumb","itemListElement":[{"@type":"ListItem","position":1,"name":"Inicio","item":"https:\/\/quehacerpolitico.mx\/"},{"@type":"ListItem","position":2,"name":"El Quehacer Pol\u00edtico en la Cultura a trav\u00e9s del enfoque\/\/\/Litza Deniss Dur\u00e1n Espinosa\/\/\/Quince a\u00f1os despu\u00e9s de su muerte, el impacto y legado de Michael Jackson perduran junto a las acusaciones de abuso infantil"}]},{"@type":"WebSite","@id":"https:\/\/quehacerpolitico.mx\/#website","url":"https:\/\/quehacerpolitico.mx\/","name":"","description":"","potentialAction":[{"@type":"SearchAction","target":{"@type":"EntryPoint","urlTemplate":"https:\/\/quehacerpolitico.mx\/?s={search_term_string}"},"query-input":{"@type":"PropertyValueSpecification","valueRequired":true,"valueName":"search_term_string"}}],"inLanguage":"es"},{"@type":"Person","@id":"https:\/\/quehacerpolitico.mx\/#\/schema\/person\/496d8ad2d1d3f8036101dca7ee39e585","name":"Redacci\u00f3n QP","image":{"@type":"ImageObject","inLanguage":"es","@id":"https:\/\/secure.gravatar.com\/avatar\/c7164ed6fdec453195284ad24a5ae5b6e1eed2b848477fa2a4787ba9adf39a41?s=96&d=mm&r=g","url":"https:\/\/secure.gravatar.com\/avatar\/c7164ed6fdec453195284ad24a5ae5b6e1eed2b848477fa2a4787ba9adf39a41?s=96&d=mm&r=g","contentUrl":"https:\/\/secure.gravatar.com\/avatar\/c7164ed6fdec453195284ad24a5ae5b6e1eed2b848477fa2a4787ba9adf39a41?s=96&d=mm&r=g","caption":"Redacci\u00f3n QP"},"url":"https:\/\/quehacerpolitico.mx\/?author=2"}]}},"featured_image_urls":{"full":["https:\/\/quehacerpolitico.mx\/wp-content\/uploads\/2024\/06\/f97f131b-617d-4d33-b7a7-a2e9689dd2f7-2.jpeg",963,493,false],"thumbnail":["https:\/\/quehacerpolitico.mx\/wp-content\/uploads\/2024\/06\/f97f131b-617d-4d33-b7a7-a2e9689dd2f7-2-150x150.jpeg",150,150,true],"medium":["https:\/\/quehacerpolitico.mx\/wp-content\/uploads\/2024\/06\/f97f131b-617d-4d33-b7a7-a2e9689dd2f7-2-300x154.jpeg",300,154,true],"medium_large":["https:\/\/quehacerpolitico.mx\/wp-content\/uploads\/2024\/06\/f97f131b-617d-4d33-b7a7-a2e9689dd2f7-2-768x393.jpeg",640,328,true],"large":["https:\/\/quehacerpolitico.mx\/wp-content\/uploads\/2024\/06\/f97f131b-617d-4d33-b7a7-a2e9689dd2f7-2.jpeg",640,328,false],"1536x1536":["https:\/\/quehacerpolitico.mx\/wp-content\/uploads\/2024\/06\/f97f131b-617d-4d33-b7a7-a2e9689dd2f7-2.jpeg",963,493,false],"2048x2048":["https:\/\/quehacerpolitico.mx\/wp-content\/uploads\/2024\/06\/f97f131b-617d-4d33-b7a7-a2e9689dd2f7-2.jpeg",963,493,false],"covernews-featured":["https:\/\/quehacerpolitico.mx\/wp-content\/uploads\/2024\/06\/f97f131b-617d-4d33-b7a7-a2e9689dd2f7-2.jpeg",963,493,false],"covernews-medium":["https:\/\/quehacerpolitico.mx\/wp-content\/uploads\/2024\/06\/f97f131b-617d-4d33-b7a7-a2e9689dd2f7-2.jpeg",540,276,false]},"author_info":{"display_name":"Redacci\u00f3n QP","author_link":"https:\/\/quehacerpolitico.mx\/?author=2"},"category_info":"<a href=\"https:\/\/quehacerpolitico.mx\/?cat=58\" rel=\"category\">Cultura y Entretenimiento<\/a>","tag_info":"Cultura y Entretenimiento","comment_count":"0","_links":{"self":[{"href":"https:\/\/quehacerpolitico.mx\/index.php?rest_route=\/wp\/v2\/posts\/110983","targetHints":{"allow":["GET"]}}],"collection":[{"href":"https:\/\/quehacerpolitico.mx\/index.php?rest_route=\/wp\/v2\/posts"}],"about":[{"href":"https:\/\/quehacerpolitico.mx\/index.php?rest_route=\/wp\/v2\/types\/post"}],"author":[{"embeddable":true,"href":"https:\/\/quehacerpolitico.mx\/index.php?rest_route=\/wp\/v2\/users\/2"}],"replies":[{"embeddable":true,"href":"https:\/\/quehacerpolitico.mx\/index.php?rest_route=%2Fwp%2Fv2%2Fcomments&post=110983"}],"version-history":[{"count":1,"href":"https:\/\/quehacerpolitico.mx\/index.php?rest_route=\/wp\/v2\/posts\/110983\/revisions"}],"predecessor-version":[{"id":110985,"href":"https:\/\/quehacerpolitico.mx\/index.php?rest_route=\/wp\/v2\/posts\/110983\/revisions\/110985"}],"wp:featuredmedia":[{"embeddable":true,"href":"https:\/\/quehacerpolitico.mx\/index.php?rest_route=\/wp\/v2\/media\/110984"}],"wp:attachment":[{"href":"https:\/\/quehacerpolitico.mx\/index.php?rest_route=%2Fwp%2Fv2%2Fmedia&parent=110983"}],"wp:term":[{"taxonomy":"category","embeddable":true,"href":"https:\/\/quehacerpolitico.mx\/index.php?rest_route=%2Fwp%2Fv2%2Fcategories&post=110983"},{"taxonomy":"post_tag","embeddable":true,"href":"https:\/\/quehacerpolitico.mx\/index.php?rest_route=%2Fwp%2Fv2%2Ftags&post=110983"}],"curies":[{"name":"wp","href":"https:\/\/api.w.org\/{rel}","templated":true}]}}