{"id":110964,"date":"2024-06-25T15:21:24","date_gmt":"2024-06-25T15:21:24","guid":{"rendered":"https:\/\/quehacerpolitico.mx\/?p=110964"},"modified":"2024-06-25T15:21:27","modified_gmt":"2024-06-25T15:21:27","slug":"asi-la-cotizacion-del-dolar-para-este-martes-25-de-junio","status":"publish","type":"post","link":"https:\/\/quehacerpolitico.mx\/?p=110964","title":{"rendered":"As\u00ed la cotizaci\u00f3n del d\u00f3lar para este martes 25 de junio"},"content":{"rendered":"\n<p>Por Redacci\u00f3n QP<\/p>\n\n\n\n<p>Superpeso en duda, pero comienza a recuperarse, as\u00ed la cotizaci\u00f3n para este martes 25 de junio<\/p>\n\n\n\n<p><strong>El peso mexicano cotiza en los mercados internacionales alrededor de los 17.99 pesos por d\u00f3lar al mayoreo.<\/strong><\/p>\n\n\n\n<p>Para este martes, el peso mexicano repunta, y<mark><strong>\u00a0poco a poco comienza a recuperarse tras los d\u00edas dif\u00edciles<\/strong><\/mark>\u00a0que siguieron a la jornada electoral del pasado domingo 2 de junio.<\/p>\n\n\n\n<p>A comparaci\u00f3n de ayer, lunes 24, en la que el d\u00f3lar cotizaba alrededor de los 18.08 pesos, nuestra moneda se recupera por nueve centavos, y<strong>\u00a0vuelve a posicionarse por debajo de la barrera de los 18 pesos,<\/strong>\u00a0aunque todav\u00eda se encuentra lejos de la fortaleza que tuvo antes de las elecciones.<\/p>\n\n\n\n<p>En la sesi\u00f3n overnight, el tipo de cambio present\u00f3&nbsp;<mark><strong>volatilidad con sesgo alcista.&nbsp;<\/strong><\/mark><\/p>\n\n\n\n<h2 class=\"wp-block-heading\">Tipo de cambio del d\u00f3lar a peso hoy martes 25 de junio del 2024 en los principales bancos de M\u00e9xico:<\/h2>\n\n\n\n<ul class=\"wp-block-list\">\n<li>Banco Azteca compra en 16.85 y vende en 18.21<\/li>\n\n\n\n<li>BBVA Bancomer compra en 17.10 y vende en 18.23<\/li>\n\n\n\n<li>Banorte compra en 16.70 y vende en 18.30<\/li>\n\n\n\n<li>Citibanamex compra en 17.39 y vende en 18.39<\/li>\n\n\n\n<li>Scotiabank compra en 16.50 y vende en 18.95<\/li>\n<\/ul>\n\n\n\n<p>Este martes 25 de junio del 2024, el banco donde m\u00e1s\u00a0<strong>conviene vender d\u00f3lares es en Banamex<\/strong>. Donde m\u00e1s convendr\u00eda conseguirlos,<strong>\u00a0es en Banco Azteca.<\/strong>\u00a0Considera en todo momento que tanto el precio del d\u00f3lar como el tipo de cambio se van actualizando a lo largo de la jornada.<\/p>\n","protected":false},"excerpt":{"rendered":"<p>Por Redacci\u00f3n QP Superpeso en duda, pero comienza a recuperarse, as\u00ed la cotizaci\u00f3n para este&#8230;<\/p>\n","protected":false},"author":2,"featured_media":110965,"comment_status":"open","ping_status":"open","sticky":false,"template":"","format":"standard","meta":{"_monsterinsights_skip_tracking":false,"_monsterinsights_sitenote_active":false,"_monsterinsights_sitenote_note":"","_monsterinsights_sitenote_category":0,"footnotes":""},"categories":[56],"tags":[],"class_list":["post-110964","post","type-post","status-publish","format-standard","has-post-thumbnail","hentry","category-economia"],"yoast_head":"<!-- This site is optimized with the Yoast SEO plugin v27.3 - https:\/\/yoast.com\/product\/yoast-seo-wordpress\/ -->\n<title>As\u00ed la cotizaci\u00f3n del d\u00f3lar para este martes 25 de junio -<\/title>\n<meta name=\"robots\" content=\"index, follow, max-snippet:-1, max-image-preview:large, max-video-preview:-1\" \/>\n<link rel=\"canonical\" href=\"https:\/\/quehacerpolitico.mx\/?p=110964\" \/>\n<meta property=\"og:locale\" content=\"es_MX\" \/>\n<meta property=\"og:type\" content=\"article\" \/>\n<meta property=\"og:title\" content=\"As\u00ed la cotizaci\u00f3n del d\u00f3lar para este martes 25 de junio -\" \/>\n<meta property=\"og:description\" content=\"Por Redacci\u00f3n QP Superpeso en duda, pero comienza a recuperarse, as\u00ed la cotizaci\u00f3n para este...\" \/>\n<meta property=\"og:url\" content=\"https:\/\/quehacerpolitico.mx\/?p=110964\" \/>\n<meta property=\"article:published_time\" content=\"2024-06-25T15:21:24+00:00\" \/>\n<meta property=\"article:modified_time\" content=\"2024-06-25T15:21:27+00:00\" \/>\n<meta property=\"og:image\" content=\"https:\/\/quehacerpolitico.mx\/wp-content\/uploads\/2024\/06\/IMG_6428.jpeg\" \/>\n\t<meta property=\"og:image:width\" content=\"640\" \/>\n\t<meta property=\"og:image:height\" content=\"360\" \/>\n\t<meta property=\"og:image:type\" content=\"image\/jpeg\" \/>\n<meta name=\"author\" content=\"Redacci\u00f3n QP\" \/>\n<meta name=\"twitter:card\" content=\"summary_large_image\" \/>\n<meta name=\"twitter:label1\" content=\"Escrito por\" \/>\n\t<meta name=\"twitter:data1\" content=\"Redacci\u00f3n QP\" \/>\n\t<meta name=\"twitter:label2\" content=\"Tiempo de lectura\" \/>\n\t<meta name=\"twitter:data2\" content=\"1 minuto\" \/>\n<script type=\"application\/ld+json\" class=\"yoast-schema-graph\">{\"@context\":\"https:\\\/\\\/schema.org\",\"@graph\":[{\"@type\":\"Article\",\"@id\":\"https:\\\/\\\/quehacerpolitico.mx\\\/?p=110964#article\",\"isPartOf\":{\"@id\":\"https:\\\/\\\/quehacerpolitico.mx\\\/?p=110964\"},\"author\":{\"name\":\"Redacci\u00f3n QP\",\"@id\":\"https:\\\/\\\/quehacerpolitico.mx\\\/#\\\/schema\\\/person\\\/496d8ad2d1d3f8036101dca7ee39e585\"},\"headline\":\"As\u00ed la cotizaci\u00f3n del d\u00f3lar para este martes 25 de junio\",\"datePublished\":\"2024-06-25T15:21:24+00:00\",\"dateModified\":\"2024-06-25T15:21:27+00:00\",\"mainEntityOfPage\":{\"@id\":\"https:\\\/\\\/quehacerpolitico.mx\\\/?p=110964\"},\"wordCount\":251,\"commentCount\":0,\"image\":{\"@id\":\"https:\\\/\\\/quehacerpolitico.mx\\\/?p=110964#primaryimage\"},\"thumbnailUrl\":\"https:\\\/\\\/quehacerpolitico.mx\\\/wp-content\\\/uploads\\\/2024\\\/06\\\/IMG_6428.jpeg\",\"articleSection\":[\"Econom\u00eda\"],\"inLanguage\":\"es\",\"potentialAction\":[{\"@type\":\"CommentAction\",\"name\":\"Comment\",\"target\":[\"https:\\\/\\\/quehacerpolitico.mx\\\/?p=110964#respond\"]}]},{\"@type\":\"WebPage\",\"@id\":\"https:\\\/\\\/quehacerpolitico.mx\\\/?p=110964\",\"url\":\"https:\\\/\\\/quehacerpolitico.mx\\\/?p=110964\",\"name\":\"As\u00ed la cotizaci\u00f3n del d\u00f3lar para este martes 25 de junio -\",\"isPartOf\":{\"@id\":\"https:\\\/\\\/quehacerpolitico.mx\\\/#website\"},\"primaryImageOfPage\":{\"@id\":\"https:\\\/\\\/quehacerpolitico.mx\\\/?p=110964#primaryimage\"},\"image\":{\"@id\":\"https:\\\/\\\/quehacerpolitico.mx\\\/?p=110964#primaryimage\"},\"thumbnailUrl\":\"https:\\\/\\\/quehacerpolitico.mx\\\/wp-content\\\/uploads\\\/2024\\\/06\\\/IMG_6428.jpeg\",\"datePublished\":\"2024-06-25T15:21:24+00:00\",\"dateModified\":\"2024-06-25T15:21:27+00:00\",\"author\":{\"@id\":\"https:\\\/\\\/quehacerpolitico.mx\\\/#\\\/schema\\\/person\\\/496d8ad2d1d3f8036101dca7ee39e585\"},\"breadcrumb\":{\"@id\":\"https:\\\/\\\/quehacerpolitico.mx\\\/?p=110964#breadcrumb\"},\"inLanguage\":\"es\",\"potentialAction\":[{\"@type\":\"ReadAction\",\"target\":[\"https:\\\/\\\/quehacerpolitico.mx\\\/?p=110964\"]}]},{\"@type\":\"ImageObject\",\"inLanguage\":\"es\",\"@id\":\"https:\\\/\\\/quehacerpolitico.mx\\\/?p=110964#primaryimage\",\"url\":\"https:\\\/\\\/quehacerpolitico.mx\\\/wp-content\\\/uploads\\\/2024\\\/06\\\/IMG_6428.jpeg\",\"contentUrl\":\"https:\\\/\\\/quehacerpolitico.mx\\\/wp-content\\\/uploads\\\/2024\\\/06\\\/IMG_6428.jpeg\",\"width\":640,\"height\":360},{\"@type\":\"BreadcrumbList\",\"@id\":\"https:\\\/\\\/quehacerpolitico.mx\\\/?p=110964#breadcrumb\",\"itemListElement\":[{\"@type\":\"ListItem\",\"position\":1,\"name\":\"Inicio\",\"item\":\"https:\\\/\\\/quehacerpolitico.mx\\\/\"},{\"@type\":\"ListItem\",\"position\":2,\"name\":\"As\u00ed la cotizaci\u00f3n del d\u00f3lar para este martes 25 de junio\"}]},{\"@type\":\"WebSite\",\"@id\":\"https:\\\/\\\/quehacerpolitico.mx\\\/#website\",\"url\":\"https:\\\/\\\/quehacerpolitico.mx\\\/\",\"name\":\"\",\"description\":\"\",\"potentialAction\":[{\"@type\":\"SearchAction\",\"target\":{\"@type\":\"EntryPoint\",\"urlTemplate\":\"https:\\\/\\\/quehacerpolitico.mx\\\/?s={search_term_string}\"},\"query-input\":{\"@type\":\"PropertyValueSpecification\",\"valueRequired\":true,\"valueName\":\"search_term_string\"}}],\"inLanguage\":\"es\"},{\"@type\":\"Person\",\"@id\":\"https:\\\/\\\/quehacerpolitico.mx\\\/#\\\/schema\\\/person\\\/496d8ad2d1d3f8036101dca7ee39e585\",\"name\":\"Redacci\u00f3n QP\",\"image\":{\"@type\":\"ImageObject\",\"inLanguage\":\"es\",\"@id\":\"https:\\\/\\\/secure.gravatar.com\\\/avatar\\\/c7164ed6fdec453195284ad24a5ae5b6e1eed2b848477fa2a4787ba9adf39a41?s=96&d=mm&r=g\",\"url\":\"https:\\\/\\\/secure.gravatar.com\\\/avatar\\\/c7164ed6fdec453195284ad24a5ae5b6e1eed2b848477fa2a4787ba9adf39a41?s=96&d=mm&r=g\",\"contentUrl\":\"https:\\\/\\\/secure.gravatar.com\\\/avatar\\\/c7164ed6fdec453195284ad24a5ae5b6e1eed2b848477fa2a4787ba9adf39a41?s=96&d=mm&r=g\",\"caption\":\"Redacci\u00f3n QP\"},\"url\":\"https:\\\/\\\/quehacerpolitico.mx\\\/?author=2\"}]}<\/script>\n<!-- \/ Yoast SEO plugin. -->","yoast_head_json":{"title":"As\u00ed la cotizaci\u00f3n del d\u00f3lar para este martes 25 de junio -","robots":{"index":"index","follow":"follow","max-snippet":"max-snippet:-1","max-image-preview":"max-image-preview:large","max-video-preview":"max-video-preview:-1"},"canonical":"https:\/\/quehacerpolitico.mx\/?p=110964","og_locale":"es_MX","og_type":"article","og_title":"As\u00ed la cotizaci\u00f3n del d\u00f3lar para este martes 25 de junio -","og_description":"Por Redacci\u00f3n QP Superpeso en duda, pero comienza a recuperarse, as\u00ed la cotizaci\u00f3n para este...","og_url":"https:\/\/quehacerpolitico.mx\/?p=110964","article_published_time":"2024-06-25T15:21:24+00:00","article_modified_time":"2024-06-25T15:21:27+00:00","og_image":[{"width":640,"height":360,"url":"https:\/\/quehacerpolitico.mx\/wp-content\/uploads\/2024\/06\/IMG_6428.jpeg","type":"image\/jpeg"}],"author":"Redacci\u00f3n QP","twitter_card":"summary_large_image","twitter_misc":{"Escrito por":"Redacci\u00f3n QP","Tiempo de lectura":"1 minuto"},"schema":{"@context":"https:\/\/schema.org","@graph":[{"@type":"Article","@id":"https:\/\/quehacerpolitico.mx\/?p=110964#article","isPartOf":{"@id":"https:\/\/quehacerpolitico.mx\/?p=110964"},"author":{"name":"Redacci\u00f3n QP","@id":"https:\/\/quehacerpolitico.mx\/#\/schema\/person\/496d8ad2d1d3f8036101dca7ee39e585"},"headline":"As\u00ed la cotizaci\u00f3n del d\u00f3lar para este martes 25 de junio","datePublished":"2024-06-25T15:21:24+00:00","dateModified":"2024-06-25T15:21:27+00:00","mainEntityOfPage":{"@id":"https:\/\/quehacerpolitico.mx\/?p=110964"},"wordCount":251,"commentCount":0,"image":{"@id":"https:\/\/quehacerpolitico.mx\/?p=110964#primaryimage"},"thumbnailUrl":"https:\/\/quehacerpolitico.mx\/wp-content\/uploads\/2024\/06\/IMG_6428.jpeg","articleSection":["Econom\u00eda"],"inLanguage":"es","potentialAction":[{"@type":"CommentAction","name":"Comment","target":["https:\/\/quehacerpolitico.mx\/?p=110964#respond"]}]},{"@type":"WebPage","@id":"https:\/\/quehacerpolitico.mx\/?p=110964","url":"https:\/\/quehacerpolitico.mx\/?p=110964","name":"As\u00ed la cotizaci\u00f3n del d\u00f3lar para este martes 25 de junio -","isPartOf":{"@id":"https:\/\/quehacerpolitico.mx\/#website"},"primaryImageOfPage":{"@id":"https:\/\/quehacerpolitico.mx\/?p=110964#primaryimage"},"image":{"@id":"https:\/\/quehacerpolitico.mx\/?p=110964#primaryimage"},"thumbnailUrl":"https:\/\/quehacerpolitico.mx\/wp-content\/uploads\/2024\/06\/IMG_6428.jpeg","datePublished":"2024-06-25T15:21:24+00:00","dateModified":"2024-06-25T15:21:27+00:00","author":{"@id":"https:\/\/quehacerpolitico.mx\/#\/schema\/person\/496d8ad2d1d3f8036101dca7ee39e585"},"breadcrumb":{"@id":"https:\/\/quehacerpolitico.mx\/?p=110964#breadcrumb"},"inLanguage":"es","potentialAction":[{"@type":"ReadAction","target":["https:\/\/quehacerpolitico.mx\/?p=110964"]}]},{"@type":"ImageObject","inLanguage":"es","@id":"https:\/\/quehacerpolitico.mx\/?p=110964#primaryimage","url":"https:\/\/quehacerpolitico.mx\/wp-content\/uploads\/2024\/06\/IMG_6428.jpeg","contentUrl":"https:\/\/quehacerpolitico.mx\/wp-content\/uploads\/2024\/06\/IMG_6428.jpeg","width":640,"height":360},{"@type":"BreadcrumbList","@id":"https:\/\/quehacerpolitico.mx\/?p=110964#breadcrumb","itemListElement":[{"@type":"ListItem","position":1,"name":"Inicio","item":"https:\/\/quehacerpolitico.mx\/"},{"@type":"ListItem","position":2,"name":"As\u00ed la cotizaci\u00f3n del d\u00f3lar para este martes 25 de junio"}]},{"@type":"WebSite","@id":"https:\/\/quehacerpolitico.mx\/#website","url":"https:\/\/quehacerpolitico.mx\/","name":"","description":"","potentialAction":[{"@type":"SearchAction","target":{"@type":"EntryPoint","urlTemplate":"https:\/\/quehacerpolitico.mx\/?s={search_term_string}"},"query-input":{"@type":"PropertyValueSpecification","valueRequired":true,"valueName":"search_term_string"}}],"inLanguage":"es"},{"@type":"Person","@id":"https:\/\/quehacerpolitico.mx\/#\/schema\/person\/496d8ad2d1d3f8036101dca7ee39e585","name":"Redacci\u00f3n QP","image":{"@type":"ImageObject","inLanguage":"es","@id":"https:\/\/secure.gravatar.com\/avatar\/c7164ed6fdec453195284ad24a5ae5b6e1eed2b848477fa2a4787ba9adf39a41?s=96&d=mm&r=g","url":"https:\/\/secure.gravatar.com\/avatar\/c7164ed6fdec453195284ad24a5ae5b6e1eed2b848477fa2a4787ba9adf39a41?s=96&d=mm&r=g","contentUrl":"https:\/\/secure.gravatar.com\/avatar\/c7164ed6fdec453195284ad24a5ae5b6e1eed2b848477fa2a4787ba9adf39a41?s=96&d=mm&r=g","caption":"Redacci\u00f3n QP"},"url":"https:\/\/quehacerpolitico.mx\/?author=2"}]}},"featured_image_urls":{"full":["https:\/\/quehacerpolitico.mx\/wp-content\/uploads\/2024\/06\/IMG_6428.jpeg",640,360,false],"thumbnail":["https:\/\/quehacerpolitico.mx\/wp-content\/uploads\/2024\/06\/IMG_6428-150x150.jpeg",150,150,true],"medium":["https:\/\/quehacerpolitico.mx\/wp-content\/uploads\/2024\/06\/IMG_6428-300x169.jpeg",300,169,true],"medium_large":["https:\/\/quehacerpolitico.mx\/wp-content\/uploads\/2024\/06\/IMG_6428.jpeg",640,360,false],"large":["https:\/\/quehacerpolitico.mx\/wp-content\/uploads\/2024\/06\/IMG_6428.jpeg",640,360,false],"1536x1536":["https:\/\/quehacerpolitico.mx\/wp-content\/uploads\/2024\/06\/IMG_6428.jpeg",640,360,false],"2048x2048":["https:\/\/quehacerpolitico.mx\/wp-content\/uploads\/2024\/06\/IMG_6428.jpeg",640,360,false],"covernews-featured":["https:\/\/quehacerpolitico.mx\/wp-content\/uploads\/2024\/06\/IMG_6428.jpeg",640,360,false],"covernews-medium":["https:\/\/quehacerpolitico.mx\/wp-content\/uploads\/2024\/06\/IMG_6428.jpeg",540,304,false]},"author_info":{"display_name":"Redacci\u00f3n QP","author_link":"https:\/\/quehacerpolitico.mx\/?author=2"},"category_info":"<a href=\"https:\/\/quehacerpolitico.mx\/?cat=56\" rel=\"category\">Econom\u00eda<\/a>","tag_info":"Econom\u00eda","comment_count":"0","_links":{"self":[{"href":"https:\/\/quehacerpolitico.mx\/index.php?rest_route=\/wp\/v2\/posts\/110964","targetHints":{"allow":["GET"]}}],"collection":[{"href":"https:\/\/quehacerpolitico.mx\/index.php?rest_route=\/wp\/v2\/posts"}],"about":[{"href":"https:\/\/quehacerpolitico.mx\/index.php?rest_route=\/wp\/v2\/types\/post"}],"author":[{"embeddable":true,"href":"https:\/\/quehacerpolitico.mx\/index.php?rest_route=\/wp\/v2\/users\/2"}],"replies":[{"embeddable":true,"href":"https:\/\/quehacerpolitico.mx\/index.php?rest_route=%2Fwp%2Fv2%2Fcomments&post=110964"}],"version-history":[{"count":1,"href":"https:\/\/quehacerpolitico.mx\/index.php?rest_route=\/wp\/v2\/posts\/110964\/revisions"}],"predecessor-version":[{"id":110966,"href":"https:\/\/quehacerpolitico.mx\/index.php?rest_route=\/wp\/v2\/posts\/110964\/revisions\/110966"}],"wp:featuredmedia":[{"embeddable":true,"href":"https:\/\/quehacerpolitico.mx\/index.php?rest_route=\/wp\/v2\/media\/110965"}],"wp:attachment":[{"href":"https:\/\/quehacerpolitico.mx\/index.php?rest_route=%2Fwp%2Fv2%2Fmedia&parent=110964"}],"wp:term":[{"taxonomy":"category","embeddable":true,"href":"https:\/\/quehacerpolitico.mx\/index.php?rest_route=%2Fwp%2Fv2%2Fcategories&post=110964"},{"taxonomy":"post_tag","embeddable":true,"href":"https:\/\/quehacerpolitico.mx\/index.php?rest_route=%2Fwp%2Fv2%2Ftags&post=110964"}],"curies":[{"name":"wp","href":"https:\/\/api.w.org\/{rel}","templated":true}]}}