{"id":110956,"date":"2024-06-24T20:11:50","date_gmt":"2024-06-24T20:11:50","guid":{"rendered":"https:\/\/quehacerpolitico.mx\/?p=110956"},"modified":"2024-06-24T20:18:30","modified_gmt":"2024-06-24T20:18:30","slug":"loret-reacciona-a-dichos-de-lopez-obrador-por-negar-persecucion-en-su-contra","status":"publish","type":"post","link":"https:\/\/quehacerpolitico.mx\/?p=110956","title":{"rendered":"Loret reacciona a dichos de L\u00f3pez Obrador por negar persecuci\u00f3n en su contra"},"content":{"rendered":"\n<p>Por Redacci\u00f3n QP<\/p>\n\n\n\n<p>El periodista Carlos Loret de Mola, reaccion\u00f3 a las declaraciones hechas por el Presidente Andr\u00e9s Manuel L\u00f3pez Obrador, durante su conferencia matutina<\/p>\n\n\n\n<p><em>&#8220;En este gobierno no se mueve una hoja de papel sin la orden de L\u00f3pez Obrador\u201d,\u00a0<\/em>afirm\u00f3 Carlos Loret de Mola, luego de que en la conferencia matutina de este lunes 24 de junio, el\u00a0<mark>Presidente negara una persecuci\u00f3n contra \u00e9l, su esposa Berenice Yaber, V\u00edctor Trujillo y Latinus<\/mark>, tras la presunta investigaci\u00f3n por parte de la\u00a0<strong>Unidad de Inteligencia Financiera (UIF).<\/strong><\/p>\n\n\n\n<figure class=\"wp-block-embed is-type-rich is-provider-twitter wp-block-embed-twitter\"><div class=\"wp-block-embed__wrapper\">\n<blockquote class=\"twitter-tweet\" data-width=\"550\" data-dnt=\"true\"><p lang=\"es\" dir=\"ltr\">El presidente tira la piedra y esconde la mano. Dice que \u00e9l no pidi\u00f3 una investigaci\u00f3n en nuestra contra, pero que \u201cpuede ser que la UIF\u201d s\u00ed. <br><br>Como si no supi\u00e9ramos que en este gobierno no se mueve una hoja de papel sin la orden de L\u00f3pez Obrador<br> <a href=\"https:\/\/t.co\/6c40AyENOC\">https:\/\/t.co\/6c40AyENOC<\/a><\/p>&mdash; Carlos Loret de Mola (@CarlosLoret) <a href=\"https:\/\/twitter.com\/CarlosLoret\/status\/1805280179951993067?ref_src=twsrc%5Etfw\">June 24, 2024<\/a><\/blockquote><script async src=\"https:\/\/platform.twitter.com\/widgets.js\" charset=\"utf-8\"><\/script>\n<\/div><\/figure>\n\n\n\n<p>Fue a trav\u00e9s de sus redes sociales, que el periodista public\u00f3 el mensaje de que&nbsp;<em>&#8220;el Presidente tira la piedra y esconder la mano. Dice que \u00e9l no pidi\u00f3 una investigaci\u00f3n en nuestra contra, pero que \u2018puede ser que la UIF\u2019 s\u00ed. Como si no supi\u00e9ramos que en este gobierno no se mueve una hoja de papel sin la orden de L\u00f3pez Obrador&#8221;.<\/em><\/p>\n\n\n\n<p>En el\u00a0<strong>Sal\u00f3n de la Tesorer\u00eda de Palacio Nacional<\/strong>, el mandatario federal asegur\u00f3 que es\u00a0<em>&#8220;falso, nosotros no perseguimos a nadie (&#8230;) Yo no tengo necesidad, primero por mis convicciones, mis principios, pero tambi\u00e9n pol\u00edticamente. \u00bfQu\u00e9 voy a andar yo ordenando que se investigue a Loret de Mola? Si casi es de dominio p\u00fablico que se trata de un periodista muy rico que hace un periodismo al servicio de intereses creados&#8221;.<\/em><\/p>\n\n\n\n<p><mark>Acus\u00f3 que el periodista debe de estar ganando cerca de 3 millones de pesos mensuales<\/mark>.&nbsp;<em>&#8220;Que no me vengan con que les pagan tanto, tanto, tanto, porque son muy buenos periodistas, no, esa paga es por hacer trabajo sucio&#8221;<\/em>, expres\u00f3.<\/p>\n\n\n\n<p>Adem\u00e1s, Loret de Mola, en su columna de este 24 de junio,&nbsp;<strong>enlist\u00f3 a los funcionarios que han enfrentado esc\u00e1ndalos de corrupci\u00f3n durante esta administraci\u00f3n<\/strong>&nbsp;y reproch\u00f3 que contra ellos no se haya abierto ninguna carpeta de investigaci\u00f3n.<\/p>\n\n\n\n<p>Asimismo, agradeci\u00f3 las muestras de solidaridad que han expresado colegas y pol\u00edticos ante lo que calific\u00f3 como una<em>&nbsp;&#8220;bajeza&#8221;.<\/em><\/p>\n\n\n\n<h4 class=\"wp-block-heading\">UIF abre investigaci\u00f3n contra Loret de Mola<\/h4>\n\n\n\n<p>El s\u00e1bado se dio a conocer que la&nbsp;<strong>Unidad de Inteligencia Financiera (UIF)&nbsp;<\/strong>abri\u00f3 una investigaci\u00f3n en contra de Carlos Loret de Mola, su esposa, Berenice Yaber y contra V\u00edctor Trujillo, Brozo,<mark>&nbsp;luego de la publicaci\u00f3n de una serie de reportajes denominada &#8220;El Clan&#8221;, que siguen la pista a los contratos millonarios conseguidos en el gobierno por Am\u00edlcar Ol\u00e1n, amigo de los hijos del Presidente Andr\u00e9s Manuel L\u00f3pez Obrador.<\/mark><\/p>\n\n\n\n<p>Peniley Ram\u00edrez, la periodista que public\u00f3 la informaci\u00f3n en su columna de Reforma, precis\u00f3 que si bien ya hab\u00eda una investigaci\u00f3n en 2022,&nbsp;<strong>se abri\u00f3 otra el 8 de febrero de este a\u00f1o<\/strong>, cuando la UIF gir\u00f3 oficios a entidades financieras, bancos, casas de bolsa y similares, solicitando informaci\u00f3n sobre los implicados.<\/p>\n\n\n\n<p>Con informaci\u00f3n de SUN<\/p>\n","protected":false},"excerpt":{"rendered":"<p>Por Redacci\u00f3n QP El periodista Carlos Loret de Mola, reaccion\u00f3 a las declaraciones hechas por&#8230;<\/p>\n","protected":false},"author":2,"featured_media":110957,"comment_status":"open","ping_status":"open","sticky":false,"template":"","format":"standard","meta":{"_monsterinsights_skip_tracking":false,"_monsterinsights_sitenote_active":false,"_monsterinsights_sitenote_note":"","_monsterinsights_sitenote_category":0,"footnotes":""},"categories":[2],"tags":[],"class_list":["post-110956","post","type-post","status-publish","format-standard","has-post-thumbnail","hentry","category-noticias"],"yoast_head":"<!-- This site is optimized with the Yoast SEO plugin v27.3 - https:\/\/yoast.com\/product\/yoast-seo-wordpress\/ -->\n<title>Loret reacciona a dichos de L\u00f3pez Obrador por negar persecuci\u00f3n en su contra -<\/title>\n<meta name=\"robots\" content=\"index, follow, max-snippet:-1, max-image-preview:large, max-video-preview:-1\" \/>\n<link rel=\"canonical\" href=\"https:\/\/quehacerpolitico.mx\/?p=110956\" \/>\n<meta property=\"og:locale\" content=\"es_MX\" \/>\n<meta property=\"og:type\" content=\"article\" \/>\n<meta property=\"og:title\" content=\"Loret reacciona a dichos de L\u00f3pez Obrador por negar persecuci\u00f3n en su contra -\" \/>\n<meta property=\"og:description\" content=\"Por Redacci\u00f3n QP El periodista Carlos Loret de Mola, reaccion\u00f3 a las declaraciones hechas por...\" \/>\n<meta property=\"og:url\" content=\"https:\/\/quehacerpolitico.mx\/?p=110956\" \/>\n<meta property=\"article:published_time\" content=\"2024-06-24T20:11:50+00:00\" \/>\n<meta property=\"article:modified_time\" content=\"2024-06-24T20:18:30+00:00\" \/>\n<meta property=\"og:image\" content=\"https:\/\/quehacerpolitico.mx\/wp-content\/uploads\/2024\/06\/IMG_6414.jpeg\" \/>\n\t<meta property=\"og:image:width\" content=\"810\" \/>\n\t<meta property=\"og:image:height\" content=\"378\" \/>\n\t<meta property=\"og:image:type\" content=\"image\/jpeg\" \/>\n<meta name=\"author\" content=\"Redacci\u00f3n QP\" \/>\n<meta name=\"twitter:card\" content=\"summary_large_image\" \/>\n<meta name=\"twitter:label1\" content=\"Escrito por\" \/>\n\t<meta name=\"twitter:data1\" content=\"Redacci\u00f3n QP\" \/>\n\t<meta name=\"twitter:label2\" content=\"Tiempo de lectura\" \/>\n\t<meta name=\"twitter:data2\" content=\"3 minutos\" \/>\n<script type=\"application\/ld+json\" class=\"yoast-schema-graph\">{\"@context\":\"https:\\\/\\\/schema.org\",\"@graph\":[{\"@type\":\"Article\",\"@id\":\"https:\\\/\\\/quehacerpolitico.mx\\\/?p=110956#article\",\"isPartOf\":{\"@id\":\"https:\\\/\\\/quehacerpolitico.mx\\\/?p=110956\"},\"author\":{\"name\":\"Redacci\u00f3n QP\",\"@id\":\"https:\\\/\\\/quehacerpolitico.mx\\\/#\\\/schema\\\/person\\\/496d8ad2d1d3f8036101dca7ee39e585\"},\"headline\":\"Loret reacciona a dichos de L\u00f3pez Obrador por negar persecuci\u00f3n en su contra\",\"datePublished\":\"2024-06-24T20:11:50+00:00\",\"dateModified\":\"2024-06-24T20:18:30+00:00\",\"mainEntityOfPage\":{\"@id\":\"https:\\\/\\\/quehacerpolitico.mx\\\/?p=110956\"},\"wordCount\":517,\"commentCount\":0,\"image\":{\"@id\":\"https:\\\/\\\/quehacerpolitico.mx\\\/?p=110956#primaryimage\"},\"thumbnailUrl\":\"https:\\\/\\\/quehacerpolitico.mx\\\/wp-content\\\/uploads\\\/2024\\\/06\\\/IMG_6414.jpeg\",\"articleSection\":[\"Noticias\"],\"inLanguage\":\"es\",\"potentialAction\":[{\"@type\":\"CommentAction\",\"name\":\"Comment\",\"target\":[\"https:\\\/\\\/quehacerpolitico.mx\\\/?p=110956#respond\"]}]},{\"@type\":\"WebPage\",\"@id\":\"https:\\\/\\\/quehacerpolitico.mx\\\/?p=110956\",\"url\":\"https:\\\/\\\/quehacerpolitico.mx\\\/?p=110956\",\"name\":\"Loret reacciona a dichos de L\u00f3pez Obrador por negar persecuci\u00f3n en su contra -\",\"isPartOf\":{\"@id\":\"https:\\\/\\\/quehacerpolitico.mx\\\/#website\"},\"primaryImageOfPage\":{\"@id\":\"https:\\\/\\\/quehacerpolitico.mx\\\/?p=110956#primaryimage\"},\"image\":{\"@id\":\"https:\\\/\\\/quehacerpolitico.mx\\\/?p=110956#primaryimage\"},\"thumbnailUrl\":\"https:\\\/\\\/quehacerpolitico.mx\\\/wp-content\\\/uploads\\\/2024\\\/06\\\/IMG_6414.jpeg\",\"datePublished\":\"2024-06-24T20:11:50+00:00\",\"dateModified\":\"2024-06-24T20:18:30+00:00\",\"author\":{\"@id\":\"https:\\\/\\\/quehacerpolitico.mx\\\/#\\\/schema\\\/person\\\/496d8ad2d1d3f8036101dca7ee39e585\"},\"breadcrumb\":{\"@id\":\"https:\\\/\\\/quehacerpolitico.mx\\\/?p=110956#breadcrumb\"},\"inLanguage\":\"es\",\"potentialAction\":[{\"@type\":\"ReadAction\",\"target\":[\"https:\\\/\\\/quehacerpolitico.mx\\\/?p=110956\"]}]},{\"@type\":\"ImageObject\",\"inLanguage\":\"es\",\"@id\":\"https:\\\/\\\/quehacerpolitico.mx\\\/?p=110956#primaryimage\",\"url\":\"https:\\\/\\\/quehacerpolitico.mx\\\/wp-content\\\/uploads\\\/2024\\\/06\\\/IMG_6414.jpeg\",\"contentUrl\":\"https:\\\/\\\/quehacerpolitico.mx\\\/wp-content\\\/uploads\\\/2024\\\/06\\\/IMG_6414.jpeg\",\"width\":810,\"height\":378},{\"@type\":\"BreadcrumbList\",\"@id\":\"https:\\\/\\\/quehacerpolitico.mx\\\/?p=110956#breadcrumb\",\"itemListElement\":[{\"@type\":\"ListItem\",\"position\":1,\"name\":\"Inicio\",\"item\":\"https:\\\/\\\/quehacerpolitico.mx\\\/\"},{\"@type\":\"ListItem\",\"position\":2,\"name\":\"Loret reacciona a dichos de L\u00f3pez Obrador por negar persecuci\u00f3n en su contra\"}]},{\"@type\":\"WebSite\",\"@id\":\"https:\\\/\\\/quehacerpolitico.mx\\\/#website\",\"url\":\"https:\\\/\\\/quehacerpolitico.mx\\\/\",\"name\":\"\",\"description\":\"\",\"potentialAction\":[{\"@type\":\"SearchAction\",\"target\":{\"@type\":\"EntryPoint\",\"urlTemplate\":\"https:\\\/\\\/quehacerpolitico.mx\\\/?s={search_term_string}\"},\"query-input\":{\"@type\":\"PropertyValueSpecification\",\"valueRequired\":true,\"valueName\":\"search_term_string\"}}],\"inLanguage\":\"es\"},{\"@type\":\"Person\",\"@id\":\"https:\\\/\\\/quehacerpolitico.mx\\\/#\\\/schema\\\/person\\\/496d8ad2d1d3f8036101dca7ee39e585\",\"name\":\"Redacci\u00f3n QP\",\"image\":{\"@type\":\"ImageObject\",\"inLanguage\":\"es\",\"@id\":\"https:\\\/\\\/secure.gravatar.com\\\/avatar\\\/c7164ed6fdec453195284ad24a5ae5b6e1eed2b848477fa2a4787ba9adf39a41?s=96&d=mm&r=g\",\"url\":\"https:\\\/\\\/secure.gravatar.com\\\/avatar\\\/c7164ed6fdec453195284ad24a5ae5b6e1eed2b848477fa2a4787ba9adf39a41?s=96&d=mm&r=g\",\"contentUrl\":\"https:\\\/\\\/secure.gravatar.com\\\/avatar\\\/c7164ed6fdec453195284ad24a5ae5b6e1eed2b848477fa2a4787ba9adf39a41?s=96&d=mm&r=g\",\"caption\":\"Redacci\u00f3n QP\"},\"url\":\"https:\\\/\\\/quehacerpolitico.mx\\\/?author=2\"}]}<\/script>\n<!-- \/ Yoast SEO plugin. -->","yoast_head_json":{"title":"Loret reacciona a dichos de L\u00f3pez Obrador por negar persecuci\u00f3n en su contra -","robots":{"index":"index","follow":"follow","max-snippet":"max-snippet:-1","max-image-preview":"max-image-preview:large","max-video-preview":"max-video-preview:-1"},"canonical":"https:\/\/quehacerpolitico.mx\/?p=110956","og_locale":"es_MX","og_type":"article","og_title":"Loret reacciona a dichos de L\u00f3pez Obrador por negar persecuci\u00f3n en su contra -","og_description":"Por Redacci\u00f3n QP El periodista Carlos Loret de Mola, reaccion\u00f3 a las declaraciones hechas por...","og_url":"https:\/\/quehacerpolitico.mx\/?p=110956","article_published_time":"2024-06-24T20:11:50+00:00","article_modified_time":"2024-06-24T20:18:30+00:00","og_image":[{"width":810,"height":378,"url":"https:\/\/quehacerpolitico.mx\/wp-content\/uploads\/2024\/06\/IMG_6414.jpeg","type":"image\/jpeg"}],"author":"Redacci\u00f3n QP","twitter_card":"summary_large_image","twitter_misc":{"Escrito por":"Redacci\u00f3n QP","Tiempo de lectura":"3 minutos"},"schema":{"@context":"https:\/\/schema.org","@graph":[{"@type":"Article","@id":"https:\/\/quehacerpolitico.mx\/?p=110956#article","isPartOf":{"@id":"https:\/\/quehacerpolitico.mx\/?p=110956"},"author":{"name":"Redacci\u00f3n QP","@id":"https:\/\/quehacerpolitico.mx\/#\/schema\/person\/496d8ad2d1d3f8036101dca7ee39e585"},"headline":"Loret reacciona a dichos de L\u00f3pez Obrador por negar persecuci\u00f3n en su contra","datePublished":"2024-06-24T20:11:50+00:00","dateModified":"2024-06-24T20:18:30+00:00","mainEntityOfPage":{"@id":"https:\/\/quehacerpolitico.mx\/?p=110956"},"wordCount":517,"commentCount":0,"image":{"@id":"https:\/\/quehacerpolitico.mx\/?p=110956#primaryimage"},"thumbnailUrl":"https:\/\/quehacerpolitico.mx\/wp-content\/uploads\/2024\/06\/IMG_6414.jpeg","articleSection":["Noticias"],"inLanguage":"es","potentialAction":[{"@type":"CommentAction","name":"Comment","target":["https:\/\/quehacerpolitico.mx\/?p=110956#respond"]}]},{"@type":"WebPage","@id":"https:\/\/quehacerpolitico.mx\/?p=110956","url":"https:\/\/quehacerpolitico.mx\/?p=110956","name":"Loret reacciona a dichos de L\u00f3pez Obrador por negar persecuci\u00f3n en su contra -","isPartOf":{"@id":"https:\/\/quehacerpolitico.mx\/#website"},"primaryImageOfPage":{"@id":"https:\/\/quehacerpolitico.mx\/?p=110956#primaryimage"},"image":{"@id":"https:\/\/quehacerpolitico.mx\/?p=110956#primaryimage"},"thumbnailUrl":"https:\/\/quehacerpolitico.mx\/wp-content\/uploads\/2024\/06\/IMG_6414.jpeg","datePublished":"2024-06-24T20:11:50+00:00","dateModified":"2024-06-24T20:18:30+00:00","author":{"@id":"https:\/\/quehacerpolitico.mx\/#\/schema\/person\/496d8ad2d1d3f8036101dca7ee39e585"},"breadcrumb":{"@id":"https:\/\/quehacerpolitico.mx\/?p=110956#breadcrumb"},"inLanguage":"es","potentialAction":[{"@type":"ReadAction","target":["https:\/\/quehacerpolitico.mx\/?p=110956"]}]},{"@type":"ImageObject","inLanguage":"es","@id":"https:\/\/quehacerpolitico.mx\/?p=110956#primaryimage","url":"https:\/\/quehacerpolitico.mx\/wp-content\/uploads\/2024\/06\/IMG_6414.jpeg","contentUrl":"https:\/\/quehacerpolitico.mx\/wp-content\/uploads\/2024\/06\/IMG_6414.jpeg","width":810,"height":378},{"@type":"BreadcrumbList","@id":"https:\/\/quehacerpolitico.mx\/?p=110956#breadcrumb","itemListElement":[{"@type":"ListItem","position":1,"name":"Inicio","item":"https:\/\/quehacerpolitico.mx\/"},{"@type":"ListItem","position":2,"name":"Loret reacciona a dichos de L\u00f3pez Obrador por negar persecuci\u00f3n en su contra"}]},{"@type":"WebSite","@id":"https:\/\/quehacerpolitico.mx\/#website","url":"https:\/\/quehacerpolitico.mx\/","name":"","description":"","potentialAction":[{"@type":"SearchAction","target":{"@type":"EntryPoint","urlTemplate":"https:\/\/quehacerpolitico.mx\/?s={search_term_string}"},"query-input":{"@type":"PropertyValueSpecification","valueRequired":true,"valueName":"search_term_string"}}],"inLanguage":"es"},{"@type":"Person","@id":"https:\/\/quehacerpolitico.mx\/#\/schema\/person\/496d8ad2d1d3f8036101dca7ee39e585","name":"Redacci\u00f3n QP","image":{"@type":"ImageObject","inLanguage":"es","@id":"https:\/\/secure.gravatar.com\/avatar\/c7164ed6fdec453195284ad24a5ae5b6e1eed2b848477fa2a4787ba9adf39a41?s=96&d=mm&r=g","url":"https:\/\/secure.gravatar.com\/avatar\/c7164ed6fdec453195284ad24a5ae5b6e1eed2b848477fa2a4787ba9adf39a41?s=96&d=mm&r=g","contentUrl":"https:\/\/secure.gravatar.com\/avatar\/c7164ed6fdec453195284ad24a5ae5b6e1eed2b848477fa2a4787ba9adf39a41?s=96&d=mm&r=g","caption":"Redacci\u00f3n QP"},"url":"https:\/\/quehacerpolitico.mx\/?author=2"}]}},"featured_image_urls":{"full":["https:\/\/quehacerpolitico.mx\/wp-content\/uploads\/2024\/06\/IMG_6414.jpeg",810,378,false],"thumbnail":["https:\/\/quehacerpolitico.mx\/wp-content\/uploads\/2024\/06\/IMG_6414-150x150.jpeg",150,150,true],"medium":["https:\/\/quehacerpolitico.mx\/wp-content\/uploads\/2024\/06\/IMG_6414-300x140.jpeg",300,140,true],"medium_large":["https:\/\/quehacerpolitico.mx\/wp-content\/uploads\/2024\/06\/IMG_6414-768x358.jpeg",640,298,true],"large":["https:\/\/quehacerpolitico.mx\/wp-content\/uploads\/2024\/06\/IMG_6414.jpeg",640,299,false],"1536x1536":["https:\/\/quehacerpolitico.mx\/wp-content\/uploads\/2024\/06\/IMG_6414.jpeg",810,378,false],"2048x2048":["https:\/\/quehacerpolitico.mx\/wp-content\/uploads\/2024\/06\/IMG_6414.jpeg",810,378,false],"covernews-featured":["https:\/\/quehacerpolitico.mx\/wp-content\/uploads\/2024\/06\/IMG_6414.jpeg",810,378,false],"covernews-medium":["https:\/\/quehacerpolitico.mx\/wp-content\/uploads\/2024\/06\/IMG_6414.jpeg",540,252,false]},"author_info":{"display_name":"Redacci\u00f3n QP","author_link":"https:\/\/quehacerpolitico.mx\/?author=2"},"category_info":"<a href=\"https:\/\/quehacerpolitico.mx\/?cat=2\" rel=\"category\">Noticias<\/a>","tag_info":"Noticias","comment_count":"0","_links":{"self":[{"href":"https:\/\/quehacerpolitico.mx\/index.php?rest_route=\/wp\/v2\/posts\/110956","targetHints":{"allow":["GET"]}}],"collection":[{"href":"https:\/\/quehacerpolitico.mx\/index.php?rest_route=\/wp\/v2\/posts"}],"about":[{"href":"https:\/\/quehacerpolitico.mx\/index.php?rest_route=\/wp\/v2\/types\/post"}],"author":[{"embeddable":true,"href":"https:\/\/quehacerpolitico.mx\/index.php?rest_route=\/wp\/v2\/users\/2"}],"replies":[{"embeddable":true,"href":"https:\/\/quehacerpolitico.mx\/index.php?rest_route=%2Fwp%2Fv2%2Fcomments&post=110956"}],"version-history":[{"count":2,"href":"https:\/\/quehacerpolitico.mx\/index.php?rest_route=\/wp\/v2\/posts\/110956\/revisions"}],"predecessor-version":[{"id":110960,"href":"https:\/\/quehacerpolitico.mx\/index.php?rest_route=\/wp\/v2\/posts\/110956\/revisions\/110960"}],"wp:featuredmedia":[{"embeddable":true,"href":"https:\/\/quehacerpolitico.mx\/index.php?rest_route=\/wp\/v2\/media\/110957"}],"wp:attachment":[{"href":"https:\/\/quehacerpolitico.mx\/index.php?rest_route=%2Fwp%2Fv2%2Fmedia&parent=110956"}],"wp:term":[{"taxonomy":"category","embeddable":true,"href":"https:\/\/quehacerpolitico.mx\/index.php?rest_route=%2Fwp%2Fv2%2Fcategories&post=110956"},{"taxonomy":"post_tag","embeddable":true,"href":"https:\/\/quehacerpolitico.mx\/index.php?rest_route=%2Fwp%2Fv2%2Ftags&post=110956"}],"curies":[{"name":"wp","href":"https:\/\/api.w.org\/{rel}","templated":true}]}}