{"id":110929,"date":"2024-06-24T13:41:58","date_gmt":"2024-06-24T13:41:58","guid":{"rendered":"https:\/\/quehacerpolitico.mx\/?p=110929"},"modified":"2024-06-24T13:42:01","modified_gmt":"2024-06-24T13:42:01","slug":"el-quehacer-politico-jose-alberto-prado-angeles-periodismo-y-democracia-si-autoritarismo-no","status":"publish","type":"post","link":"https:\/\/quehacerpolitico.mx\/?p=110929","title":{"rendered":"El Quehacer Pol\u00edtico\/\/\/Jose Alberto Prado \u00c1ngeles\/\/\/Periodismo y Democracia, s\u00ed; autoritarismo no"},"content":{"rendered":"\n<p>Por Jos\u00e9 Alberto Prado \u00c1ngeles <\/p>\n\n\n\n<p>Director General y Editor<\/p>\n\n\n\n<p>Durante este sexenio, L\u00f3pez Obrador y algunos miembros de su gabinete han pregonado y se han \u201cllenado la boca\u201d sobre el respeto a la libertad de prensa. El 7 de noviembre de 2019, la entonces secretaria de Gobernaci\u00f3n, Olga S\u00e1nchez Cordero, en el marco de la inauguraci\u00f3n de la Conferencia Latinoamericana de Periodismo de Investigaci\u00f3n, dijo que \u201cme consta que el Presidente tiene un sincero y firme compromiso con el respeto a la libertad de expresi\u00f3n. Est\u00e1 convencido de que esta libertad es un derecho universal, indispensable para la preservaci\u00f3n de la democracia en cualquier naci\u00f3n\u201d. Mientras que el 25 de septiembre de 2020, durante su verborrea matutina el Presidente dijo que \u201ccomo nunca, la libertad de expresi\u00f3n en M\u00e9xico se respeta sin censura de ninguna \u00edndole, a pesar, como nunca, de la campa\u00f1a que se ha orquestado en contra nuestra\u201d. Y el 31 de agosto de 2021 -en un mensaje en las redes sociales y con motivo de su Tercer Informe de Gobierno- asegur\u00f3 que hay que un respeto absoluto a la prensa y sus analistas pol\u00edticos: \u201cJam\u00e1s atentamos en contra de la libertad de expresi\u00f3n. Democracia, s\u00ed; autoritarismo, no\u2026 dijimos que \u00edbamos a respetar la libertad de expresi\u00f3n y cumplimos; ning\u00fan periodista es perseguido, censurado, hasta se insulta al presidente, pero no hay represi\u00f3n&#8230; se garantiza el derecho a disentir. Hechos, no palabras\u201d.&nbsp;<\/p>\n\n\n\n<p>Cuando estamos a poco m\u00e1s de tres meses de que AMLO se vaya a su rancho -de memorable nombre-, el \u201ccacaraqueado\u201d tema de la libertad de expresi\u00f3n vuelve al centro de la conversaci\u00f3n, y como dice el refr\u00e1n, \u201cpara muestra, basta un bot\u00f3n\u201d, con un periodista -que forma parte de esta casa editorial-, como es el caso de Carlos Loret de Mola, quien revel\u00f3 que es indagado -junto con su esposa- por la Unidad de Inteligencia Financiera (UIF) de la Secretar\u00eda de Hacienda, que desde el 8 de febrero ha enviado oficios a casas de bolsa y de cambio, bancos y sociedades financieras sobre sus operaciones personales. En las mismas investigaciones se involucra a V\u00edctor Trujillo -el payaso Brozo-, quien junto con Loret de Mola -en la plataforma informativa binacional Latinus- se han convertido en uno de los cr\u00edticos m\u00e1s agudos de la administraci\u00f3n. S\u00f3lo basta recordar los reportajes de investigaci\u00f3n de los \u00faltimos seis meses titulados \u201cEl Clan\u201d, donde Loret de Mola desmenuza con grabaciones y pruebas la relaci\u00f3n de los hijos de L\u00f3pez Obrador -Jose Ram\u00f3n, Andr\u00e9s y Gonzalo- con Am\u00edlcar Ol\u00e1n, quien ha ganado contratos millonarios relacionados con la compra de medicinas y el Tren Maya, entre otras operaciones.<\/p>\n\n\n\n<p>Loret de Mola calific\u00f3 mediante las redes sociales como \u201cbajeza, una cobard\u00eda\u201d por parte del Presidente, \u201cpor la persecuci\u00f3n y acoso contra periodistas\u201d, y se pregunta, \u201c\u00bfQu\u00e9 sigue? \u00bfHasta d\u00f3nde quiere llegar el r\u00e9gimen para intentar callarnos? En vez de investigar sus propios esc\u00e1ndalos de corrupci\u00f3n, el Gobierno usa de nuevo a las instituciones del Estado para vengarse de los periodistas que documentamos esa corrupci\u00f3n\u201d.<\/p>\n\n\n\n<p>De todas las versiones sobre actos de corrupci\u00f3n denunciados -con pruebas- por Loret de Mola y Latinus ninguna ha sido desmentida por Palacio Nacional o la familia de L\u00f3pez Obrador -\u201del que calla, otorga\u201d-. Pero eso s\u00ed, se han intensificado las presiones oficiales sobre el periodista y el medio en que presta sus servicios. La salida del aire -por un supuesta pausa de dos meses- del noticiero de Loret en Latinus y las investigaciones financieras del comunicador por parte de la UIF, aparentemente \u201cno son obra de la causalidad\u201d. Entonces, yo me pregunto, \u00bfd\u00f3nde qued\u00f3 aquello de \u201cning\u00fan periodista es perseguido\u2026 Se garantiza el derecho a disentir\u201d? Entonces -\u00bfno que no?-, como usted mismo dijo, se\u00f1or Presidente, \u201chechos, no palabras\u201d.<\/p>\n\n\n\n<p>As\u00ed el Quehacer Pol\u00edtico Desde 1980, inquiriendo en la pol\u00edtica de M\u00e9xico, cuestionando, exponiendo, revelando y razonando.Es cuanto.<\/p>\n","protected":false},"excerpt":{"rendered":"<p>Por Jos\u00e9 Alberto Prado \u00c1ngeles Director General y Editor Durante este sexenio, L\u00f3pez Obrador y&#8230;<\/p>\n","protected":false},"author":2,"featured_media":110930,"comment_status":"open","ping_status":"open","sticky":false,"template":"","format":"standard","meta":{"_monsterinsights_skip_tracking":false,"_monsterinsights_sitenote_active":false,"_monsterinsights_sitenote_note":"","_monsterinsights_sitenote_category":0,"footnotes":""},"categories":[2],"tags":[],"class_list":["post-110929","post","type-post","status-publish","format-standard","has-post-thumbnail","hentry","category-noticias"],"yoast_head":"<!-- This site is optimized with the Yoast SEO plugin v27.3 - https:\/\/yoast.com\/product\/yoast-seo-wordpress\/ -->\n<title>El Quehacer Pol\u00edtico\/\/\/Jose Alberto Prado \u00c1ngeles\/\/\/Periodismo y Democracia, s\u00ed; autoritarismo no -<\/title>\n<meta name=\"robots\" content=\"index, follow, max-snippet:-1, max-image-preview:large, max-video-preview:-1\" \/>\n<link rel=\"canonical\" href=\"https:\/\/quehacerpolitico.mx\/?p=110929\" \/>\n<meta property=\"og:locale\" content=\"es_MX\" \/>\n<meta property=\"og:type\" content=\"article\" \/>\n<meta property=\"og:title\" content=\"El Quehacer Pol\u00edtico\/\/\/Jose Alberto Prado \u00c1ngeles\/\/\/Periodismo y Democracia, s\u00ed; autoritarismo no -\" \/>\n<meta property=\"og:description\" content=\"Por Jos\u00e9 Alberto Prado \u00c1ngeles Director General y Editor Durante este sexenio, L\u00f3pez Obrador y...\" \/>\n<meta property=\"og:url\" content=\"https:\/\/quehacerpolitico.mx\/?p=110929\" \/>\n<meta property=\"article:published_time\" content=\"2024-06-24T13:41:58+00:00\" \/>\n<meta property=\"article:modified_time\" content=\"2024-06-24T13:42:01+00:00\" \/>\n<meta property=\"og:image\" content=\"https:\/\/quehacerpolitico.mx\/wp-content\/uploads\/2024\/06\/2f2c152e-bb96-4c06-8e02-4e9a1a9677ca-3.jpeg\" \/>\n\t<meta property=\"og:image:width\" content=\"963\" \/>\n\t<meta property=\"og:image:height\" content=\"493\" \/>\n\t<meta property=\"og:image:type\" content=\"image\/jpeg\" \/>\n<meta name=\"author\" content=\"Redacci\u00f3n QP\" \/>\n<meta name=\"twitter:card\" content=\"summary_large_image\" \/>\n<meta name=\"twitter:label1\" content=\"Escrito por\" \/>\n\t<meta name=\"twitter:data1\" content=\"Redacci\u00f3n QP\" \/>\n\t<meta name=\"twitter:label2\" content=\"Tiempo de lectura\" \/>\n\t<meta name=\"twitter:data2\" content=\"3 minutos\" \/>\n<script type=\"application\/ld+json\" class=\"yoast-schema-graph\">{\"@context\":\"https:\\\/\\\/schema.org\",\"@graph\":[{\"@type\":\"Article\",\"@id\":\"https:\\\/\\\/quehacerpolitico.mx\\\/?p=110929#article\",\"isPartOf\":{\"@id\":\"https:\\\/\\\/quehacerpolitico.mx\\\/?p=110929\"},\"author\":{\"name\":\"Redacci\u00f3n QP\",\"@id\":\"https:\\\/\\\/quehacerpolitico.mx\\\/#\\\/schema\\\/person\\\/496d8ad2d1d3f8036101dca7ee39e585\"},\"headline\":\"El Quehacer Pol\u00edtico\\\/\\\/\\\/Jose Alberto Prado \u00c1ngeles\\\/\\\/\\\/Periodismo y Democracia, s\u00ed; autoritarismo no\",\"datePublished\":\"2024-06-24T13:41:58+00:00\",\"dateModified\":\"2024-06-24T13:42:01+00:00\",\"mainEntityOfPage\":{\"@id\":\"https:\\\/\\\/quehacerpolitico.mx\\\/?p=110929\"},\"wordCount\":701,\"commentCount\":0,\"image\":{\"@id\":\"https:\\\/\\\/quehacerpolitico.mx\\\/?p=110929#primaryimage\"},\"thumbnailUrl\":\"https:\\\/\\\/quehacerpolitico.mx\\\/wp-content\\\/uploads\\\/2024\\\/06\\\/2f2c152e-bb96-4c06-8e02-4e9a1a9677ca-3.jpeg\",\"articleSection\":[\"Noticias\"],\"inLanguage\":\"es\",\"potentialAction\":[{\"@type\":\"CommentAction\",\"name\":\"Comment\",\"target\":[\"https:\\\/\\\/quehacerpolitico.mx\\\/?p=110929#respond\"]}]},{\"@type\":\"WebPage\",\"@id\":\"https:\\\/\\\/quehacerpolitico.mx\\\/?p=110929\",\"url\":\"https:\\\/\\\/quehacerpolitico.mx\\\/?p=110929\",\"name\":\"El Quehacer Pol\u00edtico\\\/\\\/\\\/Jose Alberto Prado \u00c1ngeles\\\/\\\/\\\/Periodismo y Democracia, s\u00ed; autoritarismo no -\",\"isPartOf\":{\"@id\":\"https:\\\/\\\/quehacerpolitico.mx\\\/#website\"},\"primaryImageOfPage\":{\"@id\":\"https:\\\/\\\/quehacerpolitico.mx\\\/?p=110929#primaryimage\"},\"image\":{\"@id\":\"https:\\\/\\\/quehacerpolitico.mx\\\/?p=110929#primaryimage\"},\"thumbnailUrl\":\"https:\\\/\\\/quehacerpolitico.mx\\\/wp-content\\\/uploads\\\/2024\\\/06\\\/2f2c152e-bb96-4c06-8e02-4e9a1a9677ca-3.jpeg\",\"datePublished\":\"2024-06-24T13:41:58+00:00\",\"dateModified\":\"2024-06-24T13:42:01+00:00\",\"author\":{\"@id\":\"https:\\\/\\\/quehacerpolitico.mx\\\/#\\\/schema\\\/person\\\/496d8ad2d1d3f8036101dca7ee39e585\"},\"breadcrumb\":{\"@id\":\"https:\\\/\\\/quehacerpolitico.mx\\\/?p=110929#breadcrumb\"},\"inLanguage\":\"es\",\"potentialAction\":[{\"@type\":\"ReadAction\",\"target\":[\"https:\\\/\\\/quehacerpolitico.mx\\\/?p=110929\"]}]},{\"@type\":\"ImageObject\",\"inLanguage\":\"es\",\"@id\":\"https:\\\/\\\/quehacerpolitico.mx\\\/?p=110929#primaryimage\",\"url\":\"https:\\\/\\\/quehacerpolitico.mx\\\/wp-content\\\/uploads\\\/2024\\\/06\\\/2f2c152e-bb96-4c06-8e02-4e9a1a9677ca-3.jpeg\",\"contentUrl\":\"https:\\\/\\\/quehacerpolitico.mx\\\/wp-content\\\/uploads\\\/2024\\\/06\\\/2f2c152e-bb96-4c06-8e02-4e9a1a9677ca-3.jpeg\",\"width\":963,\"height\":493},{\"@type\":\"BreadcrumbList\",\"@id\":\"https:\\\/\\\/quehacerpolitico.mx\\\/?p=110929#breadcrumb\",\"itemListElement\":[{\"@type\":\"ListItem\",\"position\":1,\"name\":\"Inicio\",\"item\":\"https:\\\/\\\/quehacerpolitico.mx\\\/\"},{\"@type\":\"ListItem\",\"position\":2,\"name\":\"El Quehacer Pol\u00edtico\\\/\\\/\\\/Jose Alberto Prado \u00c1ngeles\\\/\\\/\\\/Periodismo y Democracia, s\u00ed; autoritarismo no\"}]},{\"@type\":\"WebSite\",\"@id\":\"https:\\\/\\\/quehacerpolitico.mx\\\/#website\",\"url\":\"https:\\\/\\\/quehacerpolitico.mx\\\/\",\"name\":\"\",\"description\":\"\",\"potentialAction\":[{\"@type\":\"SearchAction\",\"target\":{\"@type\":\"EntryPoint\",\"urlTemplate\":\"https:\\\/\\\/quehacerpolitico.mx\\\/?s={search_term_string}\"},\"query-input\":{\"@type\":\"PropertyValueSpecification\",\"valueRequired\":true,\"valueName\":\"search_term_string\"}}],\"inLanguage\":\"es\"},{\"@type\":\"Person\",\"@id\":\"https:\\\/\\\/quehacerpolitico.mx\\\/#\\\/schema\\\/person\\\/496d8ad2d1d3f8036101dca7ee39e585\",\"name\":\"Redacci\u00f3n QP\",\"image\":{\"@type\":\"ImageObject\",\"inLanguage\":\"es\",\"@id\":\"https:\\\/\\\/secure.gravatar.com\\\/avatar\\\/c7164ed6fdec453195284ad24a5ae5b6e1eed2b848477fa2a4787ba9adf39a41?s=96&d=mm&r=g\",\"url\":\"https:\\\/\\\/secure.gravatar.com\\\/avatar\\\/c7164ed6fdec453195284ad24a5ae5b6e1eed2b848477fa2a4787ba9adf39a41?s=96&d=mm&r=g\",\"contentUrl\":\"https:\\\/\\\/secure.gravatar.com\\\/avatar\\\/c7164ed6fdec453195284ad24a5ae5b6e1eed2b848477fa2a4787ba9adf39a41?s=96&d=mm&r=g\",\"caption\":\"Redacci\u00f3n QP\"},\"url\":\"https:\\\/\\\/quehacerpolitico.mx\\\/?author=2\"}]}<\/script>\n<!-- \/ Yoast SEO plugin. -->","yoast_head_json":{"title":"El Quehacer Pol\u00edtico\/\/\/Jose Alberto Prado \u00c1ngeles\/\/\/Periodismo y Democracia, s\u00ed; autoritarismo no -","robots":{"index":"index","follow":"follow","max-snippet":"max-snippet:-1","max-image-preview":"max-image-preview:large","max-video-preview":"max-video-preview:-1"},"canonical":"https:\/\/quehacerpolitico.mx\/?p=110929","og_locale":"es_MX","og_type":"article","og_title":"El Quehacer Pol\u00edtico\/\/\/Jose Alberto Prado \u00c1ngeles\/\/\/Periodismo y Democracia, s\u00ed; autoritarismo no -","og_description":"Por Jos\u00e9 Alberto Prado \u00c1ngeles Director General y Editor Durante este sexenio, L\u00f3pez Obrador y...","og_url":"https:\/\/quehacerpolitico.mx\/?p=110929","article_published_time":"2024-06-24T13:41:58+00:00","article_modified_time":"2024-06-24T13:42:01+00:00","og_image":[{"width":963,"height":493,"url":"https:\/\/quehacerpolitico.mx\/wp-content\/uploads\/2024\/06\/2f2c152e-bb96-4c06-8e02-4e9a1a9677ca-3.jpeg","type":"image\/jpeg"}],"author":"Redacci\u00f3n QP","twitter_card":"summary_large_image","twitter_misc":{"Escrito por":"Redacci\u00f3n QP","Tiempo de lectura":"3 minutos"},"schema":{"@context":"https:\/\/schema.org","@graph":[{"@type":"Article","@id":"https:\/\/quehacerpolitico.mx\/?p=110929#article","isPartOf":{"@id":"https:\/\/quehacerpolitico.mx\/?p=110929"},"author":{"name":"Redacci\u00f3n QP","@id":"https:\/\/quehacerpolitico.mx\/#\/schema\/person\/496d8ad2d1d3f8036101dca7ee39e585"},"headline":"El Quehacer Pol\u00edtico\/\/\/Jose Alberto Prado \u00c1ngeles\/\/\/Periodismo y Democracia, s\u00ed; autoritarismo no","datePublished":"2024-06-24T13:41:58+00:00","dateModified":"2024-06-24T13:42:01+00:00","mainEntityOfPage":{"@id":"https:\/\/quehacerpolitico.mx\/?p=110929"},"wordCount":701,"commentCount":0,"image":{"@id":"https:\/\/quehacerpolitico.mx\/?p=110929#primaryimage"},"thumbnailUrl":"https:\/\/quehacerpolitico.mx\/wp-content\/uploads\/2024\/06\/2f2c152e-bb96-4c06-8e02-4e9a1a9677ca-3.jpeg","articleSection":["Noticias"],"inLanguage":"es","potentialAction":[{"@type":"CommentAction","name":"Comment","target":["https:\/\/quehacerpolitico.mx\/?p=110929#respond"]}]},{"@type":"WebPage","@id":"https:\/\/quehacerpolitico.mx\/?p=110929","url":"https:\/\/quehacerpolitico.mx\/?p=110929","name":"El Quehacer Pol\u00edtico\/\/\/Jose Alberto Prado \u00c1ngeles\/\/\/Periodismo y Democracia, s\u00ed; autoritarismo no -","isPartOf":{"@id":"https:\/\/quehacerpolitico.mx\/#website"},"primaryImageOfPage":{"@id":"https:\/\/quehacerpolitico.mx\/?p=110929#primaryimage"},"image":{"@id":"https:\/\/quehacerpolitico.mx\/?p=110929#primaryimage"},"thumbnailUrl":"https:\/\/quehacerpolitico.mx\/wp-content\/uploads\/2024\/06\/2f2c152e-bb96-4c06-8e02-4e9a1a9677ca-3.jpeg","datePublished":"2024-06-24T13:41:58+00:00","dateModified":"2024-06-24T13:42:01+00:00","author":{"@id":"https:\/\/quehacerpolitico.mx\/#\/schema\/person\/496d8ad2d1d3f8036101dca7ee39e585"},"breadcrumb":{"@id":"https:\/\/quehacerpolitico.mx\/?p=110929#breadcrumb"},"inLanguage":"es","potentialAction":[{"@type":"ReadAction","target":["https:\/\/quehacerpolitico.mx\/?p=110929"]}]},{"@type":"ImageObject","inLanguage":"es","@id":"https:\/\/quehacerpolitico.mx\/?p=110929#primaryimage","url":"https:\/\/quehacerpolitico.mx\/wp-content\/uploads\/2024\/06\/2f2c152e-bb96-4c06-8e02-4e9a1a9677ca-3.jpeg","contentUrl":"https:\/\/quehacerpolitico.mx\/wp-content\/uploads\/2024\/06\/2f2c152e-bb96-4c06-8e02-4e9a1a9677ca-3.jpeg","width":963,"height":493},{"@type":"BreadcrumbList","@id":"https:\/\/quehacerpolitico.mx\/?p=110929#breadcrumb","itemListElement":[{"@type":"ListItem","position":1,"name":"Inicio","item":"https:\/\/quehacerpolitico.mx\/"},{"@type":"ListItem","position":2,"name":"El Quehacer Pol\u00edtico\/\/\/Jose Alberto Prado \u00c1ngeles\/\/\/Periodismo y Democracia, s\u00ed; autoritarismo no"}]},{"@type":"WebSite","@id":"https:\/\/quehacerpolitico.mx\/#website","url":"https:\/\/quehacerpolitico.mx\/","name":"","description":"","potentialAction":[{"@type":"SearchAction","target":{"@type":"EntryPoint","urlTemplate":"https:\/\/quehacerpolitico.mx\/?s={search_term_string}"},"query-input":{"@type":"PropertyValueSpecification","valueRequired":true,"valueName":"search_term_string"}}],"inLanguage":"es"},{"@type":"Person","@id":"https:\/\/quehacerpolitico.mx\/#\/schema\/person\/496d8ad2d1d3f8036101dca7ee39e585","name":"Redacci\u00f3n QP","image":{"@type":"ImageObject","inLanguage":"es","@id":"https:\/\/secure.gravatar.com\/avatar\/c7164ed6fdec453195284ad24a5ae5b6e1eed2b848477fa2a4787ba9adf39a41?s=96&d=mm&r=g","url":"https:\/\/secure.gravatar.com\/avatar\/c7164ed6fdec453195284ad24a5ae5b6e1eed2b848477fa2a4787ba9adf39a41?s=96&d=mm&r=g","contentUrl":"https:\/\/secure.gravatar.com\/avatar\/c7164ed6fdec453195284ad24a5ae5b6e1eed2b848477fa2a4787ba9adf39a41?s=96&d=mm&r=g","caption":"Redacci\u00f3n QP"},"url":"https:\/\/quehacerpolitico.mx\/?author=2"}]}},"featured_image_urls":{"full":["https:\/\/quehacerpolitico.mx\/wp-content\/uploads\/2024\/06\/2f2c152e-bb96-4c06-8e02-4e9a1a9677ca-3.jpeg",963,493,false],"thumbnail":["https:\/\/quehacerpolitico.mx\/wp-content\/uploads\/2024\/06\/2f2c152e-bb96-4c06-8e02-4e9a1a9677ca-3-150x150.jpeg",150,150,true],"medium":["https:\/\/quehacerpolitico.mx\/wp-content\/uploads\/2024\/06\/2f2c152e-bb96-4c06-8e02-4e9a1a9677ca-3-300x154.jpeg",300,154,true],"medium_large":["https:\/\/quehacerpolitico.mx\/wp-content\/uploads\/2024\/06\/2f2c152e-bb96-4c06-8e02-4e9a1a9677ca-3-768x393.jpeg",640,328,true],"large":["https:\/\/quehacerpolitico.mx\/wp-content\/uploads\/2024\/06\/2f2c152e-bb96-4c06-8e02-4e9a1a9677ca-3.jpeg",640,328,false],"1536x1536":["https:\/\/quehacerpolitico.mx\/wp-content\/uploads\/2024\/06\/2f2c152e-bb96-4c06-8e02-4e9a1a9677ca-3.jpeg",963,493,false],"2048x2048":["https:\/\/quehacerpolitico.mx\/wp-content\/uploads\/2024\/06\/2f2c152e-bb96-4c06-8e02-4e9a1a9677ca-3.jpeg",963,493,false],"covernews-featured":["https:\/\/quehacerpolitico.mx\/wp-content\/uploads\/2024\/06\/2f2c152e-bb96-4c06-8e02-4e9a1a9677ca-3.jpeg",963,493,false],"covernews-medium":["https:\/\/quehacerpolitico.mx\/wp-content\/uploads\/2024\/06\/2f2c152e-bb96-4c06-8e02-4e9a1a9677ca-3.jpeg",540,276,false]},"author_info":{"display_name":"Redacci\u00f3n QP","author_link":"https:\/\/quehacerpolitico.mx\/?author=2"},"category_info":"<a href=\"https:\/\/quehacerpolitico.mx\/?cat=2\" rel=\"category\">Noticias<\/a>","tag_info":"Noticias","comment_count":"0","_links":{"self":[{"href":"https:\/\/quehacerpolitico.mx\/index.php?rest_route=\/wp\/v2\/posts\/110929","targetHints":{"allow":["GET"]}}],"collection":[{"href":"https:\/\/quehacerpolitico.mx\/index.php?rest_route=\/wp\/v2\/posts"}],"about":[{"href":"https:\/\/quehacerpolitico.mx\/index.php?rest_route=\/wp\/v2\/types\/post"}],"author":[{"embeddable":true,"href":"https:\/\/quehacerpolitico.mx\/index.php?rest_route=\/wp\/v2\/users\/2"}],"replies":[{"embeddable":true,"href":"https:\/\/quehacerpolitico.mx\/index.php?rest_route=%2Fwp%2Fv2%2Fcomments&post=110929"}],"version-history":[{"count":1,"href":"https:\/\/quehacerpolitico.mx\/index.php?rest_route=\/wp\/v2\/posts\/110929\/revisions"}],"predecessor-version":[{"id":110931,"href":"https:\/\/quehacerpolitico.mx\/index.php?rest_route=\/wp\/v2\/posts\/110929\/revisions\/110931"}],"wp:featuredmedia":[{"embeddable":true,"href":"https:\/\/quehacerpolitico.mx\/index.php?rest_route=\/wp\/v2\/media\/110930"}],"wp:attachment":[{"href":"https:\/\/quehacerpolitico.mx\/index.php?rest_route=%2Fwp%2Fv2%2Fmedia&parent=110929"}],"wp:term":[{"taxonomy":"category","embeddable":true,"href":"https:\/\/quehacerpolitico.mx\/index.php?rest_route=%2Fwp%2Fv2%2Fcategories&post=110929"},{"taxonomy":"post_tag","embeddable":true,"href":"https:\/\/quehacerpolitico.mx\/index.php?rest_route=%2Fwp%2Fv2%2Ftags&post=110929"}],"curies":[{"name":"wp","href":"https:\/\/api.w.org\/{rel}","templated":true}]}}