{"id":110914,"date":"2024-06-20T17:05:22","date_gmt":"2024-06-20T17:05:22","guid":{"rendered":"https:\/\/quehacerpolitico.mx\/?p=110914"},"modified":"2024-06-20T17:05:24","modified_gmt":"2024-06-20T17:05:24","slug":"el-quehacer-politico-a-traves-del-enfoque-cultural-litza-deniss-duran-espinosa-yellow-day-por-que-se-le-conoce-como-el-dia-mas-feliz-del-ano","status":"publish","type":"post","link":"https:\/\/quehacerpolitico.mx\/?p=110914","title":{"rendered":"El Quehacer Pol\u00edtico a trav\u00e9s del enfoque cultural\/\/\/Litza Deniss Dur\u00e1n Espinosa\/\/\/Yellow Day: \u00bfPor qu\u00e9 se le conoce como el d\u00eda m\u00e1s feliz del a\u00f1o?"},"content":{"rendered":"\n<p>Por Litza Deniss Dur\u00e1n Espinosa<\/p>\n\n\n\n<p>Analista<\/p>\n\n\n\n<p>El\u00a0Yellow Day\u00a0tambi\u00e9n es conocido como\u00a0el d\u00eda m\u00e1s largo del a\u00f1o, debido a la cantidad de horas de luz solar que trae consigo<\/p>\n\n\n\n<p>El d\u00eda de hoy es tambi\u00e9n conocido como el\u00a0d\u00eda m\u00e1s feliz del a\u00f1o, esto tiene origen en su contraparte el caracter\u00edstico\u00a0\u201cBlue\u00a0Monday\u201d, el cual es llevado a cabo cada\u00a0tercer lunes de enero.<\/p>\n\n\n\n<figure class=\"wp-block-image size-large\"><img loading=\"lazy\" decoding=\"async\" width=\"1024\" height=\"545\" src=\"https:\/\/quehacerpolitico.mx\/wp-content\/uploads\/2024\/06\/image-21-1024x545.jpeg\" alt=\"\" class=\"wp-image-110917\" srcset=\"https:\/\/quehacerpolitico.mx\/wp-content\/uploads\/2024\/06\/image-21-1024x545.jpeg 1024w, https:\/\/quehacerpolitico.mx\/wp-content\/uploads\/2024\/06\/image-21-300x160.jpeg 300w, https:\/\/quehacerpolitico.mx\/wp-content\/uploads\/2024\/06\/image-21-768x409.jpeg 768w, https:\/\/quehacerpolitico.mx\/wp-content\/uploads\/2024\/06\/image-21-260x138.jpeg 260w, https:\/\/quehacerpolitico.mx\/wp-content\/uploads\/2024\/06\/image-21-50x27.jpeg 50w, https:\/\/quehacerpolitico.mx\/wp-content\/uploads\/2024\/06\/image-21-141x75.jpeg 141w, https:\/\/quehacerpolitico.mx\/wp-content\/uploads\/2024\/06\/image-21-1280x683.jpeg 1280w, https:\/\/quehacerpolitico.mx\/wp-content\/uploads\/2024\/06\/image-21.jpeg 1284w\" sizes=\"auto, (max-width: 1024px) 100vw, 1024px\" \/><figcaption class=\"wp-element-caption\">Screenshot<\/figcaption><\/figure>\n\n\n\n<p>El\u00a0Yellow Day\u00a0tiene la finalidad de celebrar el mantenerse optimistas y con una sonrisa a pesar de las adversidades\u00a0que se puedan presentar.\u00a0<strong>Este fen\u00f3meno tambi\u00e9n cuenta con una relaci\u00f3n estrecha al\u00a0solsticio de verano, el cual es conocido en algunas culturas como el d\u00eda m\u00e1s largo del a\u00f1o.<\/strong><\/p>\n\n\n\n<p>Este d\u00eda\u00a0es considerado como un nuevo inicio, un momento de borr\u00f3n y cuenta nueva, el cual viene cargado de nuevas energ\u00edas, las cuales ayudan a purificar todo lo negativo que se tenga alrededor, por lo cual,\u00a0<strong>si buscas llevar a cabo un cambio en tu vida, hoy es el d\u00eda perfecto para comenzar.<\/strong><\/p>\n\n\n\n<p>Algunos&nbsp;puntos a destacar&nbsp;que acompa\u00f1an el inicio del verano y que son&nbsp;factores positivos clave&nbsp;para que el cuerpo humano se sienta m\u00e1s feliz&nbsp;son los siguientes:&nbsp;<\/p>\n\n\n\n<ul class=\"wp-block-list\">\n<li>D\u00edas m\u00e1s largos (con una mayor cantidad de\u00a0horas de luz solar)<\/li>\n\n\n\n<li>Clima favorable (un intermedio entre el fr\u00edo y el calor, temperatura agradable)<\/li>\n\n\n\n<li>Una\u00a0percepci\u00f3n de libertad y calidad de vida (d\u00edas de descanso, inicio del periodo vacacional)<\/li>\n<\/ul>\n","protected":false},"excerpt":{"rendered":"<p>Por Litza Deniss Dur\u00e1n Espinosa Analista El\u00a0Yellow Day\u00a0tambi\u00e9n es conocido como\u00a0el d\u00eda m\u00e1s largo del&#8230;<\/p>\n","protected":false},"author":2,"featured_media":110915,"comment_status":"open","ping_status":"open","sticky":false,"template":"","format":"standard","meta":{"_monsterinsights_skip_tracking":false,"_monsterinsights_sitenote_active":false,"_monsterinsights_sitenote_note":"","_monsterinsights_sitenote_category":0,"footnotes":""},"categories":[58],"tags":[],"class_list":["post-110914","post","type-post","status-publish","format-standard","has-post-thumbnail","hentry","category-cultura"],"yoast_head":"<!-- This site is optimized with the Yoast SEO plugin v27.3 - https:\/\/yoast.com\/product\/yoast-seo-wordpress\/ -->\n<title>El Quehacer Pol\u00edtico a trav\u00e9s del enfoque cultural\/\/\/Litza Deniss Dur\u00e1n Espinosa\/\/\/Yellow Day: \u00bfPor qu\u00e9 se le conoce como el d\u00eda m\u00e1s feliz del a\u00f1o? -<\/title>\n<meta name=\"robots\" content=\"index, follow, max-snippet:-1, max-image-preview:large, max-video-preview:-1\" \/>\n<link rel=\"canonical\" href=\"https:\/\/quehacerpolitico.mx\/?p=110914\" \/>\n<meta property=\"og:locale\" content=\"es_MX\" \/>\n<meta property=\"og:type\" content=\"article\" \/>\n<meta property=\"og:title\" content=\"El Quehacer Pol\u00edtico a trav\u00e9s del enfoque cultural\/\/\/Litza Deniss Dur\u00e1n Espinosa\/\/\/Yellow Day: \u00bfPor qu\u00e9 se le conoce como el d\u00eda m\u00e1s feliz del a\u00f1o? -\" \/>\n<meta property=\"og:description\" content=\"Por Litza Deniss Dur\u00e1n Espinosa Analista El\u00a0Yellow Day\u00a0tambi\u00e9n es conocido como\u00a0el d\u00eda m\u00e1s largo del...\" \/>\n<meta property=\"og:url\" content=\"https:\/\/quehacerpolitico.mx\/?p=110914\" \/>\n<meta property=\"article:published_time\" content=\"2024-06-20T17:05:22+00:00\" \/>\n<meta property=\"article:modified_time\" content=\"2024-06-20T17:05:24+00:00\" \/>\n<meta property=\"og:image\" content=\"https:\/\/quehacerpolitico.mx\/wp-content\/uploads\/2024\/06\/f97f131b-617d-4d33-b7a7-a2e9689dd2f7.jpeg\" \/>\n\t<meta property=\"og:image:width\" content=\"963\" \/>\n\t<meta property=\"og:image:height\" content=\"493\" \/>\n\t<meta property=\"og:image:type\" content=\"image\/jpeg\" \/>\n<meta name=\"author\" content=\"Redacci\u00f3n QP\" \/>\n<meta name=\"twitter:card\" content=\"summary_large_image\" \/>\n<meta name=\"twitter:label1\" content=\"Escrito por\" \/>\n\t<meta name=\"twitter:data1\" content=\"Redacci\u00f3n QP\" \/>\n\t<meta name=\"twitter:label2\" content=\"Tiempo de lectura\" \/>\n\t<meta name=\"twitter:data2\" content=\"1 minuto\" \/>\n<script type=\"application\/ld+json\" class=\"yoast-schema-graph\">{\"@context\":\"https:\\\/\\\/schema.org\",\"@graph\":[{\"@type\":\"Article\",\"@id\":\"https:\\\/\\\/quehacerpolitico.mx\\\/?p=110914#article\",\"isPartOf\":{\"@id\":\"https:\\\/\\\/quehacerpolitico.mx\\\/?p=110914\"},\"author\":{\"name\":\"Redacci\u00f3n QP\",\"@id\":\"https:\\\/\\\/quehacerpolitico.mx\\\/#\\\/schema\\\/person\\\/496d8ad2d1d3f8036101dca7ee39e585\"},\"headline\":\"El Quehacer Pol\u00edtico a trav\u00e9s del enfoque cultural\\\/\\\/\\\/Litza Deniss Dur\u00e1n Espinosa\\\/\\\/\\\/Yellow Day: \u00bfPor qu\u00e9 se le conoce como el d\u00eda m\u00e1s feliz del a\u00f1o?\",\"datePublished\":\"2024-06-20T17:05:22+00:00\",\"dateModified\":\"2024-06-20T17:05:24+00:00\",\"mainEntityOfPage\":{\"@id\":\"https:\\\/\\\/quehacerpolitico.mx\\\/?p=110914\"},\"wordCount\":304,\"commentCount\":0,\"image\":{\"@id\":\"https:\\\/\\\/quehacerpolitico.mx\\\/?p=110914#primaryimage\"},\"thumbnailUrl\":\"https:\\\/\\\/quehacerpolitico.mx\\\/wp-content\\\/uploads\\\/2024\\\/06\\\/f97f131b-617d-4d33-b7a7-a2e9689dd2f7.jpeg\",\"articleSection\":[\"Cultura y Entretenimiento\"],\"inLanguage\":\"es\",\"potentialAction\":[{\"@type\":\"CommentAction\",\"name\":\"Comment\",\"target\":[\"https:\\\/\\\/quehacerpolitico.mx\\\/?p=110914#respond\"]}]},{\"@type\":\"WebPage\",\"@id\":\"https:\\\/\\\/quehacerpolitico.mx\\\/?p=110914\",\"url\":\"https:\\\/\\\/quehacerpolitico.mx\\\/?p=110914\",\"name\":\"El Quehacer Pol\u00edtico a trav\u00e9s del enfoque cultural\\\/\\\/\\\/Litza Deniss Dur\u00e1n Espinosa\\\/\\\/\\\/Yellow Day: \u00bfPor qu\u00e9 se le conoce como el d\u00eda m\u00e1s feliz del a\u00f1o? -\",\"isPartOf\":{\"@id\":\"https:\\\/\\\/quehacerpolitico.mx\\\/#website\"},\"primaryImageOfPage\":{\"@id\":\"https:\\\/\\\/quehacerpolitico.mx\\\/?p=110914#primaryimage\"},\"image\":{\"@id\":\"https:\\\/\\\/quehacerpolitico.mx\\\/?p=110914#primaryimage\"},\"thumbnailUrl\":\"https:\\\/\\\/quehacerpolitico.mx\\\/wp-content\\\/uploads\\\/2024\\\/06\\\/f97f131b-617d-4d33-b7a7-a2e9689dd2f7.jpeg\",\"datePublished\":\"2024-06-20T17:05:22+00:00\",\"dateModified\":\"2024-06-20T17:05:24+00:00\",\"author\":{\"@id\":\"https:\\\/\\\/quehacerpolitico.mx\\\/#\\\/schema\\\/person\\\/496d8ad2d1d3f8036101dca7ee39e585\"},\"breadcrumb\":{\"@id\":\"https:\\\/\\\/quehacerpolitico.mx\\\/?p=110914#breadcrumb\"},\"inLanguage\":\"es\",\"potentialAction\":[{\"@type\":\"ReadAction\",\"target\":[\"https:\\\/\\\/quehacerpolitico.mx\\\/?p=110914\"]}]},{\"@type\":\"ImageObject\",\"inLanguage\":\"es\",\"@id\":\"https:\\\/\\\/quehacerpolitico.mx\\\/?p=110914#primaryimage\",\"url\":\"https:\\\/\\\/quehacerpolitico.mx\\\/wp-content\\\/uploads\\\/2024\\\/06\\\/f97f131b-617d-4d33-b7a7-a2e9689dd2f7.jpeg\",\"contentUrl\":\"https:\\\/\\\/quehacerpolitico.mx\\\/wp-content\\\/uploads\\\/2024\\\/06\\\/f97f131b-617d-4d33-b7a7-a2e9689dd2f7.jpeg\",\"width\":963,\"height\":493},{\"@type\":\"BreadcrumbList\",\"@id\":\"https:\\\/\\\/quehacerpolitico.mx\\\/?p=110914#breadcrumb\",\"itemListElement\":[{\"@type\":\"ListItem\",\"position\":1,\"name\":\"Inicio\",\"item\":\"https:\\\/\\\/quehacerpolitico.mx\\\/\"},{\"@type\":\"ListItem\",\"position\":2,\"name\":\"El Quehacer Pol\u00edtico a trav\u00e9s del enfoque cultural\\\/\\\/\\\/Litza Deniss Dur\u00e1n Espinosa\\\/\\\/\\\/Yellow Day: \u00bfPor qu\u00e9 se le conoce como el d\u00eda m\u00e1s feliz del a\u00f1o?\"}]},{\"@type\":\"WebSite\",\"@id\":\"https:\\\/\\\/quehacerpolitico.mx\\\/#website\",\"url\":\"https:\\\/\\\/quehacerpolitico.mx\\\/\",\"name\":\"\",\"description\":\"\",\"potentialAction\":[{\"@type\":\"SearchAction\",\"target\":{\"@type\":\"EntryPoint\",\"urlTemplate\":\"https:\\\/\\\/quehacerpolitico.mx\\\/?s={search_term_string}\"},\"query-input\":{\"@type\":\"PropertyValueSpecification\",\"valueRequired\":true,\"valueName\":\"search_term_string\"}}],\"inLanguage\":\"es\"},{\"@type\":\"Person\",\"@id\":\"https:\\\/\\\/quehacerpolitico.mx\\\/#\\\/schema\\\/person\\\/496d8ad2d1d3f8036101dca7ee39e585\",\"name\":\"Redacci\u00f3n QP\",\"image\":{\"@type\":\"ImageObject\",\"inLanguage\":\"es\",\"@id\":\"https:\\\/\\\/secure.gravatar.com\\\/avatar\\\/c7164ed6fdec453195284ad24a5ae5b6e1eed2b848477fa2a4787ba9adf39a41?s=96&d=mm&r=g\",\"url\":\"https:\\\/\\\/secure.gravatar.com\\\/avatar\\\/c7164ed6fdec453195284ad24a5ae5b6e1eed2b848477fa2a4787ba9adf39a41?s=96&d=mm&r=g\",\"contentUrl\":\"https:\\\/\\\/secure.gravatar.com\\\/avatar\\\/c7164ed6fdec453195284ad24a5ae5b6e1eed2b848477fa2a4787ba9adf39a41?s=96&d=mm&r=g\",\"caption\":\"Redacci\u00f3n QP\"},\"url\":\"https:\\\/\\\/quehacerpolitico.mx\\\/?author=2\"}]}<\/script>\n<!-- \/ Yoast SEO plugin. -->","yoast_head_json":{"title":"El Quehacer Pol\u00edtico a trav\u00e9s del enfoque cultural\/\/\/Litza Deniss Dur\u00e1n Espinosa\/\/\/Yellow Day: \u00bfPor qu\u00e9 se le conoce como el d\u00eda m\u00e1s feliz del a\u00f1o? -","robots":{"index":"index","follow":"follow","max-snippet":"max-snippet:-1","max-image-preview":"max-image-preview:large","max-video-preview":"max-video-preview:-1"},"canonical":"https:\/\/quehacerpolitico.mx\/?p=110914","og_locale":"es_MX","og_type":"article","og_title":"El Quehacer Pol\u00edtico a trav\u00e9s del enfoque cultural\/\/\/Litza Deniss Dur\u00e1n Espinosa\/\/\/Yellow Day: \u00bfPor qu\u00e9 se le conoce como el d\u00eda m\u00e1s feliz del a\u00f1o? -","og_description":"Por Litza Deniss Dur\u00e1n Espinosa Analista El\u00a0Yellow Day\u00a0tambi\u00e9n es conocido como\u00a0el d\u00eda m\u00e1s largo del...","og_url":"https:\/\/quehacerpolitico.mx\/?p=110914","article_published_time":"2024-06-20T17:05:22+00:00","article_modified_time":"2024-06-20T17:05:24+00:00","og_image":[{"width":963,"height":493,"url":"https:\/\/quehacerpolitico.mx\/wp-content\/uploads\/2024\/06\/f97f131b-617d-4d33-b7a7-a2e9689dd2f7.jpeg","type":"image\/jpeg"}],"author":"Redacci\u00f3n QP","twitter_card":"summary_large_image","twitter_misc":{"Escrito por":"Redacci\u00f3n QP","Tiempo de lectura":"1 minuto"},"schema":{"@context":"https:\/\/schema.org","@graph":[{"@type":"Article","@id":"https:\/\/quehacerpolitico.mx\/?p=110914#article","isPartOf":{"@id":"https:\/\/quehacerpolitico.mx\/?p=110914"},"author":{"name":"Redacci\u00f3n QP","@id":"https:\/\/quehacerpolitico.mx\/#\/schema\/person\/496d8ad2d1d3f8036101dca7ee39e585"},"headline":"El Quehacer Pol\u00edtico a trav\u00e9s del enfoque cultural\/\/\/Litza Deniss Dur\u00e1n Espinosa\/\/\/Yellow Day: \u00bfPor qu\u00e9 se le conoce como el d\u00eda m\u00e1s feliz del a\u00f1o?","datePublished":"2024-06-20T17:05:22+00:00","dateModified":"2024-06-20T17:05:24+00:00","mainEntityOfPage":{"@id":"https:\/\/quehacerpolitico.mx\/?p=110914"},"wordCount":304,"commentCount":0,"image":{"@id":"https:\/\/quehacerpolitico.mx\/?p=110914#primaryimage"},"thumbnailUrl":"https:\/\/quehacerpolitico.mx\/wp-content\/uploads\/2024\/06\/f97f131b-617d-4d33-b7a7-a2e9689dd2f7.jpeg","articleSection":["Cultura y Entretenimiento"],"inLanguage":"es","potentialAction":[{"@type":"CommentAction","name":"Comment","target":["https:\/\/quehacerpolitico.mx\/?p=110914#respond"]}]},{"@type":"WebPage","@id":"https:\/\/quehacerpolitico.mx\/?p=110914","url":"https:\/\/quehacerpolitico.mx\/?p=110914","name":"El Quehacer Pol\u00edtico a trav\u00e9s del enfoque cultural\/\/\/Litza Deniss Dur\u00e1n Espinosa\/\/\/Yellow Day: \u00bfPor qu\u00e9 se le conoce como el d\u00eda m\u00e1s feliz del a\u00f1o? -","isPartOf":{"@id":"https:\/\/quehacerpolitico.mx\/#website"},"primaryImageOfPage":{"@id":"https:\/\/quehacerpolitico.mx\/?p=110914#primaryimage"},"image":{"@id":"https:\/\/quehacerpolitico.mx\/?p=110914#primaryimage"},"thumbnailUrl":"https:\/\/quehacerpolitico.mx\/wp-content\/uploads\/2024\/06\/f97f131b-617d-4d33-b7a7-a2e9689dd2f7.jpeg","datePublished":"2024-06-20T17:05:22+00:00","dateModified":"2024-06-20T17:05:24+00:00","author":{"@id":"https:\/\/quehacerpolitico.mx\/#\/schema\/person\/496d8ad2d1d3f8036101dca7ee39e585"},"breadcrumb":{"@id":"https:\/\/quehacerpolitico.mx\/?p=110914#breadcrumb"},"inLanguage":"es","potentialAction":[{"@type":"ReadAction","target":["https:\/\/quehacerpolitico.mx\/?p=110914"]}]},{"@type":"ImageObject","inLanguage":"es","@id":"https:\/\/quehacerpolitico.mx\/?p=110914#primaryimage","url":"https:\/\/quehacerpolitico.mx\/wp-content\/uploads\/2024\/06\/f97f131b-617d-4d33-b7a7-a2e9689dd2f7.jpeg","contentUrl":"https:\/\/quehacerpolitico.mx\/wp-content\/uploads\/2024\/06\/f97f131b-617d-4d33-b7a7-a2e9689dd2f7.jpeg","width":963,"height":493},{"@type":"BreadcrumbList","@id":"https:\/\/quehacerpolitico.mx\/?p=110914#breadcrumb","itemListElement":[{"@type":"ListItem","position":1,"name":"Inicio","item":"https:\/\/quehacerpolitico.mx\/"},{"@type":"ListItem","position":2,"name":"El Quehacer Pol\u00edtico a trav\u00e9s del enfoque cultural\/\/\/Litza Deniss Dur\u00e1n Espinosa\/\/\/Yellow Day: \u00bfPor qu\u00e9 se le conoce como el d\u00eda m\u00e1s feliz del a\u00f1o?"}]},{"@type":"WebSite","@id":"https:\/\/quehacerpolitico.mx\/#website","url":"https:\/\/quehacerpolitico.mx\/","name":"","description":"","potentialAction":[{"@type":"SearchAction","target":{"@type":"EntryPoint","urlTemplate":"https:\/\/quehacerpolitico.mx\/?s={search_term_string}"},"query-input":{"@type":"PropertyValueSpecification","valueRequired":true,"valueName":"search_term_string"}}],"inLanguage":"es"},{"@type":"Person","@id":"https:\/\/quehacerpolitico.mx\/#\/schema\/person\/496d8ad2d1d3f8036101dca7ee39e585","name":"Redacci\u00f3n QP","image":{"@type":"ImageObject","inLanguage":"es","@id":"https:\/\/secure.gravatar.com\/avatar\/c7164ed6fdec453195284ad24a5ae5b6e1eed2b848477fa2a4787ba9adf39a41?s=96&d=mm&r=g","url":"https:\/\/secure.gravatar.com\/avatar\/c7164ed6fdec453195284ad24a5ae5b6e1eed2b848477fa2a4787ba9adf39a41?s=96&d=mm&r=g","contentUrl":"https:\/\/secure.gravatar.com\/avatar\/c7164ed6fdec453195284ad24a5ae5b6e1eed2b848477fa2a4787ba9adf39a41?s=96&d=mm&r=g","caption":"Redacci\u00f3n QP"},"url":"https:\/\/quehacerpolitico.mx\/?author=2"}]}},"featured_image_urls":{"full":["https:\/\/quehacerpolitico.mx\/wp-content\/uploads\/2024\/06\/f97f131b-617d-4d33-b7a7-a2e9689dd2f7.jpeg",963,493,false],"thumbnail":["https:\/\/quehacerpolitico.mx\/wp-content\/uploads\/2024\/06\/f97f131b-617d-4d33-b7a7-a2e9689dd2f7-150x150.jpeg",150,150,true],"medium":["https:\/\/quehacerpolitico.mx\/wp-content\/uploads\/2024\/06\/f97f131b-617d-4d33-b7a7-a2e9689dd2f7-300x154.jpeg",300,154,true],"medium_large":["https:\/\/quehacerpolitico.mx\/wp-content\/uploads\/2024\/06\/f97f131b-617d-4d33-b7a7-a2e9689dd2f7-768x393.jpeg",640,328,true],"large":["https:\/\/quehacerpolitico.mx\/wp-content\/uploads\/2024\/06\/f97f131b-617d-4d33-b7a7-a2e9689dd2f7.jpeg",640,328,false],"1536x1536":["https:\/\/quehacerpolitico.mx\/wp-content\/uploads\/2024\/06\/f97f131b-617d-4d33-b7a7-a2e9689dd2f7.jpeg",963,493,false],"2048x2048":["https:\/\/quehacerpolitico.mx\/wp-content\/uploads\/2024\/06\/f97f131b-617d-4d33-b7a7-a2e9689dd2f7.jpeg",963,493,false],"covernews-featured":["https:\/\/quehacerpolitico.mx\/wp-content\/uploads\/2024\/06\/f97f131b-617d-4d33-b7a7-a2e9689dd2f7.jpeg",963,493,false],"covernews-medium":["https:\/\/quehacerpolitico.mx\/wp-content\/uploads\/2024\/06\/f97f131b-617d-4d33-b7a7-a2e9689dd2f7.jpeg",540,276,false]},"author_info":{"display_name":"Redacci\u00f3n QP","author_link":"https:\/\/quehacerpolitico.mx\/?author=2"},"category_info":"<a href=\"https:\/\/quehacerpolitico.mx\/?cat=58\" rel=\"category\">Cultura y Entretenimiento<\/a>","tag_info":"Cultura y Entretenimiento","comment_count":"0","_links":{"self":[{"href":"https:\/\/quehacerpolitico.mx\/index.php?rest_route=\/wp\/v2\/posts\/110914","targetHints":{"allow":["GET"]}}],"collection":[{"href":"https:\/\/quehacerpolitico.mx\/index.php?rest_route=\/wp\/v2\/posts"}],"about":[{"href":"https:\/\/quehacerpolitico.mx\/index.php?rest_route=\/wp\/v2\/types\/post"}],"author":[{"embeddable":true,"href":"https:\/\/quehacerpolitico.mx\/index.php?rest_route=\/wp\/v2\/users\/2"}],"replies":[{"embeddable":true,"href":"https:\/\/quehacerpolitico.mx\/index.php?rest_route=%2Fwp%2Fv2%2Fcomments&post=110914"}],"version-history":[{"count":1,"href":"https:\/\/quehacerpolitico.mx\/index.php?rest_route=\/wp\/v2\/posts\/110914\/revisions"}],"predecessor-version":[{"id":110918,"href":"https:\/\/quehacerpolitico.mx\/index.php?rest_route=\/wp\/v2\/posts\/110914\/revisions\/110918"}],"wp:featuredmedia":[{"embeddable":true,"href":"https:\/\/quehacerpolitico.mx\/index.php?rest_route=\/wp\/v2\/media\/110915"}],"wp:attachment":[{"href":"https:\/\/quehacerpolitico.mx\/index.php?rest_route=%2Fwp%2Fv2%2Fmedia&parent=110914"}],"wp:term":[{"taxonomy":"category","embeddable":true,"href":"https:\/\/quehacerpolitico.mx\/index.php?rest_route=%2Fwp%2Fv2%2Fcategories&post=110914"},{"taxonomy":"post_tag","embeddable":true,"href":"https:\/\/quehacerpolitico.mx\/index.php?rest_route=%2Fwp%2Fv2%2Ftags&post=110914"}],"curies":[{"name":"wp","href":"https:\/\/api.w.org\/{rel}","templated":true}]}}