{"id":110883,"date":"2024-06-19T18:52:27","date_gmt":"2024-06-19T18:52:27","guid":{"rendered":"https:\/\/quehacerpolitico.mx\/?p=110883"},"modified":"2024-06-19T18:52:33","modified_gmt":"2024-06-19T18:52:33","slug":"la-nueva-pelicula-de-disney-pixar-de-animacion-intensa-mente-2-no-te-la-puedes-perder","status":"publish","type":"post","link":"https:\/\/quehacerpolitico.mx\/?p=110883","title":{"rendered":"La nueva pel\u00edcula de Disney Pixar de animaci\u00f3n\u00a0Intensa-Mente 2\u00a0no te la puedes perder"},"content":{"rendered":"\n<p>Por Redacci\u00f3n QP<\/p>\n\n\n\n<p>La nueva pel\u00edcula de animaci\u00f3n\u00a0<strong>Intensa-Mente 2<\/strong>\u00a0se puede ver en la sala de cine de tu complejo favorito desde el 13 de junio <\/p>\n\n\n\n<p><strong>Intensa-Mente 2<\/strong>\u00a0trae de regreso a\u00a0<em>Alegr\u00eda<\/em>,\u00a0<em>Tristeza<\/em>,\u00a0<em>Furia<\/em>,\u00a0<em>Temor<\/em>\u00a0y\u00a0<em>Desagrado<\/em>, las emociones protagonistas de la aclamada pel\u00edcula de Disney y Pixar<strong>\u00a0Intensa-Mente<\/strong>\u00a0de 2015. Pero ya no est\u00e1n solas\u2026 con la llegada de la adolescencia de\u00a0<em>Riley<\/em>, desembarcan\u00a0<em>Ansiedad<\/em>,\u00a0<em>Ennui<\/em>,\u00a0<em>Verg\u00fcenza\u00a0<\/em>y\u00a0<em>Envidia<\/em>\u00a0en el cuartel general, nuevas emociones dispuestas a alborotarlo todo.<\/p>\n\n\n\n<figure class=\"wp-block-image\"><img decoding=\"async\" src=\"https:\/\/www.informador.mx\/__export\/1718820040581\/sites\/elinformador\/img\/2024\/06\/19\/intensamente_2_2a_crop1718820039502.jpg_1614215285.jpg\" alt=\"\"\/><figcaption class=\"wp-element-caption\"><strong>Intensa-Mente 2<\/strong>. ESPECIAL\/DISNEY-PIXAR.&nbsp;<\/figcaption><\/figure>\n\n\n\n<p><strong>Al igual que la primera pel\u00edcula, &#8220;Intensa-Mente 2&#8221; tiene dos escenarios: El mundo real, en el que&nbsp;<em>Riley<\/em>&nbsp;interact\u00faa con su familia, sus amigos, las jugadoras de&nbsp;<em>hockey<\/em>; y el mundo de la mente, en el que sus emociones la ayudan a enfrentar los nuevos desaf\u00edos que se le presentan como adolescente<\/strong>.<\/p>\n\n\n\n<p>Bajo la direcci\u00f3n de Kelsey Mann, la nueva pel\u00edcula no solo conduce a los espectadores en un recorrido m\u00e1s profundo por los rincones de la mente de\u00a0<em>Riley<\/em>, sino que adem\u00e1s se aventura m\u00e1s all\u00e1 en el mundo real, presentando nuevos ambientes que enriquecen la historia.<\/p>\n\n\n\n<figure class=\"wp-block-image\"><img decoding=\"async\" src=\"https:\/\/www.informador.mx\/__export\/1718819601500\/sites\/elinformador\/img\/2024\/06\/19\/intensamente_2_5a_crop1718819600659.jpg_71210540.jpg\" alt=\"\"\/><figcaption class=\"wp-element-caption\"><strong>Intensa-Mente 2<\/strong>. ESPECIAL\/DISNEY-PIXAR.&nbsp;<\/figcaption><\/figure>\n\n\n\n<h4 class=\"wp-block-heading\">Expandiendo la mente de&nbsp;<em>Riley<\/em><\/h4>\n\n\n\n<p><strong>Los&nbsp;<em>fans&nbsp;<\/em>de la primera pel\u00edcula r\u00e1pidamente reconocer\u00e1n escenarios de la historia estrenada en 2015, como el cuartel general dentro de la mente de&nbsp;<em>Riley<\/em><\/strong>. Ahora, nueve a\u00f1os m\u00e1s tarde, el equipo creativo tom\u00f3 esos conceptos que todos conocen y los llev\u00f3 a otro nivel, acompa\u00f1ando la nueva etapa evolutiva en la que se encuentra la ahora adolescente.<\/p>\n\n\n\n<p>\u201c<em>La primera pel\u00edcula estaba relacionada con recuerdos y quer\u00edamos expandir ese mundo en la segunda. La idea de las creencias nos pareci\u00f3 como una progresi\u00f3n natural para Riley, quien ahora tiene 13 a\u00f1os. \u00bfY de qu\u00e9 est\u00e1n hechas las creencias? \u00bfC\u00f3mo afectan a la mente? \u00bfC\u00f3mo se relacionan con el sentido de identidad? Todos esos interrogantes nos parecieron muy ricos desde el punto de vista emocional<\/em>\u201d, explica el guionista Dave Holstein.<\/p>\n\n\n\n<figure class=\"wp-block-embed is-type-video is-provider-youtube wp-block-embed-youtube wp-embed-aspect-16-9 wp-has-aspect-ratio\"><div class=\"wp-block-embed__wrapper\">\n<iframe loading=\"lazy\" title=\"IntensaMente 2 | Tr\u00e1iler Final | Doblado\" width=\"640\" height=\"360\" src=\"https:\/\/www.youtube.com\/embed\/9bol4Yyx9Gs?feature=oembed\" frameborder=\"0\" allow=\"accelerometer; autoplay; clipboard-write; encrypted-media; gyroscope; picture-in-picture; web-share\" referrerpolicy=\"strict-origin-when-cross-origin\" allowfullscreen><\/iframe>\n<\/div><\/figure>\n\n\n\n<p><strong>Nueve departamentos dentro de Pixar pusieron manos a la obra para dar vida a este mundo expandido<\/strong>. Jason Deamer, dise\u00f1ador de producci\u00f3n del filme, cuenta que le result\u00f3 realmente inspirador colaborar con tantos talentos del estudio en esta haza\u00f1a.&nbsp;<strong>Juntos, construyeron el entorno del sistema de creencias en un azul oscuro muy potente, con elementos radiantes y trasl\u00facidos<\/strong>. Adem\u00e1s, los artistas y t\u00e9cnicos crearon otros escenarios para la pel\u00edcula, incluyendo el fondo de la mente y el fluir de la conciencia. Otro espacio es Imaginalandia 2.0. El entorno hace referencia a la ic\u00f3nica Imaginalandia de Intensa-Mente, la tierra al interior de la mente de Riley donde todo existe a base de pura imaginaci\u00f3n.<\/p>\n\n\n\n<figure class=\"wp-block-image\"><img decoding=\"async\" src=\"https:\/\/www.informador.mx\/__export\/1718819858719\/sites\/elinformador\/img\/2024\/06\/19\/intensamente_2_1_crop1718819857858.jpg_1615138806.jpg\" alt=\"\"\/><figcaption class=\"wp-element-caption\"><strong>Intensa-Mente 2<\/strong>. ESPECIAL\/DISNEY-PIXAR.&nbsp;<\/figcaption><\/figure>\n\n\n\n<h4 class=\"wp-block-heading\">La vida real: Un mundo extra\u00f1o y desconcertante<\/h4>\n\n\n\n<p>CTM En paralelo al mundo interior de la mente de\u00a0<em>Riley<\/em>, el equipo creativo expandi\u00f3 el universo de la vida real. En\u00a0<strong>Intensa-Mente 2<\/strong>,\u00a0<em>Riley\u00a0<\/em>sigue viviendo junto a su familia en San Francisco, pero su afici\u00f3n por el hockey sobre hielo la lleva a jugar partidos fuera de la ciudad, donde adem\u00e1s entra en contacto con nuevos c\u00edrculos sociales.\u00a0<strong>Como en el primer filme, los realizadores se enfocaron en lograr una clara diferenciaci\u00f3n visual entre el mundo interior y exterior de\u00a0<em>Riley<\/em>, de modo que los espectadores sepan r\u00e1pidamente d\u00f3nde est\u00e1n en cada momento de la historia. Mientras que para el mundo de la mente buscaron que se vea pristino, a partir de materiales suaves, trasl\u00facidos, coloridos y vibrantes, en el mundo exterior, en cambio, todo es m\u00e1s disruptivo<\/strong>. Hay, sin embargo, un elemento que atraviesa ambos entornos: El cambio. En sinton\u00eda con el paso de\u00a0<em>Riley<\/em>\u00a0de la infancia a la adolescencia, la inestabilidad est\u00e1 omnipresente.<\/p>\n","protected":false},"excerpt":{"rendered":"<p>Por Redacci\u00f3n QP La nueva pel\u00edcula de animaci\u00f3n\u00a0Intensa-Mente 2\u00a0se puede ver en la sala de&#8230;<\/p>\n","protected":false},"author":2,"featured_media":110884,"comment_status":"open","ping_status":"open","sticky":false,"template":"","format":"standard","meta":{"_monsterinsights_skip_tracking":false,"_monsterinsights_sitenote_active":false,"_monsterinsights_sitenote_note":"","_monsterinsights_sitenote_category":0,"footnotes":""},"categories":[58],"tags":[],"class_list":["post-110883","post","type-post","status-publish","format-standard","has-post-thumbnail","hentry","category-cultura"],"yoast_head":"<!-- This site is optimized with the Yoast SEO plugin v27.3 - https:\/\/yoast.com\/product\/yoast-seo-wordpress\/ -->\n<title>La nueva pel\u00edcula de Disney Pixar de animaci\u00f3n\u00a0Intensa-Mente 2\u00a0no te la puedes perder -<\/title>\n<meta name=\"robots\" content=\"index, follow, max-snippet:-1, max-image-preview:large, max-video-preview:-1\" \/>\n<link rel=\"canonical\" href=\"https:\/\/quehacerpolitico.mx\/?p=110883\" \/>\n<meta property=\"og:locale\" content=\"es_MX\" \/>\n<meta property=\"og:type\" content=\"article\" \/>\n<meta property=\"og:title\" content=\"La nueva pel\u00edcula de Disney Pixar de animaci\u00f3n\u00a0Intensa-Mente 2\u00a0no te la puedes perder -\" \/>\n<meta property=\"og:description\" content=\"Por Redacci\u00f3n QP La nueva pel\u00edcula de animaci\u00f3n\u00a0Intensa-Mente 2\u00a0se puede ver en la sala de...\" \/>\n<meta property=\"og:url\" content=\"https:\/\/quehacerpolitico.mx\/?p=110883\" \/>\n<meta property=\"article:published_time\" content=\"2024-06-19T18:52:27+00:00\" \/>\n<meta property=\"article:modified_time\" content=\"2024-06-19T18:52:33+00:00\" \/>\n<meta property=\"og:image\" content=\"https:\/\/quehacerpolitico.mx\/wp-content\/uploads\/2024\/06\/IMG_6349.jpeg\" \/>\n\t<meta property=\"og:image:width\" content=\"739\" \/>\n\t<meta property=\"og:image:height\" content=\"415\" \/>\n\t<meta property=\"og:image:type\" content=\"image\/jpeg\" \/>\n<meta name=\"author\" content=\"Redacci\u00f3n QP\" \/>\n<meta name=\"twitter:card\" content=\"summary_large_image\" \/>\n<meta name=\"twitter:label1\" content=\"Escrito por\" \/>\n\t<meta name=\"twitter:data1\" content=\"Redacci\u00f3n QP\" \/>\n\t<meta name=\"twitter:label2\" content=\"Tiempo de lectura\" \/>\n\t<meta name=\"twitter:data2\" content=\"3 minutos\" \/>\n<script type=\"application\/ld+json\" class=\"yoast-schema-graph\">{\"@context\":\"https:\\\/\\\/schema.org\",\"@graph\":[{\"@type\":\"Article\",\"@id\":\"https:\\\/\\\/quehacerpolitico.mx\\\/?p=110883#article\",\"isPartOf\":{\"@id\":\"https:\\\/\\\/quehacerpolitico.mx\\\/?p=110883\"},\"author\":{\"name\":\"Redacci\u00f3n QP\",\"@id\":\"https:\\\/\\\/quehacerpolitico.mx\\\/#\\\/schema\\\/person\\\/496d8ad2d1d3f8036101dca7ee39e585\"},\"headline\":\"La nueva pel\u00edcula de Disney Pixar de animaci\u00f3n\u00a0Intensa-Mente 2\u00a0no te la puedes perder\",\"datePublished\":\"2024-06-19T18:52:27+00:00\",\"dateModified\":\"2024-06-19T18:52:33+00:00\",\"mainEntityOfPage\":{\"@id\":\"https:\\\/\\\/quehacerpolitico.mx\\\/?p=110883\"},\"wordCount\":676,\"commentCount\":0,\"image\":{\"@id\":\"https:\\\/\\\/quehacerpolitico.mx\\\/?p=110883#primaryimage\"},\"thumbnailUrl\":\"https:\\\/\\\/quehacerpolitico.mx\\\/wp-content\\\/uploads\\\/2024\\\/06\\\/IMG_6349.jpeg\",\"articleSection\":[\"Cultura y Entretenimiento\"],\"inLanguage\":\"es\",\"potentialAction\":[{\"@type\":\"CommentAction\",\"name\":\"Comment\",\"target\":[\"https:\\\/\\\/quehacerpolitico.mx\\\/?p=110883#respond\"]}]},{\"@type\":\"WebPage\",\"@id\":\"https:\\\/\\\/quehacerpolitico.mx\\\/?p=110883\",\"url\":\"https:\\\/\\\/quehacerpolitico.mx\\\/?p=110883\",\"name\":\"La nueva pel\u00edcula de Disney Pixar de animaci\u00f3n\u00a0Intensa-Mente 2\u00a0no te la puedes perder -\",\"isPartOf\":{\"@id\":\"https:\\\/\\\/quehacerpolitico.mx\\\/#website\"},\"primaryImageOfPage\":{\"@id\":\"https:\\\/\\\/quehacerpolitico.mx\\\/?p=110883#primaryimage\"},\"image\":{\"@id\":\"https:\\\/\\\/quehacerpolitico.mx\\\/?p=110883#primaryimage\"},\"thumbnailUrl\":\"https:\\\/\\\/quehacerpolitico.mx\\\/wp-content\\\/uploads\\\/2024\\\/06\\\/IMG_6349.jpeg\",\"datePublished\":\"2024-06-19T18:52:27+00:00\",\"dateModified\":\"2024-06-19T18:52:33+00:00\",\"author\":{\"@id\":\"https:\\\/\\\/quehacerpolitico.mx\\\/#\\\/schema\\\/person\\\/496d8ad2d1d3f8036101dca7ee39e585\"},\"breadcrumb\":{\"@id\":\"https:\\\/\\\/quehacerpolitico.mx\\\/?p=110883#breadcrumb\"},\"inLanguage\":\"es\",\"potentialAction\":[{\"@type\":\"ReadAction\",\"target\":[\"https:\\\/\\\/quehacerpolitico.mx\\\/?p=110883\"]}]},{\"@type\":\"ImageObject\",\"inLanguage\":\"es\",\"@id\":\"https:\\\/\\\/quehacerpolitico.mx\\\/?p=110883#primaryimage\",\"url\":\"https:\\\/\\\/quehacerpolitico.mx\\\/wp-content\\\/uploads\\\/2024\\\/06\\\/IMG_6349.jpeg\",\"contentUrl\":\"https:\\\/\\\/quehacerpolitico.mx\\\/wp-content\\\/uploads\\\/2024\\\/06\\\/IMG_6349.jpeg\",\"width\":739,\"height\":415},{\"@type\":\"BreadcrumbList\",\"@id\":\"https:\\\/\\\/quehacerpolitico.mx\\\/?p=110883#breadcrumb\",\"itemListElement\":[{\"@type\":\"ListItem\",\"position\":1,\"name\":\"Inicio\",\"item\":\"https:\\\/\\\/quehacerpolitico.mx\\\/\"},{\"@type\":\"ListItem\",\"position\":2,\"name\":\"La nueva pel\u00edcula de Disney Pixar de animaci\u00f3n\u00a0Intensa-Mente 2\u00a0no te la puedes perder\"}]},{\"@type\":\"WebSite\",\"@id\":\"https:\\\/\\\/quehacerpolitico.mx\\\/#website\",\"url\":\"https:\\\/\\\/quehacerpolitico.mx\\\/\",\"name\":\"\",\"description\":\"\",\"potentialAction\":[{\"@type\":\"SearchAction\",\"target\":{\"@type\":\"EntryPoint\",\"urlTemplate\":\"https:\\\/\\\/quehacerpolitico.mx\\\/?s={search_term_string}\"},\"query-input\":{\"@type\":\"PropertyValueSpecification\",\"valueRequired\":true,\"valueName\":\"search_term_string\"}}],\"inLanguage\":\"es\"},{\"@type\":\"Person\",\"@id\":\"https:\\\/\\\/quehacerpolitico.mx\\\/#\\\/schema\\\/person\\\/496d8ad2d1d3f8036101dca7ee39e585\",\"name\":\"Redacci\u00f3n QP\",\"image\":{\"@type\":\"ImageObject\",\"inLanguage\":\"es\",\"@id\":\"https:\\\/\\\/secure.gravatar.com\\\/avatar\\\/c7164ed6fdec453195284ad24a5ae5b6e1eed2b848477fa2a4787ba9adf39a41?s=96&d=mm&r=g\",\"url\":\"https:\\\/\\\/secure.gravatar.com\\\/avatar\\\/c7164ed6fdec453195284ad24a5ae5b6e1eed2b848477fa2a4787ba9adf39a41?s=96&d=mm&r=g\",\"contentUrl\":\"https:\\\/\\\/secure.gravatar.com\\\/avatar\\\/c7164ed6fdec453195284ad24a5ae5b6e1eed2b848477fa2a4787ba9adf39a41?s=96&d=mm&r=g\",\"caption\":\"Redacci\u00f3n QP\"},\"url\":\"https:\\\/\\\/quehacerpolitico.mx\\\/?author=2\"}]}<\/script>\n<!-- \/ Yoast SEO plugin. -->","yoast_head_json":{"title":"La nueva pel\u00edcula de Disney Pixar de animaci\u00f3n\u00a0Intensa-Mente 2\u00a0no te la puedes perder -","robots":{"index":"index","follow":"follow","max-snippet":"max-snippet:-1","max-image-preview":"max-image-preview:large","max-video-preview":"max-video-preview:-1"},"canonical":"https:\/\/quehacerpolitico.mx\/?p=110883","og_locale":"es_MX","og_type":"article","og_title":"La nueva pel\u00edcula de Disney Pixar de animaci\u00f3n\u00a0Intensa-Mente 2\u00a0no te la puedes perder -","og_description":"Por Redacci\u00f3n QP La nueva pel\u00edcula de animaci\u00f3n\u00a0Intensa-Mente 2\u00a0se puede ver en la sala de...","og_url":"https:\/\/quehacerpolitico.mx\/?p=110883","article_published_time":"2024-06-19T18:52:27+00:00","article_modified_time":"2024-06-19T18:52:33+00:00","og_image":[{"width":739,"height":415,"url":"https:\/\/quehacerpolitico.mx\/wp-content\/uploads\/2024\/06\/IMG_6349.jpeg","type":"image\/jpeg"}],"author":"Redacci\u00f3n QP","twitter_card":"summary_large_image","twitter_misc":{"Escrito por":"Redacci\u00f3n QP","Tiempo de lectura":"3 minutos"},"schema":{"@context":"https:\/\/schema.org","@graph":[{"@type":"Article","@id":"https:\/\/quehacerpolitico.mx\/?p=110883#article","isPartOf":{"@id":"https:\/\/quehacerpolitico.mx\/?p=110883"},"author":{"name":"Redacci\u00f3n QP","@id":"https:\/\/quehacerpolitico.mx\/#\/schema\/person\/496d8ad2d1d3f8036101dca7ee39e585"},"headline":"La nueva pel\u00edcula de Disney Pixar de animaci\u00f3n\u00a0Intensa-Mente 2\u00a0no te la puedes perder","datePublished":"2024-06-19T18:52:27+00:00","dateModified":"2024-06-19T18:52:33+00:00","mainEntityOfPage":{"@id":"https:\/\/quehacerpolitico.mx\/?p=110883"},"wordCount":676,"commentCount":0,"image":{"@id":"https:\/\/quehacerpolitico.mx\/?p=110883#primaryimage"},"thumbnailUrl":"https:\/\/quehacerpolitico.mx\/wp-content\/uploads\/2024\/06\/IMG_6349.jpeg","articleSection":["Cultura y Entretenimiento"],"inLanguage":"es","potentialAction":[{"@type":"CommentAction","name":"Comment","target":["https:\/\/quehacerpolitico.mx\/?p=110883#respond"]}]},{"@type":"WebPage","@id":"https:\/\/quehacerpolitico.mx\/?p=110883","url":"https:\/\/quehacerpolitico.mx\/?p=110883","name":"La nueva pel\u00edcula de Disney Pixar de animaci\u00f3n\u00a0Intensa-Mente 2\u00a0no te la puedes perder -","isPartOf":{"@id":"https:\/\/quehacerpolitico.mx\/#website"},"primaryImageOfPage":{"@id":"https:\/\/quehacerpolitico.mx\/?p=110883#primaryimage"},"image":{"@id":"https:\/\/quehacerpolitico.mx\/?p=110883#primaryimage"},"thumbnailUrl":"https:\/\/quehacerpolitico.mx\/wp-content\/uploads\/2024\/06\/IMG_6349.jpeg","datePublished":"2024-06-19T18:52:27+00:00","dateModified":"2024-06-19T18:52:33+00:00","author":{"@id":"https:\/\/quehacerpolitico.mx\/#\/schema\/person\/496d8ad2d1d3f8036101dca7ee39e585"},"breadcrumb":{"@id":"https:\/\/quehacerpolitico.mx\/?p=110883#breadcrumb"},"inLanguage":"es","potentialAction":[{"@type":"ReadAction","target":["https:\/\/quehacerpolitico.mx\/?p=110883"]}]},{"@type":"ImageObject","inLanguage":"es","@id":"https:\/\/quehacerpolitico.mx\/?p=110883#primaryimage","url":"https:\/\/quehacerpolitico.mx\/wp-content\/uploads\/2024\/06\/IMG_6349.jpeg","contentUrl":"https:\/\/quehacerpolitico.mx\/wp-content\/uploads\/2024\/06\/IMG_6349.jpeg","width":739,"height":415},{"@type":"BreadcrumbList","@id":"https:\/\/quehacerpolitico.mx\/?p=110883#breadcrumb","itemListElement":[{"@type":"ListItem","position":1,"name":"Inicio","item":"https:\/\/quehacerpolitico.mx\/"},{"@type":"ListItem","position":2,"name":"La nueva pel\u00edcula de Disney Pixar de animaci\u00f3n\u00a0Intensa-Mente 2\u00a0no te la puedes perder"}]},{"@type":"WebSite","@id":"https:\/\/quehacerpolitico.mx\/#website","url":"https:\/\/quehacerpolitico.mx\/","name":"","description":"","potentialAction":[{"@type":"SearchAction","target":{"@type":"EntryPoint","urlTemplate":"https:\/\/quehacerpolitico.mx\/?s={search_term_string}"},"query-input":{"@type":"PropertyValueSpecification","valueRequired":true,"valueName":"search_term_string"}}],"inLanguage":"es"},{"@type":"Person","@id":"https:\/\/quehacerpolitico.mx\/#\/schema\/person\/496d8ad2d1d3f8036101dca7ee39e585","name":"Redacci\u00f3n QP","image":{"@type":"ImageObject","inLanguage":"es","@id":"https:\/\/secure.gravatar.com\/avatar\/c7164ed6fdec453195284ad24a5ae5b6e1eed2b848477fa2a4787ba9adf39a41?s=96&d=mm&r=g","url":"https:\/\/secure.gravatar.com\/avatar\/c7164ed6fdec453195284ad24a5ae5b6e1eed2b848477fa2a4787ba9adf39a41?s=96&d=mm&r=g","contentUrl":"https:\/\/secure.gravatar.com\/avatar\/c7164ed6fdec453195284ad24a5ae5b6e1eed2b848477fa2a4787ba9adf39a41?s=96&d=mm&r=g","caption":"Redacci\u00f3n QP"},"url":"https:\/\/quehacerpolitico.mx\/?author=2"}]}},"featured_image_urls":{"full":["https:\/\/quehacerpolitico.mx\/wp-content\/uploads\/2024\/06\/IMG_6349.jpeg",739,415,false],"thumbnail":["https:\/\/quehacerpolitico.mx\/wp-content\/uploads\/2024\/06\/IMG_6349-150x150.jpeg",150,150,true],"medium":["https:\/\/quehacerpolitico.mx\/wp-content\/uploads\/2024\/06\/IMG_6349-300x168.jpeg",300,168,true],"medium_large":["https:\/\/quehacerpolitico.mx\/wp-content\/uploads\/2024\/06\/IMG_6349.jpeg",640,359,false],"large":["https:\/\/quehacerpolitico.mx\/wp-content\/uploads\/2024\/06\/IMG_6349.jpeg",640,359,false],"1536x1536":["https:\/\/quehacerpolitico.mx\/wp-content\/uploads\/2024\/06\/IMG_6349.jpeg",739,415,false],"2048x2048":["https:\/\/quehacerpolitico.mx\/wp-content\/uploads\/2024\/06\/IMG_6349.jpeg",739,415,false],"covernews-featured":["https:\/\/quehacerpolitico.mx\/wp-content\/uploads\/2024\/06\/IMG_6349.jpeg",739,415,false],"covernews-medium":["https:\/\/quehacerpolitico.mx\/wp-content\/uploads\/2024\/06\/IMG_6349.jpeg",540,303,false]},"author_info":{"display_name":"Redacci\u00f3n QP","author_link":"https:\/\/quehacerpolitico.mx\/?author=2"},"category_info":"<a href=\"https:\/\/quehacerpolitico.mx\/?cat=58\" rel=\"category\">Cultura y Entretenimiento<\/a>","tag_info":"Cultura y Entretenimiento","comment_count":"0","_links":{"self":[{"href":"https:\/\/quehacerpolitico.mx\/index.php?rest_route=\/wp\/v2\/posts\/110883","targetHints":{"allow":["GET"]}}],"collection":[{"href":"https:\/\/quehacerpolitico.mx\/index.php?rest_route=\/wp\/v2\/posts"}],"about":[{"href":"https:\/\/quehacerpolitico.mx\/index.php?rest_route=\/wp\/v2\/types\/post"}],"author":[{"embeddable":true,"href":"https:\/\/quehacerpolitico.mx\/index.php?rest_route=\/wp\/v2\/users\/2"}],"replies":[{"embeddable":true,"href":"https:\/\/quehacerpolitico.mx\/index.php?rest_route=%2Fwp%2Fv2%2Fcomments&post=110883"}],"version-history":[{"count":1,"href":"https:\/\/quehacerpolitico.mx\/index.php?rest_route=\/wp\/v2\/posts\/110883\/revisions"}],"predecessor-version":[{"id":110885,"href":"https:\/\/quehacerpolitico.mx\/index.php?rest_route=\/wp\/v2\/posts\/110883\/revisions\/110885"}],"wp:featuredmedia":[{"embeddable":true,"href":"https:\/\/quehacerpolitico.mx\/index.php?rest_route=\/wp\/v2\/media\/110884"}],"wp:attachment":[{"href":"https:\/\/quehacerpolitico.mx\/index.php?rest_route=%2Fwp%2Fv2%2Fmedia&parent=110883"}],"wp:term":[{"taxonomy":"category","embeddable":true,"href":"https:\/\/quehacerpolitico.mx\/index.php?rest_route=%2Fwp%2Fv2%2Fcategories&post=110883"},{"taxonomy":"post_tag","embeddable":true,"href":"https:\/\/quehacerpolitico.mx\/index.php?rest_route=%2Fwp%2Fv2%2Ftags&post=110883"}],"curies":[{"name":"wp","href":"https:\/\/api.w.org\/{rel}","templated":true}]}}