{"id":110879,"date":"2024-06-19T18:29:07","date_gmt":"2024-06-19T18:29:07","guid":{"rendered":"https:\/\/quehacerpolitico.mx\/?p=110879"},"modified":"2024-06-19T18:29:10","modified_gmt":"2024-06-19T18:29:10","slug":"el-quehacer-politico-internacional-a-traves-carolina-alonso-romei-en-america-latina-y-el-caribe-hay-23-millones-de-personas-refugiadas-desplazadas-internas-o-apatridas","status":"publish","type":"post","link":"https:\/\/quehacerpolitico.mx\/?p=110879","title":{"rendered":"El Quehacer Pol\u00edtico Internacional a trav\u00e9s\/\/\/Carolina Alonso Romei\/\/\/En\u00a0Am\u00e9rica Latina y el Caribe\u00a0hay\u00a023 millones de personas refugiadas,\u00a0desplazadas internas o ap\u00e1tridas"},"content":{"rendered":"\n<p>Por Carolina Alonso Romei<\/p>\n\n\n\n<p>Internacionalista <\/p>\n\n\n\n<p>ACNUR detall\u00f3 en un informe que estos millones de desplazados ponen a Am\u00e9rica Latina en una emergencia sin precedentes<\/p>\n\n\n\n<p>En&nbsp;<strong>Am\u00e9rica Latina y el Caribe<\/strong>&nbsp;hay&nbsp;<strong>23 millones de personas refugiadas<\/strong>,<strong>&nbsp;desplazadas internas o ap\u00e1tridas<\/strong>&nbsp;como consecuencia de&nbsp;<strong>seis grandes crisis humanitarias<\/strong>&nbsp;que ponen a la regi\u00f3n en una emergencia sin precedentes, seg\u00fan cifras divulgadas por&nbsp;<strong>ACNUR<\/strong>&nbsp;en v\u00edsperas del&nbsp;<strong>D\u00eda Mundial del Refugiado<\/strong>.<\/p>\n\n\n\n<p>Los datos hacen parte del informe anual publicado el pasado 13 de junio por la\u00a0Agencia de Naciones Unidad para los Refugiados (<strong>ACNUR<\/strong>), que este mi\u00e9rcoles y jueves celebrar\u00e1 en Bogot\u00e1, con el apoyo del Gobierno de Chile, la Tercera consulta del proceso de \u2018<strong>Cartagena +40<\/strong>\u2018, en la que pa\u00edses de Am\u00e9rica Latina y el Caribe buscar\u00e1n soluciones para el desplazamiento provocado tambi\u00e9n por desastres y por efectos de la crisis clim\u00e1tica.<\/p>\n\n\n\n<figure class=\"wp-block-image size-full\"><img loading=\"lazy\" decoding=\"async\" width=\"750\" height=\"409\" src=\"https:\/\/quehacerpolitico.mx\/wp-content\/uploads\/2024\/06\/image-13.jpeg\" alt=\"\" class=\"wp-image-110881\" srcset=\"https:\/\/quehacerpolitico.mx\/wp-content\/uploads\/2024\/06\/image-13.jpeg 750w, https:\/\/quehacerpolitico.mx\/wp-content\/uploads\/2024\/06\/image-13-300x164.jpeg 300w, https:\/\/quehacerpolitico.mx\/wp-content\/uploads\/2024\/06\/image-13-260x142.jpeg 260w, https:\/\/quehacerpolitico.mx\/wp-content\/uploads\/2024\/06\/image-13-50x27.jpeg 50w, https:\/\/quehacerpolitico.mx\/wp-content\/uploads\/2024\/06\/image-13-138x75.jpeg 138w\" sizes=\"auto, (max-width: 750px) 100vw, 750px\" \/><\/figure>\n\n\n\n<p>Las seis crisis que han hecho crecer el n\u00famero de desplazados en la regi\u00f3n est\u00e1n focalizadas en el norte de Centroam\u00e9rica, tri\u00e1ngulo formado por Guatemala, Honduras y El Salvador; en Nicaragua, Hait\u00ed, Colombia, Venezuela y Ecuador, explica el jefe de Relaciones Externas de la Oficina de ACNUR para las Am\u00e9ricas,\u00a0<strong>Juan Carlos Murillo<\/strong>.<\/p>\n\n\n\n<p>El desplazamiento forzado en nuestra regi\u00f3n se ha tornado en una situaci\u00f3n sin precedentes en t\u00e9rminos no solamente de cifras sino tambi\u00e9n de complejidad. En la actualidad tenemos seis grandes crisis humanitarias que atraviesan el continente y est\u00e1n generando grandes desplazamientos\u201d, indic\u00f3 el funcionario a EFE.<\/p>\n\n\n\n<h3 class=\"wp-block-heading\">Desplazados en Centroam\u00e9rica<\/h3>\n\n\n\n<p>Seg\u00fan Murillo, en el caso de\u00a0<strong>Guatemala, Honduras y El Salvador<\/strong>, por la violencia del crimen organizado y otros factores, como el cambio clim\u00e1tico, \u201cm\u00e1s de un mill\u00f3n de personas se han visto forzadas a abandonar sus pa\u00edses de origen y se han convertido en solicitantes de asilo, refugiados, desplazados internos o retornados con necesidades de protecci\u00f3n\u201d.<\/p>\n\n\n\n<p>En la misma regi\u00f3n est\u00e1 tambi\u00e9n Nicaragua, \u201ccon m\u00e1s de 200 mil personas que se han visto forzadas a huir de su pa\u00eds principalmente por temas pol\u00edticos y la situaci\u00f3n de derechos humanos\u201d.<\/p>\n\n\n\n<p>La persecuci\u00f3n del Gobierno de&nbsp;<strong>Daniel Ortega<\/strong>&nbsp;a sus opositores pol\u00edticos lo ha llevado adem\u00e1s a retirar la nacionalidad a decenas de nicarag\u00fcenses, convirti\u00e9ndolos en ap\u00e1tridas, se\u00f1ala<\/p>\n\n\n\n<p>\u201cEn tercer lugar est\u00e1 la situaci\u00f3n de Hait\u00ed, con m\u00e1s de 580 mil personas desplazadas internas y 800.000 personas necesitadas de protecci\u00f3n internacional en distintas partes del continente\u201d, agreg\u00f3 Murillo sobre la crisis de violencia pol\u00edtica que vive la naci\u00f3n antillana. Adem\u00e1s hay 5.5 millones necesitados de asistencia humanitaria.<\/p>\n\n\n\n<h3 class=\"wp-block-heading\">Crisis en Sudam\u00e9rica<\/h3>\n\n\n\n<p>Otra crisis est\u00e1 en Colombia, donde el persistente conflicto armado provoca \u201cun desplazamiento interno que afecta m\u00e1s de 6,9 millones de personas\u201d a los que se suman \u201cmovimientos trasfronterizos de personas colombianas necesitadas de protecci\u00f3n internacional\u201d.<\/p>\n\n\n\n<p>Entre las crisis identificadas y atendidas por ACNUR est\u00e1 tambi\u00e9n \u201cla situaci\u00f3n de Venezuela, con m\u00e1s de 7,7 millones de personas que han abandonado su pa\u00eds como refugiadas y migrantes, de las cuales 6,6 millones se encuentran en pa\u00edses de Am\u00e9rica Latina y el Caribe\u201d.<\/p>\n\n\n\n<figure class=\"wp-block-embed is-type-video is-provider-youtube wp-block-embed-youtube wp-embed-aspect-16-9 wp-has-aspect-ratio\"><div class=\"wp-block-embed__wrapper\">\n<iframe loading=\"lazy\" title=\"Am\u00e9rica Latina enfrenta seis crisis humanitarias que dejan 23 millones de desplazados\" width=\"640\" height=\"360\" src=\"https:\/\/www.youtube.com\/embed\/3NXFVqvvPFs?feature=oembed\" frameborder=\"0\" allow=\"accelerometer; autoplay; clipboard-write; encrypted-media; gyroscope; picture-in-picture; web-share\" referrerpolicy=\"strict-origin-when-cross-origin\" allowfullscreen><\/iframe>\n<\/div><\/figure>\n\n\n\n<p>Finalmente est\u00e1 Ecuador donde ante la inseguridad y la violencia del crimen organizado \u201cmuchas personas han tenido que desplazarse al interior de su pa\u00eds o han cruzado una frontera internacional en busca de protecci\u00f3n y seguridad\u201d.<\/p>\n\n\n\n<p>Seg\u00fan cifras de ACNUR, de las 520 mil 85 personas que cruzaron el a\u00f1o pasado el tap\u00f3n del Dari\u00e9n en direcci\u00f3n al norte del continente, los ecuatorianos fueron la segunda nacionalidad, con 57.250 migrantes, superados solo por los venezolanos, que fueron 328 mil 650.<\/p>\n\n\n\n<p>Se calcula que, si se suma a quienes salieron el a\u00f1o pasado de Ecuador por v\u00eda a\u00e9rea con destino a Estados Unidos, unos 75 mil ecuatorianos est\u00e1n en condici\u00f3n de refugiados o desplazados.<\/p>\n\n\n\n<h3 class=\"wp-block-heading\">Cartagena +40<\/h3>\n\n\n\n<p>En la reuni\u00f3n \u2018Cartagena +40\u2019, convocada por ACNUR y el Gobierno chileno para esta semana en Bogot\u00e1 los pa\u00edses latinoamericanos, organizaciones de la sociedad civil, acad\u00e9micos, sector privado y organismos financieros discutir\u00e1n a puerta cerrada los desaf\u00edos de la regi\u00f3n 40 a\u00f1os despu\u00e9s de la aprobaci\u00f3n de la Declaraci\u00f3n de Cartagena sobre los Refugiados.<\/p>\n\n\n\n<p>En esta ocasi\u00f3n el foco estar\u00e1 puesto en los refugiados y desplazados por el cambio clim\u00e1tico y desastres naturales.<\/p>\n\n\n\n<p>\u201cEstimamos que el n\u00famero de desplazados internos va a aumentar por el calentamiento global, entonces el mensaje es que hay que combatir el cambio clim\u00e1tico\u201d, se\u00f1al\u00f3 el jefe de la Secretar\u00eda de la Plataforma de Desplazamiento por Desastres,\u00a0<strong>Atle Solberg<\/strong>.<\/p>\n\n\n\n<p>Con informaci\u00f3n de EFE<\/p>\n","protected":false},"excerpt":{"rendered":"<p>Por Carolina Alonso Romei Internacionalista ACNUR detall\u00f3 en un informe que estos millones de desplazados&#8230;<\/p>\n","protected":false},"author":2,"featured_media":110880,"comment_status":"open","ping_status":"open","sticky":false,"template":"","format":"standard","meta":{"_monsterinsights_skip_tracking":false,"_monsterinsights_sitenote_active":false,"_monsterinsights_sitenote_note":"","_monsterinsights_sitenote_category":0,"footnotes":""},"categories":[1],"tags":[],"class_list":["post-110879","post","type-post","status-publish","format-standard","has-post-thumbnail","hentry","category-sin-categoria"],"yoast_head":"<!-- This site is optimized with the Yoast SEO plugin v27.3 - https:\/\/yoast.com\/product\/yoast-seo-wordpress\/ -->\n<title>El Quehacer Pol\u00edtico Internacional a trav\u00e9s\/\/\/Carolina Alonso Romei\/\/\/En\u00a0Am\u00e9rica Latina y el Caribe\u00a0hay\u00a023 millones de personas refugiadas,\u00a0desplazadas internas o ap\u00e1tridas -<\/title>\n<meta name=\"robots\" content=\"index, follow, max-snippet:-1, max-image-preview:large, max-video-preview:-1\" \/>\n<link rel=\"canonical\" href=\"https:\/\/quehacerpolitico.mx\/?p=110879\" \/>\n<meta property=\"og:locale\" content=\"es_MX\" \/>\n<meta property=\"og:type\" content=\"article\" \/>\n<meta property=\"og:title\" content=\"El Quehacer Pol\u00edtico Internacional a trav\u00e9s\/\/\/Carolina Alonso Romei\/\/\/En\u00a0Am\u00e9rica Latina y el Caribe\u00a0hay\u00a023 millones de personas refugiadas,\u00a0desplazadas internas o ap\u00e1tridas -\" \/>\n<meta property=\"og:description\" content=\"Por Carolina Alonso Romei Internacionalista ACNUR detall\u00f3 en un informe que estos millones de desplazados...\" \/>\n<meta property=\"og:url\" content=\"https:\/\/quehacerpolitico.mx\/?p=110879\" \/>\n<meta property=\"article:published_time\" content=\"2024-06-19T18:29:07+00:00\" \/>\n<meta property=\"article:modified_time\" content=\"2024-06-19T18:29:10+00:00\" \/>\n<meta property=\"og:image\" content=\"https:\/\/quehacerpolitico.mx\/wp-content\/uploads\/2024\/06\/03fa6135-c3fe-44b7-8e96-c6ca323ffebb-8.jpeg\" \/>\n\t<meta property=\"og:image:width\" content=\"963\" \/>\n\t<meta property=\"og:image:height\" content=\"493\" \/>\n\t<meta property=\"og:image:type\" content=\"image\/jpeg\" \/>\n<meta name=\"author\" content=\"Redacci\u00f3n QP\" \/>\n<meta name=\"twitter:card\" content=\"summary_large_image\" \/>\n<meta name=\"twitter:label1\" content=\"Escrito por\" \/>\n\t<meta name=\"twitter:data1\" content=\"Redacci\u00f3n QP\" \/>\n\t<meta name=\"twitter:label2\" content=\"Tiempo de lectura\" \/>\n\t<meta name=\"twitter:data2\" content=\"4 minutos\" \/>\n<script type=\"application\/ld+json\" class=\"yoast-schema-graph\">{\"@context\":\"https:\\\/\\\/schema.org\",\"@graph\":[{\"@type\":\"Article\",\"@id\":\"https:\\\/\\\/quehacerpolitico.mx\\\/?p=110879#article\",\"isPartOf\":{\"@id\":\"https:\\\/\\\/quehacerpolitico.mx\\\/?p=110879\"},\"author\":{\"name\":\"Redacci\u00f3n QP\",\"@id\":\"https:\\\/\\\/quehacerpolitico.mx\\\/#\\\/schema\\\/person\\\/496d8ad2d1d3f8036101dca7ee39e585\"},\"headline\":\"El Quehacer Pol\u00edtico Internacional a trav\u00e9s\\\/\\\/\\\/Carolina Alonso Romei\\\/\\\/\\\/En\u00a0Am\u00e9rica Latina y el Caribe\u00a0hay\u00a023 millones de personas refugiadas,\u00a0desplazadas internas o ap\u00e1tridas\",\"datePublished\":\"2024-06-19T18:29:07+00:00\",\"dateModified\":\"2024-06-19T18:29:10+00:00\",\"mainEntityOfPage\":{\"@id\":\"https:\\\/\\\/quehacerpolitico.mx\\\/?p=110879\"},\"wordCount\":842,\"commentCount\":0,\"image\":{\"@id\":\"https:\\\/\\\/quehacerpolitico.mx\\\/?p=110879#primaryimage\"},\"thumbnailUrl\":\"https:\\\/\\\/quehacerpolitico.mx\\\/wp-content\\\/uploads\\\/2024\\\/06\\\/03fa6135-c3fe-44b7-8e96-c6ca323ffebb-8.jpeg\",\"articleSection\":[\"Internacionales\"],\"inLanguage\":\"es\",\"potentialAction\":[{\"@type\":\"CommentAction\",\"name\":\"Comment\",\"target\":[\"https:\\\/\\\/quehacerpolitico.mx\\\/?p=110879#respond\"]}]},{\"@type\":\"WebPage\",\"@id\":\"https:\\\/\\\/quehacerpolitico.mx\\\/?p=110879\",\"url\":\"https:\\\/\\\/quehacerpolitico.mx\\\/?p=110879\",\"name\":\"El Quehacer Pol\u00edtico Internacional a trav\u00e9s\\\/\\\/\\\/Carolina Alonso Romei\\\/\\\/\\\/En\u00a0Am\u00e9rica Latina y el Caribe\u00a0hay\u00a023 millones de personas refugiadas,\u00a0desplazadas internas o ap\u00e1tridas -\",\"isPartOf\":{\"@id\":\"https:\\\/\\\/quehacerpolitico.mx\\\/#website\"},\"primaryImageOfPage\":{\"@id\":\"https:\\\/\\\/quehacerpolitico.mx\\\/?p=110879#primaryimage\"},\"image\":{\"@id\":\"https:\\\/\\\/quehacerpolitico.mx\\\/?p=110879#primaryimage\"},\"thumbnailUrl\":\"https:\\\/\\\/quehacerpolitico.mx\\\/wp-content\\\/uploads\\\/2024\\\/06\\\/03fa6135-c3fe-44b7-8e96-c6ca323ffebb-8.jpeg\",\"datePublished\":\"2024-06-19T18:29:07+00:00\",\"dateModified\":\"2024-06-19T18:29:10+00:00\",\"author\":{\"@id\":\"https:\\\/\\\/quehacerpolitico.mx\\\/#\\\/schema\\\/person\\\/496d8ad2d1d3f8036101dca7ee39e585\"},\"breadcrumb\":{\"@id\":\"https:\\\/\\\/quehacerpolitico.mx\\\/?p=110879#breadcrumb\"},\"inLanguage\":\"es\",\"potentialAction\":[{\"@type\":\"ReadAction\",\"target\":[\"https:\\\/\\\/quehacerpolitico.mx\\\/?p=110879\"]}]},{\"@type\":\"ImageObject\",\"inLanguage\":\"es\",\"@id\":\"https:\\\/\\\/quehacerpolitico.mx\\\/?p=110879#primaryimage\",\"url\":\"https:\\\/\\\/quehacerpolitico.mx\\\/wp-content\\\/uploads\\\/2024\\\/06\\\/03fa6135-c3fe-44b7-8e96-c6ca323ffebb-8.jpeg\",\"contentUrl\":\"https:\\\/\\\/quehacerpolitico.mx\\\/wp-content\\\/uploads\\\/2024\\\/06\\\/03fa6135-c3fe-44b7-8e96-c6ca323ffebb-8.jpeg\",\"width\":963,\"height\":493},{\"@type\":\"BreadcrumbList\",\"@id\":\"https:\\\/\\\/quehacerpolitico.mx\\\/?p=110879#breadcrumb\",\"itemListElement\":[{\"@type\":\"ListItem\",\"position\":1,\"name\":\"Inicio\",\"item\":\"https:\\\/\\\/quehacerpolitico.mx\\\/\"},{\"@type\":\"ListItem\",\"position\":2,\"name\":\"El Quehacer Pol\u00edtico Internacional a trav\u00e9s\\\/\\\/\\\/Carolina Alonso Romei\\\/\\\/\\\/En\u00a0Am\u00e9rica Latina y el Caribe\u00a0hay\u00a023 millones de personas refugiadas,\u00a0desplazadas internas o ap\u00e1tridas\"}]},{\"@type\":\"WebSite\",\"@id\":\"https:\\\/\\\/quehacerpolitico.mx\\\/#website\",\"url\":\"https:\\\/\\\/quehacerpolitico.mx\\\/\",\"name\":\"\",\"description\":\"\",\"potentialAction\":[{\"@type\":\"SearchAction\",\"target\":{\"@type\":\"EntryPoint\",\"urlTemplate\":\"https:\\\/\\\/quehacerpolitico.mx\\\/?s={search_term_string}\"},\"query-input\":{\"@type\":\"PropertyValueSpecification\",\"valueRequired\":true,\"valueName\":\"search_term_string\"}}],\"inLanguage\":\"es\"},{\"@type\":\"Person\",\"@id\":\"https:\\\/\\\/quehacerpolitico.mx\\\/#\\\/schema\\\/person\\\/496d8ad2d1d3f8036101dca7ee39e585\",\"name\":\"Redacci\u00f3n QP\",\"image\":{\"@type\":\"ImageObject\",\"inLanguage\":\"es\",\"@id\":\"https:\\\/\\\/secure.gravatar.com\\\/avatar\\\/c7164ed6fdec453195284ad24a5ae5b6e1eed2b848477fa2a4787ba9adf39a41?s=96&d=mm&r=g\",\"url\":\"https:\\\/\\\/secure.gravatar.com\\\/avatar\\\/c7164ed6fdec453195284ad24a5ae5b6e1eed2b848477fa2a4787ba9adf39a41?s=96&d=mm&r=g\",\"contentUrl\":\"https:\\\/\\\/secure.gravatar.com\\\/avatar\\\/c7164ed6fdec453195284ad24a5ae5b6e1eed2b848477fa2a4787ba9adf39a41?s=96&d=mm&r=g\",\"caption\":\"Redacci\u00f3n QP\"},\"url\":\"https:\\\/\\\/quehacerpolitico.mx\\\/?author=2\"}]}<\/script>\n<!-- \/ Yoast SEO plugin. -->","yoast_head_json":{"title":"El Quehacer Pol\u00edtico Internacional a trav\u00e9s\/\/\/Carolina Alonso Romei\/\/\/En\u00a0Am\u00e9rica Latina y el Caribe\u00a0hay\u00a023 millones de personas refugiadas,\u00a0desplazadas internas o ap\u00e1tridas -","robots":{"index":"index","follow":"follow","max-snippet":"max-snippet:-1","max-image-preview":"max-image-preview:large","max-video-preview":"max-video-preview:-1"},"canonical":"https:\/\/quehacerpolitico.mx\/?p=110879","og_locale":"es_MX","og_type":"article","og_title":"El Quehacer Pol\u00edtico Internacional a trav\u00e9s\/\/\/Carolina Alonso Romei\/\/\/En\u00a0Am\u00e9rica Latina y el Caribe\u00a0hay\u00a023 millones de personas refugiadas,\u00a0desplazadas internas o ap\u00e1tridas -","og_description":"Por Carolina Alonso Romei Internacionalista ACNUR detall\u00f3 en un informe que estos millones de desplazados...","og_url":"https:\/\/quehacerpolitico.mx\/?p=110879","article_published_time":"2024-06-19T18:29:07+00:00","article_modified_time":"2024-06-19T18:29:10+00:00","og_image":[{"width":963,"height":493,"url":"https:\/\/quehacerpolitico.mx\/wp-content\/uploads\/2024\/06\/03fa6135-c3fe-44b7-8e96-c6ca323ffebb-8.jpeg","type":"image\/jpeg"}],"author":"Redacci\u00f3n QP","twitter_card":"summary_large_image","twitter_misc":{"Escrito por":"Redacci\u00f3n QP","Tiempo de lectura":"4 minutos"},"schema":{"@context":"https:\/\/schema.org","@graph":[{"@type":"Article","@id":"https:\/\/quehacerpolitico.mx\/?p=110879#article","isPartOf":{"@id":"https:\/\/quehacerpolitico.mx\/?p=110879"},"author":{"name":"Redacci\u00f3n QP","@id":"https:\/\/quehacerpolitico.mx\/#\/schema\/person\/496d8ad2d1d3f8036101dca7ee39e585"},"headline":"El Quehacer Pol\u00edtico Internacional a trav\u00e9s\/\/\/Carolina Alonso Romei\/\/\/En\u00a0Am\u00e9rica Latina y el Caribe\u00a0hay\u00a023 millones de personas refugiadas,\u00a0desplazadas internas o ap\u00e1tridas","datePublished":"2024-06-19T18:29:07+00:00","dateModified":"2024-06-19T18:29:10+00:00","mainEntityOfPage":{"@id":"https:\/\/quehacerpolitico.mx\/?p=110879"},"wordCount":842,"commentCount":0,"image":{"@id":"https:\/\/quehacerpolitico.mx\/?p=110879#primaryimage"},"thumbnailUrl":"https:\/\/quehacerpolitico.mx\/wp-content\/uploads\/2024\/06\/03fa6135-c3fe-44b7-8e96-c6ca323ffebb-8.jpeg","articleSection":["Internacionales"],"inLanguage":"es","potentialAction":[{"@type":"CommentAction","name":"Comment","target":["https:\/\/quehacerpolitico.mx\/?p=110879#respond"]}]},{"@type":"WebPage","@id":"https:\/\/quehacerpolitico.mx\/?p=110879","url":"https:\/\/quehacerpolitico.mx\/?p=110879","name":"El Quehacer Pol\u00edtico Internacional a trav\u00e9s\/\/\/Carolina Alonso Romei\/\/\/En\u00a0Am\u00e9rica Latina y el Caribe\u00a0hay\u00a023 millones de personas refugiadas,\u00a0desplazadas internas o ap\u00e1tridas -","isPartOf":{"@id":"https:\/\/quehacerpolitico.mx\/#website"},"primaryImageOfPage":{"@id":"https:\/\/quehacerpolitico.mx\/?p=110879#primaryimage"},"image":{"@id":"https:\/\/quehacerpolitico.mx\/?p=110879#primaryimage"},"thumbnailUrl":"https:\/\/quehacerpolitico.mx\/wp-content\/uploads\/2024\/06\/03fa6135-c3fe-44b7-8e96-c6ca323ffebb-8.jpeg","datePublished":"2024-06-19T18:29:07+00:00","dateModified":"2024-06-19T18:29:10+00:00","author":{"@id":"https:\/\/quehacerpolitico.mx\/#\/schema\/person\/496d8ad2d1d3f8036101dca7ee39e585"},"breadcrumb":{"@id":"https:\/\/quehacerpolitico.mx\/?p=110879#breadcrumb"},"inLanguage":"es","potentialAction":[{"@type":"ReadAction","target":["https:\/\/quehacerpolitico.mx\/?p=110879"]}]},{"@type":"ImageObject","inLanguage":"es","@id":"https:\/\/quehacerpolitico.mx\/?p=110879#primaryimage","url":"https:\/\/quehacerpolitico.mx\/wp-content\/uploads\/2024\/06\/03fa6135-c3fe-44b7-8e96-c6ca323ffebb-8.jpeg","contentUrl":"https:\/\/quehacerpolitico.mx\/wp-content\/uploads\/2024\/06\/03fa6135-c3fe-44b7-8e96-c6ca323ffebb-8.jpeg","width":963,"height":493},{"@type":"BreadcrumbList","@id":"https:\/\/quehacerpolitico.mx\/?p=110879#breadcrumb","itemListElement":[{"@type":"ListItem","position":1,"name":"Inicio","item":"https:\/\/quehacerpolitico.mx\/"},{"@type":"ListItem","position":2,"name":"El Quehacer Pol\u00edtico Internacional a trav\u00e9s\/\/\/Carolina Alonso Romei\/\/\/En\u00a0Am\u00e9rica Latina y el Caribe\u00a0hay\u00a023 millones de personas refugiadas,\u00a0desplazadas internas o ap\u00e1tridas"}]},{"@type":"WebSite","@id":"https:\/\/quehacerpolitico.mx\/#website","url":"https:\/\/quehacerpolitico.mx\/","name":"","description":"","potentialAction":[{"@type":"SearchAction","target":{"@type":"EntryPoint","urlTemplate":"https:\/\/quehacerpolitico.mx\/?s={search_term_string}"},"query-input":{"@type":"PropertyValueSpecification","valueRequired":true,"valueName":"search_term_string"}}],"inLanguage":"es"},{"@type":"Person","@id":"https:\/\/quehacerpolitico.mx\/#\/schema\/person\/496d8ad2d1d3f8036101dca7ee39e585","name":"Redacci\u00f3n QP","image":{"@type":"ImageObject","inLanguage":"es","@id":"https:\/\/secure.gravatar.com\/avatar\/c7164ed6fdec453195284ad24a5ae5b6e1eed2b848477fa2a4787ba9adf39a41?s=96&d=mm&r=g","url":"https:\/\/secure.gravatar.com\/avatar\/c7164ed6fdec453195284ad24a5ae5b6e1eed2b848477fa2a4787ba9adf39a41?s=96&d=mm&r=g","contentUrl":"https:\/\/secure.gravatar.com\/avatar\/c7164ed6fdec453195284ad24a5ae5b6e1eed2b848477fa2a4787ba9adf39a41?s=96&d=mm&r=g","caption":"Redacci\u00f3n QP"},"url":"https:\/\/quehacerpolitico.mx\/?author=2"}]}},"featured_image_urls":{"full":["https:\/\/quehacerpolitico.mx\/wp-content\/uploads\/2024\/06\/03fa6135-c3fe-44b7-8e96-c6ca323ffebb-8.jpeg",963,493,false],"thumbnail":["https:\/\/quehacerpolitico.mx\/wp-content\/uploads\/2024\/06\/03fa6135-c3fe-44b7-8e96-c6ca323ffebb-8-150x150.jpeg",150,150,true],"medium":["https:\/\/quehacerpolitico.mx\/wp-content\/uploads\/2024\/06\/03fa6135-c3fe-44b7-8e96-c6ca323ffebb-8-300x154.jpeg",300,154,true],"medium_large":["https:\/\/quehacerpolitico.mx\/wp-content\/uploads\/2024\/06\/03fa6135-c3fe-44b7-8e96-c6ca323ffebb-8-768x393.jpeg",640,328,true],"large":["https:\/\/quehacerpolitico.mx\/wp-content\/uploads\/2024\/06\/03fa6135-c3fe-44b7-8e96-c6ca323ffebb-8.jpeg",640,328,false],"1536x1536":["https:\/\/quehacerpolitico.mx\/wp-content\/uploads\/2024\/06\/03fa6135-c3fe-44b7-8e96-c6ca323ffebb-8.jpeg",963,493,false],"2048x2048":["https:\/\/quehacerpolitico.mx\/wp-content\/uploads\/2024\/06\/03fa6135-c3fe-44b7-8e96-c6ca323ffebb-8.jpeg",963,493,false],"covernews-featured":["https:\/\/quehacerpolitico.mx\/wp-content\/uploads\/2024\/06\/03fa6135-c3fe-44b7-8e96-c6ca323ffebb-8.jpeg",963,493,false],"covernews-medium":["https:\/\/quehacerpolitico.mx\/wp-content\/uploads\/2024\/06\/03fa6135-c3fe-44b7-8e96-c6ca323ffebb-8.jpeg",540,276,false]},"author_info":{"display_name":"Redacci\u00f3n QP","author_link":"https:\/\/quehacerpolitico.mx\/?author=2"},"category_info":"<a href=\"https:\/\/quehacerpolitico.mx\/?cat=1\" rel=\"category\">Internacionales<\/a>","tag_info":"Internacionales","comment_count":"0","_links":{"self":[{"href":"https:\/\/quehacerpolitico.mx\/index.php?rest_route=\/wp\/v2\/posts\/110879","targetHints":{"allow":["GET"]}}],"collection":[{"href":"https:\/\/quehacerpolitico.mx\/index.php?rest_route=\/wp\/v2\/posts"}],"about":[{"href":"https:\/\/quehacerpolitico.mx\/index.php?rest_route=\/wp\/v2\/types\/post"}],"author":[{"embeddable":true,"href":"https:\/\/quehacerpolitico.mx\/index.php?rest_route=\/wp\/v2\/users\/2"}],"replies":[{"embeddable":true,"href":"https:\/\/quehacerpolitico.mx\/index.php?rest_route=%2Fwp%2Fv2%2Fcomments&post=110879"}],"version-history":[{"count":1,"href":"https:\/\/quehacerpolitico.mx\/index.php?rest_route=\/wp\/v2\/posts\/110879\/revisions"}],"predecessor-version":[{"id":110882,"href":"https:\/\/quehacerpolitico.mx\/index.php?rest_route=\/wp\/v2\/posts\/110879\/revisions\/110882"}],"wp:featuredmedia":[{"embeddable":true,"href":"https:\/\/quehacerpolitico.mx\/index.php?rest_route=\/wp\/v2\/media\/110880"}],"wp:attachment":[{"href":"https:\/\/quehacerpolitico.mx\/index.php?rest_route=%2Fwp%2Fv2%2Fmedia&parent=110879"}],"wp:term":[{"taxonomy":"category","embeddable":true,"href":"https:\/\/quehacerpolitico.mx\/index.php?rest_route=%2Fwp%2Fv2%2Fcategories&post=110879"},{"taxonomy":"post_tag","embeddable":true,"href":"https:\/\/quehacerpolitico.mx\/index.php?rest_route=%2Fwp%2Fv2%2Ftags&post=110879"}],"curies":[{"name":"wp","href":"https:\/\/api.w.org\/{rel}","templated":true}]}}