{"id":110861,"date":"2024-06-19T16:20:36","date_gmt":"2024-06-19T16:20:36","guid":{"rendered":"https:\/\/quehacerpolitico.mx\/?p=110861"},"modified":"2024-06-19T16:20:37","modified_gmt":"2024-06-19T16:20:37","slug":"el-quehacer-politico-internacional-a-traves-carolina-alonso-romei-onu-para-los-derechos-humanos-afirmo-que-los-bombardeos-de-israel-en-gaza-podrian-constituir","status":"publish","type":"post","link":"https:\/\/quehacerpolitico.mx\/?p=110861","title":{"rendered":"El Quehacer Pol\u00edtico Internacional a trav\u00e9s\/\/\/Carolina Alonso Romei\/\/\/ONU\u00a0para los Derechos Humanos afirm\u00f3 que los\u00a0bombardeos\u00a0de\u00a0Israel\u00a0en\u00a0Gaza\u00a0podr\u00edan constituir\u00a0cr\u00edmenes contra la humanidad\u00a0"},"content":{"rendered":"\n<p>Por Carolina Alonso Romei<\/p>\n\n\n\n<p>Internacionalista <\/p>\n\n\n\n<p>Un an\u00e1lisis de la ONU sostiene que Israel viol\u00f3 la norma de reducir al m\u00ednimo el da\u00f1o a civiles en bombardeos a Gaza<\/p>\n\n\n\n<p>La Oficina de la\u00a0<strong>ONU<\/strong>\u00a0para los Derechos Humanos afirm\u00f3 que los\u00a0<strong>bombardeos<\/strong>\u00a0de\u00a0<strong>Israel<\/strong>\u00a0en\u00a0Gaza\u00a0podr\u00edan constituir\u00a0<strong>cr\u00edmenes contra la humanidad<\/strong>\u00a0al implicar \u201cataques sistem\u00e1ticos contra la poblaci\u00f3n civil\u201d, seg\u00fan un informe publicado que analiza seis de estos ataques en el conflicto.<\/p>\n\n\n\n<p>El\u00a0estudiose centra en los detalles de media docena de\u00a0<strong>bombardeos<\/strong>\u00a0perpetrados entre el 9 de octubre y el 2 de diciembre de 2023 contra\u00a0<strong>edificios<\/strong>\u00a0<strong>residenciales<\/strong>,\u00a0<strong>campos de refugiados<\/strong>, una\u00a0<strong>escuela<\/strong>\u00a0y un\u00a0<strong>mercado<\/strong>, en los que se verificaron al menos\u00a0<strong>218 muertes<\/strong>.<\/p>\n\n\n\n<figure class=\"wp-block-embed is-type-rich is-provider-twitter wp-block-embed-twitter\"><div class=\"wp-block-embed__wrapper\">\n<blockquote class=\"twitter-tweet\" data-width=\"550\" data-dnt=\"true\"><p lang=\"en\" dir=\"ltr\">The use of explosive weapons with wide area effects in densely populated areas of <a href=\"https:\/\/twitter.com\/hashtag\/Gaza?src=hash&amp;ref_src=twsrc%5Etfw\">#Gaza<\/a> raises serious concerns under the laws of war \u2013 finds <a href=\"https:\/\/twitter.com\/UNHumanRights?ref_src=twsrc%5Etfw\">@UNHumanRights<\/a> report.<\/p>&mdash; UN Human Rights (@UNHumanRights) <a href=\"https:\/\/twitter.com\/UNHumanRights\/status\/1803355490325283280?ref_src=twsrc%5Etfw\">June 19, 2024<\/a><\/blockquote><script async src=\"https:\/\/platform.twitter.com\/widgets.js\" charset=\"utf-8\"><\/script>\n<\/div><\/figure>\n\n\n\n<p>Los ataques, en los que se emplearon bombas GBU-31, GBU-32 y GBU-39, causaron un alto n\u00famero de v\u00edctimas civiles y una enorme destrucci\u00f3n de objetos no militares, \u201cplanteando serias dudas sobre la aplicaci\u00f3n de las leyes de la guerra en cuanto a respeto de los principios de distinci\u00f3n, proporcionalidad y precauci\u00f3n\u201d.<\/p>\n\n\n\n<p>De acuerdo con el jefe de la oficina de la ONU, el alto comisionado Volker T\u00fcrk, la norma de reducir al m\u00ednimo el da\u00f1o a civiles en acciones b\u00e9licas \u201cparece haber sido consistentemente violada en la campa\u00f1a de bombardeos de Israel\u201d.<\/p>\n\n\n\n<p>Su oficina recuerda al publicar el informe que la campa\u00f1a de bombardeos ha ido acompa\u00f1ada de declaraciones por parte de responsables de las fuerzas israel\u00edes que reconocieron que su principal objetivo era causar el m\u00e1ximo da\u00f1o.<\/p>\n\n\n\n<p>Tambi\u00e9n se subraya que oficiales de las fuerzas de defensa israel\u00edes llegaron a calificar como \u201cbestias humanas\u201d a todos los residentes de Gaza.<\/p>\n\n\n\n<p>El informe indica que las bombas utilizadas en los bombardeos estudiados tienen capacidad para penetrar en varias plantas de un edificio de hormig\u00f3n y conseguir que este se derrumbe.<\/p>\n\n\n\n<p>\u201cDada la densa poblaci\u00f3n de las \u00e1reas contra las que se dirigieron estos explosivos, el uso de ellos, con unos efectos tan amplios en extensas zonas, es probablemente un ataque indiscriminado\u201d, prohibido por las leyes internacionales, defiende el estudio.<\/p>\n\n\n\n<p>Tambi\u00e9n se denuncia que en cinco de los ataques no se emiti\u00f3 una alerta previa, lo que aumenta la convicci\u00f3n de que no se respet\u00f3 el principio de precauci\u00f3n.<\/p>\n\n\n\n<p>En tres de los ataques el ej\u00e9rcito israel\u00ed dijo haber dirigido los bombardeos contra individuos relacionados con los ataques terroristas del 7 de octubre de 2023, aunque la oficina de la ONU subraya que \u201cla mera presencia de un comandante o varios combatientes no convierte un vecindario entero en un objetivo militar\u201d.<\/p>\n\n\n\n<p>\u201cEllo violar\u00eda el principio de probabilidad y la prohibici\u00f3n de ataques indiscriminados\u201d, insiste el informe de la oficina dirigida por T\u00fcrk.<\/p>\n","protected":false},"excerpt":{"rendered":"<p>Por Carolina Alonso Romei Internacionalista Un an\u00e1lisis de la ONU sostiene que Israel viol\u00f3 la&#8230;<\/p>\n","protected":false},"author":2,"featured_media":110862,"comment_status":"open","ping_status":"open","sticky":false,"template":"","format":"standard","meta":{"_monsterinsights_skip_tracking":false,"_monsterinsights_sitenote_active":false,"_monsterinsights_sitenote_note":"","_monsterinsights_sitenote_category":0,"footnotes":""},"categories":[1],"tags":[],"class_list":["post-110861","post","type-post","status-publish","format-standard","has-post-thumbnail","hentry","category-sin-categoria"],"yoast_head":"<!-- This site is optimized with the Yoast SEO plugin v27.3 - https:\/\/yoast.com\/product\/yoast-seo-wordpress\/ -->\n<title>El Quehacer Pol\u00edtico Internacional a trav\u00e9s\/\/\/Carolina Alonso Romei\/\/\/ONU\u00a0para los Derechos Humanos afirm\u00f3 que los\u00a0bombardeos\u00a0de\u00a0Israel\u00a0en\u00a0Gaza\u00a0podr\u00edan constituir\u00a0cr\u00edmenes contra la humanidad\u00a0 -<\/title>\n<meta name=\"robots\" content=\"index, follow, max-snippet:-1, max-image-preview:large, max-video-preview:-1\" \/>\n<link rel=\"canonical\" href=\"https:\/\/quehacerpolitico.mx\/?p=110861\" \/>\n<meta property=\"og:locale\" content=\"es_MX\" \/>\n<meta property=\"og:type\" content=\"article\" \/>\n<meta property=\"og:title\" content=\"El Quehacer Pol\u00edtico Internacional a trav\u00e9s\/\/\/Carolina Alonso Romei\/\/\/ONU\u00a0para los Derechos Humanos afirm\u00f3 que los\u00a0bombardeos\u00a0de\u00a0Israel\u00a0en\u00a0Gaza\u00a0podr\u00edan constituir\u00a0cr\u00edmenes contra la humanidad\u00a0 -\" \/>\n<meta property=\"og:description\" content=\"Por Carolina Alonso Romei Internacionalista Un an\u00e1lisis de la ONU sostiene que Israel viol\u00f3 la...\" \/>\n<meta property=\"og:url\" content=\"https:\/\/quehacerpolitico.mx\/?p=110861\" \/>\n<meta property=\"article:published_time\" content=\"2024-06-19T16:20:36+00:00\" \/>\n<meta property=\"article:modified_time\" content=\"2024-06-19T16:20:37+00:00\" \/>\n<meta property=\"og:image\" content=\"https:\/\/quehacerpolitico.mx\/wp-content\/uploads\/2024\/06\/03fa6135-c3fe-44b7-8e96-c6ca323ffebb-7.jpeg\" \/>\n\t<meta property=\"og:image:width\" content=\"963\" \/>\n\t<meta property=\"og:image:height\" content=\"493\" \/>\n\t<meta property=\"og:image:type\" content=\"image\/jpeg\" \/>\n<meta name=\"author\" content=\"Redacci\u00f3n QP\" \/>\n<meta name=\"twitter:card\" content=\"summary_large_image\" \/>\n<meta name=\"twitter:label1\" content=\"Escrito por\" \/>\n\t<meta name=\"twitter:data1\" content=\"Redacci\u00f3n QP\" \/>\n\t<meta name=\"twitter:label2\" content=\"Tiempo de lectura\" \/>\n\t<meta name=\"twitter:data2\" content=\"2 minutos\" \/>\n<script type=\"application\/ld+json\" class=\"yoast-schema-graph\">{\"@context\":\"https:\\\/\\\/schema.org\",\"@graph\":[{\"@type\":\"Article\",\"@id\":\"https:\\\/\\\/quehacerpolitico.mx\\\/?p=110861#article\",\"isPartOf\":{\"@id\":\"https:\\\/\\\/quehacerpolitico.mx\\\/?p=110861\"},\"author\":{\"name\":\"Redacci\u00f3n QP\",\"@id\":\"https:\\\/\\\/quehacerpolitico.mx\\\/#\\\/schema\\\/person\\\/496d8ad2d1d3f8036101dca7ee39e585\"},\"headline\":\"El Quehacer Pol\u00edtico Internacional a trav\u00e9s\\\/\\\/\\\/Carolina Alonso Romei\\\/\\\/\\\/ONU\u00a0para los Derechos Humanos afirm\u00f3 que los\u00a0bombardeos\u00a0de\u00a0Israel\u00a0en\u00a0Gaza\u00a0podr\u00edan constituir\u00a0cr\u00edmenes contra la humanidad\u00a0\",\"datePublished\":\"2024-06-19T16:20:36+00:00\",\"dateModified\":\"2024-06-19T16:20:37+00:00\",\"mainEntityOfPage\":{\"@id\":\"https:\\\/\\\/quehacerpolitico.mx\\\/?p=110861\"},\"wordCount\":509,\"commentCount\":0,\"image\":{\"@id\":\"https:\\\/\\\/quehacerpolitico.mx\\\/?p=110861#primaryimage\"},\"thumbnailUrl\":\"https:\\\/\\\/quehacerpolitico.mx\\\/wp-content\\\/uploads\\\/2024\\\/06\\\/03fa6135-c3fe-44b7-8e96-c6ca323ffebb-7.jpeg\",\"articleSection\":[\"Internacionales\"],\"inLanguage\":\"es\",\"potentialAction\":[{\"@type\":\"CommentAction\",\"name\":\"Comment\",\"target\":[\"https:\\\/\\\/quehacerpolitico.mx\\\/?p=110861#respond\"]}]},{\"@type\":\"WebPage\",\"@id\":\"https:\\\/\\\/quehacerpolitico.mx\\\/?p=110861\",\"url\":\"https:\\\/\\\/quehacerpolitico.mx\\\/?p=110861\",\"name\":\"El Quehacer Pol\u00edtico Internacional a trav\u00e9s\\\/\\\/\\\/Carolina Alonso Romei\\\/\\\/\\\/ONU\u00a0para los Derechos Humanos afirm\u00f3 que los\u00a0bombardeos\u00a0de\u00a0Israel\u00a0en\u00a0Gaza\u00a0podr\u00edan constituir\u00a0cr\u00edmenes contra la humanidad\u00a0 -\",\"isPartOf\":{\"@id\":\"https:\\\/\\\/quehacerpolitico.mx\\\/#website\"},\"primaryImageOfPage\":{\"@id\":\"https:\\\/\\\/quehacerpolitico.mx\\\/?p=110861#primaryimage\"},\"image\":{\"@id\":\"https:\\\/\\\/quehacerpolitico.mx\\\/?p=110861#primaryimage\"},\"thumbnailUrl\":\"https:\\\/\\\/quehacerpolitico.mx\\\/wp-content\\\/uploads\\\/2024\\\/06\\\/03fa6135-c3fe-44b7-8e96-c6ca323ffebb-7.jpeg\",\"datePublished\":\"2024-06-19T16:20:36+00:00\",\"dateModified\":\"2024-06-19T16:20:37+00:00\",\"author\":{\"@id\":\"https:\\\/\\\/quehacerpolitico.mx\\\/#\\\/schema\\\/person\\\/496d8ad2d1d3f8036101dca7ee39e585\"},\"breadcrumb\":{\"@id\":\"https:\\\/\\\/quehacerpolitico.mx\\\/?p=110861#breadcrumb\"},\"inLanguage\":\"es\",\"potentialAction\":[{\"@type\":\"ReadAction\",\"target\":[\"https:\\\/\\\/quehacerpolitico.mx\\\/?p=110861\"]}]},{\"@type\":\"ImageObject\",\"inLanguage\":\"es\",\"@id\":\"https:\\\/\\\/quehacerpolitico.mx\\\/?p=110861#primaryimage\",\"url\":\"https:\\\/\\\/quehacerpolitico.mx\\\/wp-content\\\/uploads\\\/2024\\\/06\\\/03fa6135-c3fe-44b7-8e96-c6ca323ffebb-7.jpeg\",\"contentUrl\":\"https:\\\/\\\/quehacerpolitico.mx\\\/wp-content\\\/uploads\\\/2024\\\/06\\\/03fa6135-c3fe-44b7-8e96-c6ca323ffebb-7.jpeg\",\"width\":963,\"height\":493},{\"@type\":\"BreadcrumbList\",\"@id\":\"https:\\\/\\\/quehacerpolitico.mx\\\/?p=110861#breadcrumb\",\"itemListElement\":[{\"@type\":\"ListItem\",\"position\":1,\"name\":\"Inicio\",\"item\":\"https:\\\/\\\/quehacerpolitico.mx\\\/\"},{\"@type\":\"ListItem\",\"position\":2,\"name\":\"El Quehacer Pol\u00edtico Internacional a trav\u00e9s\\\/\\\/\\\/Carolina Alonso Romei\\\/\\\/\\\/ONU\u00a0para los Derechos Humanos afirm\u00f3 que los\u00a0bombardeos\u00a0de\u00a0Israel\u00a0en\u00a0Gaza\u00a0podr\u00edan constituir\u00a0cr\u00edmenes contra la humanidad\u00a0\"}]},{\"@type\":\"WebSite\",\"@id\":\"https:\\\/\\\/quehacerpolitico.mx\\\/#website\",\"url\":\"https:\\\/\\\/quehacerpolitico.mx\\\/\",\"name\":\"\",\"description\":\"\",\"potentialAction\":[{\"@type\":\"SearchAction\",\"target\":{\"@type\":\"EntryPoint\",\"urlTemplate\":\"https:\\\/\\\/quehacerpolitico.mx\\\/?s={search_term_string}\"},\"query-input\":{\"@type\":\"PropertyValueSpecification\",\"valueRequired\":true,\"valueName\":\"search_term_string\"}}],\"inLanguage\":\"es\"},{\"@type\":\"Person\",\"@id\":\"https:\\\/\\\/quehacerpolitico.mx\\\/#\\\/schema\\\/person\\\/496d8ad2d1d3f8036101dca7ee39e585\",\"name\":\"Redacci\u00f3n QP\",\"image\":{\"@type\":\"ImageObject\",\"inLanguage\":\"es\",\"@id\":\"https:\\\/\\\/secure.gravatar.com\\\/avatar\\\/c7164ed6fdec453195284ad24a5ae5b6e1eed2b848477fa2a4787ba9adf39a41?s=96&d=mm&r=g\",\"url\":\"https:\\\/\\\/secure.gravatar.com\\\/avatar\\\/c7164ed6fdec453195284ad24a5ae5b6e1eed2b848477fa2a4787ba9adf39a41?s=96&d=mm&r=g\",\"contentUrl\":\"https:\\\/\\\/secure.gravatar.com\\\/avatar\\\/c7164ed6fdec453195284ad24a5ae5b6e1eed2b848477fa2a4787ba9adf39a41?s=96&d=mm&r=g\",\"caption\":\"Redacci\u00f3n QP\"},\"url\":\"https:\\\/\\\/quehacerpolitico.mx\\\/?author=2\"}]}<\/script>\n<!-- \/ Yoast SEO plugin. -->","yoast_head_json":{"title":"El Quehacer Pol\u00edtico Internacional a trav\u00e9s\/\/\/Carolina Alonso Romei\/\/\/ONU\u00a0para los Derechos Humanos afirm\u00f3 que los\u00a0bombardeos\u00a0de\u00a0Israel\u00a0en\u00a0Gaza\u00a0podr\u00edan constituir\u00a0cr\u00edmenes contra la humanidad\u00a0 -","robots":{"index":"index","follow":"follow","max-snippet":"max-snippet:-1","max-image-preview":"max-image-preview:large","max-video-preview":"max-video-preview:-1"},"canonical":"https:\/\/quehacerpolitico.mx\/?p=110861","og_locale":"es_MX","og_type":"article","og_title":"El Quehacer Pol\u00edtico Internacional a trav\u00e9s\/\/\/Carolina Alonso Romei\/\/\/ONU\u00a0para los Derechos Humanos afirm\u00f3 que los\u00a0bombardeos\u00a0de\u00a0Israel\u00a0en\u00a0Gaza\u00a0podr\u00edan constituir\u00a0cr\u00edmenes contra la humanidad\u00a0 -","og_description":"Por Carolina Alonso Romei Internacionalista Un an\u00e1lisis de la ONU sostiene que Israel viol\u00f3 la...","og_url":"https:\/\/quehacerpolitico.mx\/?p=110861","article_published_time":"2024-06-19T16:20:36+00:00","article_modified_time":"2024-06-19T16:20:37+00:00","og_image":[{"width":963,"height":493,"url":"https:\/\/quehacerpolitico.mx\/wp-content\/uploads\/2024\/06\/03fa6135-c3fe-44b7-8e96-c6ca323ffebb-7.jpeg","type":"image\/jpeg"}],"author":"Redacci\u00f3n QP","twitter_card":"summary_large_image","twitter_misc":{"Escrito por":"Redacci\u00f3n QP","Tiempo de lectura":"2 minutos"},"schema":{"@context":"https:\/\/schema.org","@graph":[{"@type":"Article","@id":"https:\/\/quehacerpolitico.mx\/?p=110861#article","isPartOf":{"@id":"https:\/\/quehacerpolitico.mx\/?p=110861"},"author":{"name":"Redacci\u00f3n QP","@id":"https:\/\/quehacerpolitico.mx\/#\/schema\/person\/496d8ad2d1d3f8036101dca7ee39e585"},"headline":"El Quehacer Pol\u00edtico Internacional a trav\u00e9s\/\/\/Carolina Alonso Romei\/\/\/ONU\u00a0para los Derechos Humanos afirm\u00f3 que los\u00a0bombardeos\u00a0de\u00a0Israel\u00a0en\u00a0Gaza\u00a0podr\u00edan constituir\u00a0cr\u00edmenes contra la humanidad\u00a0","datePublished":"2024-06-19T16:20:36+00:00","dateModified":"2024-06-19T16:20:37+00:00","mainEntityOfPage":{"@id":"https:\/\/quehacerpolitico.mx\/?p=110861"},"wordCount":509,"commentCount":0,"image":{"@id":"https:\/\/quehacerpolitico.mx\/?p=110861#primaryimage"},"thumbnailUrl":"https:\/\/quehacerpolitico.mx\/wp-content\/uploads\/2024\/06\/03fa6135-c3fe-44b7-8e96-c6ca323ffebb-7.jpeg","articleSection":["Internacionales"],"inLanguage":"es","potentialAction":[{"@type":"CommentAction","name":"Comment","target":["https:\/\/quehacerpolitico.mx\/?p=110861#respond"]}]},{"@type":"WebPage","@id":"https:\/\/quehacerpolitico.mx\/?p=110861","url":"https:\/\/quehacerpolitico.mx\/?p=110861","name":"El Quehacer Pol\u00edtico Internacional a trav\u00e9s\/\/\/Carolina Alonso Romei\/\/\/ONU\u00a0para los Derechos Humanos afirm\u00f3 que los\u00a0bombardeos\u00a0de\u00a0Israel\u00a0en\u00a0Gaza\u00a0podr\u00edan constituir\u00a0cr\u00edmenes contra la humanidad\u00a0 -","isPartOf":{"@id":"https:\/\/quehacerpolitico.mx\/#website"},"primaryImageOfPage":{"@id":"https:\/\/quehacerpolitico.mx\/?p=110861#primaryimage"},"image":{"@id":"https:\/\/quehacerpolitico.mx\/?p=110861#primaryimage"},"thumbnailUrl":"https:\/\/quehacerpolitico.mx\/wp-content\/uploads\/2024\/06\/03fa6135-c3fe-44b7-8e96-c6ca323ffebb-7.jpeg","datePublished":"2024-06-19T16:20:36+00:00","dateModified":"2024-06-19T16:20:37+00:00","author":{"@id":"https:\/\/quehacerpolitico.mx\/#\/schema\/person\/496d8ad2d1d3f8036101dca7ee39e585"},"breadcrumb":{"@id":"https:\/\/quehacerpolitico.mx\/?p=110861#breadcrumb"},"inLanguage":"es","potentialAction":[{"@type":"ReadAction","target":["https:\/\/quehacerpolitico.mx\/?p=110861"]}]},{"@type":"ImageObject","inLanguage":"es","@id":"https:\/\/quehacerpolitico.mx\/?p=110861#primaryimage","url":"https:\/\/quehacerpolitico.mx\/wp-content\/uploads\/2024\/06\/03fa6135-c3fe-44b7-8e96-c6ca323ffebb-7.jpeg","contentUrl":"https:\/\/quehacerpolitico.mx\/wp-content\/uploads\/2024\/06\/03fa6135-c3fe-44b7-8e96-c6ca323ffebb-7.jpeg","width":963,"height":493},{"@type":"BreadcrumbList","@id":"https:\/\/quehacerpolitico.mx\/?p=110861#breadcrumb","itemListElement":[{"@type":"ListItem","position":1,"name":"Inicio","item":"https:\/\/quehacerpolitico.mx\/"},{"@type":"ListItem","position":2,"name":"El Quehacer Pol\u00edtico Internacional a trav\u00e9s\/\/\/Carolina Alonso Romei\/\/\/ONU\u00a0para los Derechos Humanos afirm\u00f3 que los\u00a0bombardeos\u00a0de\u00a0Israel\u00a0en\u00a0Gaza\u00a0podr\u00edan constituir\u00a0cr\u00edmenes contra la humanidad\u00a0"}]},{"@type":"WebSite","@id":"https:\/\/quehacerpolitico.mx\/#website","url":"https:\/\/quehacerpolitico.mx\/","name":"","description":"","potentialAction":[{"@type":"SearchAction","target":{"@type":"EntryPoint","urlTemplate":"https:\/\/quehacerpolitico.mx\/?s={search_term_string}"},"query-input":{"@type":"PropertyValueSpecification","valueRequired":true,"valueName":"search_term_string"}}],"inLanguage":"es"},{"@type":"Person","@id":"https:\/\/quehacerpolitico.mx\/#\/schema\/person\/496d8ad2d1d3f8036101dca7ee39e585","name":"Redacci\u00f3n QP","image":{"@type":"ImageObject","inLanguage":"es","@id":"https:\/\/secure.gravatar.com\/avatar\/c7164ed6fdec453195284ad24a5ae5b6e1eed2b848477fa2a4787ba9adf39a41?s=96&d=mm&r=g","url":"https:\/\/secure.gravatar.com\/avatar\/c7164ed6fdec453195284ad24a5ae5b6e1eed2b848477fa2a4787ba9adf39a41?s=96&d=mm&r=g","contentUrl":"https:\/\/secure.gravatar.com\/avatar\/c7164ed6fdec453195284ad24a5ae5b6e1eed2b848477fa2a4787ba9adf39a41?s=96&d=mm&r=g","caption":"Redacci\u00f3n QP"},"url":"https:\/\/quehacerpolitico.mx\/?author=2"}]}},"featured_image_urls":{"full":["https:\/\/quehacerpolitico.mx\/wp-content\/uploads\/2024\/06\/03fa6135-c3fe-44b7-8e96-c6ca323ffebb-7.jpeg",963,493,false],"thumbnail":["https:\/\/quehacerpolitico.mx\/wp-content\/uploads\/2024\/06\/03fa6135-c3fe-44b7-8e96-c6ca323ffebb-7-150x150.jpeg",150,150,true],"medium":["https:\/\/quehacerpolitico.mx\/wp-content\/uploads\/2024\/06\/03fa6135-c3fe-44b7-8e96-c6ca323ffebb-7-300x154.jpeg",300,154,true],"medium_large":["https:\/\/quehacerpolitico.mx\/wp-content\/uploads\/2024\/06\/03fa6135-c3fe-44b7-8e96-c6ca323ffebb-7-768x393.jpeg",640,328,true],"large":["https:\/\/quehacerpolitico.mx\/wp-content\/uploads\/2024\/06\/03fa6135-c3fe-44b7-8e96-c6ca323ffebb-7.jpeg",640,328,false],"1536x1536":["https:\/\/quehacerpolitico.mx\/wp-content\/uploads\/2024\/06\/03fa6135-c3fe-44b7-8e96-c6ca323ffebb-7.jpeg",963,493,false],"2048x2048":["https:\/\/quehacerpolitico.mx\/wp-content\/uploads\/2024\/06\/03fa6135-c3fe-44b7-8e96-c6ca323ffebb-7.jpeg",963,493,false],"covernews-featured":["https:\/\/quehacerpolitico.mx\/wp-content\/uploads\/2024\/06\/03fa6135-c3fe-44b7-8e96-c6ca323ffebb-7.jpeg",963,493,false],"covernews-medium":["https:\/\/quehacerpolitico.mx\/wp-content\/uploads\/2024\/06\/03fa6135-c3fe-44b7-8e96-c6ca323ffebb-7.jpeg",540,276,false]},"author_info":{"display_name":"Redacci\u00f3n QP","author_link":"https:\/\/quehacerpolitico.mx\/?author=2"},"category_info":"<a href=\"https:\/\/quehacerpolitico.mx\/?cat=1\" rel=\"category\">Internacionales<\/a>","tag_info":"Internacionales","comment_count":"0","_links":{"self":[{"href":"https:\/\/quehacerpolitico.mx\/index.php?rest_route=\/wp\/v2\/posts\/110861","targetHints":{"allow":["GET"]}}],"collection":[{"href":"https:\/\/quehacerpolitico.mx\/index.php?rest_route=\/wp\/v2\/posts"}],"about":[{"href":"https:\/\/quehacerpolitico.mx\/index.php?rest_route=\/wp\/v2\/types\/post"}],"author":[{"embeddable":true,"href":"https:\/\/quehacerpolitico.mx\/index.php?rest_route=\/wp\/v2\/users\/2"}],"replies":[{"embeddable":true,"href":"https:\/\/quehacerpolitico.mx\/index.php?rest_route=%2Fwp%2Fv2%2Fcomments&post=110861"}],"version-history":[{"count":1,"href":"https:\/\/quehacerpolitico.mx\/index.php?rest_route=\/wp\/v2\/posts\/110861\/revisions"}],"predecessor-version":[{"id":110863,"href":"https:\/\/quehacerpolitico.mx\/index.php?rest_route=\/wp\/v2\/posts\/110861\/revisions\/110863"}],"wp:featuredmedia":[{"embeddable":true,"href":"https:\/\/quehacerpolitico.mx\/index.php?rest_route=\/wp\/v2\/media\/110862"}],"wp:attachment":[{"href":"https:\/\/quehacerpolitico.mx\/index.php?rest_route=%2Fwp%2Fv2%2Fmedia&parent=110861"}],"wp:term":[{"taxonomy":"category","embeddable":true,"href":"https:\/\/quehacerpolitico.mx\/index.php?rest_route=%2Fwp%2Fv2%2Fcategories&post=110861"},{"taxonomy":"post_tag","embeddable":true,"href":"https:\/\/quehacerpolitico.mx\/index.php?rest_route=%2Fwp%2Fv2%2Ftags&post=110861"}],"curies":[{"name":"wp","href":"https:\/\/api.w.org\/{rel}","templated":true}]}}