{"id":110837,"date":"2024-06-17T19:15:41","date_gmt":"2024-06-17T19:15:41","guid":{"rendered":"https:\/\/quehacerpolitico.mx\/?p=110837"},"modified":"2024-06-17T19:15:43","modified_gmt":"2024-06-17T19:15:43","slug":"los-padres-de-hoy-tienen-la-gran-responsabilidad-familiar-de-reeducar-y-construir-la-paternidad-de-diferente-formaunam","status":"publish","type":"post","link":"https:\/\/quehacerpolitico.mx\/?p=110837","title":{"rendered":"Los padres de hoy tienen la gran responsabilidad familiar de reeducar y\u00a0construir la paternidad de diferente forma:UNAM"},"content":{"rendered":"\n<p>Por Redacci\u00f3n QP<\/p>\n\n\n\n<p>La figura paterna de hoy tendr\u00eda que relacionarse por igual en la propia planificaci\u00f3n familiar y pensar el n\u00famero de hijos<\/p>\n\n\n\n<p>Los padres de hoy tienen la gran responsabilidad familiar de reeducar y<mark><strong><u>&nbsp;construir la paternidad de diferente forma, m\u00e1s igualitaria y participativa en el ejercicio,<\/u><\/strong><\/mark>&nbsp;y en com\u00fan acuerdo con los hijos y la pareja, asegura el acad\u00e9mico de la Escuela Nacional de Trabajo Social de la UNAM, Erik Garc\u00eda Estrada.<\/p>\n\n\n\n<p>En M\u00e9xico, el D\u00eda del Padre se celebra el tercer domingo de junio, efem\u00e9ride que comenz\u00f3 en 1950 solo en centros escolares y despu\u00e9s se generaliz\u00f3. Se trata de un&nbsp;<mark><strong><u>reconocimiento a la importancia de esta figura en el \u00e1mbito familiar, su origen se remonta a 1910,<\/u><\/strong><\/mark>&nbsp;en Washington, Estados Unidos.<\/p>\n\n\n\n<p>El universitario apunta que en la actualidad, esta figura representa diferencias: son tiempos donde se tiene una participaci\u00f3n mayor a partir del\u00a0<mark><strong><u>proceso del embarazo, el cuidado, crianza y educaci\u00f3n de los hijos; la cercan\u00eda emocional y afectiva y el contacto f\u00edsico.<\/u><\/strong><\/mark><\/p>\n\n\n\n<p>Con base en datos del Censo de Poblaci\u00f3n y Vivienda 2020,<mark><strong><u>\u00a0en M\u00e9xico hab\u00eda 44.9 millones de hombres de 15 a\u00f1os y m\u00e1s, 21.2 millones de ellos\u00a0<\/u><\/strong><\/mark>(47 por ciento) se identificaron como pap\u00e1 de al menos una hija o un hijo que reside en la misma vivienda.<\/p>\n\n\n\n<h2 class=\"wp-block-heading\">Figura paterna crece<\/h2>\n\n\n\n<p>Garc\u00eda Estrada descart\u00f3 que sea imposible alcanzar la igualdad en el v\u00ednculo emocional con los hijos, aunque han sido a\u00f1os de desigualdad.<mark><strong><u>\u00a0Se requiere de pol\u00edticas y estrategias que sensibilicen a los varones para adoptar ciertas ense\u00f1anzas y aprendizajes<\/u><\/strong><\/mark>, incluso desmitificar cuestiones que han sido una losa.<\/p>\n\n\n\n<p>La figura paterna de hoy tendr\u00eda que relacionarse por igual en la propia planificaci\u00f3n familiar, pensar el n\u00famero de descendientes, as\u00ed como&nbsp;<mark><strong><u>participar en las actividades cotidianas, apunt\u00f3 el docente universitario.<\/u><\/strong><\/mark><\/p>\n\n\n\n<h2 class=\"wp-block-heading\">Nuevas formas de paternidad<\/h2>\n\n\n\n<p>De acuerdo con el experto, es necesario construir nuevas formas de masculinidad y paternidad basadas en el respeto, la empat\u00eda y la igualdad,&nbsp;<mark><strong><u>a fin de lograr grandes cambios y un futuro en el que vivamos libres de estereotipos y discriminaci\u00f3n.<\/u><\/strong><\/mark><\/p>\n\n\n\n<p><em><strong><u>&#8220;Es importante romper estigmas y estereotipos<\/u><\/strong><u>construidos sobre la figura paterna como la cabeza visible del grupo familiar que da sustento, protecci\u00f3n y seguridad. Los tiempos exigen tratar de desnaturalizar y luchar contra la violencia de g\u00e9nero&#8221;,<\/u><\/em>&nbsp;sugiri\u00f3.<\/p>\n\n\n\n<p>Destac\u00f3 que se debe propiciar la retroalimentaci\u00f3n y comunicaci\u00f3n con la pareja y la familia para establecer&nbsp;<mark><strong><u>roles diferentes, sobre todo m\u00e1s equitativos e igualitarios.<\/u><\/strong><\/mark><\/p>\n\n\n\n<p>El universitario precis\u00f3 que tambi\u00e9n depende de los niveles educativo y de ingresos, zona geogr\u00e1fica donde se habita, as\u00ed como el&nbsp;<mark><strong><u>contexto social o comunitario en el que se desarrollan los padres y las familias para entender y trabajar en procesos de cambios individuales y sociales.<\/u><\/strong><\/mark><\/p>\n\n\n\n<p>Erik Garc\u00eda Estrada resalt\u00f3 la necesidad de abordar temas de masculinidad en el \u00e1mbito acad\u00e9mico y personal para sensibilizar a los varones.&nbsp;<mark><strong><u>Tambi\u00e9n volver la mirada hacia aquellas instituciones p\u00fablicas y privadas, as\u00ed como organizaciones de la sociedad civil.<\/u><\/strong><\/mark><\/p>\n\n\n\n<p><em>Con informaci\u00f3n de SUN.<\/em><\/p>\n","protected":false},"excerpt":{"rendered":"<p>Por Redacci\u00f3n QP La figura paterna de hoy tendr\u00eda que relacionarse por igual en la&#8230;<\/p>\n","protected":false},"author":2,"featured_media":110838,"comment_status":"open","ping_status":"open","sticky":false,"template":"","format":"standard","meta":{"_monsterinsights_skip_tracking":false,"_monsterinsights_sitenote_active":false,"_monsterinsights_sitenote_note":"","_monsterinsights_sitenote_category":0,"footnotes":""},"categories":[58],"tags":[],"class_list":["post-110837","post","type-post","status-publish","format-standard","has-post-thumbnail","hentry","category-cultura"],"yoast_head":"<!-- This site is optimized with the Yoast SEO plugin v27.3 - https:\/\/yoast.com\/product\/yoast-seo-wordpress\/ -->\n<title>Los padres de hoy tienen la gran responsabilidad familiar de reeducar y\u00a0construir la paternidad de diferente forma:UNAM -<\/title>\n<meta name=\"robots\" content=\"index, follow, max-snippet:-1, max-image-preview:large, max-video-preview:-1\" \/>\n<link rel=\"canonical\" href=\"https:\/\/quehacerpolitico.mx\/?p=110837\" \/>\n<meta property=\"og:locale\" content=\"es_MX\" \/>\n<meta property=\"og:type\" content=\"article\" \/>\n<meta property=\"og:title\" content=\"Los padres de hoy tienen la gran responsabilidad familiar de reeducar y\u00a0construir la paternidad de diferente forma:UNAM -\" \/>\n<meta property=\"og:description\" content=\"Por Redacci\u00f3n QP La figura paterna de hoy tendr\u00eda que relacionarse por igual en la...\" \/>\n<meta property=\"og:url\" content=\"https:\/\/quehacerpolitico.mx\/?p=110837\" \/>\n<meta property=\"article:published_time\" content=\"2024-06-17T19:15:41+00:00\" \/>\n<meta property=\"article:modified_time\" content=\"2024-06-17T19:15:43+00:00\" \/>\n<meta property=\"og:image\" content=\"https:\/\/quehacerpolitico.mx\/wp-content\/uploads\/2024\/06\/IMG_6311.jpeg\" \/>\n\t<meta property=\"og:image:width\" content=\"679\" \/>\n\t<meta property=\"og:image:height\" content=\"452\" \/>\n\t<meta property=\"og:image:type\" content=\"image\/jpeg\" \/>\n<meta name=\"author\" content=\"Redacci\u00f3n QP\" \/>\n<meta name=\"twitter:card\" content=\"summary_large_image\" \/>\n<meta name=\"twitter:label1\" content=\"Escrito por\" \/>\n\t<meta name=\"twitter:data1\" content=\"Redacci\u00f3n QP\" \/>\n\t<meta name=\"twitter:label2\" content=\"Tiempo de lectura\" \/>\n\t<meta name=\"twitter:data2\" content=\"3 minutos\" \/>\n<script type=\"application\/ld+json\" class=\"yoast-schema-graph\">{\"@context\":\"https:\\\/\\\/schema.org\",\"@graph\":[{\"@type\":\"Article\",\"@id\":\"https:\\\/\\\/quehacerpolitico.mx\\\/?p=110837#article\",\"isPartOf\":{\"@id\":\"https:\\\/\\\/quehacerpolitico.mx\\\/?p=110837\"},\"author\":{\"name\":\"Redacci\u00f3n QP\",\"@id\":\"https:\\\/\\\/quehacerpolitico.mx\\\/#\\\/schema\\\/person\\\/496d8ad2d1d3f8036101dca7ee39e585\"},\"headline\":\"Los padres de hoy tienen la gran responsabilidad familiar de reeducar y\u00a0construir la paternidad de diferente forma:UNAM\",\"datePublished\":\"2024-06-17T19:15:41+00:00\",\"dateModified\":\"2024-06-17T19:15:43+00:00\",\"mainEntityOfPage\":{\"@id\":\"https:\\\/\\\/quehacerpolitico.mx\\\/?p=110837\"},\"wordCount\":559,\"commentCount\":0,\"image\":{\"@id\":\"https:\\\/\\\/quehacerpolitico.mx\\\/?p=110837#primaryimage\"},\"thumbnailUrl\":\"https:\\\/\\\/quehacerpolitico.mx\\\/wp-content\\\/uploads\\\/2024\\\/06\\\/IMG_6311.jpeg\",\"articleSection\":[\"Cultura y Entretenimiento\"],\"inLanguage\":\"es\",\"potentialAction\":[{\"@type\":\"CommentAction\",\"name\":\"Comment\",\"target\":[\"https:\\\/\\\/quehacerpolitico.mx\\\/?p=110837#respond\"]}]},{\"@type\":\"WebPage\",\"@id\":\"https:\\\/\\\/quehacerpolitico.mx\\\/?p=110837\",\"url\":\"https:\\\/\\\/quehacerpolitico.mx\\\/?p=110837\",\"name\":\"Los padres de hoy tienen la gran responsabilidad familiar de reeducar y\u00a0construir la paternidad de diferente forma:UNAM -\",\"isPartOf\":{\"@id\":\"https:\\\/\\\/quehacerpolitico.mx\\\/#website\"},\"primaryImageOfPage\":{\"@id\":\"https:\\\/\\\/quehacerpolitico.mx\\\/?p=110837#primaryimage\"},\"image\":{\"@id\":\"https:\\\/\\\/quehacerpolitico.mx\\\/?p=110837#primaryimage\"},\"thumbnailUrl\":\"https:\\\/\\\/quehacerpolitico.mx\\\/wp-content\\\/uploads\\\/2024\\\/06\\\/IMG_6311.jpeg\",\"datePublished\":\"2024-06-17T19:15:41+00:00\",\"dateModified\":\"2024-06-17T19:15:43+00:00\",\"author\":{\"@id\":\"https:\\\/\\\/quehacerpolitico.mx\\\/#\\\/schema\\\/person\\\/496d8ad2d1d3f8036101dca7ee39e585\"},\"breadcrumb\":{\"@id\":\"https:\\\/\\\/quehacerpolitico.mx\\\/?p=110837#breadcrumb\"},\"inLanguage\":\"es\",\"potentialAction\":[{\"@type\":\"ReadAction\",\"target\":[\"https:\\\/\\\/quehacerpolitico.mx\\\/?p=110837\"]}]},{\"@type\":\"ImageObject\",\"inLanguage\":\"es\",\"@id\":\"https:\\\/\\\/quehacerpolitico.mx\\\/?p=110837#primaryimage\",\"url\":\"https:\\\/\\\/quehacerpolitico.mx\\\/wp-content\\\/uploads\\\/2024\\\/06\\\/IMG_6311.jpeg\",\"contentUrl\":\"https:\\\/\\\/quehacerpolitico.mx\\\/wp-content\\\/uploads\\\/2024\\\/06\\\/IMG_6311.jpeg\",\"width\":679,\"height\":452},{\"@type\":\"BreadcrumbList\",\"@id\":\"https:\\\/\\\/quehacerpolitico.mx\\\/?p=110837#breadcrumb\",\"itemListElement\":[{\"@type\":\"ListItem\",\"position\":1,\"name\":\"Inicio\",\"item\":\"https:\\\/\\\/quehacerpolitico.mx\\\/\"},{\"@type\":\"ListItem\",\"position\":2,\"name\":\"Los padres de hoy tienen la gran responsabilidad familiar de reeducar y\u00a0construir la paternidad de diferente forma:UNAM\"}]},{\"@type\":\"WebSite\",\"@id\":\"https:\\\/\\\/quehacerpolitico.mx\\\/#website\",\"url\":\"https:\\\/\\\/quehacerpolitico.mx\\\/\",\"name\":\"\",\"description\":\"\",\"potentialAction\":[{\"@type\":\"SearchAction\",\"target\":{\"@type\":\"EntryPoint\",\"urlTemplate\":\"https:\\\/\\\/quehacerpolitico.mx\\\/?s={search_term_string}\"},\"query-input\":{\"@type\":\"PropertyValueSpecification\",\"valueRequired\":true,\"valueName\":\"search_term_string\"}}],\"inLanguage\":\"es\"},{\"@type\":\"Person\",\"@id\":\"https:\\\/\\\/quehacerpolitico.mx\\\/#\\\/schema\\\/person\\\/496d8ad2d1d3f8036101dca7ee39e585\",\"name\":\"Redacci\u00f3n QP\",\"image\":{\"@type\":\"ImageObject\",\"inLanguage\":\"es\",\"@id\":\"https:\\\/\\\/secure.gravatar.com\\\/avatar\\\/c7164ed6fdec453195284ad24a5ae5b6e1eed2b848477fa2a4787ba9adf39a41?s=96&d=mm&r=g\",\"url\":\"https:\\\/\\\/secure.gravatar.com\\\/avatar\\\/c7164ed6fdec453195284ad24a5ae5b6e1eed2b848477fa2a4787ba9adf39a41?s=96&d=mm&r=g\",\"contentUrl\":\"https:\\\/\\\/secure.gravatar.com\\\/avatar\\\/c7164ed6fdec453195284ad24a5ae5b6e1eed2b848477fa2a4787ba9adf39a41?s=96&d=mm&r=g\",\"caption\":\"Redacci\u00f3n QP\"},\"url\":\"https:\\\/\\\/quehacerpolitico.mx\\\/?author=2\"}]}<\/script>\n<!-- \/ Yoast SEO plugin. -->","yoast_head_json":{"title":"Los padres de hoy tienen la gran responsabilidad familiar de reeducar y\u00a0construir la paternidad de diferente forma:UNAM -","robots":{"index":"index","follow":"follow","max-snippet":"max-snippet:-1","max-image-preview":"max-image-preview:large","max-video-preview":"max-video-preview:-1"},"canonical":"https:\/\/quehacerpolitico.mx\/?p=110837","og_locale":"es_MX","og_type":"article","og_title":"Los padres de hoy tienen la gran responsabilidad familiar de reeducar y\u00a0construir la paternidad de diferente forma:UNAM -","og_description":"Por Redacci\u00f3n QP La figura paterna de hoy tendr\u00eda que relacionarse por igual en la...","og_url":"https:\/\/quehacerpolitico.mx\/?p=110837","article_published_time":"2024-06-17T19:15:41+00:00","article_modified_time":"2024-06-17T19:15:43+00:00","og_image":[{"width":679,"height":452,"url":"https:\/\/quehacerpolitico.mx\/wp-content\/uploads\/2024\/06\/IMG_6311.jpeg","type":"image\/jpeg"}],"author":"Redacci\u00f3n QP","twitter_card":"summary_large_image","twitter_misc":{"Escrito por":"Redacci\u00f3n QP","Tiempo de lectura":"3 minutos"},"schema":{"@context":"https:\/\/schema.org","@graph":[{"@type":"Article","@id":"https:\/\/quehacerpolitico.mx\/?p=110837#article","isPartOf":{"@id":"https:\/\/quehacerpolitico.mx\/?p=110837"},"author":{"name":"Redacci\u00f3n QP","@id":"https:\/\/quehacerpolitico.mx\/#\/schema\/person\/496d8ad2d1d3f8036101dca7ee39e585"},"headline":"Los padres de hoy tienen la gran responsabilidad familiar de reeducar y\u00a0construir la paternidad de diferente forma:UNAM","datePublished":"2024-06-17T19:15:41+00:00","dateModified":"2024-06-17T19:15:43+00:00","mainEntityOfPage":{"@id":"https:\/\/quehacerpolitico.mx\/?p=110837"},"wordCount":559,"commentCount":0,"image":{"@id":"https:\/\/quehacerpolitico.mx\/?p=110837#primaryimage"},"thumbnailUrl":"https:\/\/quehacerpolitico.mx\/wp-content\/uploads\/2024\/06\/IMG_6311.jpeg","articleSection":["Cultura y Entretenimiento"],"inLanguage":"es","potentialAction":[{"@type":"CommentAction","name":"Comment","target":["https:\/\/quehacerpolitico.mx\/?p=110837#respond"]}]},{"@type":"WebPage","@id":"https:\/\/quehacerpolitico.mx\/?p=110837","url":"https:\/\/quehacerpolitico.mx\/?p=110837","name":"Los padres de hoy tienen la gran responsabilidad familiar de reeducar y\u00a0construir la paternidad de diferente forma:UNAM -","isPartOf":{"@id":"https:\/\/quehacerpolitico.mx\/#website"},"primaryImageOfPage":{"@id":"https:\/\/quehacerpolitico.mx\/?p=110837#primaryimage"},"image":{"@id":"https:\/\/quehacerpolitico.mx\/?p=110837#primaryimage"},"thumbnailUrl":"https:\/\/quehacerpolitico.mx\/wp-content\/uploads\/2024\/06\/IMG_6311.jpeg","datePublished":"2024-06-17T19:15:41+00:00","dateModified":"2024-06-17T19:15:43+00:00","author":{"@id":"https:\/\/quehacerpolitico.mx\/#\/schema\/person\/496d8ad2d1d3f8036101dca7ee39e585"},"breadcrumb":{"@id":"https:\/\/quehacerpolitico.mx\/?p=110837#breadcrumb"},"inLanguage":"es","potentialAction":[{"@type":"ReadAction","target":["https:\/\/quehacerpolitico.mx\/?p=110837"]}]},{"@type":"ImageObject","inLanguage":"es","@id":"https:\/\/quehacerpolitico.mx\/?p=110837#primaryimage","url":"https:\/\/quehacerpolitico.mx\/wp-content\/uploads\/2024\/06\/IMG_6311.jpeg","contentUrl":"https:\/\/quehacerpolitico.mx\/wp-content\/uploads\/2024\/06\/IMG_6311.jpeg","width":679,"height":452},{"@type":"BreadcrumbList","@id":"https:\/\/quehacerpolitico.mx\/?p=110837#breadcrumb","itemListElement":[{"@type":"ListItem","position":1,"name":"Inicio","item":"https:\/\/quehacerpolitico.mx\/"},{"@type":"ListItem","position":2,"name":"Los padres de hoy tienen la gran responsabilidad familiar de reeducar y\u00a0construir la paternidad de diferente forma:UNAM"}]},{"@type":"WebSite","@id":"https:\/\/quehacerpolitico.mx\/#website","url":"https:\/\/quehacerpolitico.mx\/","name":"","description":"","potentialAction":[{"@type":"SearchAction","target":{"@type":"EntryPoint","urlTemplate":"https:\/\/quehacerpolitico.mx\/?s={search_term_string}"},"query-input":{"@type":"PropertyValueSpecification","valueRequired":true,"valueName":"search_term_string"}}],"inLanguage":"es"},{"@type":"Person","@id":"https:\/\/quehacerpolitico.mx\/#\/schema\/person\/496d8ad2d1d3f8036101dca7ee39e585","name":"Redacci\u00f3n QP","image":{"@type":"ImageObject","inLanguage":"es","@id":"https:\/\/secure.gravatar.com\/avatar\/c7164ed6fdec453195284ad24a5ae5b6e1eed2b848477fa2a4787ba9adf39a41?s=96&d=mm&r=g","url":"https:\/\/secure.gravatar.com\/avatar\/c7164ed6fdec453195284ad24a5ae5b6e1eed2b848477fa2a4787ba9adf39a41?s=96&d=mm&r=g","contentUrl":"https:\/\/secure.gravatar.com\/avatar\/c7164ed6fdec453195284ad24a5ae5b6e1eed2b848477fa2a4787ba9adf39a41?s=96&d=mm&r=g","caption":"Redacci\u00f3n QP"},"url":"https:\/\/quehacerpolitico.mx\/?author=2"}]}},"featured_image_urls":{"full":["https:\/\/quehacerpolitico.mx\/wp-content\/uploads\/2024\/06\/IMG_6311.jpeg",679,452,false],"thumbnail":["https:\/\/quehacerpolitico.mx\/wp-content\/uploads\/2024\/06\/IMG_6311-150x150.jpeg",150,150,true],"medium":["https:\/\/quehacerpolitico.mx\/wp-content\/uploads\/2024\/06\/IMG_6311-300x200.jpeg",300,200,true],"medium_large":["https:\/\/quehacerpolitico.mx\/wp-content\/uploads\/2024\/06\/IMG_6311.jpeg",640,426,false],"large":["https:\/\/quehacerpolitico.mx\/wp-content\/uploads\/2024\/06\/IMG_6311.jpeg",640,426,false],"1536x1536":["https:\/\/quehacerpolitico.mx\/wp-content\/uploads\/2024\/06\/IMG_6311.jpeg",679,452,false],"2048x2048":["https:\/\/quehacerpolitico.mx\/wp-content\/uploads\/2024\/06\/IMG_6311.jpeg",679,452,false],"covernews-featured":["https:\/\/quehacerpolitico.mx\/wp-content\/uploads\/2024\/06\/IMG_6311.jpeg",679,452,false],"covernews-medium":["https:\/\/quehacerpolitico.mx\/wp-content\/uploads\/2024\/06\/IMG_6311.jpeg",511,340,false]},"author_info":{"display_name":"Redacci\u00f3n QP","author_link":"https:\/\/quehacerpolitico.mx\/?author=2"},"category_info":"<a href=\"https:\/\/quehacerpolitico.mx\/?cat=58\" rel=\"category\">Cultura y Entretenimiento<\/a>","tag_info":"Cultura y Entretenimiento","comment_count":"0","_links":{"self":[{"href":"https:\/\/quehacerpolitico.mx\/index.php?rest_route=\/wp\/v2\/posts\/110837","targetHints":{"allow":["GET"]}}],"collection":[{"href":"https:\/\/quehacerpolitico.mx\/index.php?rest_route=\/wp\/v2\/posts"}],"about":[{"href":"https:\/\/quehacerpolitico.mx\/index.php?rest_route=\/wp\/v2\/types\/post"}],"author":[{"embeddable":true,"href":"https:\/\/quehacerpolitico.mx\/index.php?rest_route=\/wp\/v2\/users\/2"}],"replies":[{"embeddable":true,"href":"https:\/\/quehacerpolitico.mx\/index.php?rest_route=%2Fwp%2Fv2%2Fcomments&post=110837"}],"version-history":[{"count":1,"href":"https:\/\/quehacerpolitico.mx\/index.php?rest_route=\/wp\/v2\/posts\/110837\/revisions"}],"predecessor-version":[{"id":110839,"href":"https:\/\/quehacerpolitico.mx\/index.php?rest_route=\/wp\/v2\/posts\/110837\/revisions\/110839"}],"wp:featuredmedia":[{"embeddable":true,"href":"https:\/\/quehacerpolitico.mx\/index.php?rest_route=\/wp\/v2\/media\/110838"}],"wp:attachment":[{"href":"https:\/\/quehacerpolitico.mx\/index.php?rest_route=%2Fwp%2Fv2%2Fmedia&parent=110837"}],"wp:term":[{"taxonomy":"category","embeddable":true,"href":"https:\/\/quehacerpolitico.mx\/index.php?rest_route=%2Fwp%2Fv2%2Fcategories&post=110837"},{"taxonomy":"post_tag","embeddable":true,"href":"https:\/\/quehacerpolitico.mx\/index.php?rest_route=%2Fwp%2Fv2%2Ftags&post=110837"}],"curies":[{"name":"wp","href":"https:\/\/api.w.org\/{rel}","templated":true}]}}