{"id":110834,"date":"2024-06-17T18:54:45","date_gmt":"2024-06-17T18:54:45","guid":{"rendered":"https:\/\/quehacerpolitico.mx\/?p=110834"},"modified":"2024-06-17T18:54:47","modified_gmt":"2024-06-17T18:54:47","slug":"amlo-se-lanza-contra-la-unam-sobre-la-reforma-al-poder-judicial-que-se-tienen-que-meter-dice","status":"publish","type":"post","link":"https:\/\/quehacerpolitico.mx\/?p=110834","title":{"rendered":"AMLO se lanza contra la UNAM sobre la reforma al poder judicial: \u201cQu\u00e9 se tienen que meter\u201d dice"},"content":{"rendered":"\n<p>Por Redacci\u00f3n QP<\/p>\n\n\n\n<p>El presidente&nbsp;<strong>Andr\u00e9s Manuel L\u00f3pez Obrador<\/strong>critic\u00f3 la postura difundida por el Instituto de Investigaciones Jur\u00eddicas (<strong>IIJ<\/strong>) de la UNAM sobre la&nbsp;<strong>reforma judicial<\/strong>, en abierta contradicci\u00f3n a lo expresado por \u00e9l y su sucesora, Claudia Sheinbaum, en el sentido de que se convocar\u00e1 a todos los sectores para que puedan opinar en su definici\u00f3n.<\/p>\n\n\n\n<p>\u201cYo les dir\u00eda: qu\u00e9 se tienen que meter\u201d, dijo en su conferencia matutina de hoy.<\/p>\n\n\n\n<figure class=\"wp-block-embed is-type-rich is-provider-twitter wp-block-embed-twitter\"><div class=\"wp-block-embed__wrapper\">\n<blockquote class=\"twitter-tweet\" data-width=\"550\" data-dnt=\"true\"><p lang=\"es\" dir=\"ltr\">AMLO se lanza contra la <a href=\"https:\/\/twitter.com\/UNAM_MX?ref_src=twsrc%5Etfw\">@UNAM_MX<\/a> <br><br>&quot;Los directivos en la UNAM muy conservadores, se derechiz\u00f3 la UNAM&quot;, asegura <a href=\"https:\/\/twitter.com\/lopezobrador_?ref_src=twsrc%5Etfw\">@lopezobrador_<\/a>. <a href=\"https:\/\/t.co\/zhsC9467yE\">pic.twitter.com\/zhsC9467yE<\/a><\/p>&mdash; Ruido en la Red (@RuidoEnLaRed) <a href=\"https:\/\/twitter.com\/RuidoEnLaRed\/status\/1802729830259064938?ref_src=twsrc%5Etfw\">June 17, 2024<\/a><\/blockquote><script async src=\"https:\/\/platform.twitter.com\/widgets.js\" charset=\"utf-8\"><\/script>\n<\/div><\/figure>\n\n\n\n<p>El mandatario agreg\u00f3 que \u201csalen los de la&nbsp;<strong>UNAM<\/strong>, claro, con l\u00ednea seguramente de los directivos, a dar su opini\u00f3n como expertos sobre las 20 reformas\u201d. Agreg\u00f3 que no tuvo que ver nada sobre su posici\u00f3n sobre la reforma porque son \u201c<strong>predecibles<\/strong>\u201d.<\/p>\n\n\n\n<p>Dijo que es en las instituciones de educaci\u00f3n superior donde \u201cdebe darse el debate, el an\u00e1lisis sobre la realidad para transformarla, todas las&nbsp;<strong>universidades<\/strong>&nbsp;tienen ese papel, pero inviten, escuchen a todos, no nada m\u00e1s los expertos, pues ya lo sabemos c\u00f3mo opinan\u201d.<\/p>\n\n\n\n<p>El viernes, el&nbsp;<strong>IIJ<\/strong>&nbsp;public\u00f3 el libro \u201cAn\u00e1lisis t\u00e9cnico de las 20 iniciativas de&nbsp;<strong>reformas constitucionales<\/strong>&nbsp;y legales presentadas por el presidente de la Rep\u00fablica\u201d, una compilaci\u00f3n de diferentes an\u00e1lisis realizados por investigadores a las modificaciones a la Constituci\u00f3n propuestas por el presidente L\u00f3pez Obrador.<\/p>\n\n\n\n<p>Las implicaciones de la&nbsp;<strong>reforma judicial&nbsp;<\/strong>van desde la elecci\u00f3n popular de integrantes del&nbsp;<strong>Poder Judicial<\/strong>, un nuevo \u00f3rgano de disciplina, reducir el n\u00famero de ministros y los a\u00f1os de sus mandatos, as\u00ed como prohibir la suspensi\u00f3n de normas generales en acciones de inconstitucionalidad, controversias constitucionales y juicios de amparo.<\/p>\n\n\n\n<p>El pasado 10 de junio,&nbsp;<strong>Sheinbaum<\/strong>&nbsp;se\u00f1al\u00f3: \u201cEn el caso de la&nbsp;<strong>reforma al Poder Judicial<\/strong>, que no solamente sea a partir de la apertura de la discusi\u00f3n que puede hacer la Comisi\u00f3n Permanente ahora, sino que lo discutan las&nbsp;<strong>barras de abogados<\/strong>, las facultades de derecho, los propios ministros, magistrados, obviamente, los trabajadores del&nbsp;<strong>Poder Judicial<\/strong>, que se haga una discusi\u00f3n amplia en estos meses para que se conozca\u201d, explic\u00f3<a href=\"https:\/\/twitter.com\/latinus_us\" target=\"_blank\" rel=\"noreferrer noopener\">.<\/a><\/p>\n\n\n\n<p>Los investigadores C\u00e9sar Iv\u00e1n Astudillo y Javier Mart\u00edn Reyes destacan en el cap\u00edtulo 11 del libro publicado por la\u00a0<strong>UNAM<\/strong>\u00a0los aspectos negativos que conlleva la posible<strong>\u00a0elecci\u00f3n por voto popular<\/strong>\u00a0de los jueces,\u00a0<strong>magistrados<\/strong>\u00a0y ministros, y califican de regresiva la propuesta que, de aprobarse, presenta un \u201cda\u00f1o may\u00fasculo\u201d.<\/p>\n\n\n\n<p>La&nbsp;<strong>elecci\u00f3n popular&nbsp;<\/strong>es el aspecto m\u00e1s controversial de la propuesta del L\u00f3pez Obrador. La independencia judicial se ver\u00eda comprometida en primer lugar dependiendo de su nominaci\u00f3n, si fue propuesto por el poder Ejecutivo, Legislativo o Judicial.<\/p>\n\n\n\n<p>\u201cLo que en realidad quiere la iniciativa presidencial es que a la&nbsp;<strong>Suprema Corte<\/strong>&nbsp;y al resto de los \u00f3rganos jurisdiccionales s\u00f3lo puedan acceder quienes cuenten con el respaldo de las mayor\u00edas partidistas del momento\u201d, explica Mart\u00edn Reyes.<\/p>\n","protected":false},"excerpt":{"rendered":"<p>Por Redacci\u00f3n QP El presidente&nbsp;Andr\u00e9s Manuel L\u00f3pez Obradorcritic\u00f3 la postura difundida por el Instituto de&#8230;<\/p>\n","protected":false},"author":2,"featured_media":110835,"comment_status":"open","ping_status":"open","sticky":false,"template":"","format":"standard","meta":{"_monsterinsights_skip_tracking":false,"_monsterinsights_sitenote_active":false,"_monsterinsights_sitenote_note":"","_monsterinsights_sitenote_category":0,"footnotes":""},"categories":[2],"tags":[],"class_list":["post-110834","post","type-post","status-publish","format-standard","has-post-thumbnail","hentry","category-noticias"],"yoast_head":"<!-- This site is optimized with the Yoast SEO plugin v27.3 - https:\/\/yoast.com\/product\/yoast-seo-wordpress\/ -->\n<title>AMLO se lanza contra la UNAM sobre la reforma al poder judicial: \u201cQu\u00e9 se tienen que meter\u201d dice -<\/title>\n<meta name=\"robots\" content=\"index, follow, max-snippet:-1, max-image-preview:large, max-video-preview:-1\" \/>\n<link rel=\"canonical\" href=\"https:\/\/quehacerpolitico.mx\/?p=110834\" \/>\n<meta property=\"og:locale\" content=\"es_MX\" \/>\n<meta property=\"og:type\" content=\"article\" \/>\n<meta property=\"og:title\" content=\"AMLO se lanza contra la UNAM sobre la reforma al poder judicial: \u201cQu\u00e9 se tienen que meter\u201d dice -\" \/>\n<meta property=\"og:description\" content=\"Por Redacci\u00f3n QP El presidente&nbsp;Andr\u00e9s Manuel L\u00f3pez Obradorcritic\u00f3 la postura difundida por el Instituto de...\" \/>\n<meta property=\"og:url\" content=\"https:\/\/quehacerpolitico.mx\/?p=110834\" \/>\n<meta property=\"article:published_time\" content=\"2024-06-17T18:54:45+00:00\" \/>\n<meta property=\"article:modified_time\" content=\"2024-06-17T18:54:47+00:00\" \/>\n<meta property=\"og:image\" content=\"https:\/\/quehacerpolitico.mx\/wp-content\/uploads\/2024\/06\/IMG_6310.jpeg\" \/>\n\t<meta property=\"og:image:width\" content=\"1284\" \/>\n\t<meta property=\"og:image:height\" content=\"723\" \/>\n\t<meta property=\"og:image:type\" content=\"image\/jpeg\" \/>\n<meta name=\"author\" content=\"Redacci\u00f3n QP\" \/>\n<meta name=\"twitter:card\" content=\"summary_large_image\" \/>\n<meta name=\"twitter:label1\" content=\"Escrito por\" \/>\n\t<meta name=\"twitter:data1\" content=\"Redacci\u00f3n QP\" \/>\n\t<meta name=\"twitter:label2\" content=\"Tiempo de lectura\" \/>\n\t<meta name=\"twitter:data2\" content=\"3 minutos\" \/>\n<script type=\"application\/ld+json\" class=\"yoast-schema-graph\">{\"@context\":\"https:\\\/\\\/schema.org\",\"@graph\":[{\"@type\":\"Article\",\"@id\":\"https:\\\/\\\/quehacerpolitico.mx\\\/?p=110834#article\",\"isPartOf\":{\"@id\":\"https:\\\/\\\/quehacerpolitico.mx\\\/?p=110834\"},\"author\":{\"name\":\"Redacci\u00f3n QP\",\"@id\":\"https:\\\/\\\/quehacerpolitico.mx\\\/#\\\/schema\\\/person\\\/496d8ad2d1d3f8036101dca7ee39e585\"},\"headline\":\"AMLO se lanza contra la UNAM sobre la reforma al poder judicial: \u201cQu\u00e9 se tienen que meter\u201d dice\",\"datePublished\":\"2024-06-17T18:54:45+00:00\",\"dateModified\":\"2024-06-17T18:54:47+00:00\",\"mainEntityOfPage\":{\"@id\":\"https:\\\/\\\/quehacerpolitico.mx\\\/?p=110834\"},\"wordCount\":538,\"commentCount\":0,\"image\":{\"@id\":\"https:\\\/\\\/quehacerpolitico.mx\\\/?p=110834#primaryimage\"},\"thumbnailUrl\":\"https:\\\/\\\/quehacerpolitico.mx\\\/wp-content\\\/uploads\\\/2024\\\/06\\\/IMG_6310.jpeg\",\"articleSection\":[\"Noticias\"],\"inLanguage\":\"es\",\"potentialAction\":[{\"@type\":\"CommentAction\",\"name\":\"Comment\",\"target\":[\"https:\\\/\\\/quehacerpolitico.mx\\\/?p=110834#respond\"]}]},{\"@type\":\"WebPage\",\"@id\":\"https:\\\/\\\/quehacerpolitico.mx\\\/?p=110834\",\"url\":\"https:\\\/\\\/quehacerpolitico.mx\\\/?p=110834\",\"name\":\"AMLO se lanza contra la UNAM sobre la reforma al poder judicial: \u201cQu\u00e9 se tienen que meter\u201d dice -\",\"isPartOf\":{\"@id\":\"https:\\\/\\\/quehacerpolitico.mx\\\/#website\"},\"primaryImageOfPage\":{\"@id\":\"https:\\\/\\\/quehacerpolitico.mx\\\/?p=110834#primaryimage\"},\"image\":{\"@id\":\"https:\\\/\\\/quehacerpolitico.mx\\\/?p=110834#primaryimage\"},\"thumbnailUrl\":\"https:\\\/\\\/quehacerpolitico.mx\\\/wp-content\\\/uploads\\\/2024\\\/06\\\/IMG_6310.jpeg\",\"datePublished\":\"2024-06-17T18:54:45+00:00\",\"dateModified\":\"2024-06-17T18:54:47+00:00\",\"author\":{\"@id\":\"https:\\\/\\\/quehacerpolitico.mx\\\/#\\\/schema\\\/person\\\/496d8ad2d1d3f8036101dca7ee39e585\"},\"breadcrumb\":{\"@id\":\"https:\\\/\\\/quehacerpolitico.mx\\\/?p=110834#breadcrumb\"},\"inLanguage\":\"es\",\"potentialAction\":[{\"@type\":\"ReadAction\",\"target\":[\"https:\\\/\\\/quehacerpolitico.mx\\\/?p=110834\"]}]},{\"@type\":\"ImageObject\",\"inLanguage\":\"es\",\"@id\":\"https:\\\/\\\/quehacerpolitico.mx\\\/?p=110834#primaryimage\",\"url\":\"https:\\\/\\\/quehacerpolitico.mx\\\/wp-content\\\/uploads\\\/2024\\\/06\\\/IMG_6310.jpeg\",\"contentUrl\":\"https:\\\/\\\/quehacerpolitico.mx\\\/wp-content\\\/uploads\\\/2024\\\/06\\\/IMG_6310.jpeg\",\"width\":1284,\"height\":723,\"caption\":\"Screenshot\"},{\"@type\":\"BreadcrumbList\",\"@id\":\"https:\\\/\\\/quehacerpolitico.mx\\\/?p=110834#breadcrumb\",\"itemListElement\":[{\"@type\":\"ListItem\",\"position\":1,\"name\":\"Inicio\",\"item\":\"https:\\\/\\\/quehacerpolitico.mx\\\/\"},{\"@type\":\"ListItem\",\"position\":2,\"name\":\"AMLO se lanza contra la UNAM sobre la reforma al poder judicial: \u201cQu\u00e9 se tienen que meter\u201d dice\"}]},{\"@type\":\"WebSite\",\"@id\":\"https:\\\/\\\/quehacerpolitico.mx\\\/#website\",\"url\":\"https:\\\/\\\/quehacerpolitico.mx\\\/\",\"name\":\"\",\"description\":\"\",\"potentialAction\":[{\"@type\":\"SearchAction\",\"target\":{\"@type\":\"EntryPoint\",\"urlTemplate\":\"https:\\\/\\\/quehacerpolitico.mx\\\/?s={search_term_string}\"},\"query-input\":{\"@type\":\"PropertyValueSpecification\",\"valueRequired\":true,\"valueName\":\"search_term_string\"}}],\"inLanguage\":\"es\"},{\"@type\":\"Person\",\"@id\":\"https:\\\/\\\/quehacerpolitico.mx\\\/#\\\/schema\\\/person\\\/496d8ad2d1d3f8036101dca7ee39e585\",\"name\":\"Redacci\u00f3n QP\",\"image\":{\"@type\":\"ImageObject\",\"inLanguage\":\"es\",\"@id\":\"https:\\\/\\\/secure.gravatar.com\\\/avatar\\\/c7164ed6fdec453195284ad24a5ae5b6e1eed2b848477fa2a4787ba9adf39a41?s=96&d=mm&r=g\",\"url\":\"https:\\\/\\\/secure.gravatar.com\\\/avatar\\\/c7164ed6fdec453195284ad24a5ae5b6e1eed2b848477fa2a4787ba9adf39a41?s=96&d=mm&r=g\",\"contentUrl\":\"https:\\\/\\\/secure.gravatar.com\\\/avatar\\\/c7164ed6fdec453195284ad24a5ae5b6e1eed2b848477fa2a4787ba9adf39a41?s=96&d=mm&r=g\",\"caption\":\"Redacci\u00f3n QP\"},\"url\":\"https:\\\/\\\/quehacerpolitico.mx\\\/?author=2\"}]}<\/script>\n<!-- \/ Yoast SEO plugin. -->","yoast_head_json":{"title":"AMLO se lanza contra la UNAM sobre la reforma al poder judicial: \u201cQu\u00e9 se tienen que meter\u201d dice -","robots":{"index":"index","follow":"follow","max-snippet":"max-snippet:-1","max-image-preview":"max-image-preview:large","max-video-preview":"max-video-preview:-1"},"canonical":"https:\/\/quehacerpolitico.mx\/?p=110834","og_locale":"es_MX","og_type":"article","og_title":"AMLO se lanza contra la UNAM sobre la reforma al poder judicial: \u201cQu\u00e9 se tienen que meter\u201d dice -","og_description":"Por Redacci\u00f3n QP El presidente&nbsp;Andr\u00e9s Manuel L\u00f3pez Obradorcritic\u00f3 la postura difundida por el Instituto de...","og_url":"https:\/\/quehacerpolitico.mx\/?p=110834","article_published_time":"2024-06-17T18:54:45+00:00","article_modified_time":"2024-06-17T18:54:47+00:00","og_image":[{"width":1284,"height":723,"url":"https:\/\/quehacerpolitico.mx\/wp-content\/uploads\/2024\/06\/IMG_6310.jpeg","type":"image\/jpeg"}],"author":"Redacci\u00f3n QP","twitter_card":"summary_large_image","twitter_misc":{"Escrito por":"Redacci\u00f3n QP","Tiempo de lectura":"3 minutos"},"schema":{"@context":"https:\/\/schema.org","@graph":[{"@type":"Article","@id":"https:\/\/quehacerpolitico.mx\/?p=110834#article","isPartOf":{"@id":"https:\/\/quehacerpolitico.mx\/?p=110834"},"author":{"name":"Redacci\u00f3n QP","@id":"https:\/\/quehacerpolitico.mx\/#\/schema\/person\/496d8ad2d1d3f8036101dca7ee39e585"},"headline":"AMLO se lanza contra la UNAM sobre la reforma al poder judicial: \u201cQu\u00e9 se tienen que meter\u201d dice","datePublished":"2024-06-17T18:54:45+00:00","dateModified":"2024-06-17T18:54:47+00:00","mainEntityOfPage":{"@id":"https:\/\/quehacerpolitico.mx\/?p=110834"},"wordCount":538,"commentCount":0,"image":{"@id":"https:\/\/quehacerpolitico.mx\/?p=110834#primaryimage"},"thumbnailUrl":"https:\/\/quehacerpolitico.mx\/wp-content\/uploads\/2024\/06\/IMG_6310.jpeg","articleSection":["Noticias"],"inLanguage":"es","potentialAction":[{"@type":"CommentAction","name":"Comment","target":["https:\/\/quehacerpolitico.mx\/?p=110834#respond"]}]},{"@type":"WebPage","@id":"https:\/\/quehacerpolitico.mx\/?p=110834","url":"https:\/\/quehacerpolitico.mx\/?p=110834","name":"AMLO se lanza contra la UNAM sobre la reforma al poder judicial: \u201cQu\u00e9 se tienen que meter\u201d dice -","isPartOf":{"@id":"https:\/\/quehacerpolitico.mx\/#website"},"primaryImageOfPage":{"@id":"https:\/\/quehacerpolitico.mx\/?p=110834#primaryimage"},"image":{"@id":"https:\/\/quehacerpolitico.mx\/?p=110834#primaryimage"},"thumbnailUrl":"https:\/\/quehacerpolitico.mx\/wp-content\/uploads\/2024\/06\/IMG_6310.jpeg","datePublished":"2024-06-17T18:54:45+00:00","dateModified":"2024-06-17T18:54:47+00:00","author":{"@id":"https:\/\/quehacerpolitico.mx\/#\/schema\/person\/496d8ad2d1d3f8036101dca7ee39e585"},"breadcrumb":{"@id":"https:\/\/quehacerpolitico.mx\/?p=110834#breadcrumb"},"inLanguage":"es","potentialAction":[{"@type":"ReadAction","target":["https:\/\/quehacerpolitico.mx\/?p=110834"]}]},{"@type":"ImageObject","inLanguage":"es","@id":"https:\/\/quehacerpolitico.mx\/?p=110834#primaryimage","url":"https:\/\/quehacerpolitico.mx\/wp-content\/uploads\/2024\/06\/IMG_6310.jpeg","contentUrl":"https:\/\/quehacerpolitico.mx\/wp-content\/uploads\/2024\/06\/IMG_6310.jpeg","width":1284,"height":723,"caption":"Screenshot"},{"@type":"BreadcrumbList","@id":"https:\/\/quehacerpolitico.mx\/?p=110834#breadcrumb","itemListElement":[{"@type":"ListItem","position":1,"name":"Inicio","item":"https:\/\/quehacerpolitico.mx\/"},{"@type":"ListItem","position":2,"name":"AMLO se lanza contra la UNAM sobre la reforma al poder judicial: \u201cQu\u00e9 se tienen que meter\u201d dice"}]},{"@type":"WebSite","@id":"https:\/\/quehacerpolitico.mx\/#website","url":"https:\/\/quehacerpolitico.mx\/","name":"","description":"","potentialAction":[{"@type":"SearchAction","target":{"@type":"EntryPoint","urlTemplate":"https:\/\/quehacerpolitico.mx\/?s={search_term_string}"},"query-input":{"@type":"PropertyValueSpecification","valueRequired":true,"valueName":"search_term_string"}}],"inLanguage":"es"},{"@type":"Person","@id":"https:\/\/quehacerpolitico.mx\/#\/schema\/person\/496d8ad2d1d3f8036101dca7ee39e585","name":"Redacci\u00f3n QP","image":{"@type":"ImageObject","inLanguage":"es","@id":"https:\/\/secure.gravatar.com\/avatar\/c7164ed6fdec453195284ad24a5ae5b6e1eed2b848477fa2a4787ba9adf39a41?s=96&d=mm&r=g","url":"https:\/\/secure.gravatar.com\/avatar\/c7164ed6fdec453195284ad24a5ae5b6e1eed2b848477fa2a4787ba9adf39a41?s=96&d=mm&r=g","contentUrl":"https:\/\/secure.gravatar.com\/avatar\/c7164ed6fdec453195284ad24a5ae5b6e1eed2b848477fa2a4787ba9adf39a41?s=96&d=mm&r=g","caption":"Redacci\u00f3n QP"},"url":"https:\/\/quehacerpolitico.mx\/?author=2"}]}},"featured_image_urls":{"full":["https:\/\/quehacerpolitico.mx\/wp-content\/uploads\/2024\/06\/IMG_6310.jpeg",1284,723,false],"thumbnail":["https:\/\/quehacerpolitico.mx\/wp-content\/uploads\/2024\/06\/IMG_6310-150x150.jpeg",150,150,true],"medium":["https:\/\/quehacerpolitico.mx\/wp-content\/uploads\/2024\/06\/IMG_6310-300x169.jpeg",300,169,true],"medium_large":["https:\/\/quehacerpolitico.mx\/wp-content\/uploads\/2024\/06\/IMG_6310-768x432.jpeg",640,360,true],"large":["https:\/\/quehacerpolitico.mx\/wp-content\/uploads\/2024\/06\/IMG_6310-1024x577.jpeg",640,361,true],"1536x1536":["https:\/\/quehacerpolitico.mx\/wp-content\/uploads\/2024\/06\/IMG_6310.jpeg",1284,723,false],"2048x2048":["https:\/\/quehacerpolitico.mx\/wp-content\/uploads\/2024\/06\/IMG_6310.jpeg",1284,723,false],"covernews-featured":["https:\/\/quehacerpolitico.mx\/wp-content\/uploads\/2024\/06\/IMG_6310.jpeg",1024,577,false],"covernews-medium":["https:\/\/quehacerpolitico.mx\/wp-content\/uploads\/2024\/06\/IMG_6310.jpeg",540,304,false]},"author_info":{"display_name":"Redacci\u00f3n QP","author_link":"https:\/\/quehacerpolitico.mx\/?author=2"},"category_info":"<a href=\"https:\/\/quehacerpolitico.mx\/?cat=2\" rel=\"category\">Noticias<\/a>","tag_info":"Noticias","comment_count":"0","_links":{"self":[{"href":"https:\/\/quehacerpolitico.mx\/index.php?rest_route=\/wp\/v2\/posts\/110834","targetHints":{"allow":["GET"]}}],"collection":[{"href":"https:\/\/quehacerpolitico.mx\/index.php?rest_route=\/wp\/v2\/posts"}],"about":[{"href":"https:\/\/quehacerpolitico.mx\/index.php?rest_route=\/wp\/v2\/types\/post"}],"author":[{"embeddable":true,"href":"https:\/\/quehacerpolitico.mx\/index.php?rest_route=\/wp\/v2\/users\/2"}],"replies":[{"embeddable":true,"href":"https:\/\/quehacerpolitico.mx\/index.php?rest_route=%2Fwp%2Fv2%2Fcomments&post=110834"}],"version-history":[{"count":1,"href":"https:\/\/quehacerpolitico.mx\/index.php?rest_route=\/wp\/v2\/posts\/110834\/revisions"}],"predecessor-version":[{"id":110836,"href":"https:\/\/quehacerpolitico.mx\/index.php?rest_route=\/wp\/v2\/posts\/110834\/revisions\/110836"}],"wp:featuredmedia":[{"embeddable":true,"href":"https:\/\/quehacerpolitico.mx\/index.php?rest_route=\/wp\/v2\/media\/110835"}],"wp:attachment":[{"href":"https:\/\/quehacerpolitico.mx\/index.php?rest_route=%2Fwp%2Fv2%2Fmedia&parent=110834"}],"wp:term":[{"taxonomy":"category","embeddable":true,"href":"https:\/\/quehacerpolitico.mx\/index.php?rest_route=%2Fwp%2Fv2%2Fcategories&post=110834"},{"taxonomy":"post_tag","embeddable":true,"href":"https:\/\/quehacerpolitico.mx\/index.php?rest_route=%2Fwp%2Fv2%2Ftags&post=110834"}],"curies":[{"name":"wp","href":"https:\/\/api.w.org\/{rel}","templated":true}]}}