{"id":110828,"date":"2024-06-17T18:15:36","date_gmt":"2024-06-17T18:15:36","guid":{"rendered":"https:\/\/quehacerpolitico.mx\/?p=110828"},"modified":"2024-06-17T18:15:40","modified_gmt":"2024-06-17T18:15:40","slug":"que-dice-lopez-obrador-sobre-la-perdida-de-registro-del-prd","status":"publish","type":"post","link":"https:\/\/quehacerpolitico.mx\/?p=110828","title":{"rendered":"\u00bfQu\u00e9 dice L\u00f3pez Obrador sobre la p\u00e9rdida de registro del PRD?"},"content":{"rendered":"\n<p>Por Redacci\u00f3n QP<\/p>\n\n\n\n<p>El PRD enfrenta la posible p\u00e9rdida de su registro nacional; hoy, L\u00f3pez Obrador abord\u00f3 el asunto<\/p>\n\n\n\n<p>Las elecciones del pasado 2 de junio dejaron ganadores y perdedores; y, quiz\u00e1s, entre aquellos personajes de la pol\u00edtica en\u00a0Mexico que m\u00e1s costos tuvieron fue<strong>\u00a0el Partido de la Revoluci\u00f3n Democr\u00e1tica (PRD), que tiene el riesgo de perder su registro<\/strong>\u00a0y hoy el Presidente<strong>\u00a0<\/strong>Andres Manuel L\u00f3pez Obrador se posicion\u00f3 al respecto.<\/p>\n\n\n\n<p><strong>L\u00f3pez Obrador abord\u00f3 la posible p\u00e9rdida de registro del PRD<\/strong>, partido que lo postul\u00f3 a la Presidencia de la Rep\u00fablica en 2006 y 2012. Durante su conferencia matutina, el Mandatario<strong>coment\u00f3 sobre la situaci\u00f3n que enfrenta el PRD<\/strong>, que tambi\u00e9n lo llev\u00f3 a la Jefatura de Gobierno del entonces Distrito Federal y del cual fue fundador junto a Cuauht\u00e9moc C\u00e1rdenas, Porfirio Mu\u00f1oz Ledo e Ifigenia Mart\u00ednez.<\/p>\n\n\n\n<figure class=\"wp-block-embed is-type-rich is-provider-twitter wp-block-embed-twitter\"><div class=\"wp-block-embed__wrapper\">\n<blockquote class=\"twitter-tweet\" data-width=\"550\" data-dnt=\"true\"><p lang=\"es\" dir=\"ltr\">As\u00ed reacciona AMLO ante la p\u00e9rdida de registro del PRD<br><br>&quot;Jug\u00f3 un papel importante en su momento&quot;, <a href=\"https:\/\/twitter.com\/lopezobrador_?ref_src=twsrc%5Etfw\">@lopezobrador_<\/a>. <a href=\"https:\/\/t.co\/JSgupcttTM\">pic.twitter.com\/JSgupcttTM<\/a><\/p>&mdash; Ruido en la Red (@RuidoEnLaRed) <a href=\"https:\/\/twitter.com\/RuidoEnLaRed\/status\/1802734074164879759?ref_src=twsrc%5Etfw\">June 17, 2024<\/a><\/blockquote><script async src=\"https:\/\/platform.twitter.com\/widgets.js\" charset=\"utf-8\"><\/script>\n<\/div><\/figure>\n\n\n\n<p>De esta forma, L\u00f3pez Obrador discuti\u00f3 el bipartidismo en M\u00e9xico y mencion\u00f3 la existencia de instituciones que, seg\u00fan \u00e9l, simulaban la democracia. Adem\u00e1s,\u00a0<strong>habl\u00f3 sobre la primera transici\u00f3n pol\u00edtica del a\u00f1o 2000, que buscaba &#8220;renovar el r\u00e9gimen&#8221; con un bipartidismo donde ambos partidos representaban intereses similares. En este contexto, destac\u00f3 la labor del PRD<\/strong>.<\/p>\n\n\n\n<p><mark><strong>&#8220;El PRD es importante porque evit\u00f3 la pretensi\u00f3n bipartidista&#8221;<\/strong><\/mark>, afirm\u00f3 el Presidente, se\u00f1alando,\u00a0<strong>este partido surgi\u00f3 del pueblo y de luchas por causas justas. De esta forma, reconoci\u00f3, el PRD est\u00e1 en una fase dif\u00edcil y que su dirigente actual ha indicado que el ciclo del partido podr\u00eda estar llegando a su fin<\/strong>.<\/p>\n\n\n\n<p>L\u00f3pez Obrador subray\u00f3 que los partidos son instrumentos de lucha al servicio del pueblo y no fines en s\u00ed mismos. A 35 a\u00f1os de su fundaci\u00f3n, despu\u00e9s de las elecciones de 1988,\u00a0<mark><strong>el PRD enfrenta la posible p\u00e9rdida de su registro nacional, ya que en la \u00faltima elecci\u00f3n presidencial obtuvo solo un 1.86% de los votos, por debajo del 3% necesario para mantener su categor\u00eda<\/strong><\/mark>.<\/p>\n\n\n\n<p>As\u00ed, el Presidente record\u00f3 que con el PRD fue Jefe de Gobierno del Distrito Federal y candidato presidencial en dos ocasiones. Sin embargo,\u00a0<strong>se separ\u00f3 del partido en 2012, cuando este se ali\u00f3 con el PAN y el PRI para firmar el Pacto por M\u00e9xico<\/strong>.<\/p>\n\n\n\n<p>Con informaci\u00f3n de Notipress<\/p>\n","protected":false},"excerpt":{"rendered":"<p>Por Redacci\u00f3n QP El PRD enfrenta la posible p\u00e9rdida de su registro nacional; hoy, L\u00f3pez&#8230;<\/p>\n","protected":false},"author":2,"featured_media":110829,"comment_status":"open","ping_status":"open","sticky":false,"template":"","format":"standard","meta":{"_monsterinsights_skip_tracking":false,"_monsterinsights_sitenote_active":false,"_monsterinsights_sitenote_note":"","_monsterinsights_sitenote_category":0,"footnotes":""},"categories":[2],"tags":[],"class_list":["post-110828","post","type-post","status-publish","format-standard","has-post-thumbnail","hentry","category-noticias"],"yoast_head":"<!-- This site is optimized with the Yoast SEO plugin v27.3 - https:\/\/yoast.com\/product\/yoast-seo-wordpress\/ -->\n<title>\u00bfQu\u00e9 dice L\u00f3pez Obrador sobre la p\u00e9rdida de registro del PRD? -<\/title>\n<meta name=\"robots\" content=\"index, follow, max-snippet:-1, max-image-preview:large, max-video-preview:-1\" \/>\n<link rel=\"canonical\" href=\"https:\/\/quehacerpolitico.mx\/?p=110828\" \/>\n<meta property=\"og:locale\" content=\"es_MX\" \/>\n<meta property=\"og:type\" content=\"article\" \/>\n<meta property=\"og:title\" content=\"\u00bfQu\u00e9 dice L\u00f3pez Obrador sobre la p\u00e9rdida de registro del PRD? -\" \/>\n<meta property=\"og:description\" content=\"Por Redacci\u00f3n QP El PRD enfrenta la posible p\u00e9rdida de su registro nacional; hoy, L\u00f3pez...\" \/>\n<meta property=\"og:url\" content=\"https:\/\/quehacerpolitico.mx\/?p=110828\" \/>\n<meta property=\"article:published_time\" content=\"2024-06-17T18:15:36+00:00\" \/>\n<meta property=\"article:modified_time\" content=\"2024-06-17T18:15:40+00:00\" \/>\n<meta property=\"og:image\" content=\"https:\/\/quehacerpolitico.mx\/wp-content\/uploads\/2024\/06\/IMG_6308.jpeg\" \/>\n\t<meta property=\"og:image:width\" content=\"1284\" \/>\n\t<meta property=\"og:image:height\" content=\"706\" \/>\n\t<meta property=\"og:image:type\" content=\"image\/jpeg\" \/>\n<meta name=\"author\" content=\"Redacci\u00f3n QP\" \/>\n<meta name=\"twitter:card\" content=\"summary_large_image\" \/>\n<meta name=\"twitter:label1\" content=\"Escrito por\" \/>\n\t<meta name=\"twitter:data1\" content=\"Redacci\u00f3n QP\" \/>\n\t<meta name=\"twitter:label2\" content=\"Tiempo de lectura\" \/>\n\t<meta name=\"twitter:data2\" content=\"2 minutos\" \/>\n<script type=\"application\/ld+json\" class=\"yoast-schema-graph\">{\"@context\":\"https:\\\/\\\/schema.org\",\"@graph\":[{\"@type\":\"Article\",\"@id\":\"https:\\\/\\\/quehacerpolitico.mx\\\/?p=110828#article\",\"isPartOf\":{\"@id\":\"https:\\\/\\\/quehacerpolitico.mx\\\/?p=110828\"},\"author\":{\"name\":\"Redacci\u00f3n QP\",\"@id\":\"https:\\\/\\\/quehacerpolitico.mx\\\/#\\\/schema\\\/person\\\/496d8ad2d1d3f8036101dca7ee39e585\"},\"headline\":\"\u00bfQu\u00e9 dice L\u00f3pez Obrador sobre la p\u00e9rdida de registro del PRD?\",\"datePublished\":\"2024-06-17T18:15:36+00:00\",\"dateModified\":\"2024-06-17T18:15:40+00:00\",\"mainEntityOfPage\":{\"@id\":\"https:\\\/\\\/quehacerpolitico.mx\\\/?p=110828\"},\"wordCount\":412,\"commentCount\":0,\"image\":{\"@id\":\"https:\\\/\\\/quehacerpolitico.mx\\\/?p=110828#primaryimage\"},\"thumbnailUrl\":\"https:\\\/\\\/quehacerpolitico.mx\\\/wp-content\\\/uploads\\\/2024\\\/06\\\/IMG_6308.jpeg\",\"articleSection\":[\"Noticias\"],\"inLanguage\":\"es\",\"potentialAction\":[{\"@type\":\"CommentAction\",\"name\":\"Comment\",\"target\":[\"https:\\\/\\\/quehacerpolitico.mx\\\/?p=110828#respond\"]}]},{\"@type\":\"WebPage\",\"@id\":\"https:\\\/\\\/quehacerpolitico.mx\\\/?p=110828\",\"url\":\"https:\\\/\\\/quehacerpolitico.mx\\\/?p=110828\",\"name\":\"\u00bfQu\u00e9 dice L\u00f3pez Obrador sobre la p\u00e9rdida de registro del PRD? -\",\"isPartOf\":{\"@id\":\"https:\\\/\\\/quehacerpolitico.mx\\\/#website\"},\"primaryImageOfPage\":{\"@id\":\"https:\\\/\\\/quehacerpolitico.mx\\\/?p=110828#primaryimage\"},\"image\":{\"@id\":\"https:\\\/\\\/quehacerpolitico.mx\\\/?p=110828#primaryimage\"},\"thumbnailUrl\":\"https:\\\/\\\/quehacerpolitico.mx\\\/wp-content\\\/uploads\\\/2024\\\/06\\\/IMG_6308.jpeg\",\"datePublished\":\"2024-06-17T18:15:36+00:00\",\"dateModified\":\"2024-06-17T18:15:40+00:00\",\"author\":{\"@id\":\"https:\\\/\\\/quehacerpolitico.mx\\\/#\\\/schema\\\/person\\\/496d8ad2d1d3f8036101dca7ee39e585\"},\"breadcrumb\":{\"@id\":\"https:\\\/\\\/quehacerpolitico.mx\\\/?p=110828#breadcrumb\"},\"inLanguage\":\"es\",\"potentialAction\":[{\"@type\":\"ReadAction\",\"target\":[\"https:\\\/\\\/quehacerpolitico.mx\\\/?p=110828\"]}]},{\"@type\":\"ImageObject\",\"inLanguage\":\"es\",\"@id\":\"https:\\\/\\\/quehacerpolitico.mx\\\/?p=110828#primaryimage\",\"url\":\"https:\\\/\\\/quehacerpolitico.mx\\\/wp-content\\\/uploads\\\/2024\\\/06\\\/IMG_6308.jpeg\",\"contentUrl\":\"https:\\\/\\\/quehacerpolitico.mx\\\/wp-content\\\/uploads\\\/2024\\\/06\\\/IMG_6308.jpeg\",\"width\":1284,\"height\":706,\"caption\":\"Screenshot\"},{\"@type\":\"BreadcrumbList\",\"@id\":\"https:\\\/\\\/quehacerpolitico.mx\\\/?p=110828#breadcrumb\",\"itemListElement\":[{\"@type\":\"ListItem\",\"position\":1,\"name\":\"Inicio\",\"item\":\"https:\\\/\\\/quehacerpolitico.mx\\\/\"},{\"@type\":\"ListItem\",\"position\":2,\"name\":\"\u00bfQu\u00e9 dice L\u00f3pez Obrador sobre la p\u00e9rdida de registro del PRD?\"}]},{\"@type\":\"WebSite\",\"@id\":\"https:\\\/\\\/quehacerpolitico.mx\\\/#website\",\"url\":\"https:\\\/\\\/quehacerpolitico.mx\\\/\",\"name\":\"\",\"description\":\"\",\"potentialAction\":[{\"@type\":\"SearchAction\",\"target\":{\"@type\":\"EntryPoint\",\"urlTemplate\":\"https:\\\/\\\/quehacerpolitico.mx\\\/?s={search_term_string}\"},\"query-input\":{\"@type\":\"PropertyValueSpecification\",\"valueRequired\":true,\"valueName\":\"search_term_string\"}}],\"inLanguage\":\"es\"},{\"@type\":\"Person\",\"@id\":\"https:\\\/\\\/quehacerpolitico.mx\\\/#\\\/schema\\\/person\\\/496d8ad2d1d3f8036101dca7ee39e585\",\"name\":\"Redacci\u00f3n QP\",\"image\":{\"@type\":\"ImageObject\",\"inLanguage\":\"es\",\"@id\":\"https:\\\/\\\/secure.gravatar.com\\\/avatar\\\/c7164ed6fdec453195284ad24a5ae5b6e1eed2b848477fa2a4787ba9adf39a41?s=96&d=mm&r=g\",\"url\":\"https:\\\/\\\/secure.gravatar.com\\\/avatar\\\/c7164ed6fdec453195284ad24a5ae5b6e1eed2b848477fa2a4787ba9adf39a41?s=96&d=mm&r=g\",\"contentUrl\":\"https:\\\/\\\/secure.gravatar.com\\\/avatar\\\/c7164ed6fdec453195284ad24a5ae5b6e1eed2b848477fa2a4787ba9adf39a41?s=96&d=mm&r=g\",\"caption\":\"Redacci\u00f3n QP\"},\"url\":\"https:\\\/\\\/quehacerpolitico.mx\\\/?author=2\"}]}<\/script>\n<!-- \/ Yoast SEO plugin. -->","yoast_head_json":{"title":"\u00bfQu\u00e9 dice L\u00f3pez Obrador sobre la p\u00e9rdida de registro del PRD? -","robots":{"index":"index","follow":"follow","max-snippet":"max-snippet:-1","max-image-preview":"max-image-preview:large","max-video-preview":"max-video-preview:-1"},"canonical":"https:\/\/quehacerpolitico.mx\/?p=110828","og_locale":"es_MX","og_type":"article","og_title":"\u00bfQu\u00e9 dice L\u00f3pez Obrador sobre la p\u00e9rdida de registro del PRD? -","og_description":"Por Redacci\u00f3n QP El PRD enfrenta la posible p\u00e9rdida de su registro nacional; hoy, L\u00f3pez...","og_url":"https:\/\/quehacerpolitico.mx\/?p=110828","article_published_time":"2024-06-17T18:15:36+00:00","article_modified_time":"2024-06-17T18:15:40+00:00","og_image":[{"width":1284,"height":706,"url":"https:\/\/quehacerpolitico.mx\/wp-content\/uploads\/2024\/06\/IMG_6308.jpeg","type":"image\/jpeg"}],"author":"Redacci\u00f3n QP","twitter_card":"summary_large_image","twitter_misc":{"Escrito por":"Redacci\u00f3n QP","Tiempo de lectura":"2 minutos"},"schema":{"@context":"https:\/\/schema.org","@graph":[{"@type":"Article","@id":"https:\/\/quehacerpolitico.mx\/?p=110828#article","isPartOf":{"@id":"https:\/\/quehacerpolitico.mx\/?p=110828"},"author":{"name":"Redacci\u00f3n QP","@id":"https:\/\/quehacerpolitico.mx\/#\/schema\/person\/496d8ad2d1d3f8036101dca7ee39e585"},"headline":"\u00bfQu\u00e9 dice L\u00f3pez Obrador sobre la p\u00e9rdida de registro del PRD?","datePublished":"2024-06-17T18:15:36+00:00","dateModified":"2024-06-17T18:15:40+00:00","mainEntityOfPage":{"@id":"https:\/\/quehacerpolitico.mx\/?p=110828"},"wordCount":412,"commentCount":0,"image":{"@id":"https:\/\/quehacerpolitico.mx\/?p=110828#primaryimage"},"thumbnailUrl":"https:\/\/quehacerpolitico.mx\/wp-content\/uploads\/2024\/06\/IMG_6308.jpeg","articleSection":["Noticias"],"inLanguage":"es","potentialAction":[{"@type":"CommentAction","name":"Comment","target":["https:\/\/quehacerpolitico.mx\/?p=110828#respond"]}]},{"@type":"WebPage","@id":"https:\/\/quehacerpolitico.mx\/?p=110828","url":"https:\/\/quehacerpolitico.mx\/?p=110828","name":"\u00bfQu\u00e9 dice L\u00f3pez Obrador sobre la p\u00e9rdida de registro del PRD? -","isPartOf":{"@id":"https:\/\/quehacerpolitico.mx\/#website"},"primaryImageOfPage":{"@id":"https:\/\/quehacerpolitico.mx\/?p=110828#primaryimage"},"image":{"@id":"https:\/\/quehacerpolitico.mx\/?p=110828#primaryimage"},"thumbnailUrl":"https:\/\/quehacerpolitico.mx\/wp-content\/uploads\/2024\/06\/IMG_6308.jpeg","datePublished":"2024-06-17T18:15:36+00:00","dateModified":"2024-06-17T18:15:40+00:00","author":{"@id":"https:\/\/quehacerpolitico.mx\/#\/schema\/person\/496d8ad2d1d3f8036101dca7ee39e585"},"breadcrumb":{"@id":"https:\/\/quehacerpolitico.mx\/?p=110828#breadcrumb"},"inLanguage":"es","potentialAction":[{"@type":"ReadAction","target":["https:\/\/quehacerpolitico.mx\/?p=110828"]}]},{"@type":"ImageObject","inLanguage":"es","@id":"https:\/\/quehacerpolitico.mx\/?p=110828#primaryimage","url":"https:\/\/quehacerpolitico.mx\/wp-content\/uploads\/2024\/06\/IMG_6308.jpeg","contentUrl":"https:\/\/quehacerpolitico.mx\/wp-content\/uploads\/2024\/06\/IMG_6308.jpeg","width":1284,"height":706,"caption":"Screenshot"},{"@type":"BreadcrumbList","@id":"https:\/\/quehacerpolitico.mx\/?p=110828#breadcrumb","itemListElement":[{"@type":"ListItem","position":1,"name":"Inicio","item":"https:\/\/quehacerpolitico.mx\/"},{"@type":"ListItem","position":2,"name":"\u00bfQu\u00e9 dice L\u00f3pez Obrador sobre la p\u00e9rdida de registro del PRD?"}]},{"@type":"WebSite","@id":"https:\/\/quehacerpolitico.mx\/#website","url":"https:\/\/quehacerpolitico.mx\/","name":"","description":"","potentialAction":[{"@type":"SearchAction","target":{"@type":"EntryPoint","urlTemplate":"https:\/\/quehacerpolitico.mx\/?s={search_term_string}"},"query-input":{"@type":"PropertyValueSpecification","valueRequired":true,"valueName":"search_term_string"}}],"inLanguage":"es"},{"@type":"Person","@id":"https:\/\/quehacerpolitico.mx\/#\/schema\/person\/496d8ad2d1d3f8036101dca7ee39e585","name":"Redacci\u00f3n QP","image":{"@type":"ImageObject","inLanguage":"es","@id":"https:\/\/secure.gravatar.com\/avatar\/c7164ed6fdec453195284ad24a5ae5b6e1eed2b848477fa2a4787ba9adf39a41?s=96&d=mm&r=g","url":"https:\/\/secure.gravatar.com\/avatar\/c7164ed6fdec453195284ad24a5ae5b6e1eed2b848477fa2a4787ba9adf39a41?s=96&d=mm&r=g","contentUrl":"https:\/\/secure.gravatar.com\/avatar\/c7164ed6fdec453195284ad24a5ae5b6e1eed2b848477fa2a4787ba9adf39a41?s=96&d=mm&r=g","caption":"Redacci\u00f3n QP"},"url":"https:\/\/quehacerpolitico.mx\/?author=2"}]}},"featured_image_urls":{"full":["https:\/\/quehacerpolitico.mx\/wp-content\/uploads\/2024\/06\/IMG_6308.jpeg",1284,706,false],"thumbnail":["https:\/\/quehacerpolitico.mx\/wp-content\/uploads\/2024\/06\/IMG_6308-150x150.jpeg",150,150,true],"medium":["https:\/\/quehacerpolitico.mx\/wp-content\/uploads\/2024\/06\/IMG_6308-300x165.jpeg",300,165,true],"medium_large":["https:\/\/quehacerpolitico.mx\/wp-content\/uploads\/2024\/06\/IMG_6308-768x422.jpeg",640,352,true],"large":["https:\/\/quehacerpolitico.mx\/wp-content\/uploads\/2024\/06\/IMG_6308-1024x563.jpeg",640,352,true],"1536x1536":["https:\/\/quehacerpolitico.mx\/wp-content\/uploads\/2024\/06\/IMG_6308.jpeg",1284,706,false],"2048x2048":["https:\/\/quehacerpolitico.mx\/wp-content\/uploads\/2024\/06\/IMG_6308.jpeg",1284,706,false],"covernews-featured":["https:\/\/quehacerpolitico.mx\/wp-content\/uploads\/2024\/06\/IMG_6308.jpeg",1024,563,false],"covernews-medium":["https:\/\/quehacerpolitico.mx\/wp-content\/uploads\/2024\/06\/IMG_6308.jpeg",540,297,false]},"author_info":{"display_name":"Redacci\u00f3n QP","author_link":"https:\/\/quehacerpolitico.mx\/?author=2"},"category_info":"<a href=\"https:\/\/quehacerpolitico.mx\/?cat=2\" rel=\"category\">Noticias<\/a>","tag_info":"Noticias","comment_count":"0","_links":{"self":[{"href":"https:\/\/quehacerpolitico.mx\/index.php?rest_route=\/wp\/v2\/posts\/110828","targetHints":{"allow":["GET"]}}],"collection":[{"href":"https:\/\/quehacerpolitico.mx\/index.php?rest_route=\/wp\/v2\/posts"}],"about":[{"href":"https:\/\/quehacerpolitico.mx\/index.php?rest_route=\/wp\/v2\/types\/post"}],"author":[{"embeddable":true,"href":"https:\/\/quehacerpolitico.mx\/index.php?rest_route=\/wp\/v2\/users\/2"}],"replies":[{"embeddable":true,"href":"https:\/\/quehacerpolitico.mx\/index.php?rest_route=%2Fwp%2Fv2%2Fcomments&post=110828"}],"version-history":[{"count":1,"href":"https:\/\/quehacerpolitico.mx\/index.php?rest_route=\/wp\/v2\/posts\/110828\/revisions"}],"predecessor-version":[{"id":110830,"href":"https:\/\/quehacerpolitico.mx\/index.php?rest_route=\/wp\/v2\/posts\/110828\/revisions\/110830"}],"wp:featuredmedia":[{"embeddable":true,"href":"https:\/\/quehacerpolitico.mx\/index.php?rest_route=\/wp\/v2\/media\/110829"}],"wp:attachment":[{"href":"https:\/\/quehacerpolitico.mx\/index.php?rest_route=%2Fwp%2Fv2%2Fmedia&parent=110828"}],"wp:term":[{"taxonomy":"category","embeddable":true,"href":"https:\/\/quehacerpolitico.mx\/index.php?rest_route=%2Fwp%2Fv2%2Fcategories&post=110828"},{"taxonomy":"post_tag","embeddable":true,"href":"https:\/\/quehacerpolitico.mx\/index.php?rest_route=%2Fwp%2Fv2%2Ftags&post=110828"}],"curies":[{"name":"wp","href":"https:\/\/api.w.org\/{rel}","templated":true}]}}