{"id":110825,"date":"2024-06-17T18:03:58","date_gmt":"2024-06-17T18:03:58","guid":{"rendered":"https:\/\/quehacerpolitico.mx\/?p=110825"},"modified":"2024-06-17T18:04:00","modified_gmt":"2024-06-17T18:04:00","slug":"se-pensaba-que-habria-una-gran-rebelion-el-pueblo-es-agradecido-lopez-obrador","status":"publish","type":"post","link":"https:\/\/quehacerpolitico.mx\/?p=110825","title":{"rendered":"Se pensaba que habr\u00eda una gran rebeli\u00f3n; el pueblo es agradecido: L\u00f3pez Obrador"},"content":{"rendered":"\n<p>Por Redacci\u00f3n QP<\/p>\n\n\n\n<p>Despu\u00e9s de presentar los avances para la reconstrucci\u00f3n del puerto devastado por el hurac\u00e1n Otis, el Presidente L\u00f3pez Obrador mencion\u00f3 que al actuar de forma responsable, el pueblo est\u00e1 satisfecho<\/p>\n\n\n\n<p>El&nbsp;<strong>Presidente Andr\u00e9s Manuel L\u00f3pez Obrador<\/strong>expres\u00f3 que se pensaba que habr\u00eda una rebeli\u00f3n por parte de las personas que residen en Acapulco, ocasionada por la desatenci\u00f3n del gobierno, y contrario a eso, no fue as\u00ed,&nbsp;<em>\u201chemos actuado de manera responsable\u201d<\/em>&nbsp;dijo el mandatario<mark>&nbsp;tras presentar los avances del plan para la reconstrucci\u00f3n del puerto que fue arrasado por el hurac\u00e1n \u201cOtis\u201d, y por la decisi\u00f3n de reelegir a Abelina L\u00f3pez como alcaldesa del municipio de Guerrero.<\/mark><\/p>\n\n\n\n<p><strong>L\u00f3pez Obrador reconoci\u00f3<\/strong>\u00a0durante su conferencia matutina de este lunes en Palacio de Gobierno,\u00a0<mark>el trabajo de los funcionarios p\u00fablicos para el cuidado y la atenci\u00f3n en Acapulco tras la devastaci\u00f3n provocada por el hurac\u00e1n \u201cOtis\u201d<\/mark>:<em>\u00a0\u201cY la gente muy satisfecha, pero mucho, mucho, muy satisfecha\u201d<\/em>, se\u00f1al\u00f3.<\/p>\n\n\n\n<figure class=\"wp-block-embed is-type-rich is-provider-twitter wp-block-embed-twitter\"><div class=\"wp-block-embed__wrapper\">\n<blockquote class=\"twitter-tweet\" data-width=\"550\" data-dnt=\"true\"><p lang=\"es\" dir=\"ltr\"><a href=\"https:\/\/twitter.com\/hashtag\/EnLaMa%C3%B1anera?src=hash&amp;ref_src=twsrc%5Etfw\">#EnLaMa\u00f1anera<\/a> | \u201cHay poca informaci\u00f3n, todo se politiz\u00f3 por las campa\u00f1as, y prevalec\u00edan las acusaciones de un sentido un otro; sin embargo, no se dej\u00f3 de trabajar y se atendi\u00f3 a la gente\u201d: AMLO sobre el plan de recuperaci\u00f3n en <a href=\"https:\/\/twitter.com\/hashtag\/Acapulco?src=hash&amp;ref_src=twsrc%5Etfw\">#Acapulco<\/a>, tras el hurac\u00e1n <a href=\"https:\/\/twitter.com\/hashtag\/Otis?src=hash&amp;ref_src=twsrc%5Etfw\">#Otis<\/a> <a href=\"https:\/\/t.co\/GTnhouo2rb\">pic.twitter.com\/GTnhouo2rb<\/a><\/p>&mdash; El Financiero TV (@ElFinancieroTv) <a href=\"https:\/\/twitter.com\/ElFinancieroTv\/status\/1802708467330822617?ref_src=twsrc%5Etfw\">June 17, 2024<\/a><\/blockquote><script async src=\"https:\/\/platform.twitter.com\/widgets.js\" charset=\"utf-8\"><\/script>\n<\/div><\/figure>\n\n\n\n<p><em>&#8220;Ojal\u00e1 esto ayude a que los conservadores vayan aceptando de que el pueblo es agradecido y es bueno, que se quiten de la cabeza eso que les metieron de hace muchos siglos, de que el pueblo es mal agradecido&#8221;<\/em>, dijo.<\/p>\n\n\n\n<p><em>&#8220;El pueblo es bondadoso y no traiciona&#8221;<\/em>, y en un proceso de transformaci\u00f3n&nbsp;<em>&#8220;el pueblo es el motor del cambio&#8221;,&nbsp;<\/em>a\u00f1adi\u00f3.<\/p>\n\n\n\n<p>En el\u00a0<strong>Sal\u00f3n Tesorer\u00eda<\/strong>, mostr\u00f3 c\u00f3mo votaron las personas en Acapulco, donde\u00a0<mark>Claudia Sheinbaum tuvo m\u00e1s votos que X\u00f3chitl G\u00e1lvez y Jorge \u00c1lvarez M\u00e1ynez.<\/mark><\/p>\n\n\n\n<p><em>&#8220;Nuestro gobierno da apoyo, sobre todo a los m\u00e1s necesitados&#8221;<\/em>, concluy\u00f3.<\/p>\n\n\n\n<p>Con informaci\u00f3n de SUN<\/p>\n","protected":false},"excerpt":{"rendered":"<p>Por Redacci\u00f3n QP Despu\u00e9s de presentar los avances para la reconstrucci\u00f3n del puerto devastado por&#8230;<\/p>\n","protected":false},"author":2,"featured_media":110826,"comment_status":"open","ping_status":"open","sticky":false,"template":"","format":"standard","meta":{"_monsterinsights_skip_tracking":false,"_monsterinsights_sitenote_active":false,"_monsterinsights_sitenote_note":"","_monsterinsights_sitenote_category":0,"footnotes":""},"categories":[2],"tags":[],"class_list":["post-110825","post","type-post","status-publish","format-standard","has-post-thumbnail","hentry","category-noticias"],"yoast_head":"<!-- This site is optimized with the Yoast SEO plugin v27.3 - https:\/\/yoast.com\/product\/yoast-seo-wordpress\/ -->\n<title>Se pensaba que habr\u00eda una gran rebeli\u00f3n; el pueblo es agradecido: L\u00f3pez Obrador -<\/title>\n<meta name=\"robots\" content=\"index, follow, max-snippet:-1, max-image-preview:large, max-video-preview:-1\" \/>\n<link rel=\"canonical\" href=\"https:\/\/quehacerpolitico.mx\/?p=110825\" \/>\n<meta property=\"og:locale\" content=\"es_MX\" \/>\n<meta property=\"og:type\" content=\"article\" \/>\n<meta property=\"og:title\" content=\"Se pensaba que habr\u00eda una gran rebeli\u00f3n; el pueblo es agradecido: L\u00f3pez Obrador -\" \/>\n<meta property=\"og:description\" content=\"Por Redacci\u00f3n QP Despu\u00e9s de presentar los avances para la reconstrucci\u00f3n del puerto devastado por...\" \/>\n<meta property=\"og:url\" content=\"https:\/\/quehacerpolitico.mx\/?p=110825\" \/>\n<meta property=\"article:published_time\" content=\"2024-06-17T18:03:58+00:00\" \/>\n<meta property=\"article:modified_time\" content=\"2024-06-17T18:04:00+00:00\" \/>\n<meta property=\"og:image\" content=\"https:\/\/quehacerpolitico.mx\/wp-content\/uploads\/2024\/06\/IMG_6307.jpeg\" \/>\n\t<meta property=\"og:image:width\" content=\"1284\" \/>\n\t<meta property=\"og:image:height\" content=\"700\" \/>\n\t<meta property=\"og:image:type\" content=\"image\/jpeg\" \/>\n<meta name=\"author\" content=\"Redacci\u00f3n QP\" \/>\n<meta name=\"twitter:card\" content=\"summary_large_image\" \/>\n<meta name=\"twitter:label1\" content=\"Escrito por\" \/>\n\t<meta name=\"twitter:data1\" content=\"Redacci\u00f3n QP\" \/>\n\t<meta name=\"twitter:label2\" content=\"Tiempo de lectura\" \/>\n\t<meta name=\"twitter:data2\" content=\"2 minutos\" \/>\n<script type=\"application\/ld+json\" class=\"yoast-schema-graph\">{\"@context\":\"https:\\\/\\\/schema.org\",\"@graph\":[{\"@type\":\"Article\",\"@id\":\"https:\\\/\\\/quehacerpolitico.mx\\\/?p=110825#article\",\"isPartOf\":{\"@id\":\"https:\\\/\\\/quehacerpolitico.mx\\\/?p=110825\"},\"author\":{\"name\":\"Redacci\u00f3n QP\",\"@id\":\"https:\\\/\\\/quehacerpolitico.mx\\\/#\\\/schema\\\/person\\\/496d8ad2d1d3f8036101dca7ee39e585\"},\"headline\":\"Se pensaba que habr\u00eda una gran rebeli\u00f3n; el pueblo es agradecido: L\u00f3pez Obrador\",\"datePublished\":\"2024-06-17T18:03:58+00:00\",\"dateModified\":\"2024-06-17T18:04:00+00:00\",\"mainEntityOfPage\":{\"@id\":\"https:\\\/\\\/quehacerpolitico.mx\\\/?p=110825\"},\"wordCount\":320,\"commentCount\":0,\"image\":{\"@id\":\"https:\\\/\\\/quehacerpolitico.mx\\\/?p=110825#primaryimage\"},\"thumbnailUrl\":\"https:\\\/\\\/quehacerpolitico.mx\\\/wp-content\\\/uploads\\\/2024\\\/06\\\/IMG_6307.jpeg\",\"articleSection\":[\"Noticias\"],\"inLanguage\":\"es\",\"potentialAction\":[{\"@type\":\"CommentAction\",\"name\":\"Comment\",\"target\":[\"https:\\\/\\\/quehacerpolitico.mx\\\/?p=110825#respond\"]}]},{\"@type\":\"WebPage\",\"@id\":\"https:\\\/\\\/quehacerpolitico.mx\\\/?p=110825\",\"url\":\"https:\\\/\\\/quehacerpolitico.mx\\\/?p=110825\",\"name\":\"Se pensaba que habr\u00eda una gran rebeli\u00f3n; el pueblo es agradecido: L\u00f3pez Obrador -\",\"isPartOf\":{\"@id\":\"https:\\\/\\\/quehacerpolitico.mx\\\/#website\"},\"primaryImageOfPage\":{\"@id\":\"https:\\\/\\\/quehacerpolitico.mx\\\/?p=110825#primaryimage\"},\"image\":{\"@id\":\"https:\\\/\\\/quehacerpolitico.mx\\\/?p=110825#primaryimage\"},\"thumbnailUrl\":\"https:\\\/\\\/quehacerpolitico.mx\\\/wp-content\\\/uploads\\\/2024\\\/06\\\/IMG_6307.jpeg\",\"datePublished\":\"2024-06-17T18:03:58+00:00\",\"dateModified\":\"2024-06-17T18:04:00+00:00\",\"author\":{\"@id\":\"https:\\\/\\\/quehacerpolitico.mx\\\/#\\\/schema\\\/person\\\/496d8ad2d1d3f8036101dca7ee39e585\"},\"breadcrumb\":{\"@id\":\"https:\\\/\\\/quehacerpolitico.mx\\\/?p=110825#breadcrumb\"},\"inLanguage\":\"es\",\"potentialAction\":[{\"@type\":\"ReadAction\",\"target\":[\"https:\\\/\\\/quehacerpolitico.mx\\\/?p=110825\"]}]},{\"@type\":\"ImageObject\",\"inLanguage\":\"es\",\"@id\":\"https:\\\/\\\/quehacerpolitico.mx\\\/?p=110825#primaryimage\",\"url\":\"https:\\\/\\\/quehacerpolitico.mx\\\/wp-content\\\/uploads\\\/2024\\\/06\\\/IMG_6307.jpeg\",\"contentUrl\":\"https:\\\/\\\/quehacerpolitico.mx\\\/wp-content\\\/uploads\\\/2024\\\/06\\\/IMG_6307.jpeg\",\"width\":1284,\"height\":700,\"caption\":\"Screenshot\"},{\"@type\":\"BreadcrumbList\",\"@id\":\"https:\\\/\\\/quehacerpolitico.mx\\\/?p=110825#breadcrumb\",\"itemListElement\":[{\"@type\":\"ListItem\",\"position\":1,\"name\":\"Inicio\",\"item\":\"https:\\\/\\\/quehacerpolitico.mx\\\/\"},{\"@type\":\"ListItem\",\"position\":2,\"name\":\"Se pensaba que habr\u00eda una gran rebeli\u00f3n; el pueblo es agradecido: L\u00f3pez Obrador\"}]},{\"@type\":\"WebSite\",\"@id\":\"https:\\\/\\\/quehacerpolitico.mx\\\/#website\",\"url\":\"https:\\\/\\\/quehacerpolitico.mx\\\/\",\"name\":\"\",\"description\":\"\",\"potentialAction\":[{\"@type\":\"SearchAction\",\"target\":{\"@type\":\"EntryPoint\",\"urlTemplate\":\"https:\\\/\\\/quehacerpolitico.mx\\\/?s={search_term_string}\"},\"query-input\":{\"@type\":\"PropertyValueSpecification\",\"valueRequired\":true,\"valueName\":\"search_term_string\"}}],\"inLanguage\":\"es\"},{\"@type\":\"Person\",\"@id\":\"https:\\\/\\\/quehacerpolitico.mx\\\/#\\\/schema\\\/person\\\/496d8ad2d1d3f8036101dca7ee39e585\",\"name\":\"Redacci\u00f3n QP\",\"image\":{\"@type\":\"ImageObject\",\"inLanguage\":\"es\",\"@id\":\"https:\\\/\\\/secure.gravatar.com\\\/avatar\\\/c7164ed6fdec453195284ad24a5ae5b6e1eed2b848477fa2a4787ba9adf39a41?s=96&d=mm&r=g\",\"url\":\"https:\\\/\\\/secure.gravatar.com\\\/avatar\\\/c7164ed6fdec453195284ad24a5ae5b6e1eed2b848477fa2a4787ba9adf39a41?s=96&d=mm&r=g\",\"contentUrl\":\"https:\\\/\\\/secure.gravatar.com\\\/avatar\\\/c7164ed6fdec453195284ad24a5ae5b6e1eed2b848477fa2a4787ba9adf39a41?s=96&d=mm&r=g\",\"caption\":\"Redacci\u00f3n QP\"},\"url\":\"https:\\\/\\\/quehacerpolitico.mx\\\/?author=2\"}]}<\/script>\n<!-- \/ Yoast SEO plugin. -->","yoast_head_json":{"title":"Se pensaba que habr\u00eda una gran rebeli\u00f3n; el pueblo es agradecido: L\u00f3pez Obrador -","robots":{"index":"index","follow":"follow","max-snippet":"max-snippet:-1","max-image-preview":"max-image-preview:large","max-video-preview":"max-video-preview:-1"},"canonical":"https:\/\/quehacerpolitico.mx\/?p=110825","og_locale":"es_MX","og_type":"article","og_title":"Se pensaba que habr\u00eda una gran rebeli\u00f3n; el pueblo es agradecido: L\u00f3pez Obrador -","og_description":"Por Redacci\u00f3n QP Despu\u00e9s de presentar los avances para la reconstrucci\u00f3n del puerto devastado por...","og_url":"https:\/\/quehacerpolitico.mx\/?p=110825","article_published_time":"2024-06-17T18:03:58+00:00","article_modified_time":"2024-06-17T18:04:00+00:00","og_image":[{"width":1284,"height":700,"url":"https:\/\/quehacerpolitico.mx\/wp-content\/uploads\/2024\/06\/IMG_6307.jpeg","type":"image\/jpeg"}],"author":"Redacci\u00f3n QP","twitter_card":"summary_large_image","twitter_misc":{"Escrito por":"Redacci\u00f3n QP","Tiempo de lectura":"2 minutos"},"schema":{"@context":"https:\/\/schema.org","@graph":[{"@type":"Article","@id":"https:\/\/quehacerpolitico.mx\/?p=110825#article","isPartOf":{"@id":"https:\/\/quehacerpolitico.mx\/?p=110825"},"author":{"name":"Redacci\u00f3n QP","@id":"https:\/\/quehacerpolitico.mx\/#\/schema\/person\/496d8ad2d1d3f8036101dca7ee39e585"},"headline":"Se pensaba que habr\u00eda una gran rebeli\u00f3n; el pueblo es agradecido: L\u00f3pez Obrador","datePublished":"2024-06-17T18:03:58+00:00","dateModified":"2024-06-17T18:04:00+00:00","mainEntityOfPage":{"@id":"https:\/\/quehacerpolitico.mx\/?p=110825"},"wordCount":320,"commentCount":0,"image":{"@id":"https:\/\/quehacerpolitico.mx\/?p=110825#primaryimage"},"thumbnailUrl":"https:\/\/quehacerpolitico.mx\/wp-content\/uploads\/2024\/06\/IMG_6307.jpeg","articleSection":["Noticias"],"inLanguage":"es","potentialAction":[{"@type":"CommentAction","name":"Comment","target":["https:\/\/quehacerpolitico.mx\/?p=110825#respond"]}]},{"@type":"WebPage","@id":"https:\/\/quehacerpolitico.mx\/?p=110825","url":"https:\/\/quehacerpolitico.mx\/?p=110825","name":"Se pensaba que habr\u00eda una gran rebeli\u00f3n; el pueblo es agradecido: L\u00f3pez Obrador -","isPartOf":{"@id":"https:\/\/quehacerpolitico.mx\/#website"},"primaryImageOfPage":{"@id":"https:\/\/quehacerpolitico.mx\/?p=110825#primaryimage"},"image":{"@id":"https:\/\/quehacerpolitico.mx\/?p=110825#primaryimage"},"thumbnailUrl":"https:\/\/quehacerpolitico.mx\/wp-content\/uploads\/2024\/06\/IMG_6307.jpeg","datePublished":"2024-06-17T18:03:58+00:00","dateModified":"2024-06-17T18:04:00+00:00","author":{"@id":"https:\/\/quehacerpolitico.mx\/#\/schema\/person\/496d8ad2d1d3f8036101dca7ee39e585"},"breadcrumb":{"@id":"https:\/\/quehacerpolitico.mx\/?p=110825#breadcrumb"},"inLanguage":"es","potentialAction":[{"@type":"ReadAction","target":["https:\/\/quehacerpolitico.mx\/?p=110825"]}]},{"@type":"ImageObject","inLanguage":"es","@id":"https:\/\/quehacerpolitico.mx\/?p=110825#primaryimage","url":"https:\/\/quehacerpolitico.mx\/wp-content\/uploads\/2024\/06\/IMG_6307.jpeg","contentUrl":"https:\/\/quehacerpolitico.mx\/wp-content\/uploads\/2024\/06\/IMG_6307.jpeg","width":1284,"height":700,"caption":"Screenshot"},{"@type":"BreadcrumbList","@id":"https:\/\/quehacerpolitico.mx\/?p=110825#breadcrumb","itemListElement":[{"@type":"ListItem","position":1,"name":"Inicio","item":"https:\/\/quehacerpolitico.mx\/"},{"@type":"ListItem","position":2,"name":"Se pensaba que habr\u00eda una gran rebeli\u00f3n; el pueblo es agradecido: L\u00f3pez Obrador"}]},{"@type":"WebSite","@id":"https:\/\/quehacerpolitico.mx\/#website","url":"https:\/\/quehacerpolitico.mx\/","name":"","description":"","potentialAction":[{"@type":"SearchAction","target":{"@type":"EntryPoint","urlTemplate":"https:\/\/quehacerpolitico.mx\/?s={search_term_string}"},"query-input":{"@type":"PropertyValueSpecification","valueRequired":true,"valueName":"search_term_string"}}],"inLanguage":"es"},{"@type":"Person","@id":"https:\/\/quehacerpolitico.mx\/#\/schema\/person\/496d8ad2d1d3f8036101dca7ee39e585","name":"Redacci\u00f3n QP","image":{"@type":"ImageObject","inLanguage":"es","@id":"https:\/\/secure.gravatar.com\/avatar\/c7164ed6fdec453195284ad24a5ae5b6e1eed2b848477fa2a4787ba9adf39a41?s=96&d=mm&r=g","url":"https:\/\/secure.gravatar.com\/avatar\/c7164ed6fdec453195284ad24a5ae5b6e1eed2b848477fa2a4787ba9adf39a41?s=96&d=mm&r=g","contentUrl":"https:\/\/secure.gravatar.com\/avatar\/c7164ed6fdec453195284ad24a5ae5b6e1eed2b848477fa2a4787ba9adf39a41?s=96&d=mm&r=g","caption":"Redacci\u00f3n QP"},"url":"https:\/\/quehacerpolitico.mx\/?author=2"}]}},"featured_image_urls":{"full":["https:\/\/quehacerpolitico.mx\/wp-content\/uploads\/2024\/06\/IMG_6307.jpeg",1284,700,false],"thumbnail":["https:\/\/quehacerpolitico.mx\/wp-content\/uploads\/2024\/06\/IMG_6307-150x150.jpeg",150,150,true],"medium":["https:\/\/quehacerpolitico.mx\/wp-content\/uploads\/2024\/06\/IMG_6307-300x164.jpeg",300,164,true],"medium_large":["https:\/\/quehacerpolitico.mx\/wp-content\/uploads\/2024\/06\/IMG_6307-768x419.jpeg",640,349,true],"large":["https:\/\/quehacerpolitico.mx\/wp-content\/uploads\/2024\/06\/IMG_6307-1024x558.jpeg",640,349,true],"1536x1536":["https:\/\/quehacerpolitico.mx\/wp-content\/uploads\/2024\/06\/IMG_6307.jpeg",1284,700,false],"2048x2048":["https:\/\/quehacerpolitico.mx\/wp-content\/uploads\/2024\/06\/IMG_6307.jpeg",1284,700,false],"covernews-featured":["https:\/\/quehacerpolitico.mx\/wp-content\/uploads\/2024\/06\/IMG_6307.jpeg",1024,558,false],"covernews-medium":["https:\/\/quehacerpolitico.mx\/wp-content\/uploads\/2024\/06\/IMG_6307.jpeg",540,294,false]},"author_info":{"display_name":"Redacci\u00f3n QP","author_link":"https:\/\/quehacerpolitico.mx\/?author=2"},"category_info":"<a href=\"https:\/\/quehacerpolitico.mx\/?cat=2\" rel=\"category\">Noticias<\/a>","tag_info":"Noticias","comment_count":"0","_links":{"self":[{"href":"https:\/\/quehacerpolitico.mx\/index.php?rest_route=\/wp\/v2\/posts\/110825","targetHints":{"allow":["GET"]}}],"collection":[{"href":"https:\/\/quehacerpolitico.mx\/index.php?rest_route=\/wp\/v2\/posts"}],"about":[{"href":"https:\/\/quehacerpolitico.mx\/index.php?rest_route=\/wp\/v2\/types\/post"}],"author":[{"embeddable":true,"href":"https:\/\/quehacerpolitico.mx\/index.php?rest_route=\/wp\/v2\/users\/2"}],"replies":[{"embeddable":true,"href":"https:\/\/quehacerpolitico.mx\/index.php?rest_route=%2Fwp%2Fv2%2Fcomments&post=110825"}],"version-history":[{"count":1,"href":"https:\/\/quehacerpolitico.mx\/index.php?rest_route=\/wp\/v2\/posts\/110825\/revisions"}],"predecessor-version":[{"id":110827,"href":"https:\/\/quehacerpolitico.mx\/index.php?rest_route=\/wp\/v2\/posts\/110825\/revisions\/110827"}],"wp:featuredmedia":[{"embeddable":true,"href":"https:\/\/quehacerpolitico.mx\/index.php?rest_route=\/wp\/v2\/media\/110826"}],"wp:attachment":[{"href":"https:\/\/quehacerpolitico.mx\/index.php?rest_route=%2Fwp%2Fv2%2Fmedia&parent=110825"}],"wp:term":[{"taxonomy":"category","embeddable":true,"href":"https:\/\/quehacerpolitico.mx\/index.php?rest_route=%2Fwp%2Fv2%2Fcategories&post=110825"},{"taxonomy":"post_tag","embeddable":true,"href":"https:\/\/quehacerpolitico.mx\/index.php?rest_route=%2Fwp%2Fv2%2Ftags&post=110825"}],"curies":[{"name":"wp","href":"https:\/\/api.w.org\/{rel}","templated":true}]}}